{"id":615284,"date":"2017-04-24T16:43:46","date_gmt":"2017-04-24T14:43:46","guid":{"rendered":"http:\/\/www.varesenews.it\/?p=615284"},"modified":"2017-04-24T16:43:46","modified_gmt":"2017-04-24T14:43:46","slug":"erin-k-live-al-twiggy-cafe","status":"publish","type":"post","link":"https:\/\/staging.varesenews.it\/2017\/04\/erin-k-live-al-twiggy-cafe\/615284\/","title":{"rendered":"Erin K live al Twiggy Caf\u00e8"},"content":{"rendered":"<p>E&#8217;<strong> Erin K\u00a0l&#8217;ospite di gioved\u00ec 27 aprile al Twiggy Caf\u00e8 di Varese<\/strong> dove\u00a0presenter\u00e0 i brani del nuovo album \u201cLittle Torch\u201d (La Tempesta). Un album realizzato con la produzione artistica di Andrea Appino degli The Zen Circus e vede la partecipazione di Roy Paci, Enrico Gabrielli, Simone Padovani (gi\u00e0 batterista con Bobo Rondelli) e parte degli Zen Circus stessi. Le dieci tracce del disco si mantengono fedeli alla vocazione antifolk dell&#8217;artista statunitense, privilegiando il racconto di storie cantate con leggerezza e ironia mai banali ma anche impreziosite da arrangiamenti musicali nuovi, pi\u00f9 pieni, grazie all&#8217;apporto di Appino.<\/p>\n<p>Erin K torner\u00e0 e sar\u00e0 accompagnata da una ben collaudata formazione tutta al femminile: le Ginger Bender &#8211; Jeanne Hadley (basso, cori e ukulele) e Alessandra Di Toma (chitarra elettrica e cori) &#8211; e Giulia Formica dei Julie Ant alla batteria. Solo pochi anni fa Erin K (vero nome Erin Kleh) prendeva una chitarra acustica in mano e iniziava a buttare gi\u00f9 canzoni con estrema facilit\u00e0. La scena anti-folk londinese impiega poco tempo ad accorgersi di lei e della sua band. Le sue canzoni bizzarre ma al contempo oneste e sincere, assemblate con stile unico e personale e le liriche che trattano argomenti di tutti i giorni come relazioni, cibo ma anche tematiche decisamente pi\u00f9 \u2018politically incorrect\u2019 (bambole del sesso), colpiscono l\u2019attenzione dei molti appassionati che si ritrovano ad affollare con grande frequenza i piccoli locali dove i nostri si esibiscono regolarmente. Le esibizioni in location pi\u00f9 prestigiose non tardano quindi ad arrivare. Con il suo gruppo, ERIN K suona alle Olimpiadi e Paraolimpiadi di Londra 2012, fa la sua apparizione nel prestigioso cartellone del Festival di Edimburgo, fino ad arrivare a conquistare due tempi della musica come l\u2019Union Chapel e il Bush Hall a Londra. Il singolo di debutto, \u201cCoins \u201d, strega Huw Stephens che lo propone come suggerimento settimanale nel programma \u2018BBC Introducing\u2019; ancora la BBC e poi la stampa specializzata (Kerrang e la colonna musicale del Guardian) accendono i riflettori sulla giovane ragazza che intanto si trasferisce a vivere negli States (Williamsburg, Brooklyn) per dedicarsi anima e corpo alla sua musica.<\/p>\n<p>Divertente, senza mai scivolare nella commedia, triste, ma mai malinconici, Erin K gioca con disarmante naturalezza con armonie e testi che coinvolgono, brani che canterete per settimane, prestazioni sul palco difficili da dimenticare. Insomma gli elementi per ritrovarsi al cospetto di un personaggio che far\u00e0 parlare molto di se nell\u2019imminente futuro ci sono tutti. Il suo carisma non sfugge a Rocketta Booking, ed ecco che la reginetta dell\u2019anti-folk approda per la prima volta in Italia nell\u2019autunno 2013 con uno strabiliante tour di ben 31 concerti in 31 giorni. Il tour si rivela un successo di pubblico inaspettato. Da qui, la decisione di un nuovo ciclo di concerti, ancora una volta in tutta Italia, da Sud a Nord e ritorno, di ben 40 tappe, tra aprile e maggio 2014. Dopo un periodo di pausa, per dedicarsi alla scrittura di nuove canzoni, Erin entra in studio, tra la fine del 2015 e l\u2019inizio del 2016, per registrare il suo primo e vero album ufficiale. E lo fa proprio in Italia, a Livorno, affidandosi alla produzione artistica di Appino (The Zen Circus).<\/p>\n<p>All\u2019album prendono prendono parte anche prestigiosi ospiti, tra i quali Roy Paci, Enrico Gabrielli, Simone Padovani (gi\u00e0 batterista con Bobo Rondelli) e parte degli Zen Circus. Nell\u2019attesa della sua pubblicazione, ancora un altro lunghissimo tour italiano: circa 30 concerti in 5 settimane, tra aprile e maggio 2016, durante i quali regala un assaggio di ci\u00f2 che conterr\u00e0 il lavoro d\u2019esordio.<\/p>\n","protected":false},"excerpt":{"rendered":"<p>Il concerto \u00e8 in programma per gioved\u00ec 27 aprile, occasione in cui presenter\u00e0 il nuovo album \u201cLittle Torch\u201d<\/p>\n","protected":false},"author":32,"featured_media":0,"comment_status":"open","ping_status":"open","sticky":false,"template":"","format":"standard","meta":{"footnotes":""},"categories":[20,21,2],"tags":[5352],"acf":[],"yoast_head":"<!-- This site is optimized with the Yoast SEO plugin v20.1 - https:\/\/yoast.com\/wordpress\/plugins\/seo\/ -->\n<title>Erin K live al Twiggy Caf\u00e8<\/title>\n<meta name=\"description\" content=\"Il concerto \u00e8 in programma per gioved\u00ec 27 aprile, occasione in cui presenter\u00e0 il nuovo album \u201cLittle Torch\u201d\" \/>\n<meta name=\"robots\" content=\"noindex, follow, max-snippet:-1, max-image-preview:large, max-video-preview:-1\" \/>\n<meta property=\"og:locale\" content=\"it_IT\" \/>\n<meta property=\"og:type\" content=\"article\" \/>\n<meta property=\"og:title\" content=\"Erin K live al Twiggy Caf\u00e8\" \/>\n<meta property=\"og:description\" content=\"Il concerto \u00e8 in programma per gioved\u00ec 27 aprile, occasione in cui presenter\u00e0 il nuovo album \u201cLittle Torch\u201d\" \/>\n<meta property=\"og:url\" content=\"https:\/\/staging.varesenews.it\/2017\/04\/erin-k-live-al-twiggy-cafe\/615284\/\" \/>\n<meta property=\"og:site_name\" content=\"VareseNews\" \/>\n<meta property=\"article:publisher\" content=\"https:\/\/www.facebook.com\/varesenews\" \/>\n<meta property=\"article:published_time\" content=\"2017-04-24T14:43:46+00:00\" \/>\n<meta name=\"author\" content=\"Adelia Brigo\" \/>\n<meta name=\"twitter:card\" content=\"summary_large_image\" \/>\n<meta name=\"twitter:creator\" content=\"@AdeliaBrigo\" \/>\n<meta name=\"twitter:site\" content=\"@varesenews\" \/>\n<meta name=\"twitter:label1\" content=\"Scritto da\" \/>\n\t<meta name=\"twitter:data1\" content=\"Adelia Brigo\" \/>\n\t<meta name=\"twitter:label2\" content=\"Tempo di lettura stimato\" \/>\n\t<meta name=\"twitter:data2\" content=\"3 minuti\" \/>\n<script type=\"application\/ld+json\" class=\"yoast-schema-graph\">{\"@context\":\"https:\/\/schema.org\",\"@graph\":[{\"@type\":\"WebPage\",\"@id\":\"https:\/\/staging.varesenews.it\/2017\/04\/erin-k-live-al-twiggy-cafe\/615284\/\",\"url\":\"https:\/\/staging.varesenews.it\/2017\/04\/erin-k-live-al-twiggy-cafe\/615284\/\",\"name\":\"Erin K live al Twiggy Caf\u00e8\",\"isPartOf\":{\"@id\":\"https:\/\/staging.varesenews.it\/#website\"},\"datePublished\":\"2017-04-24T14:43:46+00:00\",\"dateModified\":\"2017-04-24T14:43:46+00:00\",\"author\":{\"@id\":\"https:\/\/staging.varesenews.it\/#\/schema\/person\/272ac0f5b2dbfd572218c2d86e013f1a\"},\"description\":\"Il concerto \u00e8 in programma per gioved\u00ec 27 aprile, occasione in cui presenter\u00e0 il nuovo album \u201cLittle Torch\u201d\",\"breadcrumb\":{\"@id\":\"https:\/\/staging.varesenews.it\/2017\/04\/erin-k-live-al-twiggy-cafe\/615284\/#breadcrumb\"},\"inLanguage\":\"it-IT\",\"potentialAction\":[{\"@type\":\"ReadAction\",\"target\":[\"https:\/\/staging.varesenews.it\/2017\/04\/erin-k-live-al-twiggy-cafe\/615284\/\"]}]},{\"@type\":\"BreadcrumbList\",\"@id\":\"https:\/\/staging.varesenews.it\/2017\/04\/erin-k-live-al-twiggy-cafe\/615284\/#breadcrumb\",\"itemListElement\":[{\"@type\":\"ListItem\",\"position\":1,\"name\":\"Home\",\"item\":\"https:\/\/www.varesenews.it\/\"},{\"@type\":\"ListItem\",\"position\":2,\"name\":\"Erin K live al Twiggy Caf\u00e8\"}]},{\"@type\":\"WebSite\",\"@id\":\"https:\/\/staging.varesenews.it\/#website\",\"url\":\"https:\/\/staging.varesenews.it\/\",\"name\":\"VareseNews\",\"description\":\"\",\"potentialAction\":[{\"@type\":\"SearchAction\",\"target\":{\"@type\":\"EntryPoint\",\"urlTemplate\":\"https:\/\/staging.varesenews.it\/?s={search_term_string}\"},\"query-input\":\"required name=search_term_string\"}],\"inLanguage\":\"it-IT\"},{\"@type\":\"Person\",\"@id\":\"https:\/\/staging.varesenews.it\/#\/schema\/person\/272ac0f5b2dbfd572218c2d86e013f1a\",\"name\":\"Adelia Brigo\",\"image\":{\"@type\":\"ImageObject\",\"inLanguage\":\"it-IT\",\"@id\":\"https:\/\/staging.varesenews.it\/#\/schema\/person\/image\/\",\"url\":\"https:\/\/staging.varesenews.it\/wp-content\/uploads\/2020\/12\/adelia_brigo_colori_500.jpg\",\"contentUrl\":\"https:\/\/staging.varesenews.it\/wp-content\/uploads\/2020\/12\/adelia_brigo_colori_500.jpg\",\"caption\":\"Adelia Brigo\"},\"description\":\"Giornalista pubblicista, lavoro a VareseNews dal 2007 e mi occupo di cronaca locale e del settore dedicato alla cultura. In questi anni ho seguito diversi progetti di comunicazione, amo sperimentare strategie per i Social Network e raccontare storie. Varesina, classe 1984, sono laureata in Scienze della Comunicazione.&nbsp;\",\"sameAs\":[\"AdeliaBrigo\",\"https:\/\/twitter.com\/AdeliaBrigo\"],\"url\":\"https:\/\/staging.varesenews.it\/persona\/adelia_brigo\/\"}]}<\/script>\n<!-- \/ Yoast SEO plugin. -->","yoast_head_json":{"title":"Erin K live al Twiggy Caf\u00e8","description":"Il concerto \u00e8 in programma per gioved\u00ec 27 aprile, occasione in cui presenter\u00e0 il nuovo album \u201cLittle Torch\u201d","robots":{"index":"noindex","follow":"follow","max-snippet":"max-snippet:-1","max-image-preview":"max-image-preview:large","max-video-preview":"max-video-preview:-1"},"og_locale":"it_IT","og_type":"article","og_title":"Erin K live al Twiggy Caf\u00e8","og_description":"Il concerto \u00e8 in programma per gioved\u00ec 27 aprile, occasione in cui presenter\u00e0 il nuovo album \u201cLittle Torch\u201d","og_url":"https:\/\/staging.varesenews.it\/2017\/04\/erin-k-live-al-twiggy-cafe\/615284\/","og_site_name":"VareseNews","article_publisher":"https:\/\/www.facebook.com\/varesenews","article_published_time":"2017-04-24T14:43:46+00:00","author":"Adelia Brigo","twitter_card":"summary_large_image","twitter_creator":"@AdeliaBrigo","twitter_site":"@varesenews","twitter_misc":{"Scritto da":"Adelia Brigo","Tempo di lettura stimato":"3 minuti"},"schema":{"@context":"https:\/\/schema.org","@graph":[{"@type":"WebPage","@id":"https:\/\/staging.varesenews.it\/2017\/04\/erin-k-live-al-twiggy-cafe\/615284\/","url":"https:\/\/staging.varesenews.it\/2017\/04\/erin-k-live-al-twiggy-cafe\/615284\/","name":"Erin K live al Twiggy Caf\u00e8","isPartOf":{"@id":"https:\/\/staging.varesenews.it\/#website"},"datePublished":"2017-04-24T14:43:46+00:00","dateModified":"2017-04-24T14:43:46+00:00","author":{"@id":"https:\/\/staging.varesenews.it\/#\/schema\/person\/272ac0f5b2dbfd572218c2d86e013f1a"},"description":"Il concerto \u00e8 in programma per gioved\u00ec 27 aprile, occasione in cui presenter\u00e0 il nuovo album \u201cLittle Torch\u201d","breadcrumb":{"@id":"https:\/\/staging.varesenews.it\/2017\/04\/erin-k-live-al-twiggy-cafe\/615284\/#breadcrumb"},"inLanguage":"it-IT","potentialAction":[{"@type":"ReadAction","target":["https:\/\/staging.varesenews.it\/2017\/04\/erin-k-live-al-twiggy-cafe\/615284\/"]}]},{"@type":"BreadcrumbList","@id":"https:\/\/staging.varesenews.it\/2017\/04\/erin-k-live-al-twiggy-cafe\/615284\/#breadcrumb","itemListElement":[{"@type":"ListItem","position":1,"name":"Home","item":"https:\/\/www.varesenews.it\/"},{"@type":"ListItem","position":2,"name":"Erin K live al Twiggy Caf\u00e8"}]},{"@type":"WebSite","@id":"https:\/\/staging.varesenews.it\/#website","url":"https:\/\/staging.varesenews.it\/","name":"VareseNews","description":"","potentialAction":[{"@type":"SearchAction","target":{"@type":"EntryPoint","urlTemplate":"https:\/\/staging.varesenews.it\/?s={search_term_string}"},"query-input":"required name=search_term_string"}],"inLanguage":"it-IT"},{"@type":"Person","@id":"https:\/\/staging.varesenews.it\/#\/schema\/person\/272ac0f5b2dbfd572218c2d86e013f1a","name":"Adelia Brigo","image":{"@type":"ImageObject","inLanguage":"it-IT","@id":"https:\/\/staging.varesenews.it\/#\/schema\/person\/image\/","url":"https:\/\/staging.varesenews.it\/wp-content\/uploads\/2020\/12\/adelia_brigo_colori_500.jpg","contentUrl":"https:\/\/staging.varesenews.it\/wp-content\/uploads\/2020\/12\/adelia_brigo_colori_500.jpg","caption":"Adelia Brigo"},"description":"Giornalista pubblicista, lavoro a VareseNews dal 2007 e mi occupo di cronaca locale e del settore dedicato alla cultura. In questi anni ho seguito diversi progetti di comunicazione, amo sperimentare strategie per i Social Network e raccontare storie. Varesina, classe 1984, sono laureata in Scienze della Comunicazione.&nbsp;","sameAs":["AdeliaBrigo","https:\/\/twitter.com\/AdeliaBrigo"],"url":"https:\/\/staging.varesenews.it\/persona\/adelia_brigo\/"}]}},"post_meta":{"_edit_lock":"1493049060:32","_edit_last":"32","_category_permalink":"20","ratings_users":"0","ratings_score":"0","ratings_average":"0","wdfb_og_title":"","wdfb_og_type":"","wdfb_og_description":"","wdfb_og_images":"a:1:{i:0;s:0:\"\";}","wdfb_og_custom_name":"a:1:{i:0;s:0:\"\";}","wdfb_og_custom_value":"a:1:{i:0;s:0:\"\";}","foto":"606773","firma_come_redazione":"1","argomento":"Varese","_jd_twitter":"","_jd_tweet_this":"yes","_wpt_short_url":"http:\/\/www.varesenews.it\/2017\/04\/erin-k-live-al-twiggy-cafe\/615284\/","_wp_jd_target":"http:\/\/www.varesenews.it\/2017\/04\/erin-k-live-al-twiggy-cafe\/615284\/","_jd_wp_twitter":"a:1:{i:0;s:108:\"Erin K live al Twiggy Caf\u00e8 http:\/\/www.varesenews.it\/2017\/04\/erin-k-live-al-twiggy-cafe\/615284\/ #twiggycaf\u00e8\";}","_wpt_status_message":"Tweet inviato con successo."},"photos":[{"original":"https:\/\/staging.varesenews.it\/photogallery_new\/images\/2017\/04\/cinema-606773.jpg","full":"https:\/\/staging.varesenews.it\/photogallery_new\/images\/2017\/04\/cinema-606773.1024x768.jpg","large":"https:\/\/staging.varesenews.it\/photogallery_new\/images\/2017\/04\/cinema-606773.610x431.jpg"}],"_links":{"self":[{"href":"https:\/\/staging.varesenews.it\/swgapi\/v1\/wp\/v2\/posts\/615284"}],"collection":[{"href":"https:\/\/staging.varesenews.it\/swgapi\/v1\/wp\/v2\/posts"}],"about":[{"href":"https:\/\/staging.varesenews.it\/swgapi\/v1\/wp\/v2\/types\/post"}],"author":[{"embeddable":true,"href":"https:\/\/staging.varesenews.it\/swgapi\/v1\/wp\/v2\/users\/32"}],"replies":[{"embeddable":true,"href":"https:\/\/staging.varesenews.it\/swgapi\/v1\/wp\/v2\/comments?post=615284"}],"version-history":[{"count":0,"href":"https:\/\/staging.varesenews.it\/swgapi\/v1\/wp\/v2\/posts\/615284\/revisions"}],"wp:attachment":[{"href":"https:\/\/staging.varesenews.it\/swgapi\/v1\/wp\/v2\/media?parent=615284"}],"wp:term":[{"taxonomy":"category","embeddable":true,"href":"https:\/\/staging.varesenews.it\/swgapi\/v1\/wp\/v2\/categories?post=615284"},{"taxonomy":"post_tag","embeddable":true,"href":"https:\/\/staging.varesenews.it\/swgapi\/v1\/wp\/v2\/tags?post=615284"}],"curies":[{"name":"wp","href":"https:\/\/api.w.org\/{rel}","templated":true}]}}