{"id":616348,"date":"2017-04-28T12:25:40","date_gmt":"2017-04-28T10:25:40","guid":{"rendered":"http:\/\/www.varesenews.it\/?p=616348"},"modified":"2017-04-28T12:25:40","modified_gmt":"2017-04-28T10:25:40","slug":"la-cgil-scrive-ai-parlamentari-piu-sicurezza-e-piu-poliziotti-efficienti","status":"publish","type":"post","link":"https:\/\/staging.varesenews.it\/2017\/04\/la-cgil-scrive-ai-parlamentari-piu-sicurezza-e-piu-poliziotti-efficienti\/616348\/","title":{"rendered":"La Cgil scrive ai parlamentari: &#8220;pi\u00f9 sicurezza e pi\u00f9 poliziotti efficienti&#8221;"},"content":{"rendered":"<p><em>Riceviamo e pubblichiamo la nota del sindacato di polizia Silp Cgil<\/em><\/p>\n<p>C\u2019\u00e8 pi\u00f9 bisogno di pi\u00f9 sicurezza e c\u2019\u00e8 bisogno di poliziotti efficienti, maggiormente preparati e soprattutto motivati. Per questo, in vista delle scadenze parlamentari relative allo schema di decreto legislativo sul riordino dei ruoli e delle funzioni delle forze di polizia, abbiamo inviato ai parlamentari eletti nel nostro territorio Sen. D\u2019ADDA Erica (PD), On. GADDA Maria Chiara (PD), On. MARANTELLI Daniele (PD), On. ROSSI Paolo (PD), On. SENALDI Angelo (PD), un documento unitario CGIL e SILP\/CGIL contenente opportune proposte di modifica. Un sindacato serio e importante come il nostro accetta la \u2018sfida\u2019 di una riforma del sistema sicurezza e di un riordino delle carriere atteso da 20 anni, ma vogliamo farlo dando un contributo concreto di proposta e non solo di protesta.<\/p>\n<p>Anche nelle nostre zone non mancano problemi legati alla sicurezza. Abbiamo organici carenti, mezzi inadeguati e strutture spesso non all\u2019altezza. Grazie alla battaglia condotta a Roma dal sindacato, abbiamo ottenuto dal governo l\u2019appostamento di circa un miliardo di euro in 2 anni per il riordino dei ruoli e delle funzioni dei corpi di polizia. Risorse importanti che vanno utilizzate al meglio. Al vaglio della Camera e del Senato c\u2019\u00e8 in questi giorni lo schema di decreto legislativo che noi crediamo si possa e si debba migliorare nel segno di una maggiore equit\u00e0, superando soprattutto i disallineamenti presenti tra i vari corpi dello Stato e cercando di rendere maggiormente efficiente il sistema, a vantaggio in primis dei cittadini.<\/p>\n<p>Il Consiglio di Stato ha espresso nei giorni scorsi un parere sostanzialmente favorevole al provvedimento, evidenziando per\u00f2 alcune criticit\u00e0. Noi crediamo che le proposte di modifica che abbiamo consegnato ai parlamentari, con una campagna di mobilitazione che ci vede da tempo protagonisti in tutta Italia, siano concrete e praticabili. Soprattutto costruttive.<\/p>\n<p>La battaglia per una maggiore sicurezza dei cittadini &#8211; conclude il sindacalista &#8211; passa necessariamente da un riordino dei ruoli e delle funzioni delle forze di polizia equo e giusto. Il nostro slogan \u00e8 #riordinosimanoncosi.<\/p>\n","protected":false},"excerpt":{"rendered":"<p>La lettera inviata in vista delle scadenze parlamentari relative allo schema di decreto legislativo sul riordino dei ruoli e delle funzioni delle forze di polizia<\/p>\n","protected":false},"author":53,"featured_media":0,"comment_status":"open","ping_status":"open","sticky":false,"template":"","format":"standard","meta":{"footnotes":""},"categories":[2],"tags":[1179,366,868],"acf":[],"yoast_head":"<!-- This site is optimized with the Yoast SEO plugin v20.1 - https:\/\/yoast.com\/wordpress\/plugins\/seo\/ -->\n<title>La Cgil scrive ai parlamentari: &quot;pi\u00f9 sicurezza e pi\u00f9 poliziotti efficienti&quot;<\/title>\n<meta name=\"description\" content=\"La lettera inviata in vista delle scadenze parlamentari relative allo schema di decreto legislativo sul riordino dei ruoli e delle funzioni delle forze di polizia\" \/>\n<meta name=\"robots\" content=\"noindex, follow, max-snippet:-1, max-image-preview:large, max-video-preview:-1\" \/>\n<meta property=\"og:locale\" content=\"it_IT\" \/>\n<meta property=\"og:type\" content=\"article\" \/>\n<meta property=\"og:title\" content=\"La Cgil scrive ai parlamentari: &quot;pi\u00f9 sicurezza e pi\u00f9 poliziotti efficienti&quot;\" \/>\n<meta property=\"og:description\" content=\"La lettera inviata in vista delle scadenze parlamentari relative allo schema di decreto legislativo sul riordino dei ruoli e delle funzioni delle forze di polizia\" \/>\n<meta property=\"og:url\" content=\"https:\/\/staging.varesenews.it\/2017\/04\/la-cgil-scrive-ai-parlamentari-piu-sicurezza-e-piu-poliziotti-efficienti\/616348\/\" \/>\n<meta property=\"og:site_name\" content=\"VareseNews\" \/>\n<meta property=\"article:publisher\" content=\"https:\/\/www.facebook.com\/varesenews\" \/>\n<meta property=\"article:published_time\" content=\"2017-04-28T10:25:40+00:00\" \/>\n<meta name=\"author\" content=\"Valeria Vercelloni\" \/>\n<meta name=\"twitter:card\" content=\"summary_large_image\" \/>\n<meta name=\"twitter:creator\" content=\"@valeria_10\" \/>\n<meta name=\"twitter:site\" content=\"@varesenews\" \/>\n<meta name=\"twitter:label1\" content=\"Scritto da\" \/>\n\t<meta name=\"twitter:data1\" content=\"Valeria Vercelloni\" \/>\n\t<meta name=\"twitter:label2\" content=\"Tempo di lettura stimato\" \/>\n\t<meta name=\"twitter:data2\" content=\"2 minuti\" \/>\n<script type=\"application\/ld+json\" class=\"yoast-schema-graph\">{\"@context\":\"https:\/\/schema.org\",\"@graph\":[{\"@type\":\"WebPage\",\"@id\":\"https:\/\/staging.varesenews.it\/2017\/04\/la-cgil-scrive-ai-parlamentari-piu-sicurezza-e-piu-poliziotti-efficienti\/616348\/\",\"url\":\"https:\/\/staging.varesenews.it\/2017\/04\/la-cgil-scrive-ai-parlamentari-piu-sicurezza-e-piu-poliziotti-efficienti\/616348\/\",\"name\":\"La Cgil scrive ai parlamentari: \\\"pi\u00f9 sicurezza e pi\u00f9 poliziotti efficienti\\\"\",\"isPartOf\":{\"@id\":\"https:\/\/staging.varesenews.it\/#website\"},\"datePublished\":\"2017-04-28T10:25:40+00:00\",\"dateModified\":\"2017-04-28T10:25:40+00:00\",\"author\":{\"@id\":\"https:\/\/staging.varesenews.it\/#\/schema\/person\/0941cd89a5c71974b05f4cca7ce7deff\"},\"description\":\"La lettera inviata in vista delle scadenze parlamentari relative allo schema di decreto legislativo sul riordino dei ruoli e delle funzioni delle forze di polizia\",\"breadcrumb\":{\"@id\":\"https:\/\/staging.varesenews.it\/2017\/04\/la-cgil-scrive-ai-parlamentari-piu-sicurezza-e-piu-poliziotti-efficienti\/616348\/#breadcrumb\"},\"inLanguage\":\"it-IT\",\"potentialAction\":[{\"@type\":\"ReadAction\",\"target\":[\"https:\/\/staging.varesenews.it\/2017\/04\/la-cgil-scrive-ai-parlamentari-piu-sicurezza-e-piu-poliziotti-efficienti\/616348\/\"]}]},{\"@type\":\"BreadcrumbList\",\"@id\":\"https:\/\/staging.varesenews.it\/2017\/04\/la-cgil-scrive-ai-parlamentari-piu-sicurezza-e-piu-poliziotti-efficienti\/616348\/#breadcrumb\",\"itemListElement\":[{\"@type\":\"ListItem\",\"position\":1,\"name\":\"Home\",\"item\":\"https:\/\/www.varesenews.it\/\"},{\"@type\":\"ListItem\",\"position\":2,\"name\":\"La Cgil scrive ai parlamentari: &#8220;pi\u00f9 sicurezza e pi\u00f9 poliziotti efficienti&#8221;\"}]},{\"@type\":\"WebSite\",\"@id\":\"https:\/\/staging.varesenews.it\/#website\",\"url\":\"https:\/\/staging.varesenews.it\/\",\"name\":\"VareseNews\",\"description\":\"\",\"potentialAction\":[{\"@type\":\"SearchAction\",\"target\":{\"@type\":\"EntryPoint\",\"urlTemplate\":\"https:\/\/staging.varesenews.it\/?s={search_term_string}\"},\"query-input\":\"required name=search_term_string\"}],\"inLanguage\":\"it-IT\"},{\"@type\":\"Person\",\"@id\":\"https:\/\/staging.varesenews.it\/#\/schema\/person\/0941cd89a5c71974b05f4cca7ce7deff\",\"name\":\"Valeria Vercelloni\",\"image\":{\"@type\":\"ImageObject\",\"inLanguage\":\"it-IT\",\"@id\":\"https:\/\/staging.varesenews.it\/#\/schema\/person\/image\/\",\"url\":\"https:\/\/staging.varesenews.it\/wp-content\/uploads\/2015\/03\/valeria_vercelloni1.jpg\",\"contentUrl\":\"https:\/\/staging.varesenews.it\/wp-content\/uploads\/2015\/03\/valeria_vercelloni1.jpg\",\"caption\":\"Valeria Vercelloni\"},\"description\":\"\u201cNata e cresciuta\u201d a Varesenews, ma con un piede sempre a Milano. Cerco di stare al passo con il mondo dei social media senza perdermi troppo per strada.\",\"sameAs\":[\"https:\/\/twitter.com\/valeria_10\"],\"url\":\"https:\/\/staging.varesenews.it\/persona\/valeria-vercelloni\/\"}]}<\/script>\n<!-- \/ Yoast SEO plugin. -->","yoast_head_json":{"title":"La Cgil scrive ai parlamentari: \"pi\u00f9 sicurezza e pi\u00f9 poliziotti efficienti\"","description":"La lettera inviata in vista delle scadenze parlamentari relative allo schema di decreto legislativo sul riordino dei ruoli e delle funzioni delle forze di polizia","robots":{"index":"noindex","follow":"follow","max-snippet":"max-snippet:-1","max-image-preview":"max-image-preview:large","max-video-preview":"max-video-preview:-1"},"og_locale":"it_IT","og_type":"article","og_title":"La Cgil scrive ai parlamentari: \"pi\u00f9 sicurezza e pi\u00f9 poliziotti efficienti\"","og_description":"La lettera inviata in vista delle scadenze parlamentari relative allo schema di decreto legislativo sul riordino dei ruoli e delle funzioni delle forze di polizia","og_url":"https:\/\/staging.varesenews.it\/2017\/04\/la-cgil-scrive-ai-parlamentari-piu-sicurezza-e-piu-poliziotti-efficienti\/616348\/","og_site_name":"VareseNews","article_publisher":"https:\/\/www.facebook.com\/varesenews","article_published_time":"2017-04-28T10:25:40+00:00","author":"Valeria Vercelloni","twitter_card":"summary_large_image","twitter_creator":"@valeria_10","twitter_site":"@varesenews","twitter_misc":{"Scritto da":"Valeria Vercelloni","Tempo di lettura stimato":"2 minuti"},"schema":{"@context":"https:\/\/schema.org","@graph":[{"@type":"WebPage","@id":"https:\/\/staging.varesenews.it\/2017\/04\/la-cgil-scrive-ai-parlamentari-piu-sicurezza-e-piu-poliziotti-efficienti\/616348\/","url":"https:\/\/staging.varesenews.it\/2017\/04\/la-cgil-scrive-ai-parlamentari-piu-sicurezza-e-piu-poliziotti-efficienti\/616348\/","name":"La Cgil scrive ai parlamentari: \"pi\u00f9 sicurezza e pi\u00f9 poliziotti efficienti\"","isPartOf":{"@id":"https:\/\/staging.varesenews.it\/#website"},"datePublished":"2017-04-28T10:25:40+00:00","dateModified":"2017-04-28T10:25:40+00:00","author":{"@id":"https:\/\/staging.varesenews.it\/#\/schema\/person\/0941cd89a5c71974b05f4cca7ce7deff"},"description":"La lettera inviata in vista delle scadenze parlamentari relative allo schema di decreto legislativo sul riordino dei ruoli e delle funzioni delle forze di polizia","breadcrumb":{"@id":"https:\/\/staging.varesenews.it\/2017\/04\/la-cgil-scrive-ai-parlamentari-piu-sicurezza-e-piu-poliziotti-efficienti\/616348\/#breadcrumb"},"inLanguage":"it-IT","potentialAction":[{"@type":"ReadAction","target":["https:\/\/staging.varesenews.it\/2017\/04\/la-cgil-scrive-ai-parlamentari-piu-sicurezza-e-piu-poliziotti-efficienti\/616348\/"]}]},{"@type":"BreadcrumbList","@id":"https:\/\/staging.varesenews.it\/2017\/04\/la-cgil-scrive-ai-parlamentari-piu-sicurezza-e-piu-poliziotti-efficienti\/616348\/#breadcrumb","itemListElement":[{"@type":"ListItem","position":1,"name":"Home","item":"https:\/\/www.varesenews.it\/"},{"@type":"ListItem","position":2,"name":"La Cgil scrive ai parlamentari: &#8220;pi\u00f9 sicurezza e pi\u00f9 poliziotti efficienti&#8221;"}]},{"@type":"WebSite","@id":"https:\/\/staging.varesenews.it\/#website","url":"https:\/\/staging.varesenews.it\/","name":"VareseNews","description":"","potentialAction":[{"@type":"SearchAction","target":{"@type":"EntryPoint","urlTemplate":"https:\/\/staging.varesenews.it\/?s={search_term_string}"},"query-input":"required name=search_term_string"}],"inLanguage":"it-IT"},{"@type":"Person","@id":"https:\/\/staging.varesenews.it\/#\/schema\/person\/0941cd89a5c71974b05f4cca7ce7deff","name":"Valeria Vercelloni","image":{"@type":"ImageObject","inLanguage":"it-IT","@id":"https:\/\/staging.varesenews.it\/#\/schema\/person\/image\/","url":"https:\/\/staging.varesenews.it\/wp-content\/uploads\/2015\/03\/valeria_vercelloni1.jpg","contentUrl":"https:\/\/staging.varesenews.it\/wp-content\/uploads\/2015\/03\/valeria_vercelloni1.jpg","caption":"Valeria Vercelloni"},"description":"\u201cNata e cresciuta\u201d a Varesenews, ma con un piede sempre a Milano. Cerco di stare al passo con il mondo dei social media senza perdermi troppo per strada.","sameAs":["https:\/\/twitter.com\/valeria_10"],"url":"https:\/\/staging.varesenews.it\/persona\/valeria-vercelloni\/"}]}},"post_meta":{"_edit_lock":"1493375282:53","_edit_last":"53","_category_permalink":"2","ratings_users":"0","ratings_score":"0","ratings_average":"0","wdfb_og_title":"","wdfb_og_type":"","wdfb_og_description":"","wdfb_og_images":"a:1:{i:0;s:0:\"\";}","wdfb_og_custom_name":"a:1:{i:0;s:0:\"\";}","wdfb_og_custom_value":"a:1:{i:0;s:0:\"\";}","foto":"557328","firma-personalizzata":"Giorgio Saporiti, segretario provinciale di Varese del sindacato di polizia Silp Cgil.","argomento":"Varese","_jd_twitter":"","_jd_tweet_this":"yes","_wpt_short_url":"http:\/\/www.varesenews.it\/2017\/04\/la-cgil-scrive-ai-parlamentari-piu-sicurezza-e-piu-poliziotti-efficienti\/616348\/","_wp_jd_target":"http:\/\/www.varesenews.it\/2017\/04\/la-cgil-scrive-ai-parlamentari-piu-sicurezza-e-piu-poliziotti-efficienti\/616348\/","_jd_wp_twitter":"a:1:{i:0;s:217:\"La Cgil scrive ai parlamentari: \"pi\u00f9 sicurezza e pi\u00f9 poliziotti efficienti\" http:\/\/www.varesenews.it\/2017\/04\/la-cgil-scrive-ai-parlamentari-piu-sicurezza-e-piu-poliziotti-efficienti\/616348\/ #Cgil #Polizia #sindacato\";}","_wpt_status_message":"Tweet inviato con successo."},"photos":[{"original":"https:\/\/staging.varesenews.it\/photogallery_new\/images\/2016\/08\/volante-polizia-auto-generica-busto-commissariato-557328.jpg","full":"https:\/\/staging.varesenews.it\/photogallery_new\/images\/2016\/08\/volante-polizia-auto-generica-busto-commissariato-557328.1024x768.jpg","large":"https:\/\/staging.varesenews.it\/photogallery_new\/images\/2016\/08\/volante-polizia-auto-generica-busto-commissariato-557328.610x431.jpg"}],"_links":{"self":[{"href":"https:\/\/staging.varesenews.it\/swgapi\/v1\/wp\/v2\/posts\/616348"}],"collection":[{"href":"https:\/\/staging.varesenews.it\/swgapi\/v1\/wp\/v2\/posts"}],"about":[{"href":"https:\/\/staging.varesenews.it\/swgapi\/v1\/wp\/v2\/types\/post"}],"author":[{"embeddable":true,"href":"https:\/\/staging.varesenews.it\/swgapi\/v1\/wp\/v2\/users\/53"}],"replies":[{"embeddable":true,"href":"https:\/\/staging.varesenews.it\/swgapi\/v1\/wp\/v2\/comments?post=616348"}],"version-history":[{"count":0,"href":"https:\/\/staging.varesenews.it\/swgapi\/v1\/wp\/v2\/posts\/616348\/revisions"}],"wp:attachment":[{"href":"https:\/\/staging.varesenews.it\/swgapi\/v1\/wp\/v2\/media?parent=616348"}],"wp:term":[{"taxonomy":"category","embeddable":true,"href":"https:\/\/staging.varesenews.it\/swgapi\/v1\/wp\/v2\/categories?post=616348"},{"taxonomy":"post_tag","embeddable":true,"href":"https:\/\/staging.varesenews.it\/swgapi\/v1\/wp\/v2\/tags?post=616348"}],"curies":[{"name":"wp","href":"https:\/\/api.w.org\/{rel}","templated":true}]}}