{"id":616482,"date":"2017-04-29T12:03:20","date_gmt":"2017-04-29T10:03:20","guid":{"rendered":"http:\/\/www.varesenews.it\/?p=616482"},"modified":"2017-04-28T17:41:32","modified_gmt":"2017-04-28T15:41:32","slug":"pro-patria-a-olginate-per-assicurarsi-i-playoff","status":"publish","type":"post","link":"https:\/\/staging.varesenews.it\/2017\/04\/pro-patria-a-olginate-per-assicurarsi-i-playoff\/616482\/","title":{"rendered":"Pro Patria a Olginate per assicurarsi i playoff"},"content":{"rendered":"<p>(Foto Facebook &#8211;\u00a0<a href=\"https:\/\/www.facebook.com\/aurorapropatria1919official\/\">Aurora Pro Patria 1919 &#8211; Official<\/a>)<\/p>\n<p>Penultima di campionato per la Serie D. <strong>Nel girone B sono ancora poche le sentenze in attesa e domenica la Pro Patria spera di chiudere i conti anche per i playoff.<\/strong> Con il Monza gi\u00e0 promosso in Lega Pro, Ciliverghe, Pergolettese e Virtus Bergamo sono sicure di partecipare agli scontri promozione, mentre ai tigrotti manca un ultimo passetto.<\/p>\n<p>Domenica 30 aprile (ore 15.00) <strong>i biancoblu saranno impegnati a Olginate<\/strong> e con un risultato positivo potrebbero ipotecare la partecipazione alla \u201cpost season\u201d.<\/p>\n<p><a title=\"La Pro Patria di Javorcic inizia con un poker\" href=\"http:\/\/www.varesenews.it\/2017\/04\/la-pro-patria-di-javorcic-inizia-con-un-poker\/615079\/\" target=\"_blank\">Dopo il buon esordio di Scanzorosciate<\/a>, mister Ivan Javorcic ha tutta l\u2019intenzione di ripetersi, cos\u00ec da potersi concentrare sui playoff. Nello scacchiere biancoblu torner\u00e0 a disposizione Salvatore Ferraro, che in difesa potrebbe prendere il posto di Andres Garbini. Sicuro assente sar\u00e0 Mattia Mauri, mentre per Matteo Arrigoni la presenza sembra improbabile. <strong>Dovrebbe essere ancora 3-5-2 per la Pro Patria<\/strong>. Da decidere gli elementi che partiranno nell\u2019undici titolare.<\/p>\n<p>L\u2019Olginatese ha passato una stagione molto difficile, con tanti cambi in panchina. Alla guida dei bianconeri c\u2019\u00e8 ora Fabio Corti, ex bandiera del Lecco e gi\u00e0 mister a Olginate nelle passate stagioni in Serie D. <strong>I lecchesi sono in piena lotta per cercare di evitare i playout.<\/strong> La salvezza dista un punto \u2013 Dro e Scanzorosciate sono a quota 33 \u2013 e venderanno cara la pelle nell\u2019ultima uscita stagionale sul campo amico per non essere coinvolti nella lotta alla retrocessione. All\u2019ultima di campionato inoltre saranno coinvolti nello scontro diretto a Scanzorosciate. Inutile dire che affrontare i diretti avversari con il vantaggio di punti sarebbe vitale.<\/p>\n<p>La diretta di VareseNews \u00e8 gi\u00e0 iniziata (<a href=\"http:\/\/live.varesenews.it\/Event\/Serie_D_la_penultima_di_campionato\" target=\"_blank\">link<\/a>). Potrete commentare live e interagire con gli hashtag <strong>#direttavn <\/strong>e<strong> #olginatesepropatria<\/strong> via Instagram e Twitter.<\/p>\n<blockquote><p><strong>SERIE D \u2013 GIRONE B \u2013 16\u00b0 GIORNATA:<\/strong> Caravaggio \u2013 Levico Terme; Ciliverghe \u2013 Grumellese; Ciserano \u2013 Cavenago Fanfulla; Darfo Boario \u2013 Lecco; Dro \u2013 Virtus Bolzano; <strong>Olginatese \u2013 Pro Patria;<\/strong> Pergolettese \u2013 Monza; Seregno \u2013 Pontisola; Virtus Bergamo \u2013 Scanzorosciate.<\/p>\n<p><strong>CLASSIFICA<\/strong>: Monza 77; Ciliverghe 70; Pergolettese 65; Virtus Bergamo 62;<strong> Pro Patria 58;<\/strong> Pontisola 53; Darfo Boario 51; Caravaggio 47; Seregno 45; Grumellese 42; Ciserano 37; Dro, Scanzorosciate 33; Olginatese 32; Lecco 28; Levico Terme 25; Virtus Bolzano 23; Cavenago Fanfulla 21.<\/p><\/blockquote>\n","protected":false},"excerpt":{"rendered":"<p>Penultima di stagione regolare per i tigrotti, che scenderanno in campo domenica 30 aprile (ore 15.00) in casa dell\u2019Olginatese<\/p>\n","protected":false},"author":37,"featured_media":0,"comment_status":"open","ping_status":"open","sticky":false,"template":"","format":"standard","meta":{"footnotes":""},"categories":[14],"tags":[144,147,207],"acf":[],"yoast_head":"<!-- This site is optimized with the Yoast SEO plugin v20.1 - https:\/\/yoast.com\/wordpress\/plugins\/seo\/ -->\n<title>Pro Patria a Olginate per assicurarsi i playoff<\/title>\n<meta name=\"description\" content=\"Penultima di stagione regolare per i tigrotti, che scenderanno in campo domenica 30 aprile (ore 15.00) in casa dell\u2019Olginatese\" \/>\n<meta name=\"robots\" content=\"noindex, follow, max-snippet:-1, max-image-preview:large, max-video-preview:-1\" \/>\n<meta property=\"og:locale\" content=\"it_IT\" \/>\n<meta property=\"og:type\" content=\"article\" \/>\n<meta property=\"og:title\" content=\"Pro Patria a Olginate per assicurarsi i playoff\" \/>\n<meta property=\"og:description\" content=\"Penultima di stagione regolare per i tigrotti, che scenderanno in campo domenica 30 aprile (ore 15.00) in casa dell\u2019Olginatese\" \/>\n<meta property=\"og:url\" content=\"https:\/\/staging.varesenews.it\/2017\/04\/pro-patria-a-olginate-per-assicurarsi-i-playoff\/616482\/\" \/>\n<meta property=\"og:site_name\" content=\"VareseNews\" \/>\n<meta property=\"article:publisher\" content=\"https:\/\/www.facebook.com\/varesenews\" \/>\n<meta property=\"article:published_time\" content=\"2017-04-29T10:03:20+00:00\" \/>\n<meta property=\"article:modified_time\" content=\"2017-04-28T15:41:32+00:00\" \/>\n<meta name=\"author\" content=\"Francesco Mazzoleni\" \/>\n<meta name=\"twitter:card\" content=\"summary_large_image\" \/>\n<meta name=\"twitter:creator\" content=\"@fmazzof\" \/>\n<meta name=\"twitter:site\" content=\"@varesenews\" \/>\n<meta name=\"twitter:label1\" content=\"Scritto da\" \/>\n\t<meta name=\"twitter:data1\" content=\"Francesco Mazzoleni\" \/>\n\t<meta name=\"twitter:label2\" content=\"Tempo di lettura stimato\" \/>\n\t<meta name=\"twitter:data2\" content=\"2 minuti\" \/>\n<script type=\"application\/ld+json\" class=\"yoast-schema-graph\">{\"@context\":\"https:\/\/schema.org\",\"@graph\":[{\"@type\":\"WebPage\",\"@id\":\"https:\/\/staging.varesenews.it\/2017\/04\/pro-patria-a-olginate-per-assicurarsi-i-playoff\/616482\/\",\"url\":\"https:\/\/staging.varesenews.it\/2017\/04\/pro-patria-a-olginate-per-assicurarsi-i-playoff\/616482\/\",\"name\":\"Pro Patria a Olginate per assicurarsi i playoff\",\"isPartOf\":{\"@id\":\"https:\/\/staging.varesenews.it\/#website\"},\"datePublished\":\"2017-04-29T10:03:20+00:00\",\"dateModified\":\"2017-04-28T15:41:32+00:00\",\"author\":{\"@id\":\"https:\/\/staging.varesenews.it\/#\/schema\/person\/e82236e79160d30d4e1f942004ac3038\"},\"description\":\"Penultima di stagione regolare per i tigrotti, che scenderanno in campo domenica 30 aprile (ore 15.00) in casa dell\u2019Olginatese\",\"breadcrumb\":{\"@id\":\"https:\/\/staging.varesenews.it\/2017\/04\/pro-patria-a-olginate-per-assicurarsi-i-playoff\/616482\/#breadcrumb\"},\"inLanguage\":\"it-IT\",\"potentialAction\":[{\"@type\":\"ReadAction\",\"target\":[\"https:\/\/staging.varesenews.it\/2017\/04\/pro-patria-a-olginate-per-assicurarsi-i-playoff\/616482\/\"]}]},{\"@type\":\"BreadcrumbList\",\"@id\":\"https:\/\/staging.varesenews.it\/2017\/04\/pro-patria-a-olginate-per-assicurarsi-i-playoff\/616482\/#breadcrumb\",\"itemListElement\":[{\"@type\":\"ListItem\",\"position\":1,\"name\":\"Home\",\"item\":\"https:\/\/www.varesenews.it\/\"},{\"@type\":\"ListItem\",\"position\":2,\"name\":\"Pro Patria a Olginate per assicurarsi i playoff\"}]},{\"@type\":\"WebSite\",\"@id\":\"https:\/\/staging.varesenews.it\/#website\",\"url\":\"https:\/\/staging.varesenews.it\/\",\"name\":\"VareseNews\",\"description\":\"\",\"potentialAction\":[{\"@type\":\"SearchAction\",\"target\":{\"@type\":\"EntryPoint\",\"urlTemplate\":\"https:\/\/staging.varesenews.it\/?s={search_term_string}\"},\"query-input\":\"required name=search_term_string\"}],\"inLanguage\":\"it-IT\"},{\"@type\":\"Person\",\"@id\":\"https:\/\/staging.varesenews.it\/#\/schema\/person\/e82236e79160d30d4e1f942004ac3038\",\"name\":\"Francesco Mazzoleni\",\"image\":{\"@type\":\"ImageObject\",\"inLanguage\":\"it-IT\",\"@id\":\"https:\/\/staging.varesenews.it\/#\/schema\/person\/image\/\",\"url\":\"https:\/\/staging.varesenews.it\/wp-content\/uploads\/2020\/12\/francesco_mazzoleni_colori_500-1.jpg\",\"contentUrl\":\"https:\/\/staging.varesenews.it\/wp-content\/uploads\/2020\/12\/francesco_mazzoleni_colori_500-1.jpg\",\"caption\":\"Francesco Mazzoleni\"},\"description\":\"\\\"Uomo di campo\\\" della redazione sportiva. Nutro una vera passione per il calcio, che sia ad alti livelli, sui campi di provincia o in altri continenti. Sono nato a Varese nel 1984, vivo da sempre a Malnate e ho una laurea in Scienze Motorie. Ho mosso i primi passi a VareseNews da stagista nel 2002; nel 2008 ho iniziato a collaborare con maggiore continuit\u00e0 e dal 2018 sono giornalista professionista. Orgoglioso pap\u00e0 di Federico e Adelaide.\",\"sameAs\":[\"fmazzof\",\"it.linkedin.com\/in\/francescomazzolenif\",\"https:\/\/twitter.com\/fmazzof\"],\"url\":\"https:\/\/staging.varesenews.it\/persona\/francesco_mazzoleniferracini\/\"}]}<\/script>\n<!-- \/ Yoast SEO plugin. -->","yoast_head_json":{"title":"Pro Patria a Olginate per assicurarsi i playoff","description":"Penultima di stagione regolare per i tigrotti, che scenderanno in campo domenica 30 aprile (ore 15.00) in casa dell\u2019Olginatese","robots":{"index":"noindex","follow":"follow","max-snippet":"max-snippet:-1","max-image-preview":"max-image-preview:large","max-video-preview":"max-video-preview:-1"},"og_locale":"it_IT","og_type":"article","og_title":"Pro Patria a Olginate per assicurarsi i playoff","og_description":"Penultima di stagione regolare per i tigrotti, che scenderanno in campo domenica 30 aprile (ore 15.00) in casa dell\u2019Olginatese","og_url":"https:\/\/staging.varesenews.it\/2017\/04\/pro-patria-a-olginate-per-assicurarsi-i-playoff\/616482\/","og_site_name":"VareseNews","article_publisher":"https:\/\/www.facebook.com\/varesenews","article_published_time":"2017-04-29T10:03:20+00:00","article_modified_time":"2017-04-28T15:41:32+00:00","author":"Francesco Mazzoleni","twitter_card":"summary_large_image","twitter_creator":"@fmazzof","twitter_site":"@varesenews","twitter_misc":{"Scritto da":"Francesco Mazzoleni","Tempo di lettura stimato":"2 minuti"},"schema":{"@context":"https:\/\/schema.org","@graph":[{"@type":"WebPage","@id":"https:\/\/staging.varesenews.it\/2017\/04\/pro-patria-a-olginate-per-assicurarsi-i-playoff\/616482\/","url":"https:\/\/staging.varesenews.it\/2017\/04\/pro-patria-a-olginate-per-assicurarsi-i-playoff\/616482\/","name":"Pro Patria a Olginate per assicurarsi i playoff","isPartOf":{"@id":"https:\/\/staging.varesenews.it\/#website"},"datePublished":"2017-04-29T10:03:20+00:00","dateModified":"2017-04-28T15:41:32+00:00","author":{"@id":"https:\/\/staging.varesenews.it\/#\/schema\/person\/e82236e79160d30d4e1f942004ac3038"},"description":"Penultima di stagione regolare per i tigrotti, che scenderanno in campo domenica 30 aprile (ore 15.00) in casa dell\u2019Olginatese","breadcrumb":{"@id":"https:\/\/staging.varesenews.it\/2017\/04\/pro-patria-a-olginate-per-assicurarsi-i-playoff\/616482\/#breadcrumb"},"inLanguage":"it-IT","potentialAction":[{"@type":"ReadAction","target":["https:\/\/staging.varesenews.it\/2017\/04\/pro-patria-a-olginate-per-assicurarsi-i-playoff\/616482\/"]}]},{"@type":"BreadcrumbList","@id":"https:\/\/staging.varesenews.it\/2017\/04\/pro-patria-a-olginate-per-assicurarsi-i-playoff\/616482\/#breadcrumb","itemListElement":[{"@type":"ListItem","position":1,"name":"Home","item":"https:\/\/www.varesenews.it\/"},{"@type":"ListItem","position":2,"name":"Pro Patria a Olginate per assicurarsi i playoff"}]},{"@type":"WebSite","@id":"https:\/\/staging.varesenews.it\/#website","url":"https:\/\/staging.varesenews.it\/","name":"VareseNews","description":"","potentialAction":[{"@type":"SearchAction","target":{"@type":"EntryPoint","urlTemplate":"https:\/\/staging.varesenews.it\/?s={search_term_string}"},"query-input":"required name=search_term_string"}],"inLanguage":"it-IT"},{"@type":"Person","@id":"https:\/\/staging.varesenews.it\/#\/schema\/person\/e82236e79160d30d4e1f942004ac3038","name":"Francesco Mazzoleni","image":{"@type":"ImageObject","inLanguage":"it-IT","@id":"https:\/\/staging.varesenews.it\/#\/schema\/person\/image\/","url":"https:\/\/staging.varesenews.it\/wp-content\/uploads\/2020\/12\/francesco_mazzoleni_colori_500-1.jpg","contentUrl":"https:\/\/staging.varesenews.it\/wp-content\/uploads\/2020\/12\/francesco_mazzoleni_colori_500-1.jpg","caption":"Francesco Mazzoleni"},"description":"\"Uomo di campo\" della redazione sportiva. Nutro una vera passione per il calcio, che sia ad alti livelli, sui campi di provincia o in altri continenti. Sono nato a Varese nel 1984, vivo da sempre a Malnate e ho una laurea in Scienze Motorie. Ho mosso i primi passi a VareseNews da stagista nel 2002; nel 2008 ho iniziato a collaborare con maggiore continuit\u00e0 e dal 2018 sono giornalista professionista. Orgoglioso pap\u00e0 di Federico e Adelaide.","sameAs":["fmazzof","it.linkedin.com\/in\/francescomazzolenif","https:\/\/twitter.com\/fmazzof"],"url":"https:\/\/staging.varesenews.it\/persona\/francesco_mazzoleniferracini\/"}]}},"post_meta":{"_edit_lock":"1493395788:37","_edit_last":"37","_category_permalink":"14","wdfb_og_title":"","wdfb_og_type":"","wdfb_og_description":"","wdfb_og_images":"a:1:{i:0;s:0:\"\";}","wdfb_og_custom_name":"a:1:{i:0;s:0:\"\";}","wdfb_og_custom_value":"a:1:{i:0;s:0:\"\";}","foto":"607457","argomento":"Calcio","_yoast_wpseo_focuskw":"pro patria","_jd_twitter":"","_jd_tweet_this":"yes","_yoast_wpseo_linkdex":"78","_wpt_short_url":"http:\/\/www.varesenews.it\/2017\/04\/pro-patria-a-olginate-per-assicurarsi-i-playoff\/616482\/","_wp_jd_target":"http:\/\/www.varesenews.it\/2017\/04\/pro-patria-a-olginate-per-assicurarsi-i-playoff\/616482\/","_jd_wp_twitter":"a:1:{i:0;s:163:\"Pro Patria a Olginate per assicurarsi i playoff http:\/\/www.varesenews.it\/2017\/04\/pro-patria-a-olginate-per-assicurarsi-i-playoff\/616482\/ #calcio #propatria #seried\";}","_wpt_status_message":"Tweet inviato con successo.","ratings_users":"0","ratings_score":"0","ratings_average":"0"},"photos":[{"original":"https:\/\/staging.varesenews.it\/photogallery_new\/images\/2017\/04\/pro-patria-olginatese-607457.jpg","full":"https:\/\/staging.varesenews.it\/photogallery_new\/images\/2017\/04\/pro-patria-olginatese-607457.1024x768.jpg","large":"https:\/\/staging.varesenews.it\/photogallery_new\/images\/2017\/04\/pro-patria-olginatese-607457.610x431.jpg"}],"_links":{"self":[{"href":"https:\/\/staging.varesenews.it\/swgapi\/v1\/wp\/v2\/posts\/616482"}],"collection":[{"href":"https:\/\/staging.varesenews.it\/swgapi\/v1\/wp\/v2\/posts"}],"about":[{"href":"https:\/\/staging.varesenews.it\/swgapi\/v1\/wp\/v2\/types\/post"}],"author":[{"embeddable":true,"href":"https:\/\/staging.varesenews.it\/swgapi\/v1\/wp\/v2\/users\/37"}],"replies":[{"embeddable":true,"href":"https:\/\/staging.varesenews.it\/swgapi\/v1\/wp\/v2\/comments?post=616482"}],"version-history":[{"count":0,"href":"https:\/\/staging.varesenews.it\/swgapi\/v1\/wp\/v2\/posts\/616482\/revisions"}],"wp:attachment":[{"href":"https:\/\/staging.varesenews.it\/swgapi\/v1\/wp\/v2\/media?parent=616482"}],"wp:term":[{"taxonomy":"category","embeddable":true,"href":"https:\/\/staging.varesenews.it\/swgapi\/v1\/wp\/v2\/categories?post=616482"},{"taxonomy":"post_tag","embeddable":true,"href":"https:\/\/staging.varesenews.it\/swgapi\/v1\/wp\/v2\/tags?post=616482"}],"curies":[{"name":"wp","href":"https:\/\/api.w.org\/{rel}","templated":true}]}}