{"id":617165,"date":"2017-05-02T15:35:18","date_gmt":"2017-05-02T13:35:18","guid":{"rendered":"http:\/\/www.varesenews.it\/?p=617165"},"modified":"2017-05-02T15:35:18","modified_gmt":"2017-05-02T13:35:18","slug":"25-bambini-raccontano-gioacchino-rossini","status":"publish","type":"post","link":"https:\/\/staging.varesenews.it\/2017\/05\/25-bambini-raccontano-gioacchino-rossini\/617165\/","title":{"rendered":"25 bambini raccontano Gioacchino Rossini"},"content":{"rendered":"<p>all\u2019<i>ouverture<\/i> dell\u2019opera \u00abIl signor Bruschino\u00bb alle note finali del <b>\u00abGuglielmo Tell\u00bb<\/b>, passando per il \u00abDuetto buffo dei gatti\u00bb, \u00abLa danza\u00bb e il suo ritmo da tarantella napoletana, la sinfonia iniziale de <b>\u00abLa gazza ladra\u00bb<\/b> e le arie pi\u00f9 famose dei melodrammi <b>\u00abIl barbiere di Siviglia\u00bb<\/b> e <b>\u00abLa Cenerentola, ossia la bont\u00e0 in trionfo\u00bb<\/b>. \u00c8 un viaggio tra le note e la vita di uno dei compositori italiani pi\u00f9 famosi dell\u2019Ottocento quello che propone la <b>favola musicale \u00abC\u2019era una volta\u2026Gioachino Rossini\u00bb<\/b>, in agenda <b>luned\u00ec 8 maggio<\/b>, alle <b>ore 20.45<\/b>, al <b>cinema teatro Manzoni di Busto Arsizio<\/b>.<\/p>\n<h2><b>\u00abATTORI IN ERBA\u00bb, VENTICINQUE BAMBINI SUL PALCO\u00a0<\/b><\/h2>\n<p>L&#8217;appuntamento, realizzato anche grazie alla preziosa collaborazione dei volontari della sala di via Calatafimi, vedr\u00e0 salire sul palco <b>venticinque bambini di et\u00e0 compresa tra i sei e i tredici anni<\/b> iscritti al <b>corso \u00abAttori in erba\u00bb<\/b>, un laboratorio di animazione e di educazione alla teatralit\u00e0 e allo spettacolo per studenti delle scuole primarie e secondarie di primo grado, promosso dall&#8217;associazione <b>\u00abCulturando\u00bb<\/b> nell\u2019ambito della <b>scuola multidisciplinare di teatro \u00abIl cantiere delle arti\u00bb<\/b>.<\/p>\n<p>Firma la regia <b>Gerry Franceschini<\/b>, che si \u00e8 avvalso dell\u2019aiuto per il montaggio delle varie scene di <b>Davide De Mercato<\/b> e <b>Stefano Montani<\/b>, entrambi sul palco all\u2019inizio e alla fine dello spettacolo nei panni di <b>monsieur Stendhal<\/b> e di uno <b>scrittore contemporaneo<\/b>. Le coreografie sono state curate da <b>Elisa Vai e Serena Biagi<\/b>; luci e fonica vedranno all&#8217;opera <b>Maurizio \u00abBillo\u00bb Aspes<\/b>.<\/p>\n<p>Il testo della favola, elaborato da <b>Annamaria Sigalotti<\/b>, \u00e8 stato redatto a partire degli <b>esercizi di scrittura creativa<\/b> e dalle <b>improvvisazioni teatrali <\/b>tenutesi durante l\u2019anno su vari libri scritti per avvicinare i pi\u00f9 piccoli all\u2019<b>opera lirica <\/b>e all\u2019universo creativo del maestro di Pesaro: \u00abPiano pianissimo, forte fortissimo\u00bb (Rueballu, Palermo 2015) di Lina M. Ugolini, \u00abA cena con Giachino Rossini\u00bb (Babetta&#8217;s World, Baltimora 2012) di Monica E. Lapenta e Stefania Pravato, \u00abFigaro qua, Figaro l\u00e0\u00bb (Vallardi, Milano 2014) di Fiorella Colombo e Laura Di Biase, \u00abRossini &#8211; Ascoltando \u2018Il barbiere di Siviglia\u2019, \u2018La Cenerentola\u2019 e \u2018Guglielmo Tell\u2019\u00bb (Sillabe, Livorno 2015) di Isabella Vasilotta, \u00abOmaggio a Rossini\u00bb di Lele Luzzati e Giulio Gianini (Gallucci, Roma 2009), oltre ai volumi rossiniani redatti da Cecilia Gobbi per la collana \u00abMagia dell\u2019Opera &#8211; Alla scoperta del melodramma\u00bb delle Edizioni Curci di Milano e ai percorsi di sensibilizzazione e avvicinamento ai capolavori \u00abLa Cenerentola\u00bb e \u00abIl barbiere, di Siviglia\u00bb curati da Fiorella Colombo e Laura Di Biase per la serie \u00abRecitar cantando\u00bb della casa editrice Erga di Genova.<\/p>\n<h2><b>\u00abLA CENERENTOLA\u00bb E \u00abIL BARBIERE DI SIVIGLIA\u00bb IN VERSIONE JUNIOR\u00a0<\/b><\/h2>\n<p>La nuova favola musicale degli \u00abAttori in erba\u00bb trasporta il pubblico nella <b>Bologna<\/b> di inizio Ottocento. \u00c8 il <b>18 febbraio 1806<\/b>. Gioachino Rossini sta per iscriversi alle classi di violoncello e contrappunto del neonato Liceo filarmonico cittadino. Qualche giorno dopo compir\u00e0 quattordici anni. La passione musicale sembra essere nata con lui: pur essendo ancora un ragazzino, sa gi\u00e0 pizzicare le corde della viola e strimpellare vari strumenti a tastiera, tra cui la spinetta; \u00e8 in grado di cavarsela nel canto, nell\u2019accompagnamento al clavicembalo e nella trascrizione degli spartiti; da tre anni studia composizione e sta per musicare la sua prima opera lirica, \u00abDemetrio e Polibio\u00bb, destinata a rimanere per un po\u2019 nel cassetto.<\/p>\n<p>\u00c8 <b>Carnevale<\/b>. In piazza Maggiore si esibisce una compagnia di comici della <b>Commedia dell\u2019arte<\/b>: <b>Arlecchino<\/b> e <b>Pulcinella <\/b>danzano sulle note di una tarantella. Gioachino Rossini sogna di essere in teatro, tra gli strumenti festanti dell\u2019orchestra e il gorgheggiare divertito dei cantanti. Ha appena deciso il suo futuro: <b>da grande far\u00e0 il compositore<\/b>.<\/p>\n<p>Fantastica di portare sul palcoscenico \u00abscale di seta per salire indisturbato tra le nuvole, navi turche, la <b>regina Elisabetta I<\/b>, il nero <b>Otello<\/b> e il signor Guglielmo Tell\u00bb. Vuole <b>far cantare due gatti <\/b>e scrivere brevi <i>divertissement <\/i>musicali sulle acciughe e il burro. Immagina anche di<b> far piovere in scena <\/b>e di scatenare tempeste imitando con gli strumenti il vento, i fulmini e le saette, ovvero quel \u00abclima burrascoso\u00bb che lo aveva visto nascere il 29 febbraio 1792 a Pesaro.<\/p>\n<p>Rossini sogna, infine, che da grande scriver\u00e0 per il Carnevale due opere buffe destinate a diventare famose in tutto il mondo: una su <b>un giovane sempre allegro, \u00abpronto a far tutto la notte e il giorno\u00bb<\/b>, l\u2019altra su <b>una servetta che sar\u00e0 principessa<\/b>\u00bb. Quei due lavori, che ormai da duecento anni incantano il pubblico, sono \u00abIl Barbiere di Siviglia\u00bb (1816) e \u00abLa Cenerentola, ovvero la bont\u00e0 in trionfo\u00bb (1817), le due storie che gli \u00abAttori in erba\u00bb racconteranno pi\u00f9 nel dettaglio per far comprendere tutta la bellezza di una musica per cui <b>Stendhal <\/b>parl\u00f2 di <b>\u00abfollia organizzata e completa\u00bb<\/b>.<\/p>\n<p>Tra <b>verit\u00e0 biografica <\/b>e<b> finzione teatrale<\/b>, tra<b> ricette <i>gourmet <\/i><\/b>e <b>aneddoti curiosi<\/b>, lo spettatore verr\u00e0 cos\u00ec condotto, grazie a <b>divertenti quadri scenici<\/b> e a <b>movimentate coreografie<\/b>, in un viaggio alla scoperta di un compositore \u00abbravo, bravissimo, di qualit\u00e0, di qualit\u00e0\u00bb, del quale nel <b>2018<\/b> ricorreranno i <b>centocinquanta anni dalla morte<\/b>.<\/p>\n<h2><b>COUNTDOWN SU FACEBOOK CON APPROFONDIMENTI DEDICATI A ROSSINI<\/b><\/h2>\n<p>Lo spettacolo con gli \u00abAttori in erba\u00bb, inserito nelle attivit\u00e0 della scuola multidisciplinare di teatro <b>\u00abIl cantiere delle arti\u00bb<\/b> di <b>\u00abCulturando\u00bb<\/b>, chiude il progetto <b>\u00abTutti all\u2019opera con\u2026Gioachino Rossini e Lele Luzzati\u00bb<\/b>, un corso di <b>recitazione<\/b>, <b>danza<\/b>, <b>musica<\/b>, <b>scrittura creativa<\/b> e <b>arte<\/b> per <b>bambini dai 6 ai 13 anni <\/b>ideato con l\u2019intento di avvicinare i pi\u00f9 piccoli al mondo della scena<b> <\/b>attraverso la figura del compositore pesarese e le musiche di alcune delle sue opere pi\u00f9 note, rivisitate anche attraverso le <b>illustrazioni<\/b> di <b>Lele Luzzati<\/b> e di altri <b>artisti contemporanei<\/b>.\u00a0 <b>Trentacinque i moduli di due ore e trenta ciascuno<\/b>, tenutisi dal 7 ottobre 2016 all\u20198 maggio 2017, che hanno visto la presenza complessiva di <b>trentasette bambini<\/b>.<\/p>\n<p>Parte del materiale realizzato durante il corso verr\u00e0 pubblicato a partire <b>da marted\u00ec 2 maggio<\/b> sulla <b>pagina Facebook<\/b> <b>di \u00abCulturando\u00bb<\/b> (<a href=\"http:\/\/www.facebook.com\/associazioneculturando\">www.facebook.com\/associazioneculturando<\/a>) permettendo di approfondire la figura del compositore pesarese e delle sue opere liriche, ma anche di seguire, passo passo, le fasi conclusive dell\u2019allestimento di \u00abC\u2019era una volta\u2026Gioachino Rossini\u00bb.<\/p>\n<p><b>Il costo del biglietto \u00e8 fissato ad euro 10,00 per l\u2019intero ed euro 7,00 per il ridotto, riservato ai bambini fino ai 12 anni<\/b>. I biglietti saranno in vendita on-line sul sito www.cinemateatomanzoni.it e, <b>da gioved\u00ec 4 maggio<\/b>, anche <b>al botteghino<\/b> della sala di via Calatafimi, aperto con i seguenti orari: dal luned\u00ec al venerd\u00ec, dalle ore 17 alle ore 19. Per informazioni e prenotazioni \u00e8 possibile contattare l\u2019associazione \u00abCulturando\u00bb al numero 347.5776656 o all\u2019indirizzo info@associazioneculturando.com e il cinema teatro Manzoni al numero 0331.677961 o all\u2019indirizzo e-mail info@cinemateatromanzoni.it.<\/p>\n","protected":false},"excerpt":{"rendered":"<p>Luned\u00ec 8 maggio bambini dai 6 ai 13 anni racconteranno la storia di Gioacchino Rossini<\/p>\n","protected":false},"author":42,"featured_media":0,"comment_status":"open","ping_status":"open","sticky":false,"template":"","format":"standard","meta":{"footnotes":""},"categories":[23,4,18,21],"tags":[13217],"acf":[],"yoast_head":"<!-- This site is optimized with the Yoast SEO plugin v20.1 - https:\/\/yoast.com\/wordpress\/plugins\/seo\/ -->\n<title>25 bambini raccontano Gioacchino Rossini<\/title>\n<meta name=\"description\" content=\"Luned\u00ec 8 maggio bambini dai 6 ai 13 anni racconteranno la storia di Gioacchino Rossini\" \/>\n<meta name=\"robots\" content=\"noindex, follow, max-snippet:-1, max-image-preview:large, max-video-preview:-1\" \/>\n<meta property=\"og:locale\" content=\"it_IT\" \/>\n<meta property=\"og:type\" content=\"article\" \/>\n<meta property=\"og:title\" content=\"25 bambini raccontano Gioacchino Rossini\" \/>\n<meta property=\"og:description\" content=\"Luned\u00ec 8 maggio bambini dai 6 ai 13 anni racconteranno la storia di Gioacchino Rossini\" \/>\n<meta property=\"og:url\" content=\"https:\/\/staging.varesenews.it\/2017\/05\/25-bambini-raccontano-gioacchino-rossini\/617165\/\" \/>\n<meta property=\"og:site_name\" content=\"VareseNews\" \/>\n<meta property=\"article:publisher\" content=\"https:\/\/www.facebook.com\/varesenews\" \/>\n<meta property=\"article:published_time\" content=\"2017-05-02T13:35:18+00:00\" \/>\n<meta name=\"author\" content=\"Marco Corso\" \/>\n<meta name=\"twitter:card\" content=\"summary_large_image\" \/>\n<meta name=\"twitter:creator\" content=\"@varesenews\" \/>\n<meta name=\"twitter:site\" content=\"@varesenews\" \/>\n<meta name=\"twitter:label1\" content=\"Scritto da\" \/>\n\t<meta name=\"twitter:data1\" content=\"Marco Corso\" \/>\n\t<meta name=\"twitter:label2\" content=\"Tempo di lettura stimato\" \/>\n\t<meta name=\"twitter:data2\" content=\"5 minuti\" \/>\n<script type=\"application\/ld+json\" class=\"yoast-schema-graph\">{\"@context\":\"https:\/\/schema.org\",\"@graph\":[{\"@type\":\"WebPage\",\"@id\":\"https:\/\/staging.varesenews.it\/2017\/05\/25-bambini-raccontano-gioacchino-rossini\/617165\/\",\"url\":\"https:\/\/staging.varesenews.it\/2017\/05\/25-bambini-raccontano-gioacchino-rossini\/617165\/\",\"name\":\"25 bambini raccontano Gioacchino Rossini\",\"isPartOf\":{\"@id\":\"https:\/\/staging.varesenews.it\/#website\"},\"datePublished\":\"2017-05-02T13:35:18+00:00\",\"dateModified\":\"2017-05-02T13:35:18+00:00\",\"author\":{\"@id\":\"https:\/\/staging.varesenews.it\/#\/schema\/person\/f0b866bf1a4a7b2b1558574309a927fa\"},\"description\":\"Luned\u00ec 8 maggio bambini dai 6 ai 13 anni racconteranno la storia di Gioacchino Rossini\",\"breadcrumb\":{\"@id\":\"https:\/\/staging.varesenews.it\/2017\/05\/25-bambini-raccontano-gioacchino-rossini\/617165\/#breadcrumb\"},\"inLanguage\":\"it-IT\",\"potentialAction\":[{\"@type\":\"ReadAction\",\"target\":[\"https:\/\/staging.varesenews.it\/2017\/05\/25-bambini-raccontano-gioacchino-rossini\/617165\/\"]}]},{\"@type\":\"BreadcrumbList\",\"@id\":\"https:\/\/staging.varesenews.it\/2017\/05\/25-bambini-raccontano-gioacchino-rossini\/617165\/#breadcrumb\",\"itemListElement\":[{\"@type\":\"ListItem\",\"position\":1,\"name\":\"Home\",\"item\":\"https:\/\/www.varesenews.it\/\"},{\"@type\":\"ListItem\",\"position\":2,\"name\":\"25 bambini raccontano Gioacchino Rossini\"}]},{\"@type\":\"WebSite\",\"@id\":\"https:\/\/staging.varesenews.it\/#website\",\"url\":\"https:\/\/staging.varesenews.it\/\",\"name\":\"VareseNews\",\"description\":\"\",\"potentialAction\":[{\"@type\":\"SearchAction\",\"target\":{\"@type\":\"EntryPoint\",\"urlTemplate\":\"https:\/\/staging.varesenews.it\/?s={search_term_string}\"},\"query-input\":\"required name=search_term_string\"}],\"inLanguage\":\"it-IT\"},{\"@type\":\"Person\",\"@id\":\"https:\/\/staging.varesenews.it\/#\/schema\/person\/f0b866bf1a4a7b2b1558574309a927fa\",\"name\":\"Marco Corso\",\"image\":{\"@type\":\"ImageObject\",\"inLanguage\":\"it-IT\",\"@id\":\"https:\/\/staging.varesenews.it\/#\/schema\/person\/image\/\",\"url\":\"https:\/\/staging.varesenews.it\/wp-content\/uploads\/2020\/12\/marco_corso_colori_500.jpg\",\"contentUrl\":\"https:\/\/staging.varesenews.it\/wp-content\/uploads\/2020\/12\/marco_corso_colori_500.jpg\",\"caption\":\"Marco Corso\"},\"description\":\"Classe 91, per diversi anni mi sono fregiato del titolo di pi&ugrave; giovane della redazione, ma adesso faccio il fratello maggiore alle nuove leve. Mi sono laureato nel 2013 in Scienze Sociali per la Globalizzazione alla Statale di Milano e nel 2015 mi sono diplomato in videogiornalismo alla Civica Scuola di Cinema di Milano. A VareseNews da 10 anni, ho seguito da sempre diversi progetti, partendo dalla mia Busto Arsizio per attraversare tutta la provincia. Adesso la \\\"sorvolo\\\" anche con il mio drone, regalando alle mie riprese sempre un punto di vista emozionale e narrativo sui luoghi e le vicende che racconto, ma rimanendo fedele alla cronaca. Quando non faccio il giornalista viaggio o mi arrampico sui monti, per guardare il mondo da altri punti di vista.\",\"sameAs\":[\"mar_corso\"],\"url\":\"https:\/\/staging.varesenews.it\/persona\/marco-corso1\/\"}]}<\/script>\n<!-- \/ Yoast SEO plugin. -->","yoast_head_json":{"title":"25 bambini raccontano Gioacchino Rossini","description":"Luned\u00ec 8 maggio bambini dai 6 ai 13 anni racconteranno la storia di Gioacchino Rossini","robots":{"index":"noindex","follow":"follow","max-snippet":"max-snippet:-1","max-image-preview":"max-image-preview:large","max-video-preview":"max-video-preview:-1"},"og_locale":"it_IT","og_type":"article","og_title":"25 bambini raccontano Gioacchino Rossini","og_description":"Luned\u00ec 8 maggio bambini dai 6 ai 13 anni racconteranno la storia di Gioacchino Rossini","og_url":"https:\/\/staging.varesenews.it\/2017\/05\/25-bambini-raccontano-gioacchino-rossini\/617165\/","og_site_name":"VareseNews","article_publisher":"https:\/\/www.facebook.com\/varesenews","article_published_time":"2017-05-02T13:35:18+00:00","author":"Marco Corso","twitter_card":"summary_large_image","twitter_creator":"@varesenews","twitter_site":"@varesenews","twitter_misc":{"Scritto da":"Marco Corso","Tempo di lettura stimato":"5 minuti"},"schema":{"@context":"https:\/\/schema.org","@graph":[{"@type":"WebPage","@id":"https:\/\/staging.varesenews.it\/2017\/05\/25-bambini-raccontano-gioacchino-rossini\/617165\/","url":"https:\/\/staging.varesenews.it\/2017\/05\/25-bambini-raccontano-gioacchino-rossini\/617165\/","name":"25 bambini raccontano Gioacchino Rossini","isPartOf":{"@id":"https:\/\/staging.varesenews.it\/#website"},"datePublished":"2017-05-02T13:35:18+00:00","dateModified":"2017-05-02T13:35:18+00:00","author":{"@id":"https:\/\/staging.varesenews.it\/#\/schema\/person\/f0b866bf1a4a7b2b1558574309a927fa"},"description":"Luned\u00ec 8 maggio bambini dai 6 ai 13 anni racconteranno la storia di Gioacchino Rossini","breadcrumb":{"@id":"https:\/\/staging.varesenews.it\/2017\/05\/25-bambini-raccontano-gioacchino-rossini\/617165\/#breadcrumb"},"inLanguage":"it-IT","potentialAction":[{"@type":"ReadAction","target":["https:\/\/staging.varesenews.it\/2017\/05\/25-bambini-raccontano-gioacchino-rossini\/617165\/"]}]},{"@type":"BreadcrumbList","@id":"https:\/\/staging.varesenews.it\/2017\/05\/25-bambini-raccontano-gioacchino-rossini\/617165\/#breadcrumb","itemListElement":[{"@type":"ListItem","position":1,"name":"Home","item":"https:\/\/www.varesenews.it\/"},{"@type":"ListItem","position":2,"name":"25 bambini raccontano Gioacchino Rossini"}]},{"@type":"WebSite","@id":"https:\/\/staging.varesenews.it\/#website","url":"https:\/\/staging.varesenews.it\/","name":"VareseNews","description":"","potentialAction":[{"@type":"SearchAction","target":{"@type":"EntryPoint","urlTemplate":"https:\/\/staging.varesenews.it\/?s={search_term_string}"},"query-input":"required name=search_term_string"}],"inLanguage":"it-IT"},{"@type":"Person","@id":"https:\/\/staging.varesenews.it\/#\/schema\/person\/f0b866bf1a4a7b2b1558574309a927fa","name":"Marco Corso","image":{"@type":"ImageObject","inLanguage":"it-IT","@id":"https:\/\/staging.varesenews.it\/#\/schema\/person\/image\/","url":"https:\/\/staging.varesenews.it\/wp-content\/uploads\/2020\/12\/marco_corso_colori_500.jpg","contentUrl":"https:\/\/staging.varesenews.it\/wp-content\/uploads\/2020\/12\/marco_corso_colori_500.jpg","caption":"Marco Corso"},"description":"Classe 91, per diversi anni mi sono fregiato del titolo di pi&ugrave; giovane della redazione, ma adesso faccio il fratello maggiore alle nuove leve. Mi sono laureato nel 2013 in Scienze Sociali per la Globalizzazione alla Statale di Milano e nel 2015 mi sono diplomato in videogiornalismo alla Civica Scuola di Cinema di Milano. A VareseNews da 10 anni, ho seguito da sempre diversi progetti, partendo dalla mia Busto Arsizio per attraversare tutta la provincia. Adesso la \"sorvolo\" anche con il mio drone, regalando alle mie riprese sempre un punto di vista emozionale e narrativo sui luoghi e le vicende che racconto, ma rimanendo fedele alla cronaca. Quando non faccio il giornalista viaggio o mi arrampico sui monti, per guardare il mondo da altri punti di vista.","sameAs":["mar_corso"],"url":"https:\/\/staging.varesenews.it\/persona\/marco-corso1\/"}]}},"post_meta":{"_edit_lock":"1493732285:42","_edit_last":"42","_category_permalink":"4","ratings_users":"0","ratings_score":"0","ratings_average":"0","wdfb_og_title":"","wdfb_og_type":"","wdfb_og_description":"","wdfb_og_images":"a:1:{i:0;s:0:\"\";}","wdfb_og_custom_name":"a:1:{i:0;s:0:\"\";}","wdfb_og_custom_value":"a:1:{i:0;s:0:\"\";}","foto":"608086","firma_come_redazione":"1","argomento":"Busto Arsizio","_jd_twitter":"","_jd_tweet_this":"yes","_wpt_short_url":"http:\/\/www.varesenews.it\/2017\/05\/25-bambini-raccontano-gioacchino-rossini\/617165\/","_wp_jd_target":"http:\/\/www.varesenews.it\/2017\/05\/25-bambini-raccontano-gioacchino-rossini\/617165\/","_jd_wp_twitter":"a:1:{i:0;s:137:\"25 bambini raccontano Gioacchino Rossini http:\/\/www.varesenews.it\/2017\/05\/25-bambini-raccontano-gioacchino-rossini\/617165\/ #teatromanzoni\";}","_wpt_status_message":"Tweet inviato con successo."},"photos":[{"original":"https:\/\/staging.varesenews.it\/photogallery_new\/images\/2017\/05\/avarie-608086.jpg","full":"https:\/\/staging.varesenews.it\/photogallery_new\/images\/2017\/05\/avarie-608086.1024x768.jpg","large":"https:\/\/staging.varesenews.it\/photogallery_new\/images\/2017\/05\/avarie-608086.610x431.jpg"}],"_links":{"self":[{"href":"https:\/\/staging.varesenews.it\/swgapi\/v1\/wp\/v2\/posts\/617165"}],"collection":[{"href":"https:\/\/staging.varesenews.it\/swgapi\/v1\/wp\/v2\/posts"}],"about":[{"href":"https:\/\/staging.varesenews.it\/swgapi\/v1\/wp\/v2\/types\/post"}],"author":[{"embeddable":true,"href":"https:\/\/staging.varesenews.it\/swgapi\/v1\/wp\/v2\/users\/42"}],"replies":[{"embeddable":true,"href":"https:\/\/staging.varesenews.it\/swgapi\/v1\/wp\/v2\/comments?post=617165"}],"version-history":[{"count":0,"href":"https:\/\/staging.varesenews.it\/swgapi\/v1\/wp\/v2\/posts\/617165\/revisions"}],"wp:attachment":[{"href":"https:\/\/staging.varesenews.it\/swgapi\/v1\/wp\/v2\/media?parent=617165"}],"wp:term":[{"taxonomy":"category","embeddable":true,"href":"https:\/\/staging.varesenews.it\/swgapi\/v1\/wp\/v2\/categories?post=617165"},{"taxonomy":"post_tag","embeddable":true,"href":"https:\/\/staging.varesenews.it\/swgapi\/v1\/wp\/v2\/tags?post=617165"}],"curies":[{"name":"wp","href":"https:\/\/api.w.org\/{rel}","templated":true}]}}