{"id":619358,"date":"2017-05-09T15:59:53","date_gmt":"2017-05-09T13:59:53","guid":{"rendered":"http:\/\/www.varesenews.it\/?p=619358"},"modified":"2017-05-09T16:06:38","modified_gmt":"2017-05-09T14:06:38","slug":"gocce-2017-chiude-con-celestini-un-anno-positivo","status":"publish","type":"post","link":"https:\/\/staging.varesenews.it\/2017\/05\/gocce-2017-chiude-con-celestini-un-anno-positivo\/619358\/","title":{"rendered":"Gocce 2017 chiude con Celestini. &#8220;Un anno positivo&#8221;"},"content":{"rendered":"<p>La rassegna Gocce 2017 chiude con uno dei protagonisti assoluti di narrazione del teatro italiano,<strong> Ascanio Celestini che sar\u00e0 in scena gioved\u00ec 18 maggio<\/strong>. Un appuntamento che arriva a coronamento di un anno di successi: \u00abla stagione ha visto un pubblico in crescita rispetto all&#8217;anno scorso- <strong>spiega Adriano Gallina, direttore artistico della rassegna-<\/strong>. Ci sono stati tanti esauriti in platea e abbiamo avuto una vendita maggiore di abbonamenti. Inoltre, il pubblico \u00e8 sempre pi\u00f9 formato da giovani e questo \u00e8 dovuto alla collaborazione con le scuole ma anche alla scelta di fare sconti importanti agli studenti\u00bb.<\/p>\n<p>Una rassegna che, arrivata alla sua quinta stagione, raccoglie sempre pi\u00f9 consensi: <strong>\u00abpossiamo dire che ormai \u00e8 attesa e consolidata.<\/strong> Il pubblico torna e si fida delle nostre proposte\u00bb. Un successo dovuto anche al fatto che Gocce, \u00ab\u00e8 andato a completare l&#8217;offerta teatrale della citt\u00e0 di Varese portando il teatro d&#8217;innovazione\u00bb.<\/p>\n<p>Il prossimo appuntamento \u00e8 dunque con A<strong>scanio Celestini che al Cinema Teatro Nuovo di viale dei Mille porter\u00e0 lo spettacolo &#8220;Laika&#8221;<\/strong>( \u200b\u200b\u200bper il quale \u00e8 necessario prenotare ad arciragtime@gmail.com o ad acquistare i biglietti presso tutti i punti vendita COOP della Lombardia o <a href=\"http:\/\/www.vivaticket.it\/ita\/event\/laika\/88729?idt=1629\" target=\"_blank\">online \u200bsu Vivaticket<\/a>). La stagione 2017 invece si aprir\u00e0 a novembre, il 17 e 18, con Marco Paolini e lo spettacolo &#8220;Numero Primo&#8221;.<\/p>\n<p><strong><em>Lo spettacolo<\/em><\/strong><\/p>\n<p>Un Ges\u00f9 improbabile che dice di essere stato mandato molte volte nel mondo si confronta coi propri dubbi e le proprie paure. Vive chiuso in un appartamento di qualche periferia. Dalla sua finestra si vede il parcheggio di un supermercato e il barbone che di giorno chiede l\u2019elemosina e di notte dorme tra i cartoni. Con Cristo c\u2019\u00e8 Pietro che passa gran parte del tempo fuori di casa ad operare concretamente nel mondo: fa la spesa, compra pezzi di ricambio per riparare lo scaldabagno, si arrangia a fare piccoli lavori saltuari per guadagnare qualcosa. Questa volta Cristo non si \u00e8 incarnato per redimere l\u2019umanit\u00e0, ma solo per osservarla e gli ha messo accanto uno dei dodici apostoli come sostegno. Il vero nome di Pietro \u00e8 Simone. La radice ebraica shama significa ascoltare. Dunque Simon Pietro \u00e8 colui che ascolta. \u00c8 anche un uomo del popolo che non capisce bene ci\u00f2 che gli sta accadendo, \u00e8 spesso affrettato nelle reazioni. I Vangeli ce lo mostrano quando corre verso Cristo che cammina sulle acque per poi finire tra le onde. Ma \u00e8 anche il pi\u00f9 materiale, per ci\u00f2 \u00e8 chiamato Kefa che in aramaico significa pietra: \u00e8 lui che paga il tributo, lui che rinnega tre volte, lui che dar\u00e0 vita alla Chiesa.<\/p>\n<p>Nell\u2019appartamento questo Cristo contemporaneo non vuole che entri nessun altro, ma \u00e8 interessato a ci\u00f2 che accade fuori. Soprattutto vuole sapere del barbone, non per salvarlo dalla sua povert\u00e0, ma per fargliela vivere allegramente. Come se il mondo fosse il parcheggio davanti alla sua finestra. Il mondo in mille metri quadrati di asfalto osservati da un paradiso-monolocale pochi metri al di sopra.<\/p>\n<p>Il barbone \u00e8 un nordafricano scappato dal proprio paese. Insomma non il Cristo che \u00e8 vero Dio e vero uomo, ma un essere umanissimo fatto di carne, sangue e parole. Non sappiamo se si tratta davvero del figlio di Dio o di uno schizofrenico che crede di esserlo, ma se il creatore si incarnasse per redimere gli uomini condividendo la loro umanit\u00e0 (e dunque anche il dolore), questa incarnazione moderna non potrebbe non includere anche le paure e i dubbi del tempo presente.<\/p>\n<p>Biglietti: Intero, 25 \u20ac &#8211; Ridotto, 22 \u20ac &#8211; Studenti, 20 \u20ac<\/p>\n","protected":false},"excerpt":{"rendered":"<p>L&#8217;attore sar\u00e0 in scena gioved\u00ec 18 maggio, alle 21 al Nuovo. &#8220;Appuntamento all&#8217;anno prossimo con Paolini&#8221;<\/p>\n","protected":false},"author":32,"featured_media":0,"comment_status":"open","ping_status":"open","sticky":false,"template":"","format":"standard","meta":{"footnotes":""},"categories":[21,2],"tags":[8127,66229],"acf":[],"yoast_head":"<!-- This site is optimized with the Yoast SEO plugin v20.1 - https:\/\/yoast.com\/wordpress\/plugins\/seo\/ -->\n<title>Gocce 2017 chiude con Celestini. &quot;Un anno positivo&quot;<\/title>\n<meta name=\"description\" content=\"L&#039;attore sar\u00e0 in scena gioved\u00ec 18 maggio, alle 21 al Nuovo. &quot;Appuntamento all&#039;anno prossimo con Paolini&quot;\" \/>\n<meta name=\"robots\" content=\"noindex, follow, max-snippet:-1, max-image-preview:large, max-video-preview:-1\" \/>\n<meta property=\"og:locale\" content=\"it_IT\" \/>\n<meta property=\"og:type\" content=\"article\" \/>\n<meta property=\"og:title\" content=\"Gocce 2017 chiude con Celestini. &quot;Un anno positivo&quot;\" \/>\n<meta property=\"og:description\" content=\"L&#039;attore sar\u00e0 in scena gioved\u00ec 18 maggio, alle 21 al Nuovo. &quot;Appuntamento all&#039;anno prossimo con Paolini&quot;\" \/>\n<meta property=\"og:url\" content=\"https:\/\/staging.varesenews.it\/2017\/05\/gocce-2017-chiude-con-celestini-un-anno-positivo\/619358\/\" \/>\n<meta property=\"og:site_name\" content=\"VareseNews\" \/>\n<meta property=\"article:publisher\" content=\"https:\/\/www.facebook.com\/varesenews\" \/>\n<meta property=\"article:published_time\" content=\"2017-05-09T13:59:53+00:00\" \/>\n<meta property=\"article:modified_time\" content=\"2017-05-09T14:06:38+00:00\" \/>\n<meta name=\"author\" content=\"Adelia Brigo\" \/>\n<meta name=\"twitter:card\" content=\"summary_large_image\" \/>\n<meta name=\"twitter:creator\" content=\"@AdeliaBrigo\" \/>\n<meta name=\"twitter:site\" content=\"@varesenews\" \/>\n<meta name=\"twitter:label1\" content=\"Scritto da\" \/>\n\t<meta name=\"twitter:data1\" content=\"Adelia Brigo\" \/>\n\t<meta name=\"twitter:label2\" content=\"Tempo di lettura stimato\" \/>\n\t<meta name=\"twitter:data2\" content=\"3 minuti\" \/>\n<script type=\"application\/ld+json\" class=\"yoast-schema-graph\">{\"@context\":\"https:\/\/schema.org\",\"@graph\":[{\"@type\":\"WebPage\",\"@id\":\"https:\/\/staging.varesenews.it\/2017\/05\/gocce-2017-chiude-con-celestini-un-anno-positivo\/619358\/\",\"url\":\"https:\/\/staging.varesenews.it\/2017\/05\/gocce-2017-chiude-con-celestini-un-anno-positivo\/619358\/\",\"name\":\"Gocce 2017 chiude con Celestini. \\\"Un anno positivo\\\"\",\"isPartOf\":{\"@id\":\"https:\/\/staging.varesenews.it\/#website\"},\"datePublished\":\"2017-05-09T13:59:53+00:00\",\"dateModified\":\"2017-05-09T14:06:38+00:00\",\"author\":{\"@id\":\"https:\/\/staging.varesenews.it\/#\/schema\/person\/272ac0f5b2dbfd572218c2d86e013f1a\"},\"description\":\"L'attore sar\u00e0 in scena gioved\u00ec 18 maggio, alle 21 al Nuovo. \\\"Appuntamento all'anno prossimo con Paolini\\\"\",\"breadcrumb\":{\"@id\":\"https:\/\/staging.varesenews.it\/2017\/05\/gocce-2017-chiude-con-celestini-un-anno-positivo\/619358\/#breadcrumb\"},\"inLanguage\":\"it-IT\",\"potentialAction\":[{\"@type\":\"ReadAction\",\"target\":[\"https:\/\/staging.varesenews.it\/2017\/05\/gocce-2017-chiude-con-celestini-un-anno-positivo\/619358\/\"]}]},{\"@type\":\"BreadcrumbList\",\"@id\":\"https:\/\/staging.varesenews.it\/2017\/05\/gocce-2017-chiude-con-celestini-un-anno-positivo\/619358\/#breadcrumb\",\"itemListElement\":[{\"@type\":\"ListItem\",\"position\":1,\"name\":\"Home\",\"item\":\"https:\/\/www.varesenews.it\/\"},{\"@type\":\"ListItem\",\"position\":2,\"name\":\"Gocce 2017 chiude con Celestini. &#8220;Un anno positivo&#8221;\"}]},{\"@type\":\"WebSite\",\"@id\":\"https:\/\/staging.varesenews.it\/#website\",\"url\":\"https:\/\/staging.varesenews.it\/\",\"name\":\"VareseNews\",\"description\":\"\",\"potentialAction\":[{\"@type\":\"SearchAction\",\"target\":{\"@type\":\"EntryPoint\",\"urlTemplate\":\"https:\/\/staging.varesenews.it\/?s={search_term_string}\"},\"query-input\":\"required name=search_term_string\"}],\"inLanguage\":\"it-IT\"},{\"@type\":\"Person\",\"@id\":\"https:\/\/staging.varesenews.it\/#\/schema\/person\/272ac0f5b2dbfd572218c2d86e013f1a\",\"name\":\"Adelia Brigo\",\"image\":{\"@type\":\"ImageObject\",\"inLanguage\":\"it-IT\",\"@id\":\"https:\/\/staging.varesenews.it\/#\/schema\/person\/image\/\",\"url\":\"https:\/\/staging.varesenews.it\/wp-content\/uploads\/2020\/12\/adelia_brigo_colori_500.jpg\",\"contentUrl\":\"https:\/\/staging.varesenews.it\/wp-content\/uploads\/2020\/12\/adelia_brigo_colori_500.jpg\",\"caption\":\"Adelia Brigo\"},\"description\":\"Giornalista pubblicista, lavoro a VareseNews dal 2007 e mi occupo di cronaca locale e del settore dedicato alla cultura. In questi anni ho seguito diversi progetti di comunicazione, amo sperimentare strategie per i Social Network e raccontare storie. Varesina, classe 1984, sono laureata in Scienze della Comunicazione.&nbsp;\",\"sameAs\":[\"AdeliaBrigo\",\"https:\/\/twitter.com\/AdeliaBrigo\"],\"url\":\"https:\/\/staging.varesenews.it\/persona\/adelia_brigo\/\"}]}<\/script>\n<!-- \/ Yoast SEO plugin. -->","yoast_head_json":{"title":"Gocce 2017 chiude con Celestini. \"Un anno positivo\"","description":"L'attore sar\u00e0 in scena gioved\u00ec 18 maggio, alle 21 al Nuovo. \"Appuntamento all'anno prossimo con Paolini\"","robots":{"index":"noindex","follow":"follow","max-snippet":"max-snippet:-1","max-image-preview":"max-image-preview:large","max-video-preview":"max-video-preview:-1"},"og_locale":"it_IT","og_type":"article","og_title":"Gocce 2017 chiude con Celestini. \"Un anno positivo\"","og_description":"L'attore sar\u00e0 in scena gioved\u00ec 18 maggio, alle 21 al Nuovo. \"Appuntamento all'anno prossimo con Paolini\"","og_url":"https:\/\/staging.varesenews.it\/2017\/05\/gocce-2017-chiude-con-celestini-un-anno-positivo\/619358\/","og_site_name":"VareseNews","article_publisher":"https:\/\/www.facebook.com\/varesenews","article_published_time":"2017-05-09T13:59:53+00:00","article_modified_time":"2017-05-09T14:06:38+00:00","author":"Adelia Brigo","twitter_card":"summary_large_image","twitter_creator":"@AdeliaBrigo","twitter_site":"@varesenews","twitter_misc":{"Scritto da":"Adelia Brigo","Tempo di lettura stimato":"3 minuti"},"schema":{"@context":"https:\/\/schema.org","@graph":[{"@type":"WebPage","@id":"https:\/\/staging.varesenews.it\/2017\/05\/gocce-2017-chiude-con-celestini-un-anno-positivo\/619358\/","url":"https:\/\/staging.varesenews.it\/2017\/05\/gocce-2017-chiude-con-celestini-un-anno-positivo\/619358\/","name":"Gocce 2017 chiude con Celestini. \"Un anno positivo\"","isPartOf":{"@id":"https:\/\/staging.varesenews.it\/#website"},"datePublished":"2017-05-09T13:59:53+00:00","dateModified":"2017-05-09T14:06:38+00:00","author":{"@id":"https:\/\/staging.varesenews.it\/#\/schema\/person\/272ac0f5b2dbfd572218c2d86e013f1a"},"description":"L'attore sar\u00e0 in scena gioved\u00ec 18 maggio, alle 21 al Nuovo. \"Appuntamento all'anno prossimo con Paolini\"","breadcrumb":{"@id":"https:\/\/staging.varesenews.it\/2017\/05\/gocce-2017-chiude-con-celestini-un-anno-positivo\/619358\/#breadcrumb"},"inLanguage":"it-IT","potentialAction":[{"@type":"ReadAction","target":["https:\/\/staging.varesenews.it\/2017\/05\/gocce-2017-chiude-con-celestini-un-anno-positivo\/619358\/"]}]},{"@type":"BreadcrumbList","@id":"https:\/\/staging.varesenews.it\/2017\/05\/gocce-2017-chiude-con-celestini-un-anno-positivo\/619358\/#breadcrumb","itemListElement":[{"@type":"ListItem","position":1,"name":"Home","item":"https:\/\/www.varesenews.it\/"},{"@type":"ListItem","position":2,"name":"Gocce 2017 chiude con Celestini. &#8220;Un anno positivo&#8221;"}]},{"@type":"WebSite","@id":"https:\/\/staging.varesenews.it\/#website","url":"https:\/\/staging.varesenews.it\/","name":"VareseNews","description":"","potentialAction":[{"@type":"SearchAction","target":{"@type":"EntryPoint","urlTemplate":"https:\/\/staging.varesenews.it\/?s={search_term_string}"},"query-input":"required name=search_term_string"}],"inLanguage":"it-IT"},{"@type":"Person","@id":"https:\/\/staging.varesenews.it\/#\/schema\/person\/272ac0f5b2dbfd572218c2d86e013f1a","name":"Adelia Brigo","image":{"@type":"ImageObject","inLanguage":"it-IT","@id":"https:\/\/staging.varesenews.it\/#\/schema\/person\/image\/","url":"https:\/\/staging.varesenews.it\/wp-content\/uploads\/2020\/12\/adelia_brigo_colori_500.jpg","contentUrl":"https:\/\/staging.varesenews.it\/wp-content\/uploads\/2020\/12\/adelia_brigo_colori_500.jpg","caption":"Adelia Brigo"},"description":"Giornalista pubblicista, lavoro a VareseNews dal 2007 e mi occupo di cronaca locale e del settore dedicato alla cultura. In questi anni ho seguito diversi progetti di comunicazione, amo sperimentare strategie per i Social Network e raccontare storie. Varesina, classe 1984, sono laureata in Scienze della Comunicazione.&nbsp;","sameAs":["AdeliaBrigo","https:\/\/twitter.com\/AdeliaBrigo"],"url":"https:\/\/staging.varesenews.it\/persona\/adelia_brigo\/"}]}},"post_meta":{"_edit_lock":"1494338739:32","_edit_last":"32","_category_permalink":"21","ratings_users":"0","ratings_score":"0","ratings_average":"0","wdfb_og_title":"","wdfb_og_type":"","wdfb_og_description":"","wdfb_og_images":"a:1:{i:0;s:0:\"\";}","wdfb_og_custom_name":"a:1:{i:0;s:0:\"\";}","wdfb_og_custom_value":"a:1:{i:0;s:0:\"\";}","foto":"609568","argomento":"Varese","_jd_twitter":"","_jd_tweet_this":"yes","_wpt_short_url":"http:\/\/www.varesenews.it\/2017\/05\/gocce-2017-chiude-con-celestini-un-anno-positivo\/619358\/","_wp_jd_target":"http:\/\/www.varesenews.it\/2017\/05\/gocce-2017-chiude-con-celestini-un-anno-positivo\/619358\/","_jd_wp_twitter":"a:1:{i:0;s:152:\"Gocce 2017 chiude con Celestini. \"Un anno positivo\" http:\/\/www.varesenews.it\/2017\/05\/gocce-2017-chiude-con-celestini-un-anno-positivo\/619358\/ #gocce2017\";}","_wpt_status_message":"Tweet inviato con successo.","firma-personalizzata":"a.b."},"photos":[{"original":"https:\/\/staging.varesenews.it\/photogallery_new\/images\/2017\/05\/tempo-libero-generica-609568.jpg","full":"https:\/\/staging.varesenews.it\/photogallery_new\/images\/2017\/05\/tempo-libero-generica-609568.1024x768.jpg","large":"https:\/\/staging.varesenews.it\/photogallery_new\/images\/2017\/05\/tempo-libero-generica-609568.610x431.jpg"}],"_links":{"self":[{"href":"https:\/\/staging.varesenews.it\/swgapi\/v1\/wp\/v2\/posts\/619358"}],"collection":[{"href":"https:\/\/staging.varesenews.it\/swgapi\/v1\/wp\/v2\/posts"}],"about":[{"href":"https:\/\/staging.varesenews.it\/swgapi\/v1\/wp\/v2\/types\/post"}],"author":[{"embeddable":true,"href":"https:\/\/staging.varesenews.it\/swgapi\/v1\/wp\/v2\/users\/32"}],"replies":[{"embeddable":true,"href":"https:\/\/staging.varesenews.it\/swgapi\/v1\/wp\/v2\/comments?post=619358"}],"version-history":[{"count":0,"href":"https:\/\/staging.varesenews.it\/swgapi\/v1\/wp\/v2\/posts\/619358\/revisions"}],"wp:attachment":[{"href":"https:\/\/staging.varesenews.it\/swgapi\/v1\/wp\/v2\/media?parent=619358"}],"wp:term":[{"taxonomy":"category","embeddable":true,"href":"https:\/\/staging.varesenews.it\/swgapi\/v1\/wp\/v2\/categories?post=619358"},{"taxonomy":"post_tag","embeddable":true,"href":"https:\/\/staging.varesenews.it\/swgapi\/v1\/wp\/v2\/tags?post=619358"}],"curies":[{"name":"wp","href":"https:\/\/api.w.org\/{rel}","templated":true}]}}