{"id":619737,"date":"2017-05-10T15:21:43","date_gmt":"2017-05-10T13:21:43","guid":{"rendered":"http:\/\/www.varesenews.it\/?p=619737"},"modified":"2017-05-10T15:21:43","modified_gmt":"2017-05-10T13:21:43","slug":"studenti-del-manzoni-in-trasferta-nel-cilento","status":"publish","type":"post","link":"https:\/\/staging.varesenews.it\/2017\/05\/studenti-del-manzoni-in-trasferta-nel-cilento\/619737\/","title":{"rendered":"Studenti del Manzoni in trasferta nel Cilento"},"content":{"rendered":"<p>Un successo strepitoso. Un\u2019esperienza formativa unica fondata sulla conoscenza, sul confronto, <strong>sull\u2019accoglienza e sulla riscoperta del territorio<\/strong>. Questo e tanto altro ha rappresentato il gemellaggio tra l\u2019IC \u201cManzoni\u201d di Uboldo e l\u2019IC \u201cC. Carducci\u201d di Capaccio sezione di Trentinara (SA). Dopo un lungo percorso,<strong> iniziato a settembre e durato tutto l\u2019anno scolastico dal 25\/04 al 29\/04<\/strong> infatti una delegazione di 11 studenti e 2 docenti salernitani \u00e8 stata ospite delle famiglie di Uboldo, della scuola e di tutta la comunit\u00e0 anche grazie al prezioso supporto dell\u2019amministrazione comunale che ha fortemente creduto in questo progetto insieme al dirigente scolastico Clara Mondin.<\/p>\n<p><strong>Una 4 giorni intensa tra lezioni e laboratori a scuola<\/strong>, visite sul territorio locale (PLIS \u201cParco dei Mughetti\u201d, Uboldo e Saronno) fino ai grandi attrattori come Milano e Como. Il giorno 27\/04 alle ore 17 presso l\u2019aula consiliare del comune di Uboldo si \u00e8 tenuta una giornata di presentazione delle attivit\u00e0 connesse al gemellaggio ed \u00e8 stata anche l\u2019occasione per mostrare alla comunit\u00e0 i lavori prodotti dagli studenti su Uboldo, la sua storia e i suoi monumenti. Un\u2019iniziativa che rispetta a pieno l\u2019anno internazionale del turismo sostenibile. Grazie alla disponibilit\u00e0 delle famiglie, della parrocchia e <strong>di tutte le componenti sociali di Uboldo l\u2019iniziativa \u00e8 sostenibile dal punto di vista economico e sociale,<\/strong> e avendo scelto il treno come mezzo per spostarsi lo \u00e8 anche dal punto di vista ambientale.<\/p>\n<p>L\u2019idea del gemellaggio nasce dalla voglia di sperimentare forme di scambio e condivisione culturale tra realt\u00e0 profondamente diverse per storia, cultura e territorio lavorando nonostante ci\u00f2 su tematiche comuni. Gli assi portanti sono stati individuati principalmente nella riscoperta e valorizzazione del territorio<strong> nel quale i ragazzi vivono alla ricerca degli aspetti positivi e negativi che lo caratterizzano<\/strong> e sull\u2019importanza del ruolo svolto dall\u2019ecologia, intesa nel suo termine pi\u00f9 ampio, nel preservare la biodiversit\u00e0 e lo sviluppo sostenibile nel delicato rapporto tra uomo e ambiente. I ragazzi delle due diverse realt\u00e0 geografiche sono stati coinvolti nella ricerca e nella produzione di materiale vario, video, presentazioni, scritti, foto divenendo attori consapevoli nella costruzione di un percorso di cittadinanza attiva ad ampio spettro.<\/p>\n<p>Dal 09\/05 al 13\/05 poi<strong> una delegazione di 4 studenti uboldesi e 2 docenti sta restituendo la visita recandosi nel Parco Nazionale del Cilento Vallo di Diano e Alburni<\/strong> ospite delle famiglie cilentane in qualit\u00e0 di ambasciatori del territorio. Anche a Trentinara l\u2019accoglienza \u00e8 stata sorprendente, testimoniando il fatto che si sono instaurate relazioni significative. Canti, balli, prodotti tipici ma soprattutto tanto calore umano. Il prossimo anno scolastico poi tutte le future classi terze di Uboldo andranno nel loro viaggio d\u2019istruzione nel Parco del Cilento per una 4 giorni alla scoperta della natura, storia e paesaggi di una terra ricca di tesori inestimabili con il patrocinio dell\u2019ente nazionale del parco del Cilento.<\/p>\n","protected":false},"excerpt":{"rendered":"<p>Scambio culturale nei giorni scorsi tra studenti e professori dell&#8217;istituto cittadino con la scuola \u201cC. Carducci\u201d di Capaccio sezione di Trentinara (SA)<\/p>\n","protected":false},"author":51,"featured_media":0,"comment_status":"open","ping_status":"open","sticky":false,"template":"","format":"standard","meta":{"footnotes":""},"categories":[5],"tags":[59038],"acf":[],"yoast_head":"<!-- This site is optimized with the Yoast SEO plugin v20.1 - https:\/\/yoast.com\/wordpress\/plugins\/seo\/ -->\n<title>Studenti del Manzoni in trasferta nel Cilento<\/title>\n<meta name=\"description\" content=\"Scambio culturale nei giorni scorsi tra studenti e professori dell&#039;istituto cittadino con la scuola \u201cC. Carducci\u201d di Capaccio sezione di Trentinara (SA)\" \/>\n<meta name=\"robots\" content=\"noindex, follow, max-snippet:-1, max-image-preview:large, max-video-preview:-1\" \/>\n<meta property=\"og:locale\" content=\"it_IT\" \/>\n<meta property=\"og:type\" content=\"article\" \/>\n<meta property=\"og:title\" content=\"Studenti del Manzoni in trasferta nel Cilento\" \/>\n<meta property=\"og:description\" content=\"Scambio culturale nei giorni scorsi tra studenti e professori dell&#039;istituto cittadino con la scuola \u201cC. Carducci\u201d di Capaccio sezione di Trentinara (SA)\" \/>\n<meta property=\"og:url\" content=\"https:\/\/staging.varesenews.it\/2017\/05\/studenti-del-manzoni-in-trasferta-nel-cilento\/619737\/\" \/>\n<meta property=\"og:site_name\" content=\"VareseNews\" \/>\n<meta property=\"article:publisher\" content=\"https:\/\/www.facebook.com\/varesenews\" \/>\n<meta property=\"article:author\" content=\"https:\/\/www.facebook.com\/manuel.sgarella\" \/>\n<meta property=\"article:published_time\" content=\"2017-05-10T13:21:43+00:00\" \/>\n<meta name=\"author\" content=\"Manuel Sgarella\" \/>\n<meta name=\"twitter:card\" content=\"summary_large_image\" \/>\n<meta name=\"twitter:creator\" content=\"@Sgarel\" \/>\n<meta name=\"twitter:site\" content=\"@varesenews\" \/>\n<meta name=\"twitter:label1\" content=\"Scritto da\" \/>\n\t<meta name=\"twitter:data1\" content=\"Manuel Sgarella\" \/>\n\t<meta name=\"twitter:label2\" content=\"Tempo di lettura stimato\" \/>\n\t<meta name=\"twitter:data2\" content=\"2 minuti\" \/>\n<script type=\"application\/ld+json\" class=\"yoast-schema-graph\">{\"@context\":\"https:\/\/schema.org\",\"@graph\":[{\"@type\":\"WebPage\",\"@id\":\"https:\/\/staging.varesenews.it\/2017\/05\/studenti-del-manzoni-in-trasferta-nel-cilento\/619737\/\",\"url\":\"https:\/\/staging.varesenews.it\/2017\/05\/studenti-del-manzoni-in-trasferta-nel-cilento\/619737\/\",\"name\":\"Studenti del Manzoni in trasferta nel Cilento\",\"isPartOf\":{\"@id\":\"https:\/\/staging.varesenews.it\/#website\"},\"datePublished\":\"2017-05-10T13:21:43+00:00\",\"dateModified\":\"2017-05-10T13:21:43+00:00\",\"author\":{\"@id\":\"https:\/\/staging.varesenews.it\/#\/schema\/person\/1ec987bf360cbcf5fab38b0367dbc9d4\"},\"description\":\"Scambio culturale nei giorni scorsi tra studenti e professori dell'istituto cittadino con la scuola \u201cC. Carducci\u201d di Capaccio sezione di Trentinara (SA)\",\"breadcrumb\":{\"@id\":\"https:\/\/staging.varesenews.it\/2017\/05\/studenti-del-manzoni-in-trasferta-nel-cilento\/619737\/#breadcrumb\"},\"inLanguage\":\"it-IT\",\"potentialAction\":[{\"@type\":\"ReadAction\",\"target\":[\"https:\/\/staging.varesenews.it\/2017\/05\/studenti-del-manzoni-in-trasferta-nel-cilento\/619737\/\"]}]},{\"@type\":\"BreadcrumbList\",\"@id\":\"https:\/\/staging.varesenews.it\/2017\/05\/studenti-del-manzoni-in-trasferta-nel-cilento\/619737\/#breadcrumb\",\"itemListElement\":[{\"@type\":\"ListItem\",\"position\":1,\"name\":\"Home\",\"item\":\"https:\/\/www.varesenews.it\/\"},{\"@type\":\"ListItem\",\"position\":2,\"name\":\"Studenti del Manzoni in trasferta nel Cilento\"}]},{\"@type\":\"WebSite\",\"@id\":\"https:\/\/staging.varesenews.it\/#website\",\"url\":\"https:\/\/staging.varesenews.it\/\",\"name\":\"VareseNews\",\"description\":\"\",\"potentialAction\":[{\"@type\":\"SearchAction\",\"target\":{\"@type\":\"EntryPoint\",\"urlTemplate\":\"https:\/\/staging.varesenews.it\/?s={search_term_string}\"},\"query-input\":\"required name=search_term_string\"}],\"inLanguage\":\"it-IT\"},{\"@type\":\"Person\",\"@id\":\"https:\/\/staging.varesenews.it\/#\/schema\/person\/1ec987bf360cbcf5fab38b0367dbc9d4\",\"name\":\"Manuel Sgarella\",\"image\":{\"@type\":\"ImageObject\",\"inLanguage\":\"it-IT\",\"@id\":\"https:\/\/staging.varesenews.it\/#\/schema\/person\/image\/\",\"url\":\"https:\/\/staging.varesenews.it\/wp-content\/uploads\/2020\/12\/manuel_sgarella_colori_500.jpg\",\"contentUrl\":\"https:\/\/staging.varesenews.it\/wp-content\/uploads\/2020\/12\/manuel_sgarella_colori_500.jpg\",\"caption\":\"Manuel Sgarella\"},\"description\":\"A VareseNews dal 1999, da quando ho iniziato a collaborare per la pagina del cinema. Col tempo mi sono occupato della cronaca del territorio di Saronno-Tradate e dell'organizzazione di alcuni progetti speciali di VareseNews, tra cui la produzione del film Digitalife. Dal 2009 sono giornalista professionista. Diplomato alla Civica scuola del cinema di Milano, coltivo da sempre una passione per tutto quello che &egrave; narrazione, soprattutto per film e serie tv. Dal 2014 Pubblico romanzi come autore indipendente.&nbsp;\",\"sameAs\":[\"https:\/\/www.facebook.com\/manuel.sgarella\",\"Sgarel\",\"https:\/\/twitter.com\/Sgarel\"],\"url\":\"https:\/\/staging.varesenews.it\/persona\/manuel-sgarella1\/\"}]}<\/script>\n<!-- \/ Yoast SEO plugin. -->","yoast_head_json":{"title":"Studenti del Manzoni in trasferta nel Cilento","description":"Scambio culturale nei giorni scorsi tra studenti e professori dell'istituto cittadino con la scuola \u201cC. Carducci\u201d di Capaccio sezione di Trentinara (SA)","robots":{"index":"noindex","follow":"follow","max-snippet":"max-snippet:-1","max-image-preview":"max-image-preview:large","max-video-preview":"max-video-preview:-1"},"og_locale":"it_IT","og_type":"article","og_title":"Studenti del Manzoni in trasferta nel Cilento","og_description":"Scambio culturale nei giorni scorsi tra studenti e professori dell'istituto cittadino con la scuola \u201cC. Carducci\u201d di Capaccio sezione di Trentinara (SA)","og_url":"https:\/\/staging.varesenews.it\/2017\/05\/studenti-del-manzoni-in-trasferta-nel-cilento\/619737\/","og_site_name":"VareseNews","article_publisher":"https:\/\/www.facebook.com\/varesenews","article_author":"https:\/\/www.facebook.com\/manuel.sgarella","article_published_time":"2017-05-10T13:21:43+00:00","author":"Manuel Sgarella","twitter_card":"summary_large_image","twitter_creator":"@Sgarel","twitter_site":"@varesenews","twitter_misc":{"Scritto da":"Manuel Sgarella","Tempo di lettura stimato":"2 minuti"},"schema":{"@context":"https:\/\/schema.org","@graph":[{"@type":"WebPage","@id":"https:\/\/staging.varesenews.it\/2017\/05\/studenti-del-manzoni-in-trasferta-nel-cilento\/619737\/","url":"https:\/\/staging.varesenews.it\/2017\/05\/studenti-del-manzoni-in-trasferta-nel-cilento\/619737\/","name":"Studenti del Manzoni in trasferta nel Cilento","isPartOf":{"@id":"https:\/\/staging.varesenews.it\/#website"},"datePublished":"2017-05-10T13:21:43+00:00","dateModified":"2017-05-10T13:21:43+00:00","author":{"@id":"https:\/\/staging.varesenews.it\/#\/schema\/person\/1ec987bf360cbcf5fab38b0367dbc9d4"},"description":"Scambio culturale nei giorni scorsi tra studenti e professori dell'istituto cittadino con la scuola \u201cC. Carducci\u201d di Capaccio sezione di Trentinara (SA)","breadcrumb":{"@id":"https:\/\/staging.varesenews.it\/2017\/05\/studenti-del-manzoni-in-trasferta-nel-cilento\/619737\/#breadcrumb"},"inLanguage":"it-IT","potentialAction":[{"@type":"ReadAction","target":["https:\/\/staging.varesenews.it\/2017\/05\/studenti-del-manzoni-in-trasferta-nel-cilento\/619737\/"]}]},{"@type":"BreadcrumbList","@id":"https:\/\/staging.varesenews.it\/2017\/05\/studenti-del-manzoni-in-trasferta-nel-cilento\/619737\/#breadcrumb","itemListElement":[{"@type":"ListItem","position":1,"name":"Home","item":"https:\/\/www.varesenews.it\/"},{"@type":"ListItem","position":2,"name":"Studenti del Manzoni in trasferta nel Cilento"}]},{"@type":"WebSite","@id":"https:\/\/staging.varesenews.it\/#website","url":"https:\/\/staging.varesenews.it\/","name":"VareseNews","description":"","potentialAction":[{"@type":"SearchAction","target":{"@type":"EntryPoint","urlTemplate":"https:\/\/staging.varesenews.it\/?s={search_term_string}"},"query-input":"required name=search_term_string"}],"inLanguage":"it-IT"},{"@type":"Person","@id":"https:\/\/staging.varesenews.it\/#\/schema\/person\/1ec987bf360cbcf5fab38b0367dbc9d4","name":"Manuel Sgarella","image":{"@type":"ImageObject","inLanguage":"it-IT","@id":"https:\/\/staging.varesenews.it\/#\/schema\/person\/image\/","url":"https:\/\/staging.varesenews.it\/wp-content\/uploads\/2020\/12\/manuel_sgarella_colori_500.jpg","contentUrl":"https:\/\/staging.varesenews.it\/wp-content\/uploads\/2020\/12\/manuel_sgarella_colori_500.jpg","caption":"Manuel Sgarella"},"description":"A VareseNews dal 1999, da quando ho iniziato a collaborare per la pagina del cinema. Col tempo mi sono occupato della cronaca del territorio di Saronno-Tradate e dell'organizzazione di alcuni progetti speciali di VareseNews, tra cui la produzione del film Digitalife. Dal 2009 sono giornalista professionista. Diplomato alla Civica scuola del cinema di Milano, coltivo da sempre una passione per tutto quello che &egrave; narrazione, soprattutto per film e serie tv. Dal 2014 Pubblico romanzi come autore indipendente.&nbsp;","sameAs":["https:\/\/www.facebook.com\/manuel.sgarella","Sgarel","https:\/\/twitter.com\/Sgarel"],"url":"https:\/\/staging.varesenews.it\/persona\/manuel-sgarella1\/"}]}},"post_meta":{"_edit_lock":"1494422600:51","_edit_last":"51","ratings_users":"0","ratings_score":"0","ratings_average":"0","_category_permalink":"","wdfb_og_title":"","wdfb_og_type":"","wdfb_og_description":"","wdfb_og_images":"a:1:{i:0;s:0:\"\";}","wdfb_og_custom_name":"a:1:{i:0;s:0:\"\";}","wdfb_og_custom_value":"a:1:{i:0;s:0:\"\";}","foto":"609740","firma-personalizzata":"Istituto Comprensivo Manzoni","argomento":"Uboldo","_yoast_wpseo_focuskw":"scuola","_yoast_wpseo_metadesc":"Scambio culturale nei giorni scorsi tra studenti e professori dell'istituto cittadino con la scuola \u201cC. Carducci\u201d di Capaccio sezione di Trentinara (SA)","_jd_twitter":"","_jd_tweet_this":"yes","_wpt_short_url":"http:\/\/www.varesenews.it\/2017\/05\/studenti-del-manzoni-in-trasferta-nel-cilento\/619737\/","_wp_jd_target":"http:\/\/www.varesenews.it\/2017\/05\/studenti-del-manzoni-in-trasferta-nel-cilento\/619737\/","_jd_wp_twitter":"a:1:{i:0;s:133:\"Studenti del Manzoni in trasferta nel Cilento http:\/\/www.varesenews.it\/2017\/05\/studenti-del-manzoni-in-trasferta-nel-cilento\/619737\/ \";}","_wpt_status_message":"Tweet inviato con successo.","_yoast_wpseo_linkdex":"68"},"photos":[{"original":"https:\/\/staging.varesenews.it\/photogallery_new\/images\/2017\/05\/istituto-comprensivo-manzoni-609740.jpg","full":"https:\/\/staging.varesenews.it\/photogallery_new\/images\/2017\/05\/istituto-comprensivo-manzoni-609740.1024x768.jpg","large":"https:\/\/staging.varesenews.it\/photogallery_new\/images\/2017\/05\/istituto-comprensivo-manzoni-609740.610x431.jpg"}],"_links":{"self":[{"href":"https:\/\/staging.varesenews.it\/swgapi\/v1\/wp\/v2\/posts\/619737"}],"collection":[{"href":"https:\/\/staging.varesenews.it\/swgapi\/v1\/wp\/v2\/posts"}],"about":[{"href":"https:\/\/staging.varesenews.it\/swgapi\/v1\/wp\/v2\/types\/post"}],"author":[{"embeddable":true,"href":"https:\/\/staging.varesenews.it\/swgapi\/v1\/wp\/v2\/users\/51"}],"replies":[{"embeddable":true,"href":"https:\/\/staging.varesenews.it\/swgapi\/v1\/wp\/v2\/comments?post=619737"}],"version-history":[{"count":0,"href":"https:\/\/staging.varesenews.it\/swgapi\/v1\/wp\/v2\/posts\/619737\/revisions"}],"wp:attachment":[{"href":"https:\/\/staging.varesenews.it\/swgapi\/v1\/wp\/v2\/media?parent=619737"}],"wp:term":[{"taxonomy":"category","embeddable":true,"href":"https:\/\/staging.varesenews.it\/swgapi\/v1\/wp\/v2\/categories?post=619737"},{"taxonomy":"post_tag","embeddable":true,"href":"https:\/\/staging.varesenews.it\/swgapi\/v1\/wp\/v2\/tags?post=619737"}],"curies":[{"name":"wp","href":"https:\/\/api.w.org\/{rel}","templated":true}]}}