{"id":620274,"date":"2017-05-12T07:58:46","date_gmt":"2017-05-12T05:58:46","guid":{"rendered":"http:\/\/www.varesenews.it\/?p=620274"},"modified":"2017-05-12T11:24:48","modified_gmt":"2017-05-12T09:24:48","slug":"investimento-mortale-nella-notte-risveglio-difficile-sulla-milano-laveno","status":"publish","type":"post","link":"https:\/\/staging.varesenews.it\/2017\/05\/investimento-mortale-nella-notte-risveglio-difficile-sulla-milano-laveno\/620274\/","title":{"rendered":"Investimento mortale nella notte, risveglio difficile sulla Milano Laveno"},"content":{"rendered":"<p><em>(nella foto, la situazione dei treni alle 8)<\/em><br \/>\nRitardi, variazioni di percorso e cancellazioni\u00a0stanno caratterizzando la prima mattina dei pendolari <strong>Trenord<\/strong>, soprattuto sulla tratta Laveno &#8211; Milano.<\/p>\n<p>La causa \u00e8 un <strong>grave incidente<\/strong> avvenuto nella notte, che ha\u00a0provocato la <strong>morte di un uomo di 51 anni<\/strong>, su cui stanno indagando le autorit\u00e0 giudiziarie.<\/p>\n<p>Sono ancora molto frammentarie le informazioni sull&#8217;investimento: quello che si sa \u00e8 che il deceduto\u00a0\u00e8 un <strong>uomo di 51 anni<\/strong>, che il fatto \u00e8 avvenuto intorno alle 5\u00a0tra\u00a0le stazioni di Novate Milanese e Bollate centro, e che oltre ai soccorritori sono intervenuti sul posto i carabinieri di Rho.<\/p>\n<p>Alla tragedia si sono aggiunti i ritardi e le cancellazioni di treni per consentire le indagini alle autorit\u00e0 giudiziarie.<\/p>\n<p>Le ripercussioni sulle linee infatti sono pesanti: la pi\u00f9 &#8220;colpita&#8221; \u00e8 la Laveno &#8211; Varese- Milano, che ha subito gi\u00e0 almeno\u00a0due cancellazioni ( il Milano &#8211; Varese delle 7.39 e il Varese Nord &#8211; Milano delle 9.20) e diversi ritardi. Ma coinvolte sono anche le linee Milano &#8211; Como, Novara &#8211; Saronno &#8211; Milano, Saronno &#8211; Milano &#8211; Lodi, nonch\u00e8 le linee che da Malpensa portano a Milano.<\/p>\n<p>Trenord consiglia di controllare i monitor delle stazioni, o rimanere aggiornati attraverso la app.<\/p>\n<p>&nbsp;<\/p>\n<p>&nbsp;<\/p>\n","protected":false},"excerpt":{"rendered":"<p>Morto un uomo di 51 anni. Alla tragedia si sono aggiunti i ritardi e le cancellazioni di treni per consentire le indagini alle autorit\u00e0 giudiziarie<\/p>\n","protected":false},"author":48,"featured_media":0,"comment_status":"open","ping_status":"open","sticky":false,"template":"","format":"standard","meta":{"footnotes":""},"categories":[7,2],"tags":[542],"acf":[],"yoast_head":"<!-- This site is optimized with the Yoast SEO plugin v20.1 - https:\/\/yoast.com\/wordpress\/plugins\/seo\/ -->\n<title>Investimento mortale nella notte, risveglio difficile sulla Milano Laveno<\/title>\n<meta name=\"description\" content=\"L&#039;investimento \u00e8 avvenuto nella notte, e sono ancora molto frammentarie le informazioni: ritardi e cancellazioni di treni per consentire le indagini\" \/>\n<meta name=\"robots\" content=\"noindex, follow, max-snippet:-1, max-image-preview:large, max-video-preview:-1\" \/>\n<meta property=\"og:locale\" content=\"it_IT\" \/>\n<meta property=\"og:type\" content=\"article\" \/>\n<meta property=\"og:title\" content=\"Investimento mortale nella notte, risveglio difficile sulla Milano Laveno\" \/>\n<meta property=\"og:description\" content=\"L&#039;investimento \u00e8 avvenuto nella notte, e sono ancora molto frammentarie le informazioni: ritardi e cancellazioni di treni per consentire le indagini\" \/>\n<meta property=\"og:url\" content=\"https:\/\/staging.varesenews.it\/2017\/05\/investimento-mortale-nella-notte-risveglio-difficile-sulla-milano-laveno\/620274\/\" \/>\n<meta property=\"og:site_name\" content=\"VareseNews\" \/>\n<meta property=\"article:publisher\" content=\"https:\/\/www.facebook.com\/varesenews\" \/>\n<meta property=\"article:author\" content=\"https:\/\/www.facebook.com\/stefaniaradman\" \/>\n<meta property=\"article:published_time\" content=\"2017-05-12T05:58:46+00:00\" \/>\n<meta property=\"article:modified_time\" content=\"2017-05-12T09:24:48+00:00\" \/>\n<meta name=\"author\" content=\"Stefania Radman\" \/>\n<meta name=\"twitter:card\" content=\"summary_large_image\" \/>\n<meta name=\"twitter:creator\" content=\"@LaRadman\" \/>\n<meta name=\"twitter:site\" content=\"@varesenews\" \/>\n<meta name=\"twitter:label1\" content=\"Scritto da\" \/>\n\t<meta name=\"twitter:data1\" content=\"Stefania Radman\" \/>\n\t<meta name=\"twitter:label2\" content=\"Tempo di lettura stimato\" \/>\n\t<meta name=\"twitter:data2\" content=\"1 minuto\" \/>\n<script type=\"application\/ld+json\" class=\"yoast-schema-graph\">{\"@context\":\"https:\/\/schema.org\",\"@graph\":[{\"@type\":\"WebPage\",\"@id\":\"https:\/\/staging.varesenews.it\/2017\/05\/investimento-mortale-nella-notte-risveglio-difficile-sulla-milano-laveno\/620274\/\",\"url\":\"https:\/\/staging.varesenews.it\/2017\/05\/investimento-mortale-nella-notte-risveglio-difficile-sulla-milano-laveno\/620274\/\",\"name\":\"Investimento mortale nella notte, risveglio difficile sulla Milano Laveno\",\"isPartOf\":{\"@id\":\"https:\/\/staging.varesenews.it\/#website\"},\"datePublished\":\"2017-05-12T05:58:46+00:00\",\"dateModified\":\"2017-05-12T09:24:48+00:00\",\"author\":{\"@id\":\"https:\/\/staging.varesenews.it\/#\/schema\/person\/995d2e6a31c67237a9a1bc1f0079f3aa\"},\"description\":\"L'investimento \u00e8 avvenuto nella notte, e sono ancora molto frammentarie le informazioni: ritardi e cancellazioni di treni per consentire le indagini\",\"breadcrumb\":{\"@id\":\"https:\/\/staging.varesenews.it\/2017\/05\/investimento-mortale-nella-notte-risveglio-difficile-sulla-milano-laveno\/620274\/#breadcrumb\"},\"inLanguage\":\"it-IT\",\"potentialAction\":[{\"@type\":\"ReadAction\",\"target\":[\"https:\/\/staging.varesenews.it\/2017\/05\/investimento-mortale-nella-notte-risveglio-difficile-sulla-milano-laveno\/620274\/\"]}]},{\"@type\":\"BreadcrumbList\",\"@id\":\"https:\/\/staging.varesenews.it\/2017\/05\/investimento-mortale-nella-notte-risveglio-difficile-sulla-milano-laveno\/620274\/#breadcrumb\",\"itemListElement\":[{\"@type\":\"ListItem\",\"position\":1,\"name\":\"Home\",\"item\":\"https:\/\/www.varesenews.it\/\"},{\"@type\":\"ListItem\",\"position\":2,\"name\":\"Investimento mortale nella notte, risveglio difficile sulla Milano Laveno\"}]},{\"@type\":\"WebSite\",\"@id\":\"https:\/\/staging.varesenews.it\/#website\",\"url\":\"https:\/\/staging.varesenews.it\/\",\"name\":\"VareseNews\",\"description\":\"\",\"potentialAction\":[{\"@type\":\"SearchAction\",\"target\":{\"@type\":\"EntryPoint\",\"urlTemplate\":\"https:\/\/staging.varesenews.it\/?s={search_term_string}\"},\"query-input\":\"required name=search_term_string\"}],\"inLanguage\":\"it-IT\"},{\"@type\":\"Person\",\"@id\":\"https:\/\/staging.varesenews.it\/#\/schema\/person\/995d2e6a31c67237a9a1bc1f0079f3aa\",\"name\":\"Stefania Radman\",\"image\":{\"@type\":\"ImageObject\",\"inLanguage\":\"it-IT\",\"@id\":\"https:\/\/staging.varesenews.it\/#\/schema\/person\/image\/\",\"url\":\"https:\/\/staging.varesenews.it\/wp-content\/uploads\/2020\/12\/stefania_radman_colori_500.jpg\",\"contentUrl\":\"https:\/\/staging.varesenews.it\/wp-content\/uploads\/2020\/12\/stefania_radman_colori_500.jpg\",\"caption\":\"Stefania Radman\"},\"description\":\"Varesina dal 1991, lavoro dal 2000 per Varesenews.it, prima come responsabile della pagina dell&rsquo;economia, poi della pagina life, ora della citt&agrave; di Varese.Ma sono (e sono stata) anche altro: per esempio, agli albori delle radio private ero dj in una radio milanese, Onda Radio. Da 20 anni sono corrispondente da Varese di Radio Popolare e ho collaborato con Espresso, Repubblica, Diario della Settimana, Italia Oggi. &ldquo;Smanettona&rdquo; da sempre, ho aperto il mio primo sito personale con Geocities nei primi anni novanta (chi se lo ricorda?) e i miei primi blog in Splinder all&rsquo;inizio del 2000. Ora sono sui social: qui quasi sempre sono semplicemente \\\"LaRadman&rdquo;.\",\"sameAs\":[\"http:\/\/laradman.blogspot.it\",\"https:\/\/www.facebook.com\/stefaniaradman\",\"@LaRadman\",\"https:\/\/www.linkedin.com\/in\/stefaniaradman\",\"https:\/\/twitter.com\/LaRadman\"],\"url\":\"https:\/\/staging.varesenews.it\/persona\/stefania-radman1\/\"}]}<\/script>\n<!-- \/ Yoast SEO plugin. -->","yoast_head_json":{"title":"Investimento mortale nella notte, risveglio difficile sulla Milano Laveno","description":"L'investimento \u00e8 avvenuto nella notte, e sono ancora molto frammentarie le informazioni: ritardi e cancellazioni di treni per consentire le indagini","robots":{"index":"noindex","follow":"follow","max-snippet":"max-snippet:-1","max-image-preview":"max-image-preview:large","max-video-preview":"max-video-preview:-1"},"og_locale":"it_IT","og_type":"article","og_title":"Investimento mortale nella notte, risveglio difficile sulla Milano Laveno","og_description":"L'investimento \u00e8 avvenuto nella notte, e sono ancora molto frammentarie le informazioni: ritardi e cancellazioni di treni per consentire le indagini","og_url":"https:\/\/staging.varesenews.it\/2017\/05\/investimento-mortale-nella-notte-risveglio-difficile-sulla-milano-laveno\/620274\/","og_site_name":"VareseNews","article_publisher":"https:\/\/www.facebook.com\/varesenews","article_author":"https:\/\/www.facebook.com\/stefaniaradman","article_published_time":"2017-05-12T05:58:46+00:00","article_modified_time":"2017-05-12T09:24:48+00:00","author":"Stefania Radman","twitter_card":"summary_large_image","twitter_creator":"@LaRadman","twitter_site":"@varesenews","twitter_misc":{"Scritto da":"Stefania Radman","Tempo di lettura stimato":"1 minuto"},"schema":{"@context":"https:\/\/schema.org","@graph":[{"@type":"WebPage","@id":"https:\/\/staging.varesenews.it\/2017\/05\/investimento-mortale-nella-notte-risveglio-difficile-sulla-milano-laveno\/620274\/","url":"https:\/\/staging.varesenews.it\/2017\/05\/investimento-mortale-nella-notte-risveglio-difficile-sulla-milano-laveno\/620274\/","name":"Investimento mortale nella notte, risveglio difficile sulla Milano Laveno","isPartOf":{"@id":"https:\/\/staging.varesenews.it\/#website"},"datePublished":"2017-05-12T05:58:46+00:00","dateModified":"2017-05-12T09:24:48+00:00","author":{"@id":"https:\/\/staging.varesenews.it\/#\/schema\/person\/995d2e6a31c67237a9a1bc1f0079f3aa"},"description":"L'investimento \u00e8 avvenuto nella notte, e sono ancora molto frammentarie le informazioni: ritardi e cancellazioni di treni per consentire le indagini","breadcrumb":{"@id":"https:\/\/staging.varesenews.it\/2017\/05\/investimento-mortale-nella-notte-risveglio-difficile-sulla-milano-laveno\/620274\/#breadcrumb"},"inLanguage":"it-IT","potentialAction":[{"@type":"ReadAction","target":["https:\/\/staging.varesenews.it\/2017\/05\/investimento-mortale-nella-notte-risveglio-difficile-sulla-milano-laveno\/620274\/"]}]},{"@type":"BreadcrumbList","@id":"https:\/\/staging.varesenews.it\/2017\/05\/investimento-mortale-nella-notte-risveglio-difficile-sulla-milano-laveno\/620274\/#breadcrumb","itemListElement":[{"@type":"ListItem","position":1,"name":"Home","item":"https:\/\/www.varesenews.it\/"},{"@type":"ListItem","position":2,"name":"Investimento mortale nella notte, risveglio difficile sulla Milano Laveno"}]},{"@type":"WebSite","@id":"https:\/\/staging.varesenews.it\/#website","url":"https:\/\/staging.varesenews.it\/","name":"VareseNews","description":"","potentialAction":[{"@type":"SearchAction","target":{"@type":"EntryPoint","urlTemplate":"https:\/\/staging.varesenews.it\/?s={search_term_string}"},"query-input":"required name=search_term_string"}],"inLanguage":"it-IT"},{"@type":"Person","@id":"https:\/\/staging.varesenews.it\/#\/schema\/person\/995d2e6a31c67237a9a1bc1f0079f3aa","name":"Stefania Radman","image":{"@type":"ImageObject","inLanguage":"it-IT","@id":"https:\/\/staging.varesenews.it\/#\/schema\/person\/image\/","url":"https:\/\/staging.varesenews.it\/wp-content\/uploads\/2020\/12\/stefania_radman_colori_500.jpg","contentUrl":"https:\/\/staging.varesenews.it\/wp-content\/uploads\/2020\/12\/stefania_radman_colori_500.jpg","caption":"Stefania Radman"},"description":"Varesina dal 1991, lavoro dal 2000 per Varesenews.it, prima come responsabile della pagina dell&rsquo;economia, poi della pagina life, ora della citt&agrave; di Varese.Ma sono (e sono stata) anche altro: per esempio, agli albori delle radio private ero dj in una radio milanese, Onda Radio. Da 20 anni sono corrispondente da Varese di Radio Popolare e ho collaborato con Espresso, Repubblica, Diario della Settimana, Italia Oggi. &ldquo;Smanettona&rdquo; da sempre, ho aperto il mio primo sito personale con Geocities nei primi anni novanta (chi se lo ricorda?) e i miei primi blog in Splinder all&rsquo;inizio del 2000. Ora sono sui social: qui quasi sempre sono semplicemente \"LaRadman&rdquo;.","sameAs":["http:\/\/laradman.blogspot.it","https:\/\/www.facebook.com\/stefaniaradman","@LaRadman","https:\/\/www.linkedin.com\/in\/stefaniaradman","https:\/\/twitter.com\/LaRadman"],"url":"https:\/\/staging.varesenews.it\/persona\/stefania-radman1\/"}]}},"post_meta":{"_edit_lock":"1494581118:48","_edit_last":"48","ratings_users":"0","ratings_score":"0","ratings_average":"0","_category_permalink":"","wdfb_og_title":"","wdfb_og_type":"","wdfb_og_description":"","wdfb_og_images":"a:1:{i:0;s:0:\"\";}","wdfb_og_custom_name":"a:1:{i:0;s:0:\"\";}","wdfb_og_custom_value":"a:1:{i:0;s:0:\"\";}","foto":"610077","firma_come_redazione":"1","argomento":"Trasporti","_yoast_wpseo_focuskw":"investimento","_yoast_wpseo_metadesc":"L'investimento \u00e8 avvenuto nella notte, e sono ancora molto frammentarie le informazioni: ritardi e cancellazioni di treni per consentire le indagini","_jd_twitter":"","_jd_tweet_this":"yes","_wpt_short_url":"http:\/\/www.varesenews.it\/2017\/05\/investimento-nella-notte-risveglio-difficile-sulla-milano-laveno\/620274\/","_wp_jd_target":"http:\/\/www.varesenews.it\/2017\/05\/investimento-nella-notte-risveglio-difficile-sulla-milano-laveno\/620274\/","_jd_wp_twitter":"a:1:{i:0;s:180:\"Investimento nella notte, risveglio difficile sulla Milano Laveno http:\/\/www.varesenews.it\/2017\/05\/investimento-nella-notte-risveglio-difficile-sulla-milano-laveno\/620274\/ #trenord\";}","_wpt_status_message":"Tweet inviato con successo.","_yoast_wpseo_linkdex":"57","_wp_old_slug":"investimento-nella-notte-risveglio-difficile-sulla-milano-laveno"},"photos":[{"original":"https:\/\/staging.varesenews.it\/photogallery_new\/images\/2017\/05\/avarie-610077.jpg","full":"https:\/\/staging.varesenews.it\/photogallery_new\/images\/2017\/05\/avarie-610077.1024x768.jpg","large":"https:\/\/staging.varesenews.it\/photogallery_new\/images\/2017\/05\/avarie-610077.610x431.jpg"}],"_links":{"self":[{"href":"https:\/\/staging.varesenews.it\/swgapi\/v1\/wp\/v2\/posts\/620274"}],"collection":[{"href":"https:\/\/staging.varesenews.it\/swgapi\/v1\/wp\/v2\/posts"}],"about":[{"href":"https:\/\/staging.varesenews.it\/swgapi\/v1\/wp\/v2\/types\/post"}],"author":[{"embeddable":true,"href":"https:\/\/staging.varesenews.it\/swgapi\/v1\/wp\/v2\/users\/48"}],"replies":[{"embeddable":true,"href":"https:\/\/staging.varesenews.it\/swgapi\/v1\/wp\/v2\/comments?post=620274"}],"version-history":[{"count":0,"href":"https:\/\/staging.varesenews.it\/swgapi\/v1\/wp\/v2\/posts\/620274\/revisions"}],"wp:attachment":[{"href":"https:\/\/staging.varesenews.it\/swgapi\/v1\/wp\/v2\/media?parent=620274"}],"wp:term":[{"taxonomy":"category","embeddable":true,"href":"https:\/\/staging.varesenews.it\/swgapi\/v1\/wp\/v2\/categories?post=620274"},{"taxonomy":"post_tag","embeddable":true,"href":"https:\/\/staging.varesenews.it\/swgapi\/v1\/wp\/v2\/tags?post=620274"}],"curies":[{"name":"wp","href":"https:\/\/api.w.org\/{rel}","templated":true}]}}