{"id":622349,"date":"2017-05-19T15:55:09","date_gmt":"2017-05-19T13:55:09","guid":{"rendered":"http:\/\/www.varesenews.it\/?p=622349"},"modified":"2017-05-19T18:25:58","modified_gmt":"2017-05-19T16:25:58","slug":"tango-vino-e-fantasia","status":"publish","type":"post","link":"https:\/\/staging.varesenews.it\/2017\/05\/tango-vino-e-fantasia\/622349\/","title":{"rendered":"Tango, vino e fantasia"},"content":{"rendered":"<p><iframe loading=\"lazy\" style=\"border: none; overflow: hidden;\" src=\"https:\/\/www.facebook.com\/plugins\/video.php?href=https%3A%2F%2Fwww.facebook.com%2Fvaresenews%2Fvideos%2F10155148828546832%2F&amp;show_text=0&amp;width=560\" width=\"600\" height=\"315\" frameborder=\"0\" scrolling=\"no\" allowfullscreen=\"allowfullscreen\"><\/iframe><\/p>\n<p>Ecco gli appuntamenti del fine settimana in provincia:<\/p>\n<p><strong>METEO &#8211;\u00a0<\/strong>Secondo le previsioni del Centro geofisico prealpino, sabato 20 maggio <a href=\"http:\/\/www.varesenews.it\/2017\/05\/weekend-caldo-e-con-il-sole\/622282\/\" target=\"_blank\">al mattino sar\u00e0 in parte soleggiato con nuvole irregolari e rare piogge o asciutto<\/a>. Nel pomeriggio soleggiato su Piemonte e Lombardia occidentale, ma ancora nubi torreggianti e temporali tra Lario e Bresciano e sulla Lombardia orientale. Domenica 21 maggio il clima sar\u00e0 ben soleggiato e nuovamente pi\u00f9 caldo. Poche nuvole di bel tempo nel pomeriggio sui monti in dissoluzione a sera. Asciutto.<\/p>\n<p><strong>INCONTRI\u00a0<\/strong><\/p>\n<p><strong>Varese &#8211;<\/strong>\u00a0Arriva a Varese, in piazza della Repubblica,<a href=\"http:\/\/www.varesenews.it\/2017\/05\/urban-street-food-arriva-la-seconda-edizione\/621409\/\" target=\"_blank\"> la seconda edizione dell\u2019 Urban &amp; Lake Street Food Festival,<\/a> che nella prima edizione del 2016 ha raccolto 30mila persone in tre giorni. L\u2019appuntamento \u00e8 da venerdi 19 a domenica 21 in piazza della repubblica, con 33 truck di design tra i migliori d\u2019Italia.<\/p>\n<p><strong>Varese &#8211;\u00a0<\/strong>Con lo slogan \u201cPer un Tango giovane\u201d parte a Varese la seconda edizione della \u201cSettimana dedicata al Tango e alla cultura argentina\u201d. La manifestazione, che avr\u00e0 luogo dal 20 al 28 maggio, si articola in numerosi eventi pubblici \u2013 mostre, conferenze, musica e danze argentine, concerti e spettacoli, proiezioni in vari spazi della citt\u00e0 e della provincia \u2013 con l\u2019obiettivo di divulgare la cultura argentina nella citt\u00e0 di Varese. &#8211;<a href=\"http:\/\/www.varesenews.it\/2017\/05\/allinsubria-una-settimana-dedicata-al-tango\/622005\/\" target=\"_blank\">\u00a0Tutto il programma<\/a><\/p>\n<p><strong>Varese &#8211;<\/strong> In occasione della Giornata Internazionale della Famiglia proclamata dall\u2019Organizzazione delle Nazioni Unite che si \u00e8 svolta il 15 maggio, anche a Varese il prossimo weekend si accenderanno i riflettori sulle famiglie e si svolgeranno diversi eventi a tema. Le oltre venti associazioni aderenti alla Consulta della Famiglia organizzano infatti, da venerd\u00ec 19 maggio a domenica 21 maggio tante attivit\u00e0 educative e ricreative in una 3 giorni ricca di proposte per bambini e genitori: seminari tematici, animazione, \u201cpranzi\u201d in famiglia sono alcuni dei momenti pi\u00f9 significativi della festa. &#8211; <a href=\"http:\/\/www.varesenews.it\/2017\/05\/un-weekend-in-festa-con-la-famiglia\/621773\/\" target=\"_blank\">Tutto il programma<\/a><\/p>\n<p><strong>Varese &#8211;<\/strong>\u00a0<strong>\u201c<a href=\"http:\/\/www.varesenews.it\/2017\/05\/al-campus-una-giornata-di-sport-for-boy\/622419\/\" target=\"_blank\">Sport day for boy\u201d<\/a><\/strong><a href=\"http:\/\/www.varesenews.it\/2017\/05\/al-campus-una-giornata-di-sport-for-boy\/622419\/\" target=\"_blank\"> domenica 21 maggio una giornata in cui si possono \u201cassaggiare\u201d pillole di sport <\/a>tra ben 19 associazioni sportive un giorno intero, dalle 10 alle 18, per provarle tutte nel \u201cvillaggio dello sport\u201d: il campus di Bizzozzero dell\u2019universit\u00e0 dell\u2019Insubria. Tra gli sport: equitazione, bici, basket, calcio, vela, hockey, volo a vela, golf, tiro con l\u2019arco, scherma, canottaggio, snowboard, football americano, tennis, Brazilian Jiu Jitsu e molti altri. <img decoding=\"async\" loading=\"lazy\" fetchpriority=\"low\" width=\"610\" height=\"431\" src=\"https:\/\/staging.varesenews.it\/photogallery_new\/images\/2015\/01\/tango-de-mi-buenos-aires-inserita-in-galleria-431526.610x431.jpg\" alt=\"Tango de mi Buenos Aires (inserita in galleria)\"><\/p>\n<p><strong>Varese &#8211;\u00a0<\/strong>Domenica 21 maggio si svolger\u00e0 la decima edizione di<strong><a href=\"http:\/\/www.varesenews.it\/2017\/05\/domenica-ce-varese-motori-green-generation\/622537\/\" target=\"_blank\"> &#8220;Varese Motori Green Generation&#8221;<\/a>.<\/strong> La manifestazione si prefigge di essere una festa per tutti gli appassionati del settore e cercher\u00e0 di rappresentare in un unico evento la storia, lo sport e le glorie dell&#8217;automobilismo attraverso l&#8217;esposizione di auto storiche, nonch\u00e9 la presentazione delle pi\u00f9 recenti tecnologie finalizzate, in particolare, alla riduzione delle emissioni di gas nocivi nell&#8217;aria con l&#8217;obiettivo di sensibilizzare sempre pi\u00f9 gli automobilisti.<\/p>\n<p><strong>Varese &#8211;<\/strong>\u00a0Sabato, dalle 14.30 alle 18 nella sede in via Speri della Chiesa 12 il Cai varesino organizza un mercatino dell\u2019usato. Info www.caivarese.it.<\/p>\n<p><strong>Isolino Virginia &#8211; <\/strong>Appuntamento domenica 21 per i pi\u00f9 piccoli. Dopo un\u2019introduzione teorica sulle tecniche di scheggiatura della selce nella Preistoria, i partecipanti si cimenteranno in alcune delle operazioni necessarie alla preparazione di varie tipologie di strumenti. Partenza dal pontile di Biandronno ore 15.00, Inizio laboratorio ore 15.30. Costo: 6 \u20ac a bambino.<\/p>\n<p><strong>Malnate &#8211;\u00a0<\/strong>Tutto \u00e8 pronto per domenica 21 maggio.<a href=\"http:\/\/www.varesenews.it\/2017\/05\/una-domenica-in-giro-per-la-citta-a-malnate-torna-la-festa-cittadina\/622400\/\" target=\"_blank\"> A Malnate sar\u00e0 tempo di divertimento con la sesta edizione della festa cittadina<\/a>, che quest\u2019anno \u00e8 stata battezzata <strong>\u201cTempolandia \u2013 a spasso nel tempo\u201d.<\/strong> Come ogni anno verr\u00e0 chiusa la strada provinciale dal Municipio fino alle scuole medie e saranno tante le iniziative per il divertimento dei bambini ma anche degli adulti.<\/p>\n<p><strong>Albizzate &#8211;<\/strong>\u00a0L\u2019Associazione Amici del Comitato Maria Letizia Verga impegnata nella raccolta fondi per lo studio e la cura della leucemia del bambino, dopo il grande successo dello scorso anno, replicher\u00e0 l\u2019evento \u201cFacciamo Festa Insieme\u201d nei giorni 20-21 maggio ad Albizzate in piazza 4 novembre.<\/p>\n<p><strong>Buguggiate &#8211;<\/strong>\u00a0Il weekend del 20 e 21 maggio<a href=\"http:\/\/www.varesenews.it\/2017\/05\/la-rasa-si-prepara-ad-accogliere-gli-scout\/621673\/\" target=\"_blank\"> circa 200 scout Agesci si ritroveranno nella Villa Cagnola della Rasa <\/a>dove si terr\u00e0 l\u2019annuale incontro del San Giorgio patrono degli scout.<\/p>\n<p><strong>Cazzago Brabbia &#8211;\u00a0<\/strong>Ritorna il Mercato di Via Zanella, e per l\u2019edizione di primavera-estate si trasferisce sul lago di Varese, a La Darsena caff\u00e8 di Cazzago Brabbia. L\u2019appuntamento \u00e8 per domenica 21 maggio &#8211; <a href=\"http:\/\/www.varesenews.it\/2017\/04\/il-mercato-di-via-zanella-arriva-a-cazzago\/613936\/\" target=\"_blank\">Tutte le informazioni\u00a0<\/a><\/p>\n<p><strong>Ghirla e Caravate &#8211;\u00a0<\/strong>In occasione delle Giornate Europee dei Mulini 2017 organizzate in tutta Europa ed in Italia dall\u2019Associazione Italiana Amici dei Mulini Storici, si celebra questo evento, presso gli storici Mulino dei Frati della famiglia Riva a Caravate, al Mulino Rigamonti a Cunardo e al Maglio di Ghirla &#8211; <a href=\"http:\/\/www.varesenews.it\/2017\/05\/giornate-europee-dei-mulini-2017-festa-a-caravate-e-ghirla\/622515\/\" target=\"_blank\">Tutto il programma<\/a><\/p>\n<p><strong>Casciago &#8211;<\/strong>\u00a0<a href=\"http:\/\/www.varesenews.it\/2017\/05\/con-agrifest-fine-settimana-ricco-di-eventi-in-quel-di-morosolo\/622327\/\" target=\"_blank\">Fine settimana ricco di eventi in quel di Morosolo<\/a>, grazie ad Agrifest, Agrirun ed eventi collegati. Si parte venerd\u00ec con \u201cAgrirun, abbracciamo Casciago \u2013 Memorial Dante Parietti\u201c, gara podistica a tutti, soprattutto a coloro che amano le sfide \u201cuomo contro meteo\u201d: piover\u00e0, ma gli atleti non si fermeranno davanti a nulla. In ogni caso, a fine gara, una bella salamella rinfrancher\u00e0 i partecipanti.<\/p>\n<p><strong>Lissago &#8211;<a href=\"http:\/\/www.varesenews.it\/2017\/05\/38-festa-di-primavera-lissago-per-il-bambino\/621952\/\" target=\"_blank\">\u00a0<\/a><\/strong><a href=\"http:\/\/www.varesenews.it\/2017\/05\/38-festa-di-primavera-lissago-per-il-bambino\/621952\/\" target=\"_blank\">Sabato 20 e domenica 21 maggio si terr\u00e0 a Lissago la \u201c38\u00b0 Festa di Primavera Lissago per il Bambino\u201d.<\/a> Non \u00e8 semplicemente una festa paesana durante la quale gli amici di sempre si ritrovano, non solo un fine settimana di svago e allegria, questa \u00e8 \u201cLa Festa\u201d in cui tutti possiamo dare un piccolo contributo ad una grande realt\u00e0 il \u201cComitato Maria Letizia Verga per lo studio e la cura della leucemia del bambino\u201d.<\/p>\n<p><strong>Gavirate &#8211;<\/strong>\u00a0Sul lungolago torna la\u00a0festa degli asparagi e delle fragole che si terr\u00e0 \u00a0i prossimi 21 e 28 maggio; organizzata dalla Proloco. Dalle 10 alle 18 ci saranno mostre d\u2019arte all\u2019aperto, stand gastronomici a base di asparagi e fragole, specialit\u00e0 della cucina tradizionale e dolciaria, mercatini locali. &#8211; <a href=\"http:\/\/www.varesenews.it\/2017\/05\/torna-asparagi-e-fragole\/621678\/\" target=\"_blank\">Tutte le informazioni\u00a0<\/a><\/p>\n<p><strong>Cocquio Trevisago &#8211;<a href=\"http:\/\/www.varesenews.it\/2017\/05\/comincia-il-campionato-di-auto-a-pedali\/622001\/\" target=\"_blank\">\u00a0<\/a><\/strong><a href=\"http:\/\/www.varesenews.it\/2017\/05\/comincia-il-campionato-di-auto-a-pedali\/622001\/\" target=\"_blank\">Comincia il campionato di auto a pedali.<\/a> Prima prova domenica 21 maggio: il torneo si sviluppa su sette gare, una per ogni Comune di appartenenza dell\u2019Associazione. &#8211;<a href=\"http:\/\/www.varesenews.it\/2017\/05\/comincia-il-campionato-di-auto-a-pedali\/622001\/\" target=\"_blank\"> Tutte le informazioni<\/a><\/p>\n<p><strong>Casalzuigno<\/strong> &#8211;\u00a0Un fine settimana di eventi a Villa Della Porta Bozzolo. Continua anche questo weekend l\u2019iniziativa <strong>&#8220;Maggio in fiore. Il giardino dei saperi e dei profumi&#8221;<\/strong>, la rassegna di eventi e attivit\u00e0 tutti dedicati al mondo della floricoltura e del giardinaggio. Tanti gli appuntamenti in programma dal PicNic Botanico, ai laboratori per i pi\u00f9 piccoli, fino alle visite guidate al roseto e alla villa. &#8211;<a href=\"http:\/\/www.varesenews.it\/2017\/05\/picnic-botanico-e-laboratori-il-fine-settimana-e-in-villa\/621728\/\" target=\"_blank\">Tutto il programma\u00a0<\/a><\/p>\n<p><strong>Monvalle &#8211;<\/strong>\u00a0Sabato 20 e domenica 21 maggio<a href=\"http:\/\/www.varesenews.it\/2017\/05\/torna-grazie-alla-pro-loco-la-fiera-di-primavera\/621557\/\" target=\"_blank\"> a Monvalle torna la Fiera di Primavera organizzata dalla Pro Loco<\/a> nel parco adiacente la propria sede in localit\u00e0 \u201cCase nuove\u201d via Mazzini.<\/p>\n<p><strong>Sangiano &#8211;<\/strong>\u00a0Sabato e domenica, festa di inizio estate a Sangiano. A Villa Fantoni, ore 19, stand gastronomico, alle 21 concerto E-Toys. Domenica, in piazza dalle 9 bancarelle, alle 12 stand gastronomico e dalle 14 tante attivit\u00e0 per bambini.<\/p>\n<p><strong>Luino &#8211;<\/strong>\u00a0Musica, sagre, letteratura e tanto altro negli appuntamenti che anima il fine settimana luinese. Incontri, gara podistica, stand gastronomico e tanto altro. &#8211; <a href=\"http:\/\/www.varesenews.it\/2017\/05\/un-weekend-ricco-di-appuntamenti-2\/621437\/\" target=\"_blank\">Tutto il programma<\/a><\/p>\n<p><strong>Laveno Mombello &#8211;\u00a0<\/strong>Sul Lago Maggiore <a href=\"http:\/\/www.varesenews.it\/2017\/05\/due-weekend-con-le-ali-a-laveno-mombello\/622382\/\" target=\"_blank\">si prospettano due weekend \u201ccon le ali\u201d di profilo internazionale, dedicati al deltaplano<\/a>. Si comincia con questo fine settimana -sabato 20 e domenica 21 maggio \u2013 quando \u00e8 in programma l\u2019Open Day del Delta Club Laveno, mentre dal 2 al 4 giugno si disputer\u00e0 la trentesima edizione del Trofeo Valerio Albrizio per il quale sono attesi molti grandi campioni del deltaplano.<\/p>\n<p><strong>Angera &#8211;<\/strong> Sabato, dalle 14 alle 22 e domenica dalle 10 alle 20 nella tensostruttura sul pratone lungolago selezionati vignaioli presentano i vini. E poi stand gastronomico e musica dal vivo.<\/p>\n<p><strong>Cantello &#8211;<a href=\"http:\/\/www.varesenews.it\/2017\/05\/al-via-la-77esima-edizione-della-fiera-dellasparago-di-cantello\/621706\/\" target=\"_blank\">\u00a0<\/a><\/strong><a href=\"http:\/\/www.varesenews.it\/2017\/05\/al-via-la-77esima-edizione-della-fiera-dellasparago-di-cantello\/621706\/\" target=\"_blank\">Torna puntuale la Fiera dell\u2019Asparago di Cantello, t<\/a>ra le manifestazione pi\u00f9 antiche e pi\u00f9 amate della Lombardia. Anche quest\u2019anno la sagra, organizzata dalla Pro Loco di Cantello, si strutturer\u00e0 sugli ultimi due weekend di maggio: venerd\u00ec 19, sabato 20 e domenica 21 e venerd\u00ec 26, sabato 27 e domenica 28.<br \/>\nLocation dell\u2019evento sar\u00e0 il Palatenda di via Collodi.<\/p>\n<p><strong>Castiglione Olona &#8211;\u00a0<\/strong>Tra gli appuntamenti di maggior richiamo organizzati dal Comune di Castiglione Olona si distingue, per il successo di pubblico e la qualit\u00e0 degli eventi proposti, \u201cTra Arte e Degustazione\u201d, evento realizzato con la collaborazione di Pro Loco Castiglione Olona. Giunta gi\u00e0 alla sua VIII edizione si svolger\u00e0 Sabato 20 maggio 2017 a partire dalle ore 18.00, lungo le vie e nei cortili del caratteristico Centro Storico con la partecipazione di numerose cantine. &#8211; <a href=\"http:\/\/www.varesenews.it\/2017\/05\/torna-tra-arte-e-degustazione-per-le-vie-del-centro-storico\/621672\/\" target=\"_blank\">Tutto il programma\u00a0<\/a><\/p>\n<p><strong>Arcisate &#8211;\u00a0<\/strong>Il comitato Croce Rossa della Valceresio partecipa, nella giornata di sabato 20 maggio,<a href=\"http:\/\/www.varesenews.it\/2017\/05\/sabato-la-raccolta-alimentare-della-croce-rossa-anche-in-valceresio\/621481\/\" target=\"_blank\"> alla Raccolta alimentare Cri promossa in diversi punti vendita della nostra provincia<\/a>. Nei supermercati Tigros di Brebbia, Buguggiate, Castronno, Malnate e Varese, e nei Carrefour di Bisuschio, Cantello e Luino.<\/p>\n<p><strong>Gornate Olona &#8211;\u00a0<\/strong>Campana, corsa coi sacchi, tiro alla fune: i passatempi di una volta sono protagonisti <a href=\"http:\/\/www.varesenews.it\/2017\/05\/al-monastero-le-olimpiadi-dei-giochi-dimenticati\/622189\/\" target=\"_blank\">della terza edizione delle Olimpiadi dei giochi dimenticati,<\/a> una grande festa in programma domenica 21 maggio 2017 al Monastero di Torba. Durante tutta la giornata, inoltre, si potranno effettuare visite al complesso monastico. Dalle 14 alle 18.<\/p>\n<p><strong>Gallarate &#8211;\u00a0<\/strong>Il Gruppo Archeologico del Dopolavoro Ferroviario di Gallarate organizza, con la Societ\u00e0 Studi Patri, un\u2019apertura straordinaria del Museo di via Borgo Antico.<a href=\"http:\/\/www.varesenews.it\/2017\/05\/una-notte-al-museo-degli-studi-patri\/622326\/\" target=\"_blank\"> Sabato 20 maggio, dalle 19:00 a mezzanotte il museo sar\u00e0 liberamente visitabile con ingresso gratuito<\/a>. Sono previste anche visite guidate alla sezione archeologica con partenza alle 19:30, alle 21:00 e alle 22:30.<\/p>\n<p><strong>Busto Arsizio &#8211;\u00a0<\/strong>\u00abHansel e Gretel\u00bb in scena con la compagnia \u00abIl Nodo\u00bb di Desenzano del Garda porter\u00e0 in scena domenica 21 maggio, alle ore 16 e alle ore 21, al cinema teatro Manzoni di Busto Arsizio. L\u2019appuntamento \u00e8 promosso dall\u2019agenzia teatrale \u00abPremier Show\u00bb di Alessandria per conto dell\u2019associazione \u00abDottorSorriso\u00bb, una onlus nata nel 1995 con la missione di rendere pi\u00f9 serena la degenza dei bambini in ospedale attraverso la clownterapia.<\/p>\n<p><strong>Busto Arsizio &#8211;\u00a0<\/strong>Nel prossimo fine settimana si svolger\u00e0<a href=\"http:\/\/www.varesenews.it\/2017\/05\/la-festa-dei-nasi-rossi-in-piazza-i-clown-di-corsia\/619710\/\" target=\"_blank\"> in tutta Italia la 13\u00b0 Giornata del Naso Rosso<\/a>, immancabile appuntamento organizzato da VIP Italia Onlus, che vedr\u00e0 scendere in piazza 57 associazioni VIP presenti sul territorio nazionale. Nella nostra provincia i \u201cNasi rossi\u201d saranno in piazza San Giovanni a Busto Arsizio dalle 14 alle 19.30.<\/p>\n<p><strong>Busto Arsizio &#8211;\u00a0<\/strong>Questa domenica festeggia la Croce Rossa e prenditi cura della tua salute.<a href=\"http:\/\/www.varesenews.it\/2017\/05\/controlli-gratuiti-e-lezioni-di-soccorso-per-la-festa-della-croce-rossa\/622104\/\" target=\"_blank\"> In piazza San Giovanni, il prossimo 21 maggio torna la celebrazione internazionale della CRI <\/a>che, con i suoi servizi socio sanitari, lavora al fianco della cittadinanza. 595 volontari che si occupano di soccorso ma anche trasporto, animazione ed educazione alla salute.<\/p>\n<p><strong>Caronno Pertusella &#8211;\u00a0<\/strong>La Pro loco organizza sabato e domenica mega grigliata su un letto di patate, 12 euro, al parco Resistenza in via Avogadro dalle 20. Stasera in programma karaoke e balli di gruppo. Gradita la prenotazione al 347.9639617.<\/p>\n<p><strong>Busto Arsizio &#8211;<\/strong>\u00a0<a href=\"http:\/\/www.varesenews.it\/2017\/05\/10-giorni-di-festa-per-essere-vergognosamente-felici\/622043\/\" target=\"_blank\">Tutto \u00e8 pronto all\u2019Oratorio San Filippo Neri per la nuova festa della parrocchia. <\/a>Dal 19 al 29 maggio musica, incontri, eventi sportivi e cibo faranno da cornice alla festa che quest\u2019anno ha un tema molto chiaro: essere vergognosamente felici. &#8211; <a href=\"http:\/\/www.youblisher.com\/p\/1820497-festa\/\" target=\"_blank\">Tutto il programma\u00a0<\/a><\/p>\n<p><strong>Busto Arsizio &#8211;<\/strong><a href=\"http:\/\/www.varesenews.it\/2017\/05\/il-film-amatoriale-scappati-di-casa-al-cinema-santanna\/621451\/\" target=\"_blank\">\u00a0\u201cScappati di casa\u201d approda al Cinema Sant\u2019Anna di Busto Arsizio<\/a>. Si tratta di un film amatoriale, una commedia sul mondo giovanile, un lungometraggio girato nei fine settimana, per un anno intero, coinvolgendo almeno 100 persone. Appuntamento sabato 20 maggio alle 21, per una proiezione della commedia alla presenza del cast artistico e tecnico del film.<\/p>\n<p><strong>MUSICA\u00a0<\/strong><\/p>\n<p><strong>Varese &#8211;\u00a0<\/strong>Villa Toeplitz inaugura la stagione di eventi.\u00a0Sabato 20 maggio si inaugurer\u00e0 ufficialmente la stagione estiva del Tennis bar di Villa Toeplitz e di \u201cSummer Break\u201d con una festa che durer\u00e0 da orario aperitivo fino alle 23.00 circa; ospite speciale della serata, Den Gallo. &#8211;<a href=\"http:\/\/www.varesenews.it\/2017\/05\/a-villa-toeplitz-unestate-di-eventi\/621750\/\" target=\"_blank\"> Tutto il programma<\/a><\/p>\n<p><strong>Lonate Pozzolo &#8211;\u00a0<\/strong>A Lonate \u00e8 il weekend del Lonate Spring Festival. In programma: venerdi 19 maggio gruppi e dj set locali quali Miss Marple, Algex e Nitram e <strong>Gem Boy<\/strong>. Sabato 20 serata raggae con l\u2019esibizione di Anger Ness, Dave The Scream, GX, e di Key Elle, vincitore contest lanciato in rete. Gran finale con <strong>Mr Babaman<\/strong>. Domenica 21 infine \u00e8 la giornata Irish. In\u00a0concerto The Clan, accompagnati dall\u2019aperitivo musicale con Back on Track e la cena con gli Acoustic Marks. &#8211;<a href=\"http:\/\/www.varesenews.it\/2017\/05\/lo-spring-festival-fa-ballare-tutti-dai-ventenni-alle-famiglie\/621864\/\" target=\"_blank\"> Tutto il programma\u00a0<\/a><\/p>\n<p><strong>Gallarate &#8211;<\/strong>\u00a0Sabato 20 maggio 2017, alle ore 21.00, il Museo MA*GA di Gallarate ospita il concerto per fisarmonica di Vladimir Denissenkov. \u00c8 questo il secondo appuntamento del ciclo d\u2019incontri, organizzato in collaborazione con gli Amici del Caff\u00e8 Teatro, che spazia dalla musica, alla letteratura, al teatro. &#8211; <a href=\"http:\/\/www.varesenews.it\/2017\/05\/la-fisarmonica-di-vladimir-denissenkov-in-concerto-al-maga\/622213\/\" target=\"_blank\">Tutto il programma<\/a><\/p>\n<p><strong>CINEMA\u00a0<\/strong><\/p>\n<p>Sergio Castellitto \u00e8 il regista di <strong>\u201cFortunata\u201d<\/strong>, su una sceneggiatura di Margaret Mazzantini.\u00a07 minuti dopo la mezzanotte uscir\u00e0 al cinema il prossimo 18 maggio. Il film parla della storia di un mostro (Liam Neeson) che <strong>7 minuti esatti dopo lo scoccare della mezzanotte<\/strong> uscirebbe da un grande albero.\u00a0<strong>La notte che mia madre ammazz\u00f2 mio padre<\/strong> \u00e8 una commedia nera in uscita il 18 maggio nei cinema italiani.<strong>\u00a0The dinner<\/strong>, tratto dall\u2019omonimo romanzo di Herman Koch, arriva al cinema gioved\u00ec 18 maggio.<\/p>\n<p><a href=\"http:\/\/www.varesenews.it\/2017\/05\/al-cinema-le-uscite-dal-18-maggio\/621989\/\" target=\"_blank\">LA PROGRAMMAZIONE DEL CINEMA\u00a0<\/a><\/p>\n","protected":false},"excerpt":{"rendered":"<p>Ecco il programma del fine settimana in provincia: tante feste all&#8217;aperto e eventi per grandi e piccini <\/p>\n","protected":false},"author":32,"featured_media":0,"comment_status":"open","ping_status":"open","sticky":false,"template":"","format":"standard","meta":{"footnotes":""},"categories":[4,3,20,5,21,2],"tags":[66851,158],"acf":[],"yoast_head":"<!-- This site is optimized with the Yoast SEO plugin v20.1 - https:\/\/yoast.com\/wordpress\/plugins\/seo\/ -->\n<title>Tango, vino e fantasia<\/title>\n<meta name=\"description\" content=\"Ecco il programma del fine settimana in provincia: tante feste all&#039;aperto e eventi per grandi e piccini\" \/>\n<meta name=\"robots\" content=\"noindex, follow, max-snippet:-1, max-image-preview:large, max-video-preview:-1\" \/>\n<meta property=\"og:locale\" content=\"it_IT\" \/>\n<meta property=\"og:type\" content=\"article\" \/>\n<meta property=\"og:title\" content=\"Tango, vino e fantasia\" \/>\n<meta property=\"og:description\" content=\"Ecco il programma del fine settimana in provincia: tante feste all&#039;aperto e eventi per grandi e piccini\" \/>\n<meta property=\"og:url\" content=\"https:\/\/staging.varesenews.it\/2017\/05\/tango-vino-e-fantasia\/622349\/\" \/>\n<meta property=\"og:site_name\" content=\"VareseNews\" \/>\n<meta property=\"article:publisher\" content=\"https:\/\/www.facebook.com\/varesenews\" \/>\n<meta property=\"article:published_time\" content=\"2017-05-19T13:55:09+00:00\" \/>\n<meta property=\"article:modified_time\" content=\"2017-05-19T16:25:58+00:00\" \/>\n<meta name=\"author\" content=\"Adelia Brigo\" \/>\n<meta name=\"twitter:card\" content=\"summary_large_image\" \/>\n<meta name=\"twitter:creator\" content=\"@AdeliaBrigo\" \/>\n<meta name=\"twitter:site\" content=\"@varesenews\" \/>\n<meta name=\"twitter:label1\" content=\"Scritto da\" \/>\n\t<meta name=\"twitter:data1\" content=\"Adelia Brigo\" \/>\n\t<meta name=\"twitter:label2\" content=\"Tempo di lettura stimato\" \/>\n\t<meta name=\"twitter:data2\" content=\"10 minuti\" \/>\n<script type=\"application\/ld+json\" class=\"yoast-schema-graph\">{\"@context\":\"https:\/\/schema.org\",\"@graph\":[{\"@type\":\"WebPage\",\"@id\":\"https:\/\/staging.varesenews.it\/2017\/05\/tango-vino-e-fantasia\/622349\/\",\"url\":\"https:\/\/staging.varesenews.it\/2017\/05\/tango-vino-e-fantasia\/622349\/\",\"name\":\"Tango, vino e fantasia\",\"isPartOf\":{\"@id\":\"https:\/\/staging.varesenews.it\/#website\"},\"datePublished\":\"2017-05-19T13:55:09+00:00\",\"dateModified\":\"2017-05-19T16:25:58+00:00\",\"author\":{\"@id\":\"https:\/\/staging.varesenews.it\/#\/schema\/person\/272ac0f5b2dbfd572218c2d86e013f1a\"},\"description\":\"Ecco il programma del fine settimana in provincia: tante feste all'aperto e eventi per grandi e piccini\",\"breadcrumb\":{\"@id\":\"https:\/\/staging.varesenews.it\/2017\/05\/tango-vino-e-fantasia\/622349\/#breadcrumb\"},\"inLanguage\":\"it-IT\",\"potentialAction\":[{\"@type\":\"ReadAction\",\"target\":[\"https:\/\/staging.varesenews.it\/2017\/05\/tango-vino-e-fantasia\/622349\/\"]}]},{\"@type\":\"BreadcrumbList\",\"@id\":\"https:\/\/staging.varesenews.it\/2017\/05\/tango-vino-e-fantasia\/622349\/#breadcrumb\",\"itemListElement\":[{\"@type\":\"ListItem\",\"position\":1,\"name\":\"Home\",\"item\":\"https:\/\/www.varesenews.it\/\"},{\"@type\":\"ListItem\",\"position\":2,\"name\":\"Tango, vino e fantasia\"}]},{\"@type\":\"WebSite\",\"@id\":\"https:\/\/staging.varesenews.it\/#website\",\"url\":\"https:\/\/staging.varesenews.it\/\",\"name\":\"VareseNews\",\"description\":\"\",\"potentialAction\":[{\"@type\":\"SearchAction\",\"target\":{\"@type\":\"EntryPoint\",\"urlTemplate\":\"https:\/\/staging.varesenews.it\/?s={search_term_string}\"},\"query-input\":\"required name=search_term_string\"}],\"inLanguage\":\"it-IT\"},{\"@type\":\"Person\",\"@id\":\"https:\/\/staging.varesenews.it\/#\/schema\/person\/272ac0f5b2dbfd572218c2d86e013f1a\",\"name\":\"Adelia Brigo\",\"image\":{\"@type\":\"ImageObject\",\"inLanguage\":\"it-IT\",\"@id\":\"https:\/\/staging.varesenews.it\/#\/schema\/person\/image\/\",\"url\":\"https:\/\/staging.varesenews.it\/wp-content\/uploads\/2020\/12\/adelia_brigo_colori_500.jpg\",\"contentUrl\":\"https:\/\/staging.varesenews.it\/wp-content\/uploads\/2020\/12\/adelia_brigo_colori_500.jpg\",\"caption\":\"Adelia Brigo\"},\"description\":\"Giornalista pubblicista, lavoro a VareseNews dal 2007 e mi occupo di cronaca locale e del settore dedicato alla cultura. In questi anni ho seguito diversi progetti di comunicazione, amo sperimentare strategie per i Social Network e raccontare storie. Varesina, classe 1984, sono laureata in Scienze della Comunicazione.&nbsp;\",\"sameAs\":[\"AdeliaBrigo\",\"https:\/\/twitter.com\/AdeliaBrigo\"],\"url\":\"https:\/\/staging.varesenews.it\/persona\/adelia_brigo\/\"}]}<\/script>\n<!-- \/ Yoast SEO plugin. -->","yoast_head_json":{"title":"Tango, vino e fantasia","description":"Ecco il programma del fine settimana in provincia: tante feste all'aperto e eventi per grandi e piccini","robots":{"index":"noindex","follow":"follow","max-snippet":"max-snippet:-1","max-image-preview":"max-image-preview:large","max-video-preview":"max-video-preview:-1"},"og_locale":"it_IT","og_type":"article","og_title":"Tango, vino e fantasia","og_description":"Ecco il programma del fine settimana in provincia: tante feste all'aperto e eventi per grandi e piccini","og_url":"https:\/\/staging.varesenews.it\/2017\/05\/tango-vino-e-fantasia\/622349\/","og_site_name":"VareseNews","article_publisher":"https:\/\/www.facebook.com\/varesenews","article_published_time":"2017-05-19T13:55:09+00:00","article_modified_time":"2017-05-19T16:25:58+00:00","author":"Adelia Brigo","twitter_card":"summary_large_image","twitter_creator":"@AdeliaBrigo","twitter_site":"@varesenews","twitter_misc":{"Scritto da":"Adelia Brigo","Tempo di lettura stimato":"10 minuti"},"schema":{"@context":"https:\/\/schema.org","@graph":[{"@type":"WebPage","@id":"https:\/\/staging.varesenews.it\/2017\/05\/tango-vino-e-fantasia\/622349\/","url":"https:\/\/staging.varesenews.it\/2017\/05\/tango-vino-e-fantasia\/622349\/","name":"Tango, vino e fantasia","isPartOf":{"@id":"https:\/\/staging.varesenews.it\/#website"},"datePublished":"2017-05-19T13:55:09+00:00","dateModified":"2017-05-19T16:25:58+00:00","author":{"@id":"https:\/\/staging.varesenews.it\/#\/schema\/person\/272ac0f5b2dbfd572218c2d86e013f1a"},"description":"Ecco il programma del fine settimana in provincia: tante feste all'aperto e eventi per grandi e piccini","breadcrumb":{"@id":"https:\/\/staging.varesenews.it\/2017\/05\/tango-vino-e-fantasia\/622349\/#breadcrumb"},"inLanguage":"it-IT","potentialAction":[{"@type":"ReadAction","target":["https:\/\/staging.varesenews.it\/2017\/05\/tango-vino-e-fantasia\/622349\/"]}]},{"@type":"BreadcrumbList","@id":"https:\/\/staging.varesenews.it\/2017\/05\/tango-vino-e-fantasia\/622349\/#breadcrumb","itemListElement":[{"@type":"ListItem","position":1,"name":"Home","item":"https:\/\/www.varesenews.it\/"},{"@type":"ListItem","position":2,"name":"Tango, vino e fantasia"}]},{"@type":"WebSite","@id":"https:\/\/staging.varesenews.it\/#website","url":"https:\/\/staging.varesenews.it\/","name":"VareseNews","description":"","potentialAction":[{"@type":"SearchAction","target":{"@type":"EntryPoint","urlTemplate":"https:\/\/staging.varesenews.it\/?s={search_term_string}"},"query-input":"required name=search_term_string"}],"inLanguage":"it-IT"},{"@type":"Person","@id":"https:\/\/staging.varesenews.it\/#\/schema\/person\/272ac0f5b2dbfd572218c2d86e013f1a","name":"Adelia Brigo","image":{"@type":"ImageObject","inLanguage":"it-IT","@id":"https:\/\/staging.varesenews.it\/#\/schema\/person\/image\/","url":"https:\/\/staging.varesenews.it\/wp-content\/uploads\/2020\/12\/adelia_brigo_colori_500.jpg","contentUrl":"https:\/\/staging.varesenews.it\/wp-content\/uploads\/2020\/12\/adelia_brigo_colori_500.jpg","caption":"Adelia Brigo"},"description":"Giornalista pubblicista, lavoro a VareseNews dal 2007 e mi occupo di cronaca locale e del settore dedicato alla cultura. In questi anni ho seguito diversi progetti di comunicazione, amo sperimentare strategie per i Social Network e raccontare storie. Varesina, classe 1984, sono laureata in Scienze della Comunicazione.&nbsp;","sameAs":["AdeliaBrigo","https:\/\/twitter.com\/AdeliaBrigo"],"url":"https:\/\/staging.varesenews.it\/persona\/adelia_brigo\/"}]}},"post_meta":{"_edit_lock":"1495211688:32","_edit_last":"39","_category_permalink":"21","wdfb_og_title":"","wdfb_og_type":"","wdfb_og_description":"","wdfb_og_images":"a:1:{i:0;s:0:\"\";}","wdfb_og_custom_name":"a:1:{i:0;s:0:\"\";}","wdfb_og_custom_value":"a:1:{i:0;s:0:\"\";}","_jd_twitter":"","_jd_tweet_this":"yes","ratings_users":"0","ratings_score":"0","ratings_average":"0","foto":"431526","argomento":"Cosa fare nel weekend","_wpt_short_url":"http:\/\/www.varesenews.it\/2017\/05\/tango-vino-e-fantasia\/622349\/","_wp_jd_target":"http:\/\/www.varesenews.it\/2017\/05\/tango-vino-e-fantasia\/622349\/","_jd_wp_twitter":"a:1:{i:0;s:86:\"Tango, vino e fantasia http:\/\/www.varesenews.it\/2017\/05\/tango-vino-e-fantasia\/622349\/ \";}","_wpt_status_message":"Tweet inviato con successo."},"photos":[{"original":"https:\/\/staging.varesenews.it\/photogallery_new\/images\/2015\/01\/tango-de-mi-buenos-aires-inserita-in-galleria-431526.jpg","full":"https:\/\/staging.varesenews.it\/photogallery_new\/images\/2015\/01\/tango-de-mi-buenos-aires-inserita-in-galleria-431526.1024x768.jpg","large":"https:\/\/staging.varesenews.it\/photogallery_new\/images\/2015\/01\/tango-de-mi-buenos-aires-inserita-in-galleria-431526.610x431.jpg"}],"_links":{"self":[{"href":"https:\/\/staging.varesenews.it\/swgapi\/v1\/wp\/v2\/posts\/622349"}],"collection":[{"href":"https:\/\/staging.varesenews.it\/swgapi\/v1\/wp\/v2\/posts"}],"about":[{"href":"https:\/\/staging.varesenews.it\/swgapi\/v1\/wp\/v2\/types\/post"}],"author":[{"embeddable":true,"href":"https:\/\/staging.varesenews.it\/swgapi\/v1\/wp\/v2\/users\/32"}],"replies":[{"embeddable":true,"href":"https:\/\/staging.varesenews.it\/swgapi\/v1\/wp\/v2\/comments?post=622349"}],"version-history":[{"count":0,"href":"https:\/\/staging.varesenews.it\/swgapi\/v1\/wp\/v2\/posts\/622349\/revisions"}],"wp:attachment":[{"href":"https:\/\/staging.varesenews.it\/swgapi\/v1\/wp\/v2\/media?parent=622349"}],"wp:term":[{"taxonomy":"category","embeddable":true,"href":"https:\/\/staging.varesenews.it\/swgapi\/v1\/wp\/v2\/categories?post=622349"},{"taxonomy":"post_tag","embeddable":true,"href":"https:\/\/staging.varesenews.it\/swgapi\/v1\/wp\/v2\/tags?post=622349"}],"curies":[{"name":"wp","href":"https:\/\/api.w.org\/{rel}","templated":true}]}}