{"id":624481,"date":"2017-05-26T14:39:23","date_gmt":"2017-05-26T12:39:23","guid":{"rendered":"http:\/\/www.varesenews.it\/?p=624481"},"modified":"2017-05-26T14:39:23","modified_gmt":"2017-05-26T12:39:23","slug":"vittoria-piani-un-giovane-talento-per-la-uyba","status":"publish","type":"post","link":"https:\/\/staging.varesenews.it\/2017\/05\/vittoria-piani-un-giovane-talento-per-la-uyba\/624481\/","title":{"rendered":"Vittoria Piani, un giovane talento per la Uyba"},"content":{"rendered":"<p><em>(Foto Facebook &#8211;\u00a0<a class=\"_2wma\" href=\"https:\/\/www.facebook.com\/uybavolley\/?ref=page_internal\">UYBA<\/a>)<\/em><\/p>\n<p><strong>Classe 1998, 187 cm di altezza<\/strong>, nata a Milano, provenienza Club Italia: sono queste le coordinate della nuova schiacciatrice della\u00a0<strong>Unet Yamamay Busto Arsizio Vittoria Piani<\/strong>, da oggi ufficialmente una giocatrice biancorossa. Gi\u00e0 nel giro della nazionale dall&#8217;et\u00e0 di 17 anni, ha vinto proprio con coach\u00a0<strong>Marco Mencarelli<\/strong>\u00a0il\u00a0<strong>mondiale Under 18 nel 2015<\/strong>\u00a0a Lima in Per\u00f9. Vittoria ritrova dunque il tecnico che l&#8217;ha cresciuta, sia con la nazionale giovanile, sia nel Club Italia, squadra in cui ha giocato dal<strong>\u00a02014<\/strong>\u00a0dopo un campionato di serie B1 ad Orago.<\/p>\n<p>Di\u00a0<strong>sangue brasiliano<\/strong>\u00a0da parte di madre, Vittoria Piani \u00e8 giocatrice\u00a0<strong>adattabile e flessibile<\/strong>\u00a0a diversi sistemi tattici e pu\u00f2 giocare sia in posto 4 che in posto 2. Attualmente \u00e8 impegnata in un collegiale con la\u00a0<strong>nazionale Under 20<\/strong>, insieme all&#8217;altra farfalla Beatrice Negretti.<\/p>\n<p><strong>Queste le prime parole in biancorosso di Vittoria Piani:<\/strong>\u00a0&#8220;Sono felicissima di cominciare la mia avventura nella pallavolo al di fuori dalle squadre federali proprio con la Unet Yamamay Busto Arsizio, che \u00e8 sempre stata la mia squadra dei sogni fin da bambina. Tra l&#8217;altro qualche anno fa avevo fatto un provino per entrare nel settore giovanile biancorosso e avevo assaporato il clima del Palayamamay: mi sarebbe piaciuto tanto giocarci da subito, ma poi il destino mi ha portato ad Orago. Gli anni in A1 con il Club Italia sono stati importanti, perch\u00e8 mi hanno formato ed aiutato a crescere, ma sono sicura che con la UYBA migliorer\u00f2 ancora molto, grazie all&#8217;ottimo staff tecnico. Ritrovare Mencarelli sar\u00e0 super: per me \u00e8 un punto di riferimento nella pallavolo. Quest&#8217;estate lavorer\u00f2 al massimo per farmi trovare pronta per l&#8217;inizio della stagione con le farfalle&#8221;.<\/p>\n<p>&nbsp;<\/p>\n","protected":false},"excerpt":{"rendered":"<p>La schiacciatrice ritrova coach Mencarelli che l&#8217;ha cresciuta, sia con la nazionale giovanile, sia nel Club Italia<\/p>\n","protected":false},"author":37,"featured_media":0,"comment_status":"open","ping_status":"open","sticky":false,"template":"","format":"standard","meta":{"footnotes":""},"categories":[4,14],"tags":[30454,255,63159],"acf":[],"yoast_head":"<!-- This site is optimized with the Yoast SEO plugin v20.1 - https:\/\/yoast.com\/wordpress\/plugins\/seo\/ -->\n<title>Vittoria Piani, un giovane talento per la Uyba<\/title>\n<meta name=\"description\" content=\"La schiacciatrice ritrova coach Mencarelli che l&#039;ha cresciuta, sia con la nazionale giovanile, sia nel Club Italia\" \/>\n<meta name=\"robots\" content=\"noindex, follow, max-snippet:-1, max-image-preview:large, max-video-preview:-1\" \/>\n<meta property=\"og:locale\" content=\"it_IT\" \/>\n<meta property=\"og:type\" content=\"article\" \/>\n<meta property=\"og:title\" content=\"Vittoria Piani, un giovane talento per la Uyba\" \/>\n<meta property=\"og:description\" content=\"La schiacciatrice ritrova coach Mencarelli che l&#039;ha cresciuta, sia con la nazionale giovanile, sia nel Club Italia\" \/>\n<meta property=\"og:url\" content=\"https:\/\/staging.varesenews.it\/2017\/05\/vittoria-piani-un-giovane-talento-per-la-uyba\/624481\/\" \/>\n<meta property=\"og:site_name\" content=\"VareseNews\" \/>\n<meta property=\"article:publisher\" content=\"https:\/\/www.facebook.com\/varesenews\" \/>\n<meta property=\"article:published_time\" content=\"2017-05-26T12:39:23+00:00\" \/>\n<meta name=\"author\" content=\"Francesco Mazzoleni\" \/>\n<meta name=\"twitter:card\" content=\"summary_large_image\" \/>\n<meta name=\"twitter:creator\" content=\"@fmazzof\" \/>\n<meta name=\"twitter:site\" content=\"@varesenews\" \/>\n<meta name=\"twitter:label1\" content=\"Scritto da\" \/>\n\t<meta name=\"twitter:data1\" content=\"Francesco Mazzoleni\" \/>\n\t<meta name=\"twitter:label2\" content=\"Tempo di lettura stimato\" \/>\n\t<meta name=\"twitter:data2\" content=\"1 minuto\" \/>\n<script type=\"application\/ld+json\" class=\"yoast-schema-graph\">{\"@context\":\"https:\/\/schema.org\",\"@graph\":[{\"@type\":\"WebPage\",\"@id\":\"https:\/\/staging.varesenews.it\/2017\/05\/vittoria-piani-un-giovane-talento-per-la-uyba\/624481\/\",\"url\":\"https:\/\/staging.varesenews.it\/2017\/05\/vittoria-piani-un-giovane-talento-per-la-uyba\/624481\/\",\"name\":\"Vittoria Piani, un giovane talento per la Uyba\",\"isPartOf\":{\"@id\":\"https:\/\/staging.varesenews.it\/#website\"},\"datePublished\":\"2017-05-26T12:39:23+00:00\",\"dateModified\":\"2017-05-26T12:39:23+00:00\",\"author\":{\"@id\":\"https:\/\/staging.varesenews.it\/#\/schema\/person\/e82236e79160d30d4e1f942004ac3038\"},\"description\":\"La schiacciatrice ritrova coach Mencarelli che l'ha cresciuta, sia con la nazionale giovanile, sia nel Club Italia\",\"breadcrumb\":{\"@id\":\"https:\/\/staging.varesenews.it\/2017\/05\/vittoria-piani-un-giovane-talento-per-la-uyba\/624481\/#breadcrumb\"},\"inLanguage\":\"it-IT\",\"potentialAction\":[{\"@type\":\"ReadAction\",\"target\":[\"https:\/\/staging.varesenews.it\/2017\/05\/vittoria-piani-un-giovane-talento-per-la-uyba\/624481\/\"]}]},{\"@type\":\"BreadcrumbList\",\"@id\":\"https:\/\/staging.varesenews.it\/2017\/05\/vittoria-piani-un-giovane-talento-per-la-uyba\/624481\/#breadcrumb\",\"itemListElement\":[{\"@type\":\"ListItem\",\"position\":1,\"name\":\"Home\",\"item\":\"https:\/\/www.varesenews.it\/\"},{\"@type\":\"ListItem\",\"position\":2,\"name\":\"Vittoria Piani, un giovane talento per la Uyba\"}]},{\"@type\":\"WebSite\",\"@id\":\"https:\/\/staging.varesenews.it\/#website\",\"url\":\"https:\/\/staging.varesenews.it\/\",\"name\":\"VareseNews\",\"description\":\"\",\"potentialAction\":[{\"@type\":\"SearchAction\",\"target\":{\"@type\":\"EntryPoint\",\"urlTemplate\":\"https:\/\/staging.varesenews.it\/?s={search_term_string}\"},\"query-input\":\"required name=search_term_string\"}],\"inLanguage\":\"it-IT\"},{\"@type\":\"Person\",\"@id\":\"https:\/\/staging.varesenews.it\/#\/schema\/person\/e82236e79160d30d4e1f942004ac3038\",\"name\":\"Francesco Mazzoleni\",\"image\":{\"@type\":\"ImageObject\",\"inLanguage\":\"it-IT\",\"@id\":\"https:\/\/staging.varesenews.it\/#\/schema\/person\/image\/\",\"url\":\"https:\/\/staging.varesenews.it\/wp-content\/uploads\/2020\/12\/francesco_mazzoleni_colori_500-1.jpg\",\"contentUrl\":\"https:\/\/staging.varesenews.it\/wp-content\/uploads\/2020\/12\/francesco_mazzoleni_colori_500-1.jpg\",\"caption\":\"Francesco Mazzoleni\"},\"description\":\"\\\"Uomo di campo\\\" della redazione sportiva. Nutro una vera passione per il calcio, che sia ad alti livelli, sui campi di provincia o in altri continenti. Sono nato a Varese nel 1984, vivo da sempre a Malnate e ho una laurea in Scienze Motorie. Ho mosso i primi passi a VareseNews da stagista nel 2002; nel 2008 ho iniziato a collaborare con maggiore continuit\u00e0 e dal 2018 sono giornalista professionista. Orgoglioso pap\u00e0 di Federico e Adelaide.\",\"sameAs\":[\"fmazzof\",\"it.linkedin.com\/in\/francescomazzolenif\",\"https:\/\/twitter.com\/fmazzof\"],\"url\":\"https:\/\/staging.varesenews.it\/persona\/francesco_mazzoleniferracini\/\"}]}<\/script>\n<!-- \/ Yoast SEO plugin. -->","yoast_head_json":{"title":"Vittoria Piani, un giovane talento per la Uyba","description":"La schiacciatrice ritrova coach Mencarelli che l'ha cresciuta, sia con la nazionale giovanile, sia nel Club Italia","robots":{"index":"noindex","follow":"follow","max-snippet":"max-snippet:-1","max-image-preview":"max-image-preview:large","max-video-preview":"max-video-preview:-1"},"og_locale":"it_IT","og_type":"article","og_title":"Vittoria Piani, un giovane talento per la Uyba","og_description":"La schiacciatrice ritrova coach Mencarelli che l'ha cresciuta, sia con la nazionale giovanile, sia nel Club Italia","og_url":"https:\/\/staging.varesenews.it\/2017\/05\/vittoria-piani-un-giovane-talento-per-la-uyba\/624481\/","og_site_name":"VareseNews","article_publisher":"https:\/\/www.facebook.com\/varesenews","article_published_time":"2017-05-26T12:39:23+00:00","author":"Francesco Mazzoleni","twitter_card":"summary_large_image","twitter_creator":"@fmazzof","twitter_site":"@varesenews","twitter_misc":{"Scritto da":"Francesco Mazzoleni","Tempo di lettura stimato":"1 minuto"},"schema":{"@context":"https:\/\/schema.org","@graph":[{"@type":"WebPage","@id":"https:\/\/staging.varesenews.it\/2017\/05\/vittoria-piani-un-giovane-talento-per-la-uyba\/624481\/","url":"https:\/\/staging.varesenews.it\/2017\/05\/vittoria-piani-un-giovane-talento-per-la-uyba\/624481\/","name":"Vittoria Piani, un giovane talento per la Uyba","isPartOf":{"@id":"https:\/\/staging.varesenews.it\/#website"},"datePublished":"2017-05-26T12:39:23+00:00","dateModified":"2017-05-26T12:39:23+00:00","author":{"@id":"https:\/\/staging.varesenews.it\/#\/schema\/person\/e82236e79160d30d4e1f942004ac3038"},"description":"La schiacciatrice ritrova coach Mencarelli che l'ha cresciuta, sia con la nazionale giovanile, sia nel Club Italia","breadcrumb":{"@id":"https:\/\/staging.varesenews.it\/2017\/05\/vittoria-piani-un-giovane-talento-per-la-uyba\/624481\/#breadcrumb"},"inLanguage":"it-IT","potentialAction":[{"@type":"ReadAction","target":["https:\/\/staging.varesenews.it\/2017\/05\/vittoria-piani-un-giovane-talento-per-la-uyba\/624481\/"]}]},{"@type":"BreadcrumbList","@id":"https:\/\/staging.varesenews.it\/2017\/05\/vittoria-piani-un-giovane-talento-per-la-uyba\/624481\/#breadcrumb","itemListElement":[{"@type":"ListItem","position":1,"name":"Home","item":"https:\/\/www.varesenews.it\/"},{"@type":"ListItem","position":2,"name":"Vittoria Piani, un giovane talento per la Uyba"}]},{"@type":"WebSite","@id":"https:\/\/staging.varesenews.it\/#website","url":"https:\/\/staging.varesenews.it\/","name":"VareseNews","description":"","potentialAction":[{"@type":"SearchAction","target":{"@type":"EntryPoint","urlTemplate":"https:\/\/staging.varesenews.it\/?s={search_term_string}"},"query-input":"required name=search_term_string"}],"inLanguage":"it-IT"},{"@type":"Person","@id":"https:\/\/staging.varesenews.it\/#\/schema\/person\/e82236e79160d30d4e1f942004ac3038","name":"Francesco Mazzoleni","image":{"@type":"ImageObject","inLanguage":"it-IT","@id":"https:\/\/staging.varesenews.it\/#\/schema\/person\/image\/","url":"https:\/\/staging.varesenews.it\/wp-content\/uploads\/2020\/12\/francesco_mazzoleni_colori_500-1.jpg","contentUrl":"https:\/\/staging.varesenews.it\/wp-content\/uploads\/2020\/12\/francesco_mazzoleni_colori_500-1.jpg","caption":"Francesco Mazzoleni"},"description":"\"Uomo di campo\" della redazione sportiva. Nutro una vera passione per il calcio, che sia ad alti livelli, sui campi di provincia o in altri continenti. Sono nato a Varese nel 1984, vivo da sempre a Malnate e ho una laurea in Scienze Motorie. Ho mosso i primi passi a VareseNews da stagista nel 2002; nel 2008 ho iniziato a collaborare con maggiore continuit\u00e0 e dal 2018 sono giornalista professionista. Orgoglioso pap\u00e0 di Federico e Adelaide.","sameAs":["fmazzof","it.linkedin.com\/in\/francescomazzolenif","https:\/\/twitter.com\/fmazzof"],"url":"https:\/\/staging.varesenews.it\/persona\/francesco_mazzoleniferracini\/"}]}},"post_meta":{"_edit_lock":"1495803233:37","_edit_last":"37","_category_permalink":"14","ratings_users":"0","ratings_score":"0","ratings_average":"0","wdfb_og_title":"","wdfb_og_type":"","wdfb_og_description":"","wdfb_og_images":"a:1:{i:0;s:0:\"\";}","wdfb_og_custom_name":"a:1:{i:0;s:0:\"\";}","wdfb_og_custom_value":"a:1:{i:0;s:0:\"\";}","foto":"612895","firma_come_redazione":"1","argomento":"Pallavolo","_yoast_wpseo_focuskw":"vittoria piani","_jd_twitter":"","_jd_tweet_this":"yes","_wpt_short_url":"http:\/\/www.varesenews.it\/2017\/05\/vittoria-piani-un-giovane-talento-per-la-uyba\/624481\/","_wp_jd_target":"http:\/\/www.varesenews.it\/2017\/05\/vittoria-piani-un-giovane-talento-per-la-uyba\/624481\/","_jd_wp_twitter":"a:1:{i:0;s:171:\"Vittoria Piani, un giovane talento per la Uyba http:\/\/www.varesenews.it\/2017\/05\/vittoria-piani-un-giovane-talento-per-la-uyba\/624481\/ #futuravolley #pallavolo #unetyamamay\";}","_wpt_status_message":"Tweet inviato con successo.","_yoast_wpseo_linkdex":"80","id_leggi_anche":"627094,628988"},"photos":[{"original":"https:\/\/staging.varesenews.it\/photogallery_new\/images\/2017\/05\/vittoria-piani-612895.jpg","full":"https:\/\/staging.varesenews.it\/photogallery_new\/images\/2017\/05\/vittoria-piani-612895.1024x768.jpg","large":"https:\/\/staging.varesenews.it\/photogallery_new\/images\/2017\/05\/vittoria-piani-612895.610x431.jpg"}],"_links":{"self":[{"href":"https:\/\/staging.varesenews.it\/swgapi\/v1\/wp\/v2\/posts\/624481"}],"collection":[{"href":"https:\/\/staging.varesenews.it\/swgapi\/v1\/wp\/v2\/posts"}],"about":[{"href":"https:\/\/staging.varesenews.it\/swgapi\/v1\/wp\/v2\/types\/post"}],"author":[{"embeddable":true,"href":"https:\/\/staging.varesenews.it\/swgapi\/v1\/wp\/v2\/users\/37"}],"replies":[{"embeddable":true,"href":"https:\/\/staging.varesenews.it\/swgapi\/v1\/wp\/v2\/comments?post=624481"}],"version-history":[{"count":0,"href":"https:\/\/staging.varesenews.it\/swgapi\/v1\/wp\/v2\/posts\/624481\/revisions"}],"wp:attachment":[{"href":"https:\/\/staging.varesenews.it\/swgapi\/v1\/wp\/v2\/media?parent=624481"}],"wp:term":[{"taxonomy":"category","embeddable":true,"href":"https:\/\/staging.varesenews.it\/swgapi\/v1\/wp\/v2\/categories?post=624481"},{"taxonomy":"post_tag","embeddable":true,"href":"https:\/\/staging.varesenews.it\/swgapi\/v1\/wp\/v2\/tags?post=624481"}],"curies":[{"name":"wp","href":"https:\/\/api.w.org\/{rel}","templated":true}]}}