{"id":624586,"date":"2017-05-26T16:55:08","date_gmt":"2017-05-26T14:55:08","guid":{"rendered":"http:\/\/www.varesenews.it\/?p=624586"},"modified":"2017-05-26T16:55:08","modified_gmt":"2017-05-26T14:55:08","slug":"cicogna-days-un-mese-di-emozioni","status":"publish","type":"post","link":"https:\/\/staging.varesenews.it\/2017\/05\/cicogna-days-un-mese-di-emozioni\/624586\/","title":{"rendered":"Cicogna Days, un mese di emozioni\u00a0"},"content":{"rendered":"<p><strong>La spettacolare nidificazione della cicogna bianca, specie presente con sole 300 coppie nel nostre Paese<\/strong>, sar\u00e0 visibile da vicino grazie ai Cicogna Days che la Lipu organizza a partire da domenica 28 maggio fino a mercoledi 28 giugno. Tanti gli eventi, in Lombardia, Calabria e Sicilia, durante le quali i volontari della Lipu accompagneranno i partecipanti a osservare da vicino, senza disturbare, la nidificazione di questa specie. Uno spettacolo raro e straordinario, che mescola emozione e scienza, passione e conoscenze orali, sullo sfondo di simbologie dalle origini antichissime.<\/p>\n<p><strong>La cicogna bianca \u00e8 tra le specie di uccelli pi\u00f9 conosciute e amate dal pubblico<\/strong>; il suo ritorno \u00e8 da far risalire a met\u00e0 anni Ottanta, quando, dopo secoli di estinzione, ha ripreso a nidificare nel nostro Paese. Da allora, in pochi anni, le coppie nidificanti sono cresciuti fino ad arrivare alle attuali 300 coppie.<\/p>\n<p><strong>I Cicogna Days partono domenica 28 maggio<\/strong> quando la sezione Lipu di Niscemi (provincia di Caltanissetta) organizzer\u00e0Il cammino delle cicogne al tramonto, una passeggiata per i campi della Piana di Gela. (per info 329 7480889 \u2013 Email:lipuniscemi@lipuniscemi.it o pagina Facebook).<\/p>\n<p><strong>A Lodi la sezione della Lipu offre un ricco programma<\/strong>: a Mulazzano il29 maggio, a Cerro al Lambro l\u201911 giugno, a Salerano sul Lambro il 26 giugno e a Valera Fratta il 28 giugno, tutte in provincia di Lodi. Per informazioni contattare la Lipu di Lodi al numero 335 6977651 (rondine.canzoneri@gmail.com).<br \/>\nSempre il Lombardia la giornata dedicata alla cicogna sar\u00e0 organizzata quest\u2019annol\u201911 giugno in collaborazione con le delegazioni di Pavia, Gallarate, Lodi, Parabiago, Milano e Progetto Cicogne Lombardia. Il programma prevede al mattino un tour presso i nidi attivi con ritrovo a Landiano (Pavia). Nel pomeriggio attivit\u00e0 per ragazzi e per famiglie, partecipazione gratuita (info: milano@lipu.it).<\/p>\n<p><strong>A Rende (Cosenza)<\/strong> la sezione Lipu ha stilato il programma del4 giugno per la sesta edizione del Cicogna Day (Programma completo:<a href=\"www.lipurende.it\" target=\"_blank\">www.lipurende.it<\/a>). Tre le aree che saranno oggetto di visite guidate, la Valle del Crati, la Piana di Sibari (entrambe provincia di Cosenza) e la Valle del Neto (provincia di Crotone)<br \/>\nInfineCicogna Days anche al Lago Arancio, in provincia di Agrigento, domenica 18 giugno, con la Lipu di Palermo e la Lipu di Alcamo in collaborazione con il Comune di Sambuca di Sicilia (E-mail:palermo@lipu.it).<\/p>\n<p>Programma completo su <a href=\"www.lipu.it\" target=\"_blank\">www.lipu.it<\/a><\/p>\n<h2>LA CICOGNA BIANCA (Ciconia ciconia)<\/h2>\n<p>Ordine: Ciconiiformes Famiglia: Ciconiidae<br \/>\nPrevalentemente migratrice \u2013 i quartieri di svernamento sono posti oltre il Sahara \u2013 nel vecchio continente, la cicogna bianca \u00e8 presente soprattutto nei Paesi orientali e nella regione iberica, mentre ulteriori aree di nidificazione vanno dal Nord Africa al Medio Oriente, fino all\u2019Asia centrale e orientale. Inconfondibile per il suo piumaggio candido e per le notevoli dimensioni \u2013 anche 115 centimetri di lunghezza per un\u2019apertura alare superiore ai160 centimetri \u2013 la cicogna bianca, in piedi, pu\u00f2 essere alta oltre 1 metro. Particolarmente lunghe le piume del collo e del petto, e importante \u00e8 anche il becco, che pu\u00f2 misurare anche20 centimetri e risulta particolarmente adatto alla cattura di vari tipi di prede \u2013 insetti, piccoli mammiferi o uccelli, rettili e anfibi.<\/p>\n<h2>\n<strong>I SIMBOLI DELLA CICOGNA<\/strong><\/h2>\n<p>La cicogna ha sempre evocato, fin dall\u2019antichit\u00e0, forti significati simbolici. Uno di questi \u00e8 l\u2019amore coniugale, oppure quello della piet\u00e0 (in latino pietas) verso i genitori nel momento in cui essi diventano anziani e non pi\u00f9 in grado di procurarsi il cibo. Questa sensibilit\u00e0 suscit\u00f2 rispetto verso questi animali da parte degli Egizi, mentre nell\u2019antica Roma le monete consolari riportarono rappresentata una cicogna insieme al busto allegorico della pietas. Questo simbolo della cicogna resistette a lungo attraverso Medioevo e Rinascimento.<\/p>\n<p>In altri Paesi, come Cina e Giappone, la cicogna ha ispirato il simbolo dellalongevit\u00e0.<br \/>\nLe cicogne sono inoltre apprezzate fin dall\u2019antichit\u00e0 perch\u00e8 danno lacaccia ai serpenti. I Tessali, popolo dell\u2019antica Grecia, punivano per questo motivo con la morte chi uccideva le cicogne.<\/p>\n","protected":false},"excerpt":{"rendered":"<p>Dal 28 maggio al 28 giugno tornano le visite guidate della Lipu per ammirare la nidicficazione della cicogna bianca\u00a0<\/p>\n","protected":false},"author":34,"featured_media":0,"comment_status":"open","ping_status":"open","sticky":false,"template":"","format":"standard","meta":{"footnotes":""},"categories":[9,25],"tags":[70127,616],"acf":[],"yoast_head":"<!-- This site is optimized with the Yoast SEO plugin v20.1 - https:\/\/yoast.com\/wordpress\/plugins\/seo\/ -->\n<title>Cicogna Days, un mese di emozioni\u00a0<\/title>\n<meta name=\"description\" content=\"Dal 28 maggio al 28 giugno tornano le visite guidate della Lipu per ammirare la nidicficazione della cicogna bianca\u00a0\" \/>\n<meta name=\"robots\" content=\"noindex, follow, max-snippet:-1, max-image-preview:large, max-video-preview:-1\" \/>\n<meta property=\"og:locale\" content=\"it_IT\" \/>\n<meta property=\"og:type\" content=\"article\" \/>\n<meta property=\"og:title\" content=\"Cicogna Days, un mese di emozioni\u00a0\" \/>\n<meta property=\"og:description\" content=\"Dal 28 maggio al 28 giugno tornano le visite guidate della Lipu per ammirare la nidicficazione della cicogna bianca\u00a0\" \/>\n<meta property=\"og:url\" content=\"https:\/\/www.varesenews.it\/2017\/05\/cicogna-days-un-mese-di-emozioni\/624586\/\" \/>\n<meta property=\"og:site_name\" content=\"VareseNews\" \/>\n<meta property=\"article:publisher\" content=\"https:\/\/www.facebook.com\/varesenews\" \/>\n<meta property=\"article:author\" content=\"https:\/\/www.facebook.com\/andrea.camurani?fref=photo\" \/>\n<meta property=\"article:published_time\" content=\"2017-05-26T14:55:08+00:00\" \/>\n<meta name=\"author\" content=\"Andrea Camurani\" \/>\n<meta name=\"twitter:card\" content=\"summary_large_image\" \/>\n<meta name=\"twitter:creator\" content=\"@AndreaCamurani\" \/>\n<meta name=\"twitter:site\" content=\"@varesenews\" \/>\n<meta name=\"twitter:label1\" content=\"Scritto da\" \/>\n\t<meta name=\"twitter:data1\" content=\"Andrea Camurani\" \/>\n\t<meta name=\"twitter:label2\" content=\"Tempo di lettura stimato\" \/>\n\t<meta name=\"twitter:data2\" content=\"3 minuti\" \/>\n<script type=\"application\/ld+json\" class=\"yoast-schema-graph\">{\"@context\":\"https:\/\/schema.org\",\"@graph\":[{\"@type\":\"WebPage\",\"@id\":\"https:\/\/www.varesenews.it\/2017\/05\/cicogna-days-un-mese-di-emozioni\/624586\/\",\"url\":\"https:\/\/www.varesenews.it\/2017\/05\/cicogna-days-un-mese-di-emozioni\/624586\/\",\"name\":\"Cicogna Days, un mese di emozioni\u00a0\",\"isPartOf\":{\"@id\":\"https:\/\/staging.varesenews.it\/#website\"},\"datePublished\":\"2017-05-26T14:55:08+00:00\",\"dateModified\":\"2017-05-26T14:55:08+00:00\",\"author\":{\"@id\":\"https:\/\/staging.varesenews.it\/#\/schema\/person\/3eb5832c6beae763de8d9596fdbe8c49\"},\"description\":\"Dal 28 maggio al 28 giugno tornano le visite guidate della Lipu per ammirare la nidicficazione della cicogna bianca\u00a0\",\"breadcrumb\":{\"@id\":\"https:\/\/www.varesenews.it\/2017\/05\/cicogna-days-un-mese-di-emozioni\/624586\/#breadcrumb\"},\"inLanguage\":\"it-IT\",\"potentialAction\":[{\"@type\":\"ReadAction\",\"target\":[\"https:\/\/www.varesenews.it\/2017\/05\/cicogna-days-un-mese-di-emozioni\/624586\/\"]}]},{\"@type\":\"BreadcrumbList\",\"@id\":\"https:\/\/www.varesenews.it\/2017\/05\/cicogna-days-un-mese-di-emozioni\/624586\/#breadcrumb\",\"itemListElement\":[{\"@type\":\"ListItem\",\"position\":1,\"name\":\"Home\",\"item\":\"https:\/\/www.varesenews.it\/\"},{\"@type\":\"ListItem\",\"position\":2,\"name\":\"Cicogna Days, un mese di emozioni\u00a0\"}]},{\"@type\":\"WebSite\",\"@id\":\"https:\/\/staging.varesenews.it\/#website\",\"url\":\"https:\/\/staging.varesenews.it\/\",\"name\":\"VareseNews\",\"description\":\"\",\"potentialAction\":[{\"@type\":\"SearchAction\",\"target\":{\"@type\":\"EntryPoint\",\"urlTemplate\":\"https:\/\/staging.varesenews.it\/?s={search_term_string}\"},\"query-input\":\"required name=search_term_string\"}],\"inLanguage\":\"it-IT\"},{\"@type\":\"Person\",\"@id\":\"https:\/\/staging.varesenews.it\/#\/schema\/person\/3eb5832c6beae763de8d9596fdbe8c49\",\"name\":\"Andrea Camurani\",\"image\":{\"@type\":\"ImageObject\",\"inLanguage\":\"it-IT\",\"@id\":\"https:\/\/staging.varesenews.it\/#\/schema\/person\/image\/\",\"url\":\"https:\/\/staging.varesenews.it\/wp-content\/uploads\/2020\/12\/andrea_camurani_colori_500.jpg\",\"contentUrl\":\"https:\/\/staging.varesenews.it\/wp-content\/uploads\/2020\/12\/andrea_camurani_colori_500.jpg\",\"caption\":\"Andrea Camurani\"},\"description\":\"Sono figlio degli anni Settanta e di Milano, dove ho imparato a riconoscere buoni e cattivi. Laurea in scienze politiche, lavoro a VareseNews dal 2000. Racconto quel che trovo quando incontro chi vuole lasciare al mondo un pezzetto di vita, che si chiama cronaca. &ldquo;...perch&eacute; &egrave; la gente il pi&ugrave; grande spettacolo del mondo. E non si paga il biglietto...&rdquo; (Charles Bukowsky)\",\"sameAs\":[\"https:\/\/www.facebook.com\/andrea.camurani?fref=photo\",\"andreacamurani\",\"https:\/\/www.linkedin.com\/hp\/?dnr=A9a84RfzsLdo9xg4NcGV4dLiMknoc9ms4WM\",\"https:\/\/twitter.com\/AndreaCamurani\"],\"url\":\"https:\/\/staging.varesenews.it\/persona\/andrea_camurani\/\"}]}<\/script>\n<!-- \/ Yoast SEO plugin. -->","yoast_head_json":{"title":"Cicogna Days, un mese di emozioni\u00a0","description":"Dal 28 maggio al 28 giugno tornano le visite guidate della Lipu per ammirare la nidicficazione della cicogna bianca\u00a0","robots":{"index":"noindex","follow":"follow","max-snippet":"max-snippet:-1","max-image-preview":"max-image-preview:large","max-video-preview":"max-video-preview:-1"},"og_locale":"it_IT","og_type":"article","og_title":"Cicogna Days, un mese di emozioni\u00a0","og_description":"Dal 28 maggio al 28 giugno tornano le visite guidate della Lipu per ammirare la nidicficazione della cicogna bianca\u00a0","og_url":"https:\/\/www.varesenews.it\/2017\/05\/cicogna-days-un-mese-di-emozioni\/624586\/","og_site_name":"VareseNews","article_publisher":"https:\/\/www.facebook.com\/varesenews","article_author":"https:\/\/www.facebook.com\/andrea.camurani?fref=photo","article_published_time":"2017-05-26T14:55:08+00:00","author":"Andrea Camurani","twitter_card":"summary_large_image","twitter_creator":"@AndreaCamurani","twitter_site":"@varesenews","twitter_misc":{"Scritto da":"Andrea Camurani","Tempo di lettura stimato":"3 minuti"},"schema":{"@context":"https:\/\/schema.org","@graph":[{"@type":"WebPage","@id":"https:\/\/www.varesenews.it\/2017\/05\/cicogna-days-un-mese-di-emozioni\/624586\/","url":"https:\/\/www.varesenews.it\/2017\/05\/cicogna-days-un-mese-di-emozioni\/624586\/","name":"Cicogna Days, un mese di emozioni\u00a0","isPartOf":{"@id":"https:\/\/staging.varesenews.it\/#website"},"datePublished":"2017-05-26T14:55:08+00:00","dateModified":"2017-05-26T14:55:08+00:00","author":{"@id":"https:\/\/staging.varesenews.it\/#\/schema\/person\/3eb5832c6beae763de8d9596fdbe8c49"},"description":"Dal 28 maggio al 28 giugno tornano le visite guidate della Lipu per ammirare la nidicficazione della cicogna bianca\u00a0","breadcrumb":{"@id":"https:\/\/www.varesenews.it\/2017\/05\/cicogna-days-un-mese-di-emozioni\/624586\/#breadcrumb"},"inLanguage":"it-IT","potentialAction":[{"@type":"ReadAction","target":["https:\/\/www.varesenews.it\/2017\/05\/cicogna-days-un-mese-di-emozioni\/624586\/"]}]},{"@type":"BreadcrumbList","@id":"https:\/\/www.varesenews.it\/2017\/05\/cicogna-days-un-mese-di-emozioni\/624586\/#breadcrumb","itemListElement":[{"@type":"ListItem","position":1,"name":"Home","item":"https:\/\/www.varesenews.it\/"},{"@type":"ListItem","position":2,"name":"Cicogna Days, un mese di emozioni\u00a0"}]},{"@type":"WebSite","@id":"https:\/\/staging.varesenews.it\/#website","url":"https:\/\/staging.varesenews.it\/","name":"VareseNews","description":"","potentialAction":[{"@type":"SearchAction","target":{"@type":"EntryPoint","urlTemplate":"https:\/\/staging.varesenews.it\/?s={search_term_string}"},"query-input":"required name=search_term_string"}],"inLanguage":"it-IT"},{"@type":"Person","@id":"https:\/\/staging.varesenews.it\/#\/schema\/person\/3eb5832c6beae763de8d9596fdbe8c49","name":"Andrea Camurani","image":{"@type":"ImageObject","inLanguage":"it-IT","@id":"https:\/\/staging.varesenews.it\/#\/schema\/person\/image\/","url":"https:\/\/staging.varesenews.it\/wp-content\/uploads\/2020\/12\/andrea_camurani_colori_500.jpg","contentUrl":"https:\/\/staging.varesenews.it\/wp-content\/uploads\/2020\/12\/andrea_camurani_colori_500.jpg","caption":"Andrea Camurani"},"description":"Sono figlio degli anni Settanta e di Milano, dove ho imparato a riconoscere buoni e cattivi. Laurea in scienze politiche, lavoro a VareseNews dal 2000. Racconto quel che trovo quando incontro chi vuole lasciare al mondo un pezzetto di vita, che si chiama cronaca. &ldquo;...perch&eacute; &egrave; la gente il pi&ugrave; grande spettacolo del mondo. E non si paga il biglietto...&rdquo; (Charles Bukowsky)","sameAs":["https:\/\/www.facebook.com\/andrea.camurani?fref=photo","andreacamurani","https:\/\/www.linkedin.com\/hp\/?dnr=A9a84RfzsLdo9xg4NcGV4dLiMknoc9ms4WM","https:\/\/twitter.com\/AndreaCamurani"],"url":"https:\/\/staging.varesenews.it\/persona\/andrea_camurani\/"}]}},"post_meta":{"_edit_lock":"1495810797:34","_edit_last":"34","_category_permalink":"25","ratings_users":"0","ratings_score":"0","ratings_average":"0","wdfb_og_title":"","wdfb_og_type":"","wdfb_og_description":"","wdfb_og_images":"a:1:{i:0;s:0:\"\";}","wdfb_og_custom_name":"a:1:{i:0;s:0:\"\";}","wdfb_og_custom_value":"a:1:{i:0;s:0:\"\";}","foto":"393243","firma_come_redazione":"1","argomento":"Natura","_jd_twitter":"","_jd_tweet_this":"yes","_wpt_short_url":"http:\/\/www.varesenews.it\/2017\/05\/cicogna-days-un-mese-di-emozioni\/624586\/","_wp_jd_target":"http:\/\/www.varesenews.it\/2017\/05\/cicogna-days-un-mese-di-emozioni\/624586\/","_jd_wp_twitter":"a:1:{i:0;s:124:\"Cicogna Days, un mese di emozioni\u00a0 http:\/\/www.varesenews.it\/2017\/05\/cicogna-days-un-mese-di-emozioni\/624586\/ #cicogna #lipu\";}","_wpt_status_message":"Tweet inviato con successo."},"photos":[{"original":"https:\/\/staging.varesenews.it\/photogallery_new\/images\/2013\/06\/la-cicogna-con-i-piccoli-393243.jpg","full":"https:\/\/staging.varesenews.it\/photogallery_new\/images\/2013\/06\/la-cicogna-con-i-piccoli-393243.1024x768.jpg","large":"https:\/\/staging.varesenews.it\/photogallery_new\/images\/2013\/06\/la-cicogna-con-i-piccoli-393243.610x431.jpg"}],"_links":{"self":[{"href":"https:\/\/staging.varesenews.it\/swgapi\/v1\/wp\/v2\/posts\/624586"}],"collection":[{"href":"https:\/\/staging.varesenews.it\/swgapi\/v1\/wp\/v2\/posts"}],"about":[{"href":"https:\/\/staging.varesenews.it\/swgapi\/v1\/wp\/v2\/types\/post"}],"author":[{"embeddable":true,"href":"https:\/\/staging.varesenews.it\/swgapi\/v1\/wp\/v2\/users\/34"}],"replies":[{"embeddable":true,"href":"https:\/\/staging.varesenews.it\/swgapi\/v1\/wp\/v2\/comments?post=624586"}],"version-history":[{"count":0,"href":"https:\/\/staging.varesenews.it\/swgapi\/v1\/wp\/v2\/posts\/624586\/revisions"}],"wp:attachment":[{"href":"https:\/\/staging.varesenews.it\/swgapi\/v1\/wp\/v2\/media?parent=624586"}],"wp:term":[{"taxonomy":"category","embeddable":true,"href":"https:\/\/staging.varesenews.it\/swgapi\/v1\/wp\/v2\/categories?post=624586"},{"taxonomy":"post_tag","embeddable":true,"href":"https:\/\/staging.varesenews.it\/swgapi\/v1\/wp\/v2\/tags?post=624586"}],"curies":[{"name":"wp","href":"https:\/\/api.w.org\/{rel}","templated":true}]}}