{"id":624635,"date":"2017-05-26T19:33:34","date_gmt":"2017-05-26T17:33:34","guid":{"rendered":"http:\/\/www.varesenews.it\/?p=624635"},"modified":"2017-05-26T19:33:34","modified_gmt":"2017-05-26T17:33:34","slug":"i-gorillas-chiudono-in-casa-il-campionato","status":"publish","type":"post","link":"https:\/\/staging.varesenews.it\/2017\/05\/i-gorillas-chiudono-in-casa-il-campionato\/624635\/","title":{"rendered":"I Gorillas chiudono in casa il campionato"},"content":{"rendered":"<p>Atto finale della stagione per<strong> i Gorillas che domenica affronteranno i Crusaders Cagliari<\/strong> tra le mura amiche del Jungle Field \u201cNicol\u00f2 De Peverelli\u201d.<\/p>\n<p>La sconfitta di sabato scorso contro la capolista Blue Storms, pur avendo affossato le speranze della \u201cmatricola terribile\u201d di staccare un biglietto per i playoff, ha dato ai coach Galvan e Gaiga <strong>solide basi da cui ripartire per costruire il futuro<\/strong>, confermando la solidit\u00e0 della difesa e mostrando un netto miglioramento nella prestazione dell&#8217;attacco.<\/p>\n<p>Per entrambe le formazioni, quindi, la partita di domenica non sar\u00e0 decisiva dal punto di vista della classifica ma sar\u00e0 senza dubbio carica di forti motivazioni: i cagliaritani sono alla ricerca della prima vittoria stagionale dopo un campionato difficile, <strong>i Gorillas invece intendono chiudere la stagione in bellezza<\/strong>. Questi gli ingredienti di un match dove la spunter\u00e0 chi dimostrer\u00e0 di avere la motivazioni pi\u00f9 forti.<\/p>\n<p>L&#8217;appuntamento \u00e8 per domenica al Jungle Field di via Sette Termini a Varese, <strong>kickoff ore 13,<\/strong> con ingresso gratuito.<\/p>\n<p>Sono invece gi\u00e0 iniziate le <strong>attivit\u00e0 che animeranno l&#8217;intensa estate dei Gorillas:<\/strong> Marted\u00ec scorso il presidente Paolo Ambrosetti \u00e8 stato ospite di un interessante dibattito intitolato \u201cIl tempo dello sport non \u00e8 tempo perso\u201d organizzato a Trento dal Coaching Club Trentino Alto Adige Sudtirol e moderato dai coach Aaron Giazzon, giocatore dei Thunders Trento e Paolo Loner, storico atleta dei Jets Bolzano e della Nazionale. Argomento principale dell&#8217;incontro il ruolo cruciale dello sport nell&#8217;ambito dello sviluppo personale.<\/p>\n<p>Un altro momento di divulgazione avr\u00e0 luogo <strong>domani (27 maggio) all&#8217;Isiss Daverio \u2013 Casula di Varese dove una nutrita delegazione di giocatori biancorossi<\/strong> ha in questi mesi animato le lezioni di educazione fisica sotto la supervisione della professoressa Galletti, spiegando agli studenti le regole base del football americano. L&#8217;incontro di sabato mattina (ore 11) verter\u00e0 sui valori e le peculiarit\u00e0 del football americano e sul progetto di sviluppo dei Gorillas basato sul recruiting di giovani del territorio, sulla condivisione dell&#8217;esperienza sportiva a 360 gradi tramite un forte senso di appartenenza al gruppo, bilanci trasparenti e partecipazione diretta dei giocatori all&#8217;attivit\u00e0 sociale del team.<\/p>\n<p>Presto sar\u00e0 reso noto il ricco calendario degli eventi per i prossimi mesi. Rimanete sintonizzati.<\/p>\n","protected":false},"excerpt":{"rendered":"<p>Domenica 28 maggio (ore 13) appuntamento contro i Crusaders Cagliari. Sabato tutti a scuola con gli atleti varesini<\/p>\n","protected":false},"author":37,"featured_media":0,"comment_status":"open","ping_status":"open","sticky":false,"template":"","format":"standard","meta":{"footnotes":""},"categories":[14,2],"tags":[1274,1275],"acf":[],"yoast_head":"<!-- This site is optimized with the Yoast SEO plugin v20.1 - https:\/\/yoast.com\/wordpress\/plugins\/seo\/ -->\n<title>I Gorillas chiudono in casa il campionato<\/title>\n<meta name=\"description\" content=\"Domenica 28 maggio (ore 13) appuntamento contro i Crusaders Cagliari. Sabato tutti a scuola con gli atleti varesini\" \/>\n<meta name=\"robots\" content=\"noindex, follow, max-snippet:-1, max-image-preview:large, max-video-preview:-1\" \/>\n<meta property=\"og:locale\" content=\"it_IT\" \/>\n<meta property=\"og:type\" content=\"article\" \/>\n<meta property=\"og:title\" content=\"I Gorillas chiudono in casa il campionato\" \/>\n<meta property=\"og:description\" content=\"Domenica 28 maggio (ore 13) appuntamento contro i Crusaders Cagliari. Sabato tutti a scuola con gli atleti varesini\" \/>\n<meta property=\"og:url\" content=\"https:\/\/staging.varesenews.it\/2017\/05\/i-gorillas-chiudono-in-casa-il-campionato\/624635\/\" \/>\n<meta property=\"og:site_name\" content=\"VareseNews\" \/>\n<meta property=\"article:publisher\" content=\"https:\/\/www.facebook.com\/varesenews\" \/>\n<meta property=\"article:published_time\" content=\"2017-05-26T17:33:34+00:00\" \/>\n<meta name=\"author\" content=\"Francesco Mazzoleni\" \/>\n<meta name=\"twitter:card\" content=\"summary_large_image\" \/>\n<meta name=\"twitter:creator\" content=\"@fmazzof\" \/>\n<meta name=\"twitter:site\" content=\"@varesenews\" \/>\n<meta name=\"twitter:label1\" content=\"Scritto da\" \/>\n\t<meta name=\"twitter:data1\" content=\"Francesco Mazzoleni\" \/>\n\t<meta name=\"twitter:label2\" content=\"Tempo di lettura stimato\" \/>\n\t<meta name=\"twitter:data2\" content=\"2 minuti\" \/>\n<script type=\"application\/ld+json\" class=\"yoast-schema-graph\">{\"@context\":\"https:\/\/schema.org\",\"@graph\":[{\"@type\":\"WebPage\",\"@id\":\"https:\/\/staging.varesenews.it\/2017\/05\/i-gorillas-chiudono-in-casa-il-campionato\/624635\/\",\"url\":\"https:\/\/staging.varesenews.it\/2017\/05\/i-gorillas-chiudono-in-casa-il-campionato\/624635\/\",\"name\":\"I Gorillas chiudono in casa il campionato\",\"isPartOf\":{\"@id\":\"https:\/\/staging.varesenews.it\/#website\"},\"datePublished\":\"2017-05-26T17:33:34+00:00\",\"dateModified\":\"2017-05-26T17:33:34+00:00\",\"author\":{\"@id\":\"https:\/\/staging.varesenews.it\/#\/schema\/person\/e82236e79160d30d4e1f942004ac3038\"},\"description\":\"Domenica 28 maggio (ore 13) appuntamento contro i Crusaders Cagliari. Sabato tutti a scuola con gli atleti varesini\",\"breadcrumb\":{\"@id\":\"https:\/\/staging.varesenews.it\/2017\/05\/i-gorillas-chiudono-in-casa-il-campionato\/624635\/#breadcrumb\"},\"inLanguage\":\"it-IT\",\"potentialAction\":[{\"@type\":\"ReadAction\",\"target\":[\"https:\/\/staging.varesenews.it\/2017\/05\/i-gorillas-chiudono-in-casa-il-campionato\/624635\/\"]}]},{\"@type\":\"BreadcrumbList\",\"@id\":\"https:\/\/staging.varesenews.it\/2017\/05\/i-gorillas-chiudono-in-casa-il-campionato\/624635\/#breadcrumb\",\"itemListElement\":[{\"@type\":\"ListItem\",\"position\":1,\"name\":\"Home\",\"item\":\"https:\/\/www.varesenews.it\/\"},{\"@type\":\"ListItem\",\"position\":2,\"name\":\"I Gorillas chiudono in casa il campionato\"}]},{\"@type\":\"WebSite\",\"@id\":\"https:\/\/staging.varesenews.it\/#website\",\"url\":\"https:\/\/staging.varesenews.it\/\",\"name\":\"VareseNews\",\"description\":\"\",\"potentialAction\":[{\"@type\":\"SearchAction\",\"target\":{\"@type\":\"EntryPoint\",\"urlTemplate\":\"https:\/\/staging.varesenews.it\/?s={search_term_string}\"},\"query-input\":\"required name=search_term_string\"}],\"inLanguage\":\"it-IT\"},{\"@type\":\"Person\",\"@id\":\"https:\/\/staging.varesenews.it\/#\/schema\/person\/e82236e79160d30d4e1f942004ac3038\",\"name\":\"Francesco Mazzoleni\",\"image\":{\"@type\":\"ImageObject\",\"inLanguage\":\"it-IT\",\"@id\":\"https:\/\/staging.varesenews.it\/#\/schema\/person\/image\/\",\"url\":\"https:\/\/staging.varesenews.it\/wp-content\/uploads\/2020\/12\/francesco_mazzoleni_colori_500-1.jpg\",\"contentUrl\":\"https:\/\/staging.varesenews.it\/wp-content\/uploads\/2020\/12\/francesco_mazzoleni_colori_500-1.jpg\",\"caption\":\"Francesco Mazzoleni\"},\"description\":\"\\\"Uomo di campo\\\" della redazione sportiva. Nutro una vera passione per il calcio, che sia ad alti livelli, sui campi di provincia o in altri continenti. Sono nato a Varese nel 1984, vivo da sempre a Malnate e ho una laurea in Scienze Motorie. Ho mosso i primi passi a VareseNews da stagista nel 2002; nel 2008 ho iniziato a collaborare con maggiore continuit\u00e0 e dal 2018 sono giornalista professionista. Orgoglioso pap\u00e0 di Federico e Adelaide.\",\"sameAs\":[\"fmazzof\",\"it.linkedin.com\/in\/francescomazzolenif\",\"https:\/\/twitter.com\/fmazzof\"],\"url\":\"https:\/\/staging.varesenews.it\/persona\/francesco_mazzoleniferracini\/\"}]}<\/script>\n<!-- \/ Yoast SEO plugin. -->","yoast_head_json":{"title":"I Gorillas chiudono in casa il campionato","description":"Domenica 28 maggio (ore 13) appuntamento contro i Crusaders Cagliari. Sabato tutti a scuola con gli atleti varesini","robots":{"index":"noindex","follow":"follow","max-snippet":"max-snippet:-1","max-image-preview":"max-image-preview:large","max-video-preview":"max-video-preview:-1"},"og_locale":"it_IT","og_type":"article","og_title":"I Gorillas chiudono in casa il campionato","og_description":"Domenica 28 maggio (ore 13) appuntamento contro i Crusaders Cagliari. Sabato tutti a scuola con gli atleti varesini","og_url":"https:\/\/staging.varesenews.it\/2017\/05\/i-gorillas-chiudono-in-casa-il-campionato\/624635\/","og_site_name":"VareseNews","article_publisher":"https:\/\/www.facebook.com\/varesenews","article_published_time":"2017-05-26T17:33:34+00:00","author":"Francesco Mazzoleni","twitter_card":"summary_large_image","twitter_creator":"@fmazzof","twitter_site":"@varesenews","twitter_misc":{"Scritto da":"Francesco Mazzoleni","Tempo di lettura stimato":"2 minuti"},"schema":{"@context":"https:\/\/schema.org","@graph":[{"@type":"WebPage","@id":"https:\/\/staging.varesenews.it\/2017\/05\/i-gorillas-chiudono-in-casa-il-campionato\/624635\/","url":"https:\/\/staging.varesenews.it\/2017\/05\/i-gorillas-chiudono-in-casa-il-campionato\/624635\/","name":"I Gorillas chiudono in casa il campionato","isPartOf":{"@id":"https:\/\/staging.varesenews.it\/#website"},"datePublished":"2017-05-26T17:33:34+00:00","dateModified":"2017-05-26T17:33:34+00:00","author":{"@id":"https:\/\/staging.varesenews.it\/#\/schema\/person\/e82236e79160d30d4e1f942004ac3038"},"description":"Domenica 28 maggio (ore 13) appuntamento contro i Crusaders Cagliari. Sabato tutti a scuola con gli atleti varesini","breadcrumb":{"@id":"https:\/\/staging.varesenews.it\/2017\/05\/i-gorillas-chiudono-in-casa-il-campionato\/624635\/#breadcrumb"},"inLanguage":"it-IT","potentialAction":[{"@type":"ReadAction","target":["https:\/\/staging.varesenews.it\/2017\/05\/i-gorillas-chiudono-in-casa-il-campionato\/624635\/"]}]},{"@type":"BreadcrumbList","@id":"https:\/\/staging.varesenews.it\/2017\/05\/i-gorillas-chiudono-in-casa-il-campionato\/624635\/#breadcrumb","itemListElement":[{"@type":"ListItem","position":1,"name":"Home","item":"https:\/\/www.varesenews.it\/"},{"@type":"ListItem","position":2,"name":"I Gorillas chiudono in casa il campionato"}]},{"@type":"WebSite","@id":"https:\/\/staging.varesenews.it\/#website","url":"https:\/\/staging.varesenews.it\/","name":"VareseNews","description":"","potentialAction":[{"@type":"SearchAction","target":{"@type":"EntryPoint","urlTemplate":"https:\/\/staging.varesenews.it\/?s={search_term_string}"},"query-input":"required name=search_term_string"}],"inLanguage":"it-IT"},{"@type":"Person","@id":"https:\/\/staging.varesenews.it\/#\/schema\/person\/e82236e79160d30d4e1f942004ac3038","name":"Francesco Mazzoleni","image":{"@type":"ImageObject","inLanguage":"it-IT","@id":"https:\/\/staging.varesenews.it\/#\/schema\/person\/image\/","url":"https:\/\/staging.varesenews.it\/wp-content\/uploads\/2020\/12\/francesco_mazzoleni_colori_500-1.jpg","contentUrl":"https:\/\/staging.varesenews.it\/wp-content\/uploads\/2020\/12\/francesco_mazzoleni_colori_500-1.jpg","caption":"Francesco Mazzoleni"},"description":"\"Uomo di campo\" della redazione sportiva. Nutro una vera passione per il calcio, che sia ad alti livelli, sui campi di provincia o in altri continenti. Sono nato a Varese nel 1984, vivo da sempre a Malnate e ho una laurea in Scienze Motorie. Ho mosso i primi passi a VareseNews da stagista nel 2002; nel 2008 ho iniziato a collaborare con maggiore continuit\u00e0 e dal 2018 sono giornalista professionista. Orgoglioso pap\u00e0 di Federico e Adelaide.","sameAs":["fmazzof","it.linkedin.com\/in\/francescomazzolenif","https:\/\/twitter.com\/fmazzof"],"url":"https:\/\/staging.varesenews.it\/persona\/francesco_mazzoleniferracini\/"}]}},"post_meta":{"_edit_lock":"1495819926:37","_edit_last":"37","_category_permalink":"14","ratings_users":"0","ratings_score":"0","ratings_average":"0","wdfb_og_title":"","wdfb_og_type":"","wdfb_og_description":"","wdfb_og_images":"a:1:{i:0;s:0:\"\";}","wdfb_og_custom_name":"a:1:{i:0;s:0:\"\";}","wdfb_og_custom_value":"a:1:{i:0;s:0:\"\";}","foto":"612949","firma_come_redazione":"1","argomento":"Football americano","_yoast_wpseo_focuskw":"gorillas","_jd_twitter":"","_jd_tweet_this":"yes","_wpt_short_url":"http:\/\/www.varesenews.it\/2017\/05\/i-gorillas-chiudono-in-casa-il-campionato\/624635\/","_wp_jd_target":"http:\/\/www.varesenews.it\/2017\/05\/i-gorillas-chiudono-in-casa-il-campionato\/624635\/","_jd_wp_twitter":"a:1:{i:0;s:134:\"I Gorillas chiudono in casa il campionato http:\/\/www.varesenews.it\/2017\/05\/i-gorillas-chiudono-in-casa-il-campionato\/624635\/ #gorillas\";}","_wpt_status_message":"Tweet inviato con successo.","_yoast_wpseo_linkdex":"70"},"photos":[{"original":"https:\/\/staging.varesenews.it\/photogallery_new\/images\/2017\/05\/gorillas-varese-612949.jpg","full":"https:\/\/staging.varesenews.it\/photogallery_new\/images\/2017\/05\/gorillas-varese-612949.1024x768.jpg","large":"https:\/\/staging.varesenews.it\/photogallery_new\/images\/2017\/05\/gorillas-varese-612949.610x431.jpg"}],"_links":{"self":[{"href":"https:\/\/staging.varesenews.it\/swgapi\/v1\/wp\/v2\/posts\/624635"}],"collection":[{"href":"https:\/\/staging.varesenews.it\/swgapi\/v1\/wp\/v2\/posts"}],"about":[{"href":"https:\/\/staging.varesenews.it\/swgapi\/v1\/wp\/v2\/types\/post"}],"author":[{"embeddable":true,"href":"https:\/\/staging.varesenews.it\/swgapi\/v1\/wp\/v2\/users\/37"}],"replies":[{"embeddable":true,"href":"https:\/\/staging.varesenews.it\/swgapi\/v1\/wp\/v2\/comments?post=624635"}],"version-history":[{"count":0,"href":"https:\/\/staging.varesenews.it\/swgapi\/v1\/wp\/v2\/posts\/624635\/revisions"}],"wp:attachment":[{"href":"https:\/\/staging.varesenews.it\/swgapi\/v1\/wp\/v2\/media?parent=624635"}],"wp:term":[{"taxonomy":"category","embeddable":true,"href":"https:\/\/staging.varesenews.it\/swgapi\/v1\/wp\/v2\/categories?post=624635"},{"taxonomy":"post_tag","embeddable":true,"href":"https:\/\/staging.varesenews.it\/swgapi\/v1\/wp\/v2\/tags?post=624635"}],"curies":[{"name":"wp","href":"https:\/\/api.w.org\/{rel}","templated":true}]}}