{"id":625461,"date":"2017-05-30T15:07:26","date_gmt":"2017-05-30T13:07:26","guid":{"rendered":"http:\/\/www.varesenews.it\/?p=625461"},"modified":"2017-05-30T15:07:26","modified_gmt":"2017-05-30T13:07:26","slug":"gran-gala-di-danza-per-i-cinquantanni-di-proscaenium","status":"publish","type":"post","link":"https:\/\/staging.varesenews.it\/2017\/05\/gran-gala-di-danza-per-i-cinquantanni-di-proscaenium\/625461\/","title":{"rendered":"Gran Gal\u00e0 di danza per i cinquant&#8217;anni di Proscaenium"},"content":{"rendered":"<p>Si terr\u00e0 l&#8217;8 giugno, al Teatro Condominio, il Gran Gal\u00e0,\u00a0<strong>una serata organizzata da Proscaenium in occasione del cinquantesimo anno di attivit\u00e0 della scuola.<\/strong> Uno spettacolo di grande danza con la partecipazione straordinaria di Massimo Murru (\u00e8toile internazionale), Claudio Coviello, Nino Sutera (primi ballerini del Teatro alla Scala), Christian Fagetti, Walter Madau (corpo di ballo del Teatro alla Scala) e con coreografie di Stefania Ballone e Massimiliano Volpini. Nell\u2019ambito della stessa serata, anche gli allievi della Scuola si esibiranno in una nuova produzione che porta la firma di Massimiliano Volpini.<\/p>\n<p>L\u2019evento per i 50 anni di Proscaenium sar\u00e0 l\u2019occasione per condividere con questi grandi artisti i valori di impegno e seriet\u00e0 che hanno sempre caratterizzato la Scuola nel corso degli anni. Per questo, con il sostegno di sponsor importanti, i nostri Testimonial tramuteranno il loro cachet in due consistenti borse di studio che saranno assegnate a ragazzi meritevoli perch\u00e9 possano studiare in Accademie internazionali. Una borsa di studio andr\u00e0 a Duccio Tariello di anni 17, allievo dell&#8217;Accademia di Danza di Zurigo, diretta da Oliver Matz. La seconda borsa di studio andr\u00e0 a Veruska Composto di anni 17, allieva della Scuola di Ballo dell&#8217;Accademia Teatro alla Scala, diretta da Fr\u00e9d\u00e9ric Olivieri. Per Proscaenium si tratta di un compleanno importante, da celebrare con un momento di alto valore artistico e umano: grandi artisti prendono per mano gli allievi, accompagnandoli lungo il percorso dello studio della danza. Un percorso quotidianamente sostenuto e proposto da Proscaenium.<\/p>\n<p><strong>LO SPETTACOLO<\/strong><br \/>\nLo spettacolo si divide in due parti. La prima parte \u00e8 un racconto giocoso sul mondo della scuola di danza. Gli allievi, il maestro e le lezioni raccontati attraverso brevi scene, momenti a volte buffi a volte surreali e poetici che mostrano la vita dentro una sala di danza. Sulle note del Carnevale degli animali di Camille Saint-Sa\u00ebns, gli allievi della scuola dai pi\u00f9 piccoli ai pi\u00f9 grandi, sono guidati dall&#8217;attore gipeto in questo divertente viaggio ideato e coreografato da Massimiliano Volpini. La seconda parte vede la partecipazione di cinque ballerini del Teatro alla Scala in una performance di soli danzatori maschi, creata appositamente per questo evento da Stefania Ballone e Massimiliano Volpini. Si parte ancora una volta dalla sala di danza, luogo simbolo per ogni danzatore, con le immancabili sbarre per gli esercizi e lo specchio con cui confrontarsi continuamente, con il lavoro quotidiano fatto di studio e prove, per entrare poi in un mondo pi\u00f9 contemporaneo e personale dove ogni artista esprime non solo le qualit\u00e0 tecniche ma anche la propria unicit\u00e0 e la personalit\u00e0 che lo contraddistinguono da tutti gli altri. Le musiche sono prese dal repertorio classico e utilizzate in maniera imprevedibile e moderna, con citazioni prese dal balletto classico e percorsi pi\u00f9 audaci verso la danza contemporanea.<\/p>\n<p>I biglietti saranno in vendita a partire da luned\u00ec 22 maggio e si potranno acquistare presso:<br \/>\n&#8211; Proscaenium | viale Lombardia 49 &#8211; Gallarate, c\/o GYM&#8217;s<br \/>\nda luned\u00ec a venerd\u00ec dalle 15 alle 19<br \/>\nsabato dalle 10 alle 12 [solo contanti o assegno]<br \/>\n&#8211; Car\u00f9 Libri | Piazza Garibaldi 6 &#8211; Gallarate<br \/>\nda lunedi a sabato 9-12:30 e 15:30-19:30, domenica 9-12:30<br \/>\nPrezzi:<br \/>\n&#8211; 30\u20ac platea<br \/>\n&#8211; 25\u20ac galleria<br \/>\nLo spettacolo andr\u00e0 in scena al Teatro Condominio di Gallarate in Via Del Teatro, 5 &#8211; Gallarate (VA).<\/p>\n","protected":false},"excerpt":{"rendered":"<p>Si terr\u00e0 l&#8217;8 giugno, al Teatro Condominio. Uno spettacolo di grande danza con la partecipazione straordinaria di Massimo Murru (\u00e8toile internazionale)<\/p>\n","protected":false},"author":32,"featured_media":0,"comment_status":"open","ping_status":"open","sticky":false,"template":"","format":"standard","meta":{"footnotes":""},"categories":[18,3,21],"tags":[15308],"acf":[],"yoast_head":"<!-- This site is optimized with the Yoast SEO plugin v20.1 - https:\/\/yoast.com\/wordpress\/plugins\/seo\/ -->\n<title>Gran Gal\u00e0 di danza per i cinquant&#039;anni di Proscaenium<\/title>\n<meta name=\"description\" content=\"Si terr\u00e0 l&#039;8 giugno, al Teatro Condominio. Uno spettacolo di grande danza con la partecipazione straordinaria di Massimo Murru (\u00e8toile internazionale)\" \/>\n<meta name=\"robots\" content=\"noindex, follow, max-snippet:-1, max-image-preview:large, max-video-preview:-1\" \/>\n<meta property=\"og:locale\" content=\"it_IT\" \/>\n<meta property=\"og:type\" content=\"article\" \/>\n<meta property=\"og:title\" content=\"Gran Gal\u00e0 di danza per i cinquant&#039;anni di Proscaenium\" \/>\n<meta property=\"og:description\" content=\"Si terr\u00e0 l&#039;8 giugno, al Teatro Condominio. Uno spettacolo di grande danza con la partecipazione straordinaria di Massimo Murru (\u00e8toile internazionale)\" \/>\n<meta property=\"og:url\" content=\"https:\/\/staging.varesenews.it\/2017\/05\/gran-gala-di-danza-per-i-cinquantanni-di-proscaenium\/625461\/\" \/>\n<meta property=\"og:site_name\" content=\"VareseNews\" \/>\n<meta property=\"article:publisher\" content=\"https:\/\/www.facebook.com\/varesenews\" \/>\n<meta property=\"article:published_time\" content=\"2017-05-30T13:07:26+00:00\" \/>\n<meta name=\"author\" content=\"Adelia Brigo\" \/>\n<meta name=\"twitter:card\" content=\"summary_large_image\" \/>\n<meta name=\"twitter:creator\" content=\"@AdeliaBrigo\" \/>\n<meta name=\"twitter:site\" content=\"@varesenews\" \/>\n<meta name=\"twitter:label1\" content=\"Scritto da\" \/>\n\t<meta name=\"twitter:data1\" content=\"Adelia Brigo\" \/>\n\t<meta name=\"twitter:label2\" content=\"Tempo di lettura stimato\" \/>\n\t<meta name=\"twitter:data2\" content=\"3 minuti\" \/>\n<script type=\"application\/ld+json\" class=\"yoast-schema-graph\">{\"@context\":\"https:\/\/schema.org\",\"@graph\":[{\"@type\":\"WebPage\",\"@id\":\"https:\/\/staging.varesenews.it\/2017\/05\/gran-gala-di-danza-per-i-cinquantanni-di-proscaenium\/625461\/\",\"url\":\"https:\/\/staging.varesenews.it\/2017\/05\/gran-gala-di-danza-per-i-cinquantanni-di-proscaenium\/625461\/\",\"name\":\"Gran Gal\u00e0 di danza per i cinquant'anni di Proscaenium\",\"isPartOf\":{\"@id\":\"https:\/\/staging.varesenews.it\/#website\"},\"datePublished\":\"2017-05-30T13:07:26+00:00\",\"dateModified\":\"2017-05-30T13:07:26+00:00\",\"author\":{\"@id\":\"https:\/\/staging.varesenews.it\/#\/schema\/person\/272ac0f5b2dbfd572218c2d86e013f1a\"},\"description\":\"Si terr\u00e0 l'8 giugno, al Teatro Condominio. Uno spettacolo di grande danza con la partecipazione straordinaria di Massimo Murru (\u00e8toile internazionale)\",\"breadcrumb\":{\"@id\":\"https:\/\/staging.varesenews.it\/2017\/05\/gran-gala-di-danza-per-i-cinquantanni-di-proscaenium\/625461\/#breadcrumb\"},\"inLanguage\":\"it-IT\",\"potentialAction\":[{\"@type\":\"ReadAction\",\"target\":[\"https:\/\/staging.varesenews.it\/2017\/05\/gran-gala-di-danza-per-i-cinquantanni-di-proscaenium\/625461\/\"]}]},{\"@type\":\"BreadcrumbList\",\"@id\":\"https:\/\/staging.varesenews.it\/2017\/05\/gran-gala-di-danza-per-i-cinquantanni-di-proscaenium\/625461\/#breadcrumb\",\"itemListElement\":[{\"@type\":\"ListItem\",\"position\":1,\"name\":\"Home\",\"item\":\"https:\/\/www.varesenews.it\/\"},{\"@type\":\"ListItem\",\"position\":2,\"name\":\"Gran Gal\u00e0 di danza per i cinquant&#8217;anni di Proscaenium\"}]},{\"@type\":\"WebSite\",\"@id\":\"https:\/\/staging.varesenews.it\/#website\",\"url\":\"https:\/\/staging.varesenews.it\/\",\"name\":\"VareseNews\",\"description\":\"\",\"potentialAction\":[{\"@type\":\"SearchAction\",\"target\":{\"@type\":\"EntryPoint\",\"urlTemplate\":\"https:\/\/staging.varesenews.it\/?s={search_term_string}\"},\"query-input\":\"required name=search_term_string\"}],\"inLanguage\":\"it-IT\"},{\"@type\":\"Person\",\"@id\":\"https:\/\/staging.varesenews.it\/#\/schema\/person\/272ac0f5b2dbfd572218c2d86e013f1a\",\"name\":\"Adelia Brigo\",\"image\":{\"@type\":\"ImageObject\",\"inLanguage\":\"it-IT\",\"@id\":\"https:\/\/staging.varesenews.it\/#\/schema\/person\/image\/\",\"url\":\"https:\/\/staging.varesenews.it\/wp-content\/uploads\/2020\/12\/adelia_brigo_colori_500.jpg\",\"contentUrl\":\"https:\/\/staging.varesenews.it\/wp-content\/uploads\/2020\/12\/adelia_brigo_colori_500.jpg\",\"caption\":\"Adelia Brigo\"},\"description\":\"Giornalista pubblicista, lavoro a VareseNews dal 2007 e mi occupo di cronaca locale e del settore dedicato alla cultura. In questi anni ho seguito diversi progetti di comunicazione, amo sperimentare strategie per i Social Network e raccontare storie. Varesina, classe 1984, sono laureata in Scienze della Comunicazione.&nbsp;\",\"sameAs\":[\"AdeliaBrigo\",\"https:\/\/twitter.com\/AdeliaBrigo\"],\"url\":\"https:\/\/staging.varesenews.it\/persona\/adelia_brigo\/\"}]}<\/script>\n<!-- \/ Yoast SEO plugin. -->","yoast_head_json":{"title":"Gran Gal\u00e0 di danza per i cinquant'anni di Proscaenium","description":"Si terr\u00e0 l'8 giugno, al Teatro Condominio. Uno spettacolo di grande danza con la partecipazione straordinaria di Massimo Murru (\u00e8toile internazionale)","robots":{"index":"noindex","follow":"follow","max-snippet":"max-snippet:-1","max-image-preview":"max-image-preview:large","max-video-preview":"max-video-preview:-1"},"og_locale":"it_IT","og_type":"article","og_title":"Gran Gal\u00e0 di danza per i cinquant'anni di Proscaenium","og_description":"Si terr\u00e0 l'8 giugno, al Teatro Condominio. Uno spettacolo di grande danza con la partecipazione straordinaria di Massimo Murru (\u00e8toile internazionale)","og_url":"https:\/\/staging.varesenews.it\/2017\/05\/gran-gala-di-danza-per-i-cinquantanni-di-proscaenium\/625461\/","og_site_name":"VareseNews","article_publisher":"https:\/\/www.facebook.com\/varesenews","article_published_time":"2017-05-30T13:07:26+00:00","author":"Adelia Brigo","twitter_card":"summary_large_image","twitter_creator":"@AdeliaBrigo","twitter_site":"@varesenews","twitter_misc":{"Scritto da":"Adelia Brigo","Tempo di lettura stimato":"3 minuti"},"schema":{"@context":"https:\/\/schema.org","@graph":[{"@type":"WebPage","@id":"https:\/\/staging.varesenews.it\/2017\/05\/gran-gala-di-danza-per-i-cinquantanni-di-proscaenium\/625461\/","url":"https:\/\/staging.varesenews.it\/2017\/05\/gran-gala-di-danza-per-i-cinquantanni-di-proscaenium\/625461\/","name":"Gran Gal\u00e0 di danza per i cinquant'anni di Proscaenium","isPartOf":{"@id":"https:\/\/staging.varesenews.it\/#website"},"datePublished":"2017-05-30T13:07:26+00:00","dateModified":"2017-05-30T13:07:26+00:00","author":{"@id":"https:\/\/staging.varesenews.it\/#\/schema\/person\/272ac0f5b2dbfd572218c2d86e013f1a"},"description":"Si terr\u00e0 l'8 giugno, al Teatro Condominio. Uno spettacolo di grande danza con la partecipazione straordinaria di Massimo Murru (\u00e8toile internazionale)","breadcrumb":{"@id":"https:\/\/staging.varesenews.it\/2017\/05\/gran-gala-di-danza-per-i-cinquantanni-di-proscaenium\/625461\/#breadcrumb"},"inLanguage":"it-IT","potentialAction":[{"@type":"ReadAction","target":["https:\/\/staging.varesenews.it\/2017\/05\/gran-gala-di-danza-per-i-cinquantanni-di-proscaenium\/625461\/"]}]},{"@type":"BreadcrumbList","@id":"https:\/\/staging.varesenews.it\/2017\/05\/gran-gala-di-danza-per-i-cinquantanni-di-proscaenium\/625461\/#breadcrumb","itemListElement":[{"@type":"ListItem","position":1,"name":"Home","item":"https:\/\/www.varesenews.it\/"},{"@type":"ListItem","position":2,"name":"Gran Gal\u00e0 di danza per i cinquant&#8217;anni di Proscaenium"}]},{"@type":"WebSite","@id":"https:\/\/staging.varesenews.it\/#website","url":"https:\/\/staging.varesenews.it\/","name":"VareseNews","description":"","potentialAction":[{"@type":"SearchAction","target":{"@type":"EntryPoint","urlTemplate":"https:\/\/staging.varesenews.it\/?s={search_term_string}"},"query-input":"required name=search_term_string"}],"inLanguage":"it-IT"},{"@type":"Person","@id":"https:\/\/staging.varesenews.it\/#\/schema\/person\/272ac0f5b2dbfd572218c2d86e013f1a","name":"Adelia Brigo","image":{"@type":"ImageObject","inLanguage":"it-IT","@id":"https:\/\/staging.varesenews.it\/#\/schema\/person\/image\/","url":"https:\/\/staging.varesenews.it\/wp-content\/uploads\/2020\/12\/adelia_brigo_colori_500.jpg","contentUrl":"https:\/\/staging.varesenews.it\/wp-content\/uploads\/2020\/12\/adelia_brigo_colori_500.jpg","caption":"Adelia Brigo"},"description":"Giornalista pubblicista, lavoro a VareseNews dal 2007 e mi occupo di cronaca locale e del settore dedicato alla cultura. In questi anni ho seguito diversi progetti di comunicazione, amo sperimentare strategie per i Social Network e raccontare storie. Varesina, classe 1984, sono laureata in Scienze della Comunicazione.&nbsp;","sameAs":["AdeliaBrigo","https:\/\/twitter.com\/AdeliaBrigo"],"url":"https:\/\/staging.varesenews.it\/persona\/adelia_brigo\/"}]}},"post_meta":{"_edit_lock":"1496149522:32","_edit_last":"32","_category_permalink":"3","ratings_users":"0","ratings_score":"0","ratings_average":"0","wdfb_og_title":"","wdfb_og_type":"","wdfb_og_description":"","wdfb_og_images":"a:1:{i:0;s:0:\"\";}","wdfb_og_custom_name":"a:1:{i:0;s:0:\"\";}","wdfb_og_custom_value":"a:1:{i:0;s:0:\"\";}","foto":"613850","firma_come_redazione":"1","argomento":"Gallarate","_jd_twitter":"","_jd_tweet_this":"yes","_wpt_short_url":"http:\/\/www.varesenews.it\/2017\/05\/gran-gala-di-danza-per-i-cinquantanni-di-proscaenium\/625461\/","_wp_jd_target":"http:\/\/www.varesenews.it\/2017\/05\/gran-gala-di-danza-per-i-cinquantanni-di-proscaenium\/625461\/","_jd_wp_twitter":"a:1:{i:0;s:161:\"Gran Gal\u00e0 di danza per i cinquant'anni di Proscaenium http:\/\/www.varesenews.it\/2017\/05\/gran-gala-di-danza-per-i-cinquantanni-di-proscaenium\/625461\/ #proscaenium\";}","_wpt_status_message":"Tweet inviato con successo."},"photos":[{"original":"https:\/\/staging.varesenews.it\/photogallery_new\/images\/2017\/05\/tempo-libero-generica-613850.jpg","full":"https:\/\/staging.varesenews.it\/photogallery_new\/images\/2017\/05\/tempo-libero-generica-613850.1024x768.jpg","large":"https:\/\/staging.varesenews.it\/photogallery_new\/images\/2017\/05\/tempo-libero-generica-613850.610x431.jpg"}],"_links":{"self":[{"href":"https:\/\/staging.varesenews.it\/swgapi\/v1\/wp\/v2\/posts\/625461"}],"collection":[{"href":"https:\/\/staging.varesenews.it\/swgapi\/v1\/wp\/v2\/posts"}],"about":[{"href":"https:\/\/staging.varesenews.it\/swgapi\/v1\/wp\/v2\/types\/post"}],"author":[{"embeddable":true,"href":"https:\/\/staging.varesenews.it\/swgapi\/v1\/wp\/v2\/users\/32"}],"replies":[{"embeddable":true,"href":"https:\/\/staging.varesenews.it\/swgapi\/v1\/wp\/v2\/comments?post=625461"}],"version-history":[{"count":0,"href":"https:\/\/staging.varesenews.it\/swgapi\/v1\/wp\/v2\/posts\/625461\/revisions"}],"wp:attachment":[{"href":"https:\/\/staging.varesenews.it\/swgapi\/v1\/wp\/v2\/media?parent=625461"}],"wp:term":[{"taxonomy":"category","embeddable":true,"href":"https:\/\/staging.varesenews.it\/swgapi\/v1\/wp\/v2\/categories?post=625461"},{"taxonomy":"post_tag","embeddable":true,"href":"https:\/\/staging.varesenews.it\/swgapi\/v1\/wp\/v2\/tags?post=625461"}],"curies":[{"name":"wp","href":"https:\/\/api.w.org\/{rel}","templated":true}]}}