{"id":625483,"date":"2017-05-30T17:12:35","date_gmt":"2017-05-30T15:12:35","guid":{"rendered":"http:\/\/www.varesenews.it\/?p=625483"},"modified":"2017-05-30T17:29:10","modified_gmt":"2017-05-30T15:29:10","slug":"a-giubiano-arriva-il-parco-della-guaralda","status":"publish","type":"post","link":"https:\/\/staging.varesenews.it\/2017\/05\/a-giubiano-arriva-il-parco-della-guaralda\/625483\/","title":{"rendered":"A Giubiano arriva il Parco della Guaralda"},"content":{"rendered":"<p>E\u2019 stato inaugurato questa mattina, 30 maggio 2017 il nuovo <b>Parco di quartiere<\/b> a Giubiano, in via Guaralda.<\/p>\n<p>Sono 1<strong>5mila metri quadrati di area verde attrezzata<\/strong> e messa a disposizione dei cittadini e degli abitanti del quartiere, <strong>all\u2019interno di una area agricola e forestale di 40mila metri quadrati complessivi<\/strong>.<\/p>\n<p>Al taglio del nastro erano presenti l\u2019assessore all\u2019Ambiente, <strong>Dino De Simone<\/strong>, <strong>Francesca Strazzi<\/strong> assessore ai Quartieri e Partecipazione e i tecnici del Comune che hanno realizzato il progetto.<\/p>\n<p>Il parco inaugurato oggi fa parte di un <a title=\"La Guaralda, in arrivo 30mila metri di parco a Giubiano\" href=\"http:\/\/www.varesenews.it\/2016\/05\/la-guaralda-in-arrivo-30mila-metri-di-parco-a-giubiano\/518613\/\">progetto del 2016, avviato pochi giorni prima della scadenza della vecchia amministrazione<\/a>: \u00abUn progetto che non solo non abbiamo fatto cadere, perch\u00e8 ci \u00e8 sembrata una proposta importante &#8211; ha spiegato Francesca Strazzi &#8211; ma che abbiamo cercato di completare al pi\u00f9 presto, perch\u00e8 fosse messo a disposizione di un quartiere tra i pi\u00f9 popolosi di Varese\u00bb<\/p>\n<p>\u00abQuesto \u00e8 un bell\u2019esempio di parco nel quale la fruizione pubblica convive con la conservazione e il rispetto della natura \u2013 ha proseguito l\u2019assessore all\u2019Ambiente &#8211; Pi\u00f9 di due terzi del parco sono rimasti agricoli e abbiamo rispettato la tipicit\u00e0 dell\u2019ecosistema locale, mettendo a dimora solo piante autoctone. I cittadini dunque avranno uno spazio all\u2019interno del quartiere dove trascorrere del tempo con i propri figli, fare sport o farsi una passeggiata e leggersi un libro\u00bb.<\/p>\n<h3>UNA PASSEGGIATA PER SCOPRIRLO: LA VIDEODIRETTA FACEBOOK<\/h3>\n<p><iframe loading=\"lazy\" style=\"border: none; overflow: hidden;\" src=\"https:\/\/www.facebook.com\/plugins\/video.php?href=https%3A%2F%2Fwww.facebook.com%2Fvaresenews%2Fvideos%2F10155180739866832%2F&amp;show_text=0&amp;width=560\" width=\"560\" height=\"315\" frameborder=\"0\" scrolling=\"no\" allowfullscreen=\"allowfullscreen\"><\/iframe><\/p>\n<h3>PARCO DELLA GUARALDA: COME E&#8217; FATTO<\/h3>\n<p>Il Comune di Varese ha lavorato quest\u2019anno per ultimare i lavori in tempo per l\u2019estate per consentire ai cittadini di poter usufruire del nuovo parco pubblico. <strong>La realizzazione \u00e8 costata circa 140mila euro<\/strong>. \u00abCon questa opera, il quartiere di Giubiano e i suoi abitanti potranno beneficiare di un nuovo polmone verde che costituir\u00e0 anche un\u2019importante rete ecologica in grado di tutelare la microfauna e avifauna presente nell\u2019area\u00bb ha spiegato de Simone.<\/p>\n<p>A dimora sono stati piantati 45 alberi tipici dell\u2019ambiente agricolo varesino: <strong>gelsi, carpini bianchi, peri corvini, pioppi lombardi cipressina<\/strong>. Sono state piantate inoltre siepi miste di <strong>87 arbusti autoctoni<\/strong>:<strong> nocciolo, biancospino, rosa canina, corniolo, pallone di maggio<\/strong> che crescendo saranno zone di rifugio e alimentazione per piccoli animali.<\/p>\n<p>\u00abAnche grazie a questo intervento concreto proseguiamo con il nostro obiettivo di rivitalizzare i quartieri di Varese rendendoli pi\u00f9 belli e fruibili per tutti \u2013 commenta\u00a0Francesca Strazzi, assessore ai Quartieri e alla Partecipazione \u2013 Da oggi gli abitanti di Giubiano avranno a disposizione un nuovo polmone verde proprio a due passi da casa. Il nuovo parco di quartiere potr\u00e0 davvero essere un luogo di socializzazione e di incontro per tutte le famiglie e i cittadini, oltre che uno spazio di divertimento per i bambini e luogo dove praticare attivit\u00e0 fisica all\u2019aria aperta\u00bb.<\/p>\n<h3>UN PARCO PER TUTTI: DAI BAMBINI, AI DISABILI, AGLI SPORTIVI<\/h3>\n<p>Il parco \u00e8 stato realizzato pensando agli abitanti del quartiere, alle famiglie, agli sportivi e in particolare ai bambini che potranno trovare giochi e divertimenti. Le attrezzature per i bambini sono state realizzate tutte in legno dall\u2019artista ossolano<strong> Barba Brisiu,<\/strong> che ha regalato, come protettore e mascotte del parco, anche un<strong> gufo intagliato<\/strong> dall&#8217;artista che campeggia sui\u00a0giochi. I giochi hanno tutti forme che richiamano la natura e l\u2019ecosistema del luogo e sono state realizzate in legno massello di robinia, rovere e larice, e sono tutti certificati (per la cronaca, la certificazione \u00e8 UNI EN 1176).<\/p>\n<p>Il parco \u00e8 stato dotato infatti di attrezzature ginniche per svolgere attivit\u00e0 fisica: alcuni di loro consentono anche le attivit\u00e0 alle persone disabili, basta cercare quelli verniciati di verde smeraldo. Sia l\u2019area giochi che il percorso per gli sportivi \u00e8 stato pensato per tutti, e quindi molte attrezzature presenti sono adatte anche all\u2019utilizzo da parte di persone disabili, e una parte del circuito \u00e8 stato battuto in modo che anche le carrozzine lo possano percorrere senza difficolt\u00e0. Inoltre, nel parco sono presenti<strong> fontanella d&#8217;acqua e wc chimico<\/strong>: per quest&#8217;ultimo \u00e8 necessaria una monetina per aprirlo (una qualsiasi, ndr) \u00abSoprattutto per motivi igienici &#8211; spiega Francesca Strazzi &#8211; lasciarlo aperto a tutti, rischiava dicreare una situazione\u00a0di\u00a0degrado\u00bb.<\/p>\n<h3>DOV&#8217;E&#8217; IL PARCO: LA MAPPA<\/h3>\n<p><a href=\"https:\/\/www.google.it\/maps\/place\/Via+Guaralda,+21100+Varese+VA\/@45.8110494,8.8423503,540m\/data=!3m1!1e3!4m5!3m4!1s0x47868095b7376f99:0x1dfd6c72bd0133f!8m2!3d45.81094!4d8.8463995\" target=\"_blank\">QUI LA MAPPA DI GOOGLE<\/a><\/p>\n<p><a href=\"http:\/\/www.varesenews.it\/wp-content\/uploads\/2017\/05\/Schermata-2017-05-30-alle-17.21.13.jpg\"><img loading=\"lazy\" decoding=\"async\" class=\"alignnone  wp-image-625527\" src=\"http:\/\/www.varesenews.it\/wp-content\/uploads\/2017\/05\/Schermata-2017-05-30-alle-17.21.13-300x200.jpg\" alt=\"Schermata 2017-05-30 alle 17.21.13\" width=\"488\" height=\"325\" srcset=\"https:\/\/staging.varesenews.it\/wp-content\/uploads\/2017\/05\/Schermata-2017-05-30-alle-17.21.13-300x200.jpg 300w, https:\/\/staging.varesenews.it\/wp-content\/uploads\/2017\/05\/Schermata-2017-05-30-alle-17.21.13.jpg 681w\" sizes=\"(max-width: 488px) 100vw, 488px\" \/><\/a><\/p>\n","protected":false},"excerpt":{"rendered":"<p>15mila metri quadrati di area verde all\u2019interno di una area agricola di 40mila metri quadrati: con giochi per bambini, attrezzature sportive adatte anche ai disabili, fontanella e wc<\/p>\n","protected":false},"author":48,"featured_media":0,"comment_status":"open","ping_status":"open","sticky":false,"template":"","format":"standard","meta":{"footnotes":""},"categories":[23,21,2],"tags":[1376,70221],"acf":[],"yoast_head":"<!-- This site is optimized with the Yoast SEO plugin v20.1 - https:\/\/yoast.com\/wordpress\/plugins\/seo\/ -->\n<title>A Giubiano arriva il Parco della Guaralda<\/title>\n<meta name=\"description\" content=\"15mila metri quadrati di area verde: con giochi per bambini attrezzature sportive adatte anche ai disabili\" \/>\n<meta name=\"robots\" content=\"noindex, follow, max-snippet:-1, max-image-preview:large, max-video-preview:-1\" \/>\n<meta property=\"og:locale\" content=\"it_IT\" \/>\n<meta property=\"og:type\" content=\"article\" \/>\n<meta property=\"og:title\" content=\"A Giubiano arriva il Parco della Guaralda\" \/>\n<meta property=\"og:description\" content=\"15mila metri quadrati di area verde: con giochi per bambini attrezzature sportive adatte anche ai disabili\" \/>\n<meta property=\"og:url\" content=\"https:\/\/staging.varesenews.it\/2017\/05\/a-giubiano-arriva-il-parco-della-guaralda\/625483\/\" \/>\n<meta property=\"og:site_name\" content=\"VareseNews\" \/>\n<meta property=\"article:publisher\" content=\"https:\/\/www.facebook.com\/varesenews\" \/>\n<meta property=\"article:author\" content=\"https:\/\/www.facebook.com\/stefaniaradman\" \/>\n<meta property=\"article:published_time\" content=\"2017-05-30T15:12:35+00:00\" \/>\n<meta property=\"article:modified_time\" content=\"2017-05-30T15:29:10+00:00\" \/>\n<meta property=\"og:image\" content=\"http:\/\/www.varesenews.it\/wp-content\/uploads\/2017\/05\/Schermata-2017-05-30-alle-17.21.13-300x200.jpg\" \/>\n<meta name=\"author\" content=\"Stefania Radman\" \/>\n<meta name=\"twitter:card\" content=\"summary_large_image\" \/>\n<meta name=\"twitter:creator\" content=\"@LaRadman\" \/>\n<meta name=\"twitter:site\" content=\"@varesenews\" \/>\n<meta name=\"twitter:label1\" content=\"Scritto da\" \/>\n\t<meta name=\"twitter:data1\" content=\"Stefania Radman\" \/>\n\t<meta name=\"twitter:label2\" content=\"Tempo di lettura stimato\" \/>\n\t<meta name=\"twitter:data2\" content=\"3 minuti\" \/>\n<script type=\"application\/ld+json\" class=\"yoast-schema-graph\">{\"@context\":\"https:\/\/schema.org\",\"@graph\":[{\"@type\":\"WebPage\",\"@id\":\"https:\/\/staging.varesenews.it\/2017\/05\/a-giubiano-arriva-il-parco-della-guaralda\/625483\/\",\"url\":\"https:\/\/staging.varesenews.it\/2017\/05\/a-giubiano-arriva-il-parco-della-guaralda\/625483\/\",\"name\":\"A Giubiano arriva il Parco della Guaralda\",\"isPartOf\":{\"@id\":\"https:\/\/staging.varesenews.it\/#website\"},\"datePublished\":\"2017-05-30T15:12:35+00:00\",\"dateModified\":\"2017-05-30T15:29:10+00:00\",\"author\":{\"@id\":\"https:\/\/staging.varesenews.it\/#\/schema\/person\/995d2e6a31c67237a9a1bc1f0079f3aa\"},\"description\":\"15mila metri quadrati di area verde: con giochi per bambini attrezzature sportive adatte anche ai disabili\",\"breadcrumb\":{\"@id\":\"https:\/\/staging.varesenews.it\/2017\/05\/a-giubiano-arriva-il-parco-della-guaralda\/625483\/#breadcrumb\"},\"inLanguage\":\"it-IT\",\"potentialAction\":[{\"@type\":\"ReadAction\",\"target\":[\"https:\/\/staging.varesenews.it\/2017\/05\/a-giubiano-arriva-il-parco-della-guaralda\/625483\/\"]}]},{\"@type\":\"BreadcrumbList\",\"@id\":\"https:\/\/staging.varesenews.it\/2017\/05\/a-giubiano-arriva-il-parco-della-guaralda\/625483\/#breadcrumb\",\"itemListElement\":[{\"@type\":\"ListItem\",\"position\":1,\"name\":\"Home\",\"item\":\"https:\/\/www.varesenews.it\/\"},{\"@type\":\"ListItem\",\"position\":2,\"name\":\"A Giubiano arriva il Parco della Guaralda\"}]},{\"@type\":\"WebSite\",\"@id\":\"https:\/\/staging.varesenews.it\/#website\",\"url\":\"https:\/\/staging.varesenews.it\/\",\"name\":\"VareseNews\",\"description\":\"\",\"potentialAction\":[{\"@type\":\"SearchAction\",\"target\":{\"@type\":\"EntryPoint\",\"urlTemplate\":\"https:\/\/staging.varesenews.it\/?s={search_term_string}\"},\"query-input\":\"required name=search_term_string\"}],\"inLanguage\":\"it-IT\"},{\"@type\":\"Person\",\"@id\":\"https:\/\/staging.varesenews.it\/#\/schema\/person\/995d2e6a31c67237a9a1bc1f0079f3aa\",\"name\":\"Stefania Radman\",\"image\":{\"@type\":\"ImageObject\",\"inLanguage\":\"it-IT\",\"@id\":\"https:\/\/staging.varesenews.it\/#\/schema\/person\/image\/\",\"url\":\"https:\/\/staging.varesenews.it\/wp-content\/uploads\/2020\/12\/stefania_radman_colori_500.jpg\",\"contentUrl\":\"https:\/\/staging.varesenews.it\/wp-content\/uploads\/2020\/12\/stefania_radman_colori_500.jpg\",\"caption\":\"Stefania Radman\"},\"description\":\"Varesina dal 1991, lavoro dal 2000 per Varesenews.it, prima come responsabile della pagina dell&rsquo;economia, poi della pagina life, ora della citt&agrave; di Varese.Ma sono (e sono stata) anche altro: per esempio, agli albori delle radio private ero dj in una radio milanese, Onda Radio. Da 20 anni sono corrispondente da Varese di Radio Popolare e ho collaborato con Espresso, Repubblica, Diario della Settimana, Italia Oggi. &ldquo;Smanettona&rdquo; da sempre, ho aperto il mio primo sito personale con Geocities nei primi anni novanta (chi se lo ricorda?) e i miei primi blog in Splinder all&rsquo;inizio del 2000. Ora sono sui social: qui quasi sempre sono semplicemente \\\"LaRadman&rdquo;.\",\"sameAs\":[\"http:\/\/laradman.blogspot.it\",\"https:\/\/www.facebook.com\/stefaniaradman\",\"@LaRadman\",\"https:\/\/www.linkedin.com\/in\/stefaniaradman\",\"https:\/\/twitter.com\/LaRadman\"],\"url\":\"https:\/\/staging.varesenews.it\/persona\/stefania-radman1\/\"}]}<\/script>\n<!-- \/ Yoast SEO plugin. -->","yoast_head_json":{"title":"A Giubiano arriva il Parco della Guaralda","description":"15mila metri quadrati di area verde: con giochi per bambini attrezzature sportive adatte anche ai disabili","robots":{"index":"noindex","follow":"follow","max-snippet":"max-snippet:-1","max-image-preview":"max-image-preview:large","max-video-preview":"max-video-preview:-1"},"og_locale":"it_IT","og_type":"article","og_title":"A Giubiano arriva il Parco della Guaralda","og_description":"15mila metri quadrati di area verde: con giochi per bambini attrezzature sportive adatte anche ai disabili","og_url":"https:\/\/staging.varesenews.it\/2017\/05\/a-giubiano-arriva-il-parco-della-guaralda\/625483\/","og_site_name":"VareseNews","article_publisher":"https:\/\/www.facebook.com\/varesenews","article_author":"https:\/\/www.facebook.com\/stefaniaradman","article_published_time":"2017-05-30T15:12:35+00:00","article_modified_time":"2017-05-30T15:29:10+00:00","og_image":[{"url":"http:\/\/www.varesenews.it\/wp-content\/uploads\/2017\/05\/Schermata-2017-05-30-alle-17.21.13-300x200.jpg"}],"author":"Stefania Radman","twitter_card":"summary_large_image","twitter_creator":"@LaRadman","twitter_site":"@varesenews","twitter_misc":{"Scritto da":"Stefania Radman","Tempo di lettura stimato":"3 minuti"},"schema":{"@context":"https:\/\/schema.org","@graph":[{"@type":"WebPage","@id":"https:\/\/staging.varesenews.it\/2017\/05\/a-giubiano-arriva-il-parco-della-guaralda\/625483\/","url":"https:\/\/staging.varesenews.it\/2017\/05\/a-giubiano-arriva-il-parco-della-guaralda\/625483\/","name":"A Giubiano arriva il Parco della Guaralda","isPartOf":{"@id":"https:\/\/staging.varesenews.it\/#website"},"datePublished":"2017-05-30T15:12:35+00:00","dateModified":"2017-05-30T15:29:10+00:00","author":{"@id":"https:\/\/staging.varesenews.it\/#\/schema\/person\/995d2e6a31c67237a9a1bc1f0079f3aa"},"description":"15mila metri quadrati di area verde: con giochi per bambini attrezzature sportive adatte anche ai disabili","breadcrumb":{"@id":"https:\/\/staging.varesenews.it\/2017\/05\/a-giubiano-arriva-il-parco-della-guaralda\/625483\/#breadcrumb"},"inLanguage":"it-IT","potentialAction":[{"@type":"ReadAction","target":["https:\/\/staging.varesenews.it\/2017\/05\/a-giubiano-arriva-il-parco-della-guaralda\/625483\/"]}]},{"@type":"BreadcrumbList","@id":"https:\/\/staging.varesenews.it\/2017\/05\/a-giubiano-arriva-il-parco-della-guaralda\/625483\/#breadcrumb","itemListElement":[{"@type":"ListItem","position":1,"name":"Home","item":"https:\/\/www.varesenews.it\/"},{"@type":"ListItem","position":2,"name":"A Giubiano arriva il Parco della Guaralda"}]},{"@type":"WebSite","@id":"https:\/\/staging.varesenews.it\/#website","url":"https:\/\/staging.varesenews.it\/","name":"VareseNews","description":"","potentialAction":[{"@type":"SearchAction","target":{"@type":"EntryPoint","urlTemplate":"https:\/\/staging.varesenews.it\/?s={search_term_string}"},"query-input":"required name=search_term_string"}],"inLanguage":"it-IT"},{"@type":"Person","@id":"https:\/\/staging.varesenews.it\/#\/schema\/person\/995d2e6a31c67237a9a1bc1f0079f3aa","name":"Stefania Radman","image":{"@type":"ImageObject","inLanguage":"it-IT","@id":"https:\/\/staging.varesenews.it\/#\/schema\/person\/image\/","url":"https:\/\/staging.varesenews.it\/wp-content\/uploads\/2020\/12\/stefania_radman_colori_500.jpg","contentUrl":"https:\/\/staging.varesenews.it\/wp-content\/uploads\/2020\/12\/stefania_radman_colori_500.jpg","caption":"Stefania Radman"},"description":"Varesina dal 1991, lavoro dal 2000 per Varesenews.it, prima come responsabile della pagina dell&rsquo;economia, poi della pagina life, ora della citt&agrave; di Varese.Ma sono (e sono stata) anche altro: per esempio, agli albori delle radio private ero dj in una radio milanese, Onda Radio. Da 20 anni sono corrispondente da Varese di Radio Popolare e ho collaborato con Espresso, Repubblica, Diario della Settimana, Italia Oggi. &ldquo;Smanettona&rdquo; da sempre, ho aperto il mio primo sito personale con Geocities nei primi anni novanta (chi se lo ricorda?) e i miei primi blog in Splinder all&rsquo;inizio del 2000. Ora sono sui social: qui quasi sempre sono semplicemente \"LaRadman&rdquo;.","sameAs":["http:\/\/laradman.blogspot.it","https:\/\/www.facebook.com\/stefaniaradman","@LaRadman","https:\/\/www.linkedin.com\/in\/stefaniaradman","https:\/\/twitter.com\/LaRadman"],"url":"https:\/\/staging.varesenews.it\/persona\/stefania-radman1\/"}]}},"post_meta":{"_edit_lock":"1496158789:48","_edit_last":"48","_category_permalink":"","wdfb_og_title":"","wdfb_og_type":"","wdfb_og_description":"","wdfb_og_images":"a:1:{i:0;s:0:\"\";}","wdfb_og_custom_name":"a:1:{i:0;s:0:\"\";}","wdfb_og_custom_value":"a:1:{i:0;s:0:\"\";}","_jd_twitter":"","_jd_tweet_this":"yes","argomento":"Varese","_yoast_wpseo_focuskw":"giubiano","_yoast_wpseo_linkdex":"67","_yoast_wpseo_metadesc":"15mila metri quadrati di area verde: con giochi per bambini attrezzature sportive adatte anche ai disabili","ratings_users":"0","ratings_score":"0","ratings_average":"0","foto":"613878","_wpt_short_url":"http:\/\/www.varesenews.it\/2017\/05\/a-giubiano-arriva-il-parco-della-guaralda\/625483\/","_wp_jd_target":"http:\/\/www.varesenews.it\/2017\/05\/a-giubiano-arriva-il-parco-della-guaralda\/625483\/","_jd_wp_twitter":"a:1:{i:0;s:134:\"A Giubiano arriva il Parco della Guaralda http:\/\/www.varesenews.it\/2017\/05\/a-giubiano-arriva-il-parco-della-guaralda\/625483\/ #giubiano\";}","_wpt_status_message":"Tweet inviato con successo."},"photos":[{"original":"https:\/\/staging.varesenews.it\/photogallery_new\/images\/2017\/05\/il-parco-della-guaralda-a-giubiano-613878.jpg","full":"https:\/\/staging.varesenews.it\/photogallery_new\/images\/2017\/05\/il-parco-della-guaralda-a-giubiano-613878.1024x768.jpg","large":"https:\/\/staging.varesenews.it\/photogallery_new\/images\/2017\/05\/il-parco-della-guaralda-a-giubiano-613878.610x431.jpg"}],"_links":{"self":[{"href":"https:\/\/staging.varesenews.it\/swgapi\/v1\/wp\/v2\/posts\/625483"}],"collection":[{"href":"https:\/\/staging.varesenews.it\/swgapi\/v1\/wp\/v2\/posts"}],"about":[{"href":"https:\/\/staging.varesenews.it\/swgapi\/v1\/wp\/v2\/types\/post"}],"author":[{"embeddable":true,"href":"https:\/\/staging.varesenews.it\/swgapi\/v1\/wp\/v2\/users\/48"}],"replies":[{"embeddable":true,"href":"https:\/\/staging.varesenews.it\/swgapi\/v1\/wp\/v2\/comments?post=625483"}],"version-history":[{"count":0,"href":"https:\/\/staging.varesenews.it\/swgapi\/v1\/wp\/v2\/posts\/625483\/revisions"}],"wp:attachment":[{"href":"https:\/\/staging.varesenews.it\/swgapi\/v1\/wp\/v2\/media?parent=625483"}],"wp:term":[{"taxonomy":"category","embeddable":true,"href":"https:\/\/staging.varesenews.it\/swgapi\/v1\/wp\/v2\/categories?post=625483"},{"taxonomy":"post_tag","embeddable":true,"href":"https:\/\/staging.varesenews.it\/swgapi\/v1\/wp\/v2\/tags?post=625483"}],"curies":[{"name":"wp","href":"https:\/\/api.w.org\/{rel}","templated":true}]}}