{"id":626115,"date":"2017-06-01T15:33:08","date_gmt":"2017-06-01T13:33:08","guid":{"rendered":"http:\/\/www.varesenews.it\/?p=626115"},"modified":"2017-06-01T15:33:08","modified_gmt":"2017-06-01T13:33:08","slug":"non-solo-studio-il-cairoli-presenta-il-suo-talent","status":"publish","type":"post","link":"https:\/\/staging.varesenews.it\/2017\/06\/non-solo-studio-il-cairoli-presenta-il-suo-talent\/626115\/","title":{"rendered":"Non solo studio, il Cairoli presenta il suo &#8220;talent&#8221;"},"content":{"rendered":"<p class=\"p1\"><span class=\"s1\"><strong>Una decina di concorrenti, quattro giudici, un teatro intero per ospitare i tanti spettatori attesi.<\/strong> Torna <strong>il \u201cCairoli\u2019s got talent\u201d<\/strong> la manifestazione nata cinque anni fa, durante<strong><a href=\"http:\/\/www.varesenews.it\/2012\/11\/occupazione-il-cairoli-e-in-rivolta\/73997\/\" target=\"_blank\"> l&#8217;occupazione del liceo contro la politica dei tagli<\/a>,<\/strong> e che metter\u00e0 in gara <strong>studenti ed ex del liceo classico cittadino<\/strong>\u00a0<strong>domenica 4 giugno<\/strong>. <\/span><\/p>\n<p class=\"p1\"><span class=\"s1\">Un evento atteso, diventato ormai una delle tante tradizioni che il Cairoli propone nel corso dell\u2019anno scolastico: \u00ab Vuole essere un momento aperto all\u2019intera citt\u00e0 &#8211; hanno spiegato<strong> i rappresentanti di istituto<\/strong> &#8211; un momento di divertimento e di festa che vogliamo condividere\u00bb.<\/span><\/p>\n<p class=\"p1\"><span class=\"s1\">I preparativi fervono, parallelamente alle altre iniziative, a partire dal \u201c<strong>Prom<\/strong>\u201d la festa stile college che vede gli studenti in abito da sera per concludere l&#8217;anno scolastico: \u00ab \u00c8 un regalo che vogliamo fare alla citt\u00e0 anche per dimostrare la vivacit\u00e0 che si vive in questa scuola, spesso considerata un luogo snob di solo studio\u00bb.<\/span><\/p>\n<p class=\"p1\"><span class=\"s1\">La serata vedr\u00e0 alternarsi sul palco <strong>\u00a0cantanti, musicisti, un coro gospel, ginnasti.<\/strong> Tra un pezzo e l\u2019altro non mancheranno sorprese e digressioni divertenti: \u00ab Questo liceo \u00e8 molto attivo sul territorio e offre sempre occasioni importanti &#8211; ha commentato il <strong>sindaco di Varese Davide Galimberti<\/strong> intervenendo alla presentazione del<a href=\"http:\/\/www.varesenews.it\/2012\/11\/occupazione-il-cairoli-e-in-rivolta\/73997\/\" target=\"_blank\"> Cairoli\u2019s Got talent <\/a>&#8211; sapete che abbiamo presentato la candidatura cittadina per diventare \u201ccapitale dei giovani\u201d. Eventi come il vostro vanno in quel segno e danno consistenza alla nostra proposta\u00bb.<\/span><\/p>\n<p class=\"p1\"><span class=\"s1\">L\u2019appuntamento \u00e8 per domenica 4 giugno alle 21.00 al Teatro Apollonio di Varese. Non \u00e8 previsto biglietto ma sono ben accette offerte per sostenere i tanti costi di questo liceo gi\u00e0 proiettato a definire il prossimo evento. <\/span><\/p>\n","protected":false},"excerpt":{"rendered":"<p>Si svolger\u00e0 domenica 4 giugno al teatro Apollonio la quinta edizione della gara artistica promossa dal liceo classico tra i suoi studenti attuali ed ex. La citt\u00e0 \u00e8 invitata ad assistere<\/p>\n","protected":false},"author":33,"featured_media":0,"comment_status":"open","ping_status":"open","sticky":false,"template":"","format":"standard","meta":{"footnotes":""},"categories":[2,30],"tags":[4112,158],"acf":[],"yoast_head":"<!-- This site is optimized with the Yoast SEO plugin v20.1 - https:\/\/yoast.com\/wordpress\/plugins\/seo\/ -->\n<title>Non solo studio, il Cairoli presenta il suo &quot;talent&quot;<\/title>\n<meta name=\"description\" content=\"Si svolger\u00e0 domenica 4 giugno al teatro Apollonio la quinta edizione della gara artistica promossa dal liceo classico tra i suoi studenti attuali ed ex. La citt\u00e0 \u00e8 invitata ad assistere\" \/>\n<meta name=\"robots\" content=\"noindex, follow, max-snippet:-1, max-image-preview:large, max-video-preview:-1\" \/>\n<meta property=\"og:locale\" content=\"it_IT\" \/>\n<meta property=\"og:type\" content=\"article\" \/>\n<meta property=\"og:title\" content=\"Non solo studio, il Cairoli presenta il suo &quot;talent&quot;\" \/>\n<meta property=\"og:description\" content=\"Si svolger\u00e0 domenica 4 giugno al teatro Apollonio la quinta edizione della gara artistica promossa dal liceo classico tra i suoi studenti attuali ed ex. La citt\u00e0 \u00e8 invitata ad assistere\" \/>\n<meta property=\"og:url\" content=\"https:\/\/staging.varesenews.it\/2017\/06\/non-solo-studio-il-cairoli-presenta-il-suo-talent\/626115\/\" \/>\n<meta property=\"og:site_name\" content=\"VareseNews\" \/>\n<meta property=\"article:publisher\" content=\"https:\/\/www.facebook.com\/varesenews\" \/>\n<meta property=\"article:author\" content=\"alessandra.toni7\" \/>\n<meta property=\"article:published_time\" content=\"2017-06-01T13:33:08+00:00\" \/>\n<meta name=\"author\" content=\"Alessandra Toni\" \/>\n<meta name=\"twitter:card\" content=\"summary_large_image\" \/>\n<meta name=\"twitter:creator\" content=\"@alessandra_toni\" \/>\n<meta name=\"twitter:site\" content=\"@varesenews\" \/>\n<meta name=\"twitter:label1\" content=\"Scritto da\" \/>\n\t<meta name=\"twitter:data1\" content=\"Alessandra Toni\" \/>\n\t<meta name=\"twitter:label2\" content=\"Tempo di lettura stimato\" \/>\n\t<meta name=\"twitter:data2\" content=\"1 minuto\" \/>\n<script type=\"application\/ld+json\" class=\"yoast-schema-graph\">{\"@context\":\"https:\/\/schema.org\",\"@graph\":[{\"@type\":\"WebPage\",\"@id\":\"https:\/\/staging.varesenews.it\/2017\/06\/non-solo-studio-il-cairoli-presenta-il-suo-talent\/626115\/\",\"url\":\"https:\/\/staging.varesenews.it\/2017\/06\/non-solo-studio-il-cairoli-presenta-il-suo-talent\/626115\/\",\"name\":\"Non solo studio, il Cairoli presenta il suo \\\"talent\\\"\",\"isPartOf\":{\"@id\":\"https:\/\/staging.varesenews.it\/#website\"},\"datePublished\":\"2017-06-01T13:33:08+00:00\",\"dateModified\":\"2017-06-01T13:33:08+00:00\",\"author\":{\"@id\":\"https:\/\/staging.varesenews.it\/#\/schema\/person\/2643ce123d4a3c9511e015dc548779b8\"},\"description\":\"Si svolger\u00e0 domenica 4 giugno al teatro Apollonio la quinta edizione della gara artistica promossa dal liceo classico tra i suoi studenti attuali ed ex. La citt\u00e0 \u00e8 invitata ad assistere\",\"breadcrumb\":{\"@id\":\"https:\/\/staging.varesenews.it\/2017\/06\/non-solo-studio-il-cairoli-presenta-il-suo-talent\/626115\/#breadcrumb\"},\"inLanguage\":\"it-IT\",\"potentialAction\":[{\"@type\":\"ReadAction\",\"target\":[\"https:\/\/staging.varesenews.it\/2017\/06\/non-solo-studio-il-cairoli-presenta-il-suo-talent\/626115\/\"]}]},{\"@type\":\"BreadcrumbList\",\"@id\":\"https:\/\/staging.varesenews.it\/2017\/06\/non-solo-studio-il-cairoli-presenta-il-suo-talent\/626115\/#breadcrumb\",\"itemListElement\":[{\"@type\":\"ListItem\",\"position\":1,\"name\":\"Home\",\"item\":\"https:\/\/www.varesenews.it\/\"},{\"@type\":\"ListItem\",\"position\":2,\"name\":\"Non solo studio, il Cairoli presenta il suo &#8220;talent&#8221;\"}]},{\"@type\":\"WebSite\",\"@id\":\"https:\/\/staging.varesenews.it\/#website\",\"url\":\"https:\/\/staging.varesenews.it\/\",\"name\":\"VareseNews\",\"description\":\"\",\"potentialAction\":[{\"@type\":\"SearchAction\",\"target\":{\"@type\":\"EntryPoint\",\"urlTemplate\":\"https:\/\/staging.varesenews.it\/?s={search_term_string}\"},\"query-input\":\"required name=search_term_string\"}],\"inLanguage\":\"it-IT\"},{\"@type\":\"Person\",\"@id\":\"https:\/\/staging.varesenews.it\/#\/schema\/person\/2643ce123d4a3c9511e015dc548779b8\",\"name\":\"Alessandra Toni\",\"image\":{\"@type\":\"ImageObject\",\"inLanguage\":\"it-IT\",\"@id\":\"https:\/\/staging.varesenews.it\/#\/schema\/person\/image\/\",\"url\":\"https:\/\/staging.varesenews.it\/wp-content\/uploads\/2020\/12\/alessandra_toni_colori_500.jpg\",\"contentUrl\":\"https:\/\/staging.varesenews.it\/wp-content\/uploads\/2020\/12\/alessandra_toni_colori_500.jpg\",\"caption\":\"Alessandra Toni\"},\"description\":\"Sono entrata nella redazione di VareseNews nel lontano anno 2000. Ero reduce da una bellissima esperienza nella redazione giornalistica della TV Nuova Antennatre, sotto la direzione dell'indimenticabile direttore Adolfo Caldarini. Sono arrivata quando era ancora una piccola realt\u00e0 editoriale e insieme abbiamo fatto un lungo ed entusiasmante lavoro. Mi occupo prevalentemente di scuola e di sanit\u00e0, settori impegnativi di grande valore sociale.\u00a0\",\"sameAs\":[\"alessandra.toni7\",\"alessandra.toni\",\"https:\/\/twitter.com\/alessandra_toni\"],\"url\":\"https:\/\/staging.varesenews.it\/persona\/alessandra_toni1\/\"}]}<\/script>\n<!-- \/ Yoast SEO plugin. -->","yoast_head_json":{"title":"Non solo studio, il Cairoli presenta il suo \"talent\"","description":"Si svolger\u00e0 domenica 4 giugno al teatro Apollonio la quinta edizione della gara artistica promossa dal liceo classico tra i suoi studenti attuali ed ex. La citt\u00e0 \u00e8 invitata ad assistere","robots":{"index":"noindex","follow":"follow","max-snippet":"max-snippet:-1","max-image-preview":"max-image-preview:large","max-video-preview":"max-video-preview:-1"},"og_locale":"it_IT","og_type":"article","og_title":"Non solo studio, il Cairoli presenta il suo \"talent\"","og_description":"Si svolger\u00e0 domenica 4 giugno al teatro Apollonio la quinta edizione della gara artistica promossa dal liceo classico tra i suoi studenti attuali ed ex. La citt\u00e0 \u00e8 invitata ad assistere","og_url":"https:\/\/staging.varesenews.it\/2017\/06\/non-solo-studio-il-cairoli-presenta-il-suo-talent\/626115\/","og_site_name":"VareseNews","article_publisher":"https:\/\/www.facebook.com\/varesenews","article_author":"alessandra.toni7","article_published_time":"2017-06-01T13:33:08+00:00","author":"Alessandra Toni","twitter_card":"summary_large_image","twitter_creator":"@alessandra_toni","twitter_site":"@varesenews","twitter_misc":{"Scritto da":"Alessandra Toni","Tempo di lettura stimato":"1 minuto"},"schema":{"@context":"https:\/\/schema.org","@graph":[{"@type":"WebPage","@id":"https:\/\/staging.varesenews.it\/2017\/06\/non-solo-studio-il-cairoli-presenta-il-suo-talent\/626115\/","url":"https:\/\/staging.varesenews.it\/2017\/06\/non-solo-studio-il-cairoli-presenta-il-suo-talent\/626115\/","name":"Non solo studio, il Cairoli presenta il suo \"talent\"","isPartOf":{"@id":"https:\/\/staging.varesenews.it\/#website"},"datePublished":"2017-06-01T13:33:08+00:00","dateModified":"2017-06-01T13:33:08+00:00","author":{"@id":"https:\/\/staging.varesenews.it\/#\/schema\/person\/2643ce123d4a3c9511e015dc548779b8"},"description":"Si svolger\u00e0 domenica 4 giugno al teatro Apollonio la quinta edizione della gara artistica promossa dal liceo classico tra i suoi studenti attuali ed ex. La citt\u00e0 \u00e8 invitata ad assistere","breadcrumb":{"@id":"https:\/\/staging.varesenews.it\/2017\/06\/non-solo-studio-il-cairoli-presenta-il-suo-talent\/626115\/#breadcrumb"},"inLanguage":"it-IT","potentialAction":[{"@type":"ReadAction","target":["https:\/\/staging.varesenews.it\/2017\/06\/non-solo-studio-il-cairoli-presenta-il-suo-talent\/626115\/"]}]},{"@type":"BreadcrumbList","@id":"https:\/\/staging.varesenews.it\/2017\/06\/non-solo-studio-il-cairoli-presenta-il-suo-talent\/626115\/#breadcrumb","itemListElement":[{"@type":"ListItem","position":1,"name":"Home","item":"https:\/\/www.varesenews.it\/"},{"@type":"ListItem","position":2,"name":"Non solo studio, il Cairoli presenta il suo &#8220;talent&#8221;"}]},{"@type":"WebSite","@id":"https:\/\/staging.varesenews.it\/#website","url":"https:\/\/staging.varesenews.it\/","name":"VareseNews","description":"","potentialAction":[{"@type":"SearchAction","target":{"@type":"EntryPoint","urlTemplate":"https:\/\/staging.varesenews.it\/?s={search_term_string}"},"query-input":"required name=search_term_string"}],"inLanguage":"it-IT"},{"@type":"Person","@id":"https:\/\/staging.varesenews.it\/#\/schema\/person\/2643ce123d4a3c9511e015dc548779b8","name":"Alessandra Toni","image":{"@type":"ImageObject","inLanguage":"it-IT","@id":"https:\/\/staging.varesenews.it\/#\/schema\/person\/image\/","url":"https:\/\/staging.varesenews.it\/wp-content\/uploads\/2020\/12\/alessandra_toni_colori_500.jpg","contentUrl":"https:\/\/staging.varesenews.it\/wp-content\/uploads\/2020\/12\/alessandra_toni_colori_500.jpg","caption":"Alessandra Toni"},"description":"Sono entrata nella redazione di VareseNews nel lontano anno 2000. Ero reduce da una bellissima esperienza nella redazione giornalistica della TV Nuova Antennatre, sotto la direzione dell'indimenticabile direttore Adolfo Caldarini. Sono arrivata quando era ancora una piccola realt\u00e0 editoriale e insieme abbiamo fatto un lungo ed entusiasmante lavoro. Mi occupo prevalentemente di scuola e di sanit\u00e0, settori impegnativi di grande valore sociale.\u00a0","sameAs":["alessandra.toni7","alessandra.toni","https:\/\/twitter.com\/alessandra_toni"],"url":"https:\/\/staging.varesenews.it\/persona\/alessandra_toni1\/"}]}},"post_meta":{"_edit_lock":"1496508377:39","_edit_last":"33","_category_permalink":"30","wdfb_og_title":"","wdfb_og_type":"","wdfb_og_description":"","wdfb_og_images":"a:1:{i:0;s:0:\"\";}","wdfb_og_custom_name":"a:1:{i:0;s:0:\"\";}","wdfb_og_custom_value":"a:1:{i:0;s:0:\"\";}","foto":"614183","argomento":"Varese","_jd_twitter":"","_jd_tweet_this":"yes","ratings_users":"0","ratings_score":"0","ratings_average":"0","firma_come_redazione":"1","_wpt_short_url":"http:\/\/www.varesenews.it\/2017\/06\/non-solo-studio-il-cairoli-presenta-il-suo-talent\/626115\/","_wp_jd_target":"http:\/\/www.varesenews.it\/2017\/06\/non-solo-studio-il-cairoli-presenta-il-suo-talent\/626115\/","_jd_wp_twitter":"a:1:{i:0;s:166:\"Non solo studio, il Cairoli presenta il suo \"talent\" http:\/\/www.varesenews.it\/2017\/06\/non-solo-studio-il-cairoli-presenta-il-suo-talent\/626115\/ #liceocairoli #weekend\";}","_wpt_status_message":"Tweet inviato con successo."},"photos":[{"original":"https:\/\/staging.varesenews.it\/photogallery_new\/images\/2017\/06\/cairoli-s-got-talent-2017-614183.jpg","full":"https:\/\/staging.varesenews.it\/photogallery_new\/images\/2017\/06\/cairoli-s-got-talent-2017-614183.1024x768.jpg","large":"https:\/\/staging.varesenews.it\/photogallery_new\/images\/2017\/06\/cairoli-s-got-talent-2017-614183.610x431.jpg"}],"_links":{"self":[{"href":"https:\/\/staging.varesenews.it\/swgapi\/v1\/wp\/v2\/posts\/626115"}],"collection":[{"href":"https:\/\/staging.varesenews.it\/swgapi\/v1\/wp\/v2\/posts"}],"about":[{"href":"https:\/\/staging.varesenews.it\/swgapi\/v1\/wp\/v2\/types\/post"}],"author":[{"embeddable":true,"href":"https:\/\/staging.varesenews.it\/swgapi\/v1\/wp\/v2\/users\/33"}],"replies":[{"embeddable":true,"href":"https:\/\/staging.varesenews.it\/swgapi\/v1\/wp\/v2\/comments?post=626115"}],"version-history":[{"count":0,"href":"https:\/\/staging.varesenews.it\/swgapi\/v1\/wp\/v2\/posts\/626115\/revisions"}],"wp:attachment":[{"href":"https:\/\/staging.varesenews.it\/swgapi\/v1\/wp\/v2\/media?parent=626115"}],"wp:term":[{"taxonomy":"category","embeddable":true,"href":"https:\/\/staging.varesenews.it\/swgapi\/v1\/wp\/v2\/categories?post=626115"},{"taxonomy":"post_tag","embeddable":true,"href":"https:\/\/staging.varesenews.it\/swgapi\/v1\/wp\/v2\/tags?post=626115"}],"curies":[{"name":"wp","href":"https:\/\/api.w.org\/{rel}","templated":true}]}}