{"id":626907,"date":"2017-06-05T15:55:36","date_gmt":"2017-06-05T13:55:36","guid":{"rendered":"http:\/\/www.varesenews.it\/?p=626907"},"modified":"2017-06-05T15:55:36","modified_gmt":"2017-06-05T13:55:36","slug":"una-comunita-che-il-terremoto-non-puo-distruggere","status":"publish","type":"post","link":"https:\/\/staging.varesenews.it\/2017\/06\/una-comunita-che-il-terremoto-non-puo-distruggere\/626907\/","title":{"rendered":"Una comunit\u00e0 che il terremoto non pu\u00f2 distruggere"},"content":{"rendered":"<p><em><strong>Dopo l&#8217;annuncio di voler destinare risorse<\/strong> per un <a title=\"\u00abGrazie al cuore di Brenta non ci sentiamo abbandonati\u00bb\" href=\"http:\/\/www.varesenews.it\/2017\/05\/grazie-al-cuore-di-brenta-non-ci-sentiamo-abbandonati\/619314\/\" target=\"_blank\">progetto di sostegno a favore della popolazione di Gualdo<\/a>, in provincia di Macerata,<strong> il sindaco di Brenta Gianpietro Ballardin<\/strong> \u00e8 stato in visita nel paese marchigiano nella giornata di ieri, domenica. L&#8217;obiettivo \u00e8 quello di portare una struttura smontabile a disposizione della collettivit\u00e0 di quesot centro colpito dal terremoto dell&#8217;estate scorsa. Questo il racconto del sindaco.<\/em><\/p>\n<p><strong>Domenica scorsa<\/strong>, 5 giugno 2017 siamo stati invitati, come Comune di Brenta, dal Sindaco del paese di Gualdo in provincia di Macerata per la riapertura della piazza principale del paese e per visionare il luogo dove verr\u00e0 posizionata la struttura a moduli prefabbricata che dovremmo riuscire a portare, con sette lunghi viaggi e con mezzi speciali, da Milano in quel luogo.<\/p>\n<p><strong>Per arrivare a Gualdo<\/strong>, dopo essere usciti dall\u2019autostrada, si percorrono strade interne che a serpente salgono sulle bellissime colline che evidenziano un paesaggio ripido di terreni coltivati a grano e a girasole lasciando intravvedere ampi spazi di culture a vite e nelle zone pi\u00f9 soleggiate ad alberi di ulivo.<br \/>\n<strong>Si percorrono circa 30 chilometri scollinando tra un paese e l\u2019altro<\/strong> intravvedendo negli ampi spazi case isolate circondate da grandi appezzamenti di terreno.<br \/>\nMa nulla fa presagire che in questo territorio vi siano stati gravi sconvolgimenti in quanto sino a questo momento la bellezza del paesaggio e le case ben tenute o ristrutturate o di recente costruzione non evidenziano <strong>i segni e i danni del terremoto<\/strong> al punto che ci chiediamo se davvero questo territorio sia stato interessato dai gravi fenomeni visti in televisione.<\/p>\n<p>Si sale e si scende sino ad arrivare ad un bivio con l\u2019indicazione per Gualdo in cui la strada diventa pi\u00f9 ripida e tortuosa e dove si cominciano a notare i primi segni del terremoto dello scorso anno, si vedono ampie sistemazioni del manto stradale numerosi segnali che evidenziano una modifica dell\u2019assetto stradale originario e primi tangibili segni di puntellamenti di cascinali che sorgono ai bordi della carreggiata.<br \/>\n<strong>Gualdo si vede spuntare dalla cima di una collina<\/strong>, un paese che evidenzia da subito la sua condizione di antichit\u00e0 attraverso il recupero degli abitati che lo circondano e lo compongono nella sua condizione di nucleo principale.<br \/>\nEntrando nel paese si nota come il nucleo principale sia concentrato attorno al municipio che evidenzia i gravi segni dei danni provocati dal terremoto cos\u00ec come la chiesa e le strutture che si affacciano sulla piazza principale.<\/p>\n<p>Ci accoglie con un abbraccio <strong>il Sindaco di Gualdo Giovanni Zavaglin<\/strong>i, un uomo piccolo di statura ma di forte coraggio e determinazione, quest\u2019ultimo elemento lo scopriamo appena ci addentriamo accompagnati da lui nella zona rossa del paese delimitata da transenne. Qui ci mostra i gravi danni provocati dal terremoto in cui si vedono case sventrate o forti elementi di puntellamento a sostegno delle strutture pericolanti. <strong>Il coraggio \u00e8 dimostrato dalla sua capacit\u00e0 di saper reagire con immediatezza anche attraverso una costante azione quotidiana<\/strong> rivolta all\u2019assunzione di tutte le decisioni capaci di mettere in sicurezza il centro storico, attivando le imprese locali che solo sulla semplice dichiarazione di sostegno e sulla promessa di una futura copertura hanno agito operando, a proprio rischio economico sulla base di una fiducia espressa dal Sindaco, per rispondere alle necessit\u00e0 immediate del paese di Gualdo.<\/p>\n<p>L\u2019impatto che riceviamo da questa visita \u00e8 estremamente sconcertante in quanto a prevalere in questa condizione \u00e8 lo stato di grave silenzio. Una condizione quest\u2019ultima che si evidenzia quale stato di un preoccupante vuoto che peggiora nella sua prospettiva con l\u2019evidente difficolt\u00e0 di ricostruire quanto dovr\u00e0 essere abbattuto e con l\u2019enorme difficolt\u00e0 di ripristinare una comunit\u00e0 che prima viveva in questi importanti luoghi.<\/p>\n<p><strong>Il silenzio \u00e8 la battaglia pi\u00f9 importante da combattere, come ci conferma il Sindaco di Gualdo<\/strong>, che si \u00e8 battuto per evitare che questa comunit\u00e0 abbandonasse i luoghi dove ha vissuto ricercando soluzioni transitorie per evitare questa condizione di grave abbandono anche se lo stato di paura dopo le 57.000 scosse ad oggi dall\u2019inizio del terremoto \u00e8 elevato.<br \/>\nCos\u00ec come ha fatto la Dirigente scolastica della scuola di Gualdo che ha unificato in un&#8217;unica struttura donata dall\u2019associazione nazionale delle misericordie d\u2019Italia la scuola dell\u2019infanzia, la scuola primaria e un piccolo spazio riservato alle scuole medie inferiori per limitare un fenomeno di comprensibile fuga e di estremo disagio vissuto dai bambini di questo piccolo paese.<\/p>\n<p>Molte volte in questa giornata di importante visita ci siamo chiesti come in questo piccolo paese si sia trovata la forza di reagire, di rispondere da soli alle richieste della gente di non abbandonarsi allo sconforto e forse abbiamo capito che la loro risposta vincente \u00e8 data dalla capacit\u00e0 di sentirsi comunit\u00e0. Questa condizione si \u00e8 accresciuta negli anni attraverso il lavoro e la voglia di stare assieme seppur in un crescendo di disagio dovuto alle condizioni del difficile lavoro agricolo che ha visto questa comunit\u00e0 ridursi gradualmente dalle oltre 2000 unit\u00e0 alle 800 persone di oggi.<\/p>\n<p><strong>Il paese di Gualdo \u00e8 circondato da un territorio bellissimo fatto di stupende colline<\/strong> di importanti catene montuose e di colori vivaci in cui i paesi non sono entit\u00e0 che continuano, come nella nostra provincia, ma distano in una media di 10 km uno dall\u2019altro. In questi fattori si riscopre l\u2019orgoglio di essere una comunit\u00e0 vivace partecipe e attiva che vuole mantenere una propria identit\u00e0 in una importante funzione di salvaguardia territoriale.<\/p>\n<p><strong>Verso 17.00 \u00e8 iniziata la festa per l\u2019inaugurazione<\/strong> <strong>della piazza principale del paese.<\/strong> Nella giornata molte persone ed in particolare i giovani hanno collaborato per rendere vivibile e partecipata la manifestazione predisponendo tavoli, panche, striscioni e bandierine di benvenuto e l\u2019associazione della eminentissima confraternita lo spiedo di Brescia, assieme alla confraternita gastronomica e ad un&#8217;altra associazione composta di volontari, si sono incaricati di organizzare una grigliata gratuita a sostegno dell\u2019iniziativa.<br \/>\nLa cerimonia ufficiale, prima del taglio del nastro, ha visto la partecipazione del dott. Curcio Responsabile della Protezione Civile Nazionale, la presenza del Prefetto di Macerata e un particolare ringraziamento del Sindaco di Gualdo per l\u2019iniziativa del comune di Brenta.<\/p>\n<p>Nel porgere il saluto del comune di Brenta ho ringraziato pubblicamente il sig. Prefetto della Provincia di Varese che ci sta dando una mano coinvolgendo la Croce Rossa Nazionale e Regionale e ho avuto assicurazioni dal dott. <strong>Fabrizio Curcio<\/strong> circa la disponibilit\u00e0 della <strong>Protezione Civile Nazionale<\/strong> per il trasporto dei sette moduli da Milano a Gualdo.<br \/>\nUn giorno importante per noi per la nostra comunit\u00e0 per il comitato che sta raccogliendo le necessarie risorse economiche e per la provincia di Varese che ha potuto esprimere in questo modo una concreta dimostrazione di vicinanza e di solidariet\u00e0 attiva, non solo al Sindaco di Gualdo ma anche al Coordinatore della Protezione Civile Nazionale dott. Curcio che ci ha ringraziato per la nostra presenza a dimostrazione di un piccolo ma importante atto che da merito a tutta la cittadinanza della Provincia di Varese, cos\u00ec come ha fatto anche il Prefetto del luogo.<\/p>\n<p><strong>Siamo tornati stanchi verso le 4,30 del mattino ma motivati a proseguire con determinazione<\/strong> la nostra azione di solidariet\u00e0 avendo imparato che dal coraggio dei pi\u00f9 piccoli e soprattutto che attraverso la determinazione di una comunit\u00e0 vi \u00e8 una grande potenzialit\u00e0 da cui trarre insegnamento per svolgere quotidianamente il nostro lavoro e un azione di solidariet\u00e0 concreta che unisce i paesi grandi e piccoli in un contesto reale di nazione che non conosce differenze di provenienza ma valori e capacit\u00e0 di reagire con determinazione agli eventi facendo dell\u2019Italia un paese in cui ci si sente orgogliosi di vivere.<\/p>\n<p><em><strong>Il Sindaco di Brenta<\/strong><\/em><br \/>\n<em><strong>Gianpietro Ballardin<\/strong><\/em><\/p>\n","protected":false},"excerpt":{"rendered":"<p>Parte il progetto di sostegno che da Brenta porter\u00e0 aiuti al paese marchigiano colpito dal sisma.Il sindaco Ballardin all&#8217;inaugurazione della piazza col capo della Protezione civile Curcio<\/p>\n","protected":false},"author":34,"featured_media":0,"comment_status":"open","ping_status":"open","sticky":false,"template":"","format":"standard","meta":{"footnotes":""},"categories":[9,2],"tags":[],"acf":[],"yoast_head":"<!-- This site is optimized with the Yoast SEO plugin v20.1 - https:\/\/yoast.com\/wordpress\/plugins\/seo\/ -->\n<title>Una comunit\u00e0 che il terremoto non pu\u00f2 distruggere<\/title>\n<meta name=\"description\" content=\"Parte il progetto di sostegno che da Brenta porter\u00e0 aiuti al paese marchigiano colpito dal sisma.Il sindaco Ballardin all&#039;inaugurazione della piazza col capo della Protezione civile Curcio\" \/>\n<meta name=\"robots\" content=\"noindex, follow, max-snippet:-1, max-image-preview:large, max-video-preview:-1\" \/>\n<meta property=\"og:locale\" content=\"it_IT\" \/>\n<meta property=\"og:type\" content=\"article\" \/>\n<meta property=\"og:title\" content=\"Una comunit\u00e0 che il terremoto non pu\u00f2 distruggere\" \/>\n<meta property=\"og:description\" content=\"Parte il progetto di sostegno che da Brenta porter\u00e0 aiuti al paese marchigiano colpito dal sisma.Il sindaco Ballardin all&#039;inaugurazione della piazza col capo della Protezione civile Curcio\" \/>\n<meta property=\"og:url\" content=\"https:\/\/staging.varesenews.it\/2017\/06\/una-comunita-che-il-terremoto-non-puo-distruggere\/626907\/\" \/>\n<meta property=\"og:site_name\" content=\"VareseNews\" \/>\n<meta property=\"article:publisher\" content=\"https:\/\/www.facebook.com\/varesenews\" \/>\n<meta property=\"article:author\" content=\"https:\/\/www.facebook.com\/andrea.camurani?fref=photo\" \/>\n<meta property=\"article:published_time\" content=\"2017-06-05T13:55:36+00:00\" \/>\n<meta name=\"author\" content=\"Andrea Camurani\" \/>\n<meta name=\"twitter:card\" content=\"summary_large_image\" \/>\n<meta name=\"twitter:creator\" content=\"@AndreaCamurani\" \/>\n<meta name=\"twitter:site\" content=\"@varesenews\" \/>\n<meta name=\"twitter:label1\" content=\"Scritto da\" \/>\n\t<meta name=\"twitter:data1\" content=\"Andrea Camurani\" \/>\n\t<meta name=\"twitter:label2\" content=\"Tempo di lettura stimato\" \/>\n\t<meta name=\"twitter:data2\" content=\"6 minuti\" \/>\n<script type=\"application\/ld+json\" class=\"yoast-schema-graph\">{\"@context\":\"https:\/\/schema.org\",\"@graph\":[{\"@type\":\"WebPage\",\"@id\":\"https:\/\/staging.varesenews.it\/2017\/06\/una-comunita-che-il-terremoto-non-puo-distruggere\/626907\/\",\"url\":\"https:\/\/staging.varesenews.it\/2017\/06\/una-comunita-che-il-terremoto-non-puo-distruggere\/626907\/\",\"name\":\"Una comunit\u00e0 che il terremoto non pu\u00f2 distruggere\",\"isPartOf\":{\"@id\":\"https:\/\/staging.varesenews.it\/#website\"},\"datePublished\":\"2017-06-05T13:55:36+00:00\",\"dateModified\":\"2017-06-05T13:55:36+00:00\",\"author\":{\"@id\":\"https:\/\/staging.varesenews.it\/#\/schema\/person\/3eb5832c6beae763de8d9596fdbe8c49\"},\"description\":\"Parte il progetto di sostegno che da Brenta porter\u00e0 aiuti al paese marchigiano colpito dal sisma.Il sindaco Ballardin all'inaugurazione della piazza col capo della Protezione civile Curcio\",\"breadcrumb\":{\"@id\":\"https:\/\/staging.varesenews.it\/2017\/06\/una-comunita-che-il-terremoto-non-puo-distruggere\/626907\/#breadcrumb\"},\"inLanguage\":\"it-IT\",\"potentialAction\":[{\"@type\":\"ReadAction\",\"target\":[\"https:\/\/staging.varesenews.it\/2017\/06\/una-comunita-che-il-terremoto-non-puo-distruggere\/626907\/\"]}]},{\"@type\":\"BreadcrumbList\",\"@id\":\"https:\/\/staging.varesenews.it\/2017\/06\/una-comunita-che-il-terremoto-non-puo-distruggere\/626907\/#breadcrumb\",\"itemListElement\":[{\"@type\":\"ListItem\",\"position\":1,\"name\":\"Home\",\"item\":\"https:\/\/www.varesenews.it\/\"},{\"@type\":\"ListItem\",\"position\":2,\"name\":\"Una comunit\u00e0 che il terremoto non pu\u00f2 distruggere\"}]},{\"@type\":\"WebSite\",\"@id\":\"https:\/\/staging.varesenews.it\/#website\",\"url\":\"https:\/\/staging.varesenews.it\/\",\"name\":\"VareseNews\",\"description\":\"\",\"potentialAction\":[{\"@type\":\"SearchAction\",\"target\":{\"@type\":\"EntryPoint\",\"urlTemplate\":\"https:\/\/staging.varesenews.it\/?s={search_term_string}\"},\"query-input\":\"required name=search_term_string\"}],\"inLanguage\":\"it-IT\"},{\"@type\":\"Person\",\"@id\":\"https:\/\/staging.varesenews.it\/#\/schema\/person\/3eb5832c6beae763de8d9596fdbe8c49\",\"name\":\"Andrea Camurani\",\"image\":{\"@type\":\"ImageObject\",\"inLanguage\":\"it-IT\",\"@id\":\"https:\/\/staging.varesenews.it\/#\/schema\/person\/image\/\",\"url\":\"https:\/\/staging.varesenews.it\/wp-content\/uploads\/2020\/12\/andrea_camurani_colori_500.jpg\",\"contentUrl\":\"https:\/\/staging.varesenews.it\/wp-content\/uploads\/2020\/12\/andrea_camurani_colori_500.jpg\",\"caption\":\"Andrea Camurani\"},\"description\":\"Sono figlio degli anni Settanta e di Milano, dove ho imparato a riconoscere buoni e cattivi. Laurea in scienze politiche, lavoro a VareseNews dal 2000. Racconto quel che trovo quando incontro chi vuole lasciare al mondo un pezzetto di vita, che si chiama cronaca. &ldquo;...perch&eacute; &egrave; la gente il pi&ugrave; grande spettacolo del mondo. E non si paga il biglietto...&rdquo; (Charles Bukowsky)\",\"sameAs\":[\"https:\/\/www.facebook.com\/andrea.camurani?fref=photo\",\"andreacamurani\",\"https:\/\/www.linkedin.com\/hp\/?dnr=A9a84RfzsLdo9xg4NcGV4dLiMknoc9ms4WM\",\"https:\/\/twitter.com\/AndreaCamurani\"],\"url\":\"https:\/\/staging.varesenews.it\/persona\/andrea_camurani\/\"}]}<\/script>\n<!-- \/ Yoast SEO plugin. -->","yoast_head_json":{"title":"Una comunit\u00e0 che il terremoto non pu\u00f2 distruggere","description":"Parte il progetto di sostegno che da Brenta porter\u00e0 aiuti al paese marchigiano colpito dal sisma.Il sindaco Ballardin all'inaugurazione della piazza col capo della Protezione civile Curcio","robots":{"index":"noindex","follow":"follow","max-snippet":"max-snippet:-1","max-image-preview":"max-image-preview:large","max-video-preview":"max-video-preview:-1"},"og_locale":"it_IT","og_type":"article","og_title":"Una comunit\u00e0 che il terremoto non pu\u00f2 distruggere","og_description":"Parte il progetto di sostegno che da Brenta porter\u00e0 aiuti al paese marchigiano colpito dal sisma.Il sindaco Ballardin all'inaugurazione della piazza col capo della Protezione civile Curcio","og_url":"https:\/\/staging.varesenews.it\/2017\/06\/una-comunita-che-il-terremoto-non-puo-distruggere\/626907\/","og_site_name":"VareseNews","article_publisher":"https:\/\/www.facebook.com\/varesenews","article_author":"https:\/\/www.facebook.com\/andrea.camurani?fref=photo","article_published_time":"2017-06-05T13:55:36+00:00","author":"Andrea Camurani","twitter_card":"summary_large_image","twitter_creator":"@AndreaCamurani","twitter_site":"@varesenews","twitter_misc":{"Scritto da":"Andrea Camurani","Tempo di lettura stimato":"6 minuti"},"schema":{"@context":"https:\/\/schema.org","@graph":[{"@type":"WebPage","@id":"https:\/\/staging.varesenews.it\/2017\/06\/una-comunita-che-il-terremoto-non-puo-distruggere\/626907\/","url":"https:\/\/staging.varesenews.it\/2017\/06\/una-comunita-che-il-terremoto-non-puo-distruggere\/626907\/","name":"Una comunit\u00e0 che il terremoto non pu\u00f2 distruggere","isPartOf":{"@id":"https:\/\/staging.varesenews.it\/#website"},"datePublished":"2017-06-05T13:55:36+00:00","dateModified":"2017-06-05T13:55:36+00:00","author":{"@id":"https:\/\/staging.varesenews.it\/#\/schema\/person\/3eb5832c6beae763de8d9596fdbe8c49"},"description":"Parte il progetto di sostegno che da Brenta porter\u00e0 aiuti al paese marchigiano colpito dal sisma.Il sindaco Ballardin all'inaugurazione della piazza col capo della Protezione civile Curcio","breadcrumb":{"@id":"https:\/\/staging.varesenews.it\/2017\/06\/una-comunita-che-il-terremoto-non-puo-distruggere\/626907\/#breadcrumb"},"inLanguage":"it-IT","potentialAction":[{"@type":"ReadAction","target":["https:\/\/staging.varesenews.it\/2017\/06\/una-comunita-che-il-terremoto-non-puo-distruggere\/626907\/"]}]},{"@type":"BreadcrumbList","@id":"https:\/\/staging.varesenews.it\/2017\/06\/una-comunita-che-il-terremoto-non-puo-distruggere\/626907\/#breadcrumb","itemListElement":[{"@type":"ListItem","position":1,"name":"Home","item":"https:\/\/www.varesenews.it\/"},{"@type":"ListItem","position":2,"name":"Una comunit\u00e0 che il terremoto non pu\u00f2 distruggere"}]},{"@type":"WebSite","@id":"https:\/\/staging.varesenews.it\/#website","url":"https:\/\/staging.varesenews.it\/","name":"VareseNews","description":"","potentialAction":[{"@type":"SearchAction","target":{"@type":"EntryPoint","urlTemplate":"https:\/\/staging.varesenews.it\/?s={search_term_string}"},"query-input":"required name=search_term_string"}],"inLanguage":"it-IT"},{"@type":"Person","@id":"https:\/\/staging.varesenews.it\/#\/schema\/person\/3eb5832c6beae763de8d9596fdbe8c49","name":"Andrea Camurani","image":{"@type":"ImageObject","inLanguage":"it-IT","@id":"https:\/\/staging.varesenews.it\/#\/schema\/person\/image\/","url":"https:\/\/staging.varesenews.it\/wp-content\/uploads\/2020\/12\/andrea_camurani_colori_500.jpg","contentUrl":"https:\/\/staging.varesenews.it\/wp-content\/uploads\/2020\/12\/andrea_camurani_colori_500.jpg","caption":"Andrea Camurani"},"description":"Sono figlio degli anni Settanta e di Milano, dove ho imparato a riconoscere buoni e cattivi. Laurea in scienze politiche, lavoro a VareseNews dal 2000. Racconto quel che trovo quando incontro chi vuole lasciare al mondo un pezzetto di vita, che si chiama cronaca. &ldquo;...perch&eacute; &egrave; la gente il pi&ugrave; grande spettacolo del mondo. E non si paga il biglietto...&rdquo; (Charles Bukowsky)","sameAs":["https:\/\/www.facebook.com\/andrea.camurani?fref=photo","andreacamurani","https:\/\/www.linkedin.com\/hp\/?dnr=A9a84RfzsLdo9xg4NcGV4dLiMknoc9ms4WM","https:\/\/twitter.com\/AndreaCamurani"],"url":"https:\/\/staging.varesenews.it\/persona\/andrea_camurani\/"}]}},"post_meta":{"_edit_lock":"1496670840:34","_edit_last":"34","_category_permalink":"2","ratings_users":"0","ratings_score":"0","ratings_average":"0","wdfb_og_title":"","wdfb_og_type":"","wdfb_og_description":"","wdfb_og_images":"a:1:{i:0;s:0:\"\";}","wdfb_og_custom_name":"a:1:{i:0;s:0:\"\";}","wdfb_og_custom_value":"a:1:{i:0;s:0:\"\";}","foto":"614889","firma_come_redazione":"1","argomento":"Gualdo (Mc)","_jd_twitter":"","_jd_tweet_this":"yes","_wpt_short_url":"http:\/\/www.varesenews.it\/2017\/06\/una-comunita-che-il-terremoto-non-puo-distruggere\/626907\/","_wp_jd_target":"http:\/\/www.varesenews.it\/2017\/06\/una-comunita-che-il-terremoto-non-puo-distruggere\/626907\/","_jd_wp_twitter":"a:1:{i:0;s:143:\"Una comunit\u00e0 che il terremoto non pu\u00f2 distruggere http:\/\/www.varesenews.it\/2017\/06\/una-comunita-che-il-terremoto-non-puo-distruggere\/626907\/ \";}","_wpt_status_message":"Tweet inviato con successo."},"photos":[{"original":"https:\/\/staging.varesenews.it\/photogallery_new\/images\/2017\/06\/avarie-614889.jpg","full":"https:\/\/staging.varesenews.it\/photogallery_new\/images\/2017\/06\/avarie-614889.1024x768.jpg","large":"https:\/\/staging.varesenews.it\/photogallery_new\/images\/2017\/06\/avarie-614889.610x431.jpg"}],"_links":{"self":[{"href":"https:\/\/staging.varesenews.it\/swgapi\/v1\/wp\/v2\/posts\/626907"}],"collection":[{"href":"https:\/\/staging.varesenews.it\/swgapi\/v1\/wp\/v2\/posts"}],"about":[{"href":"https:\/\/staging.varesenews.it\/swgapi\/v1\/wp\/v2\/types\/post"}],"author":[{"embeddable":true,"href":"https:\/\/staging.varesenews.it\/swgapi\/v1\/wp\/v2\/users\/34"}],"replies":[{"embeddable":true,"href":"https:\/\/staging.varesenews.it\/swgapi\/v1\/wp\/v2\/comments?post=626907"}],"version-history":[{"count":0,"href":"https:\/\/staging.varesenews.it\/swgapi\/v1\/wp\/v2\/posts\/626907\/revisions"}],"wp:attachment":[{"href":"https:\/\/staging.varesenews.it\/swgapi\/v1\/wp\/v2\/media?parent=626907"}],"wp:term":[{"taxonomy":"category","embeddable":true,"href":"https:\/\/staging.varesenews.it\/swgapi\/v1\/wp\/v2\/categories?post=626907"},{"taxonomy":"post_tag","embeddable":true,"href":"https:\/\/staging.varesenews.it\/swgapi\/v1\/wp\/v2\/tags?post=626907"}],"curies":[{"name":"wp","href":"https:\/\/api.w.org\/{rel}","templated":true}]}}