{"id":627866,"date":"2017-06-08T15:08:06","date_gmt":"2017-06-08T13:08:06","guid":{"rendered":"http:\/\/www.varesenews.it\/?p=627866"},"modified":"2017-06-08T16:21:09","modified_gmt":"2017-06-08T14:21:09","slug":"matthew-phillips-il-campione-che-romba-in-pausa-pranzo","status":"publish","type":"post","link":"https:\/\/staging.varesenews.it\/2017\/06\/matthew-phillips-il-campione-che-romba-in-pausa-pranzo\/627866\/","title":{"rendered":"Matthew Phillips, il campione che romba in pausa pranzo"},"content":{"rendered":"<p>Cosa ci fa un <strong>campione del mondo nel parcheggio di una grande azienda?<\/strong> Semplice: regala a tutti i presenti un concentrato di <strong>abilit\u00e0, classe e coraggio<\/strong> tipica della sua disciplina sportiva.<\/p>\n<p>Non una pausa pranzo consueta, quella avvenuta oggi alla<strong> Elmec Informatica di Brunello<\/strong>: a movimentare la giornata \u00e8 infatti intervenuto <strong>Matthew Phillips,<\/strong> nome poco noto al grande pubblico ma capace di far sobbalzare sulla sedia gli appassionati di motociclismo. Phillips, che ha <strong>quasi 24 anni e viene dalla Tasmania,<\/strong> \u00e8 infatti l&#8217;<strong>iridato in carica di enduro (classe E2)<\/strong>, specialit\u00e0 fuori-strada che \u00e8 l&#8217;equivalente del rally per le automobili.<\/p>\n<p>Matthew \u00e8 di casa da queste parti, anche perch\u00e9 \u00e8 il<strong> pilota di punta della CH Racing,<\/strong> la struttura guidata da <strong>Fabrizio Azzalin,<\/strong> che ha sede ad Albizzate e\u00a0che nel corso degli anni ha incasellato centinaia di vittorie e decine di titoli internazionali. \u00abSono in Italia da cinque anni, e<strong> ogni anno passo circa nove mesi qui a Varese<\/strong> e dintorni: periodi nei quali mi allontano solo per disputare le gare\u00bb racconta Phillips dopo aver dato spettacolo a bordo della sua moto. \u00abQui<strong> mi trovo benissimo<\/strong>, e non solo per il cibo, visto che il vostro \u00e8 davvero favoloso: sono contento di vivere da queste parti\u00bb. Qualche tempo fa Phillips \u00e8 stato anche ospite del PalA2a dove ha assistito a una partita della Pallacanestro Varese. <img decoding=\"async\" loading=\"lazy\" fetchpriority=\"low\" width=\"610\" height=\"431\" src=\"https:\/\/staging.varesenews.it\/photogallery_new\/images\/2017\/06\/matthew-phillips-alla-elmec-615580.610x431.jpg\" alt=\"Matthew Phillips alla Elmec \"><\/p>\n<p>\u00abQuello che non conoscevo &#8211; scherza &#8211; erano i <strong>semafori<\/strong>: in Tasmania praticamente non ce ne sono, siamo cos\u00ec pochi che non servono. In questo senso, per me, andare a Milano \u00e8 una giungla\u00bb. Il giovane campione non \u00e8 appassionato solo di enduro: \u00abNo, questa \u00e8 solo una delle specialit\u00e0 della moto off-road: a me <strong>piacciono anche tutte le altre<\/strong>, a partire dal cross\u00bb.<\/p>\n<p>Phillips se la ride, mostrando un fisico che a prima vista non \u00e8 quello di un fenomeno. <strong>Giudizio frettoloso,<\/strong> che cambia immediatamente quando l&#8217;australiano si fascia nella tuta da gara numero 19: <strong>in sella alla sua Sherco<\/strong>, <strong>Matthew diventa un tutt&#8217;uno con essa.<\/strong> Basta vedere la facilit\u00e0 con cui<strong> affronta e salta gli ostacoli,<\/strong> frena in spazi ridottissimi e &#8220;doma la belva&#8221; senza apparente difficolt\u00e0, n\u00e9 dal punto di vista tecnico n\u00e9 da quello fisico. \u00ab<strong>La vittoria del mondiale 2016 \u00e8 stata speciale<\/strong> &#8211; confessa il team manager Azzalin &#8211; La Sherco (moto utilizzata da Phillips) \u00e8 una casa piccola, con la quale Matthew ha messo in fila i colossi europei e giapponesi delle due ruote. <strong>Lui \u00e8 fortissimo<\/strong>, da parte nostra c&#8217;\u00e8 <strong>l&#8217;orgoglio di avergli messo a disposizione<\/strong> una moto e una struttura di alto profilo\u00bb.<\/p>\n<p>Felici, al termine dell&#8217;evoluzione, i dirigenti della Elmec a partire dal presidente <strong>Rinaldo Ballerio<\/strong>: la presenza di Phillips prosegue una tradizione aziendale che ha gi\u00e0 visto <strong>transitare dalle sedi di Gazzada e Brunello campioni e addetti ai lavori<\/strong> di diverse discipline sportive. Perch\u00e9 da ciascuno di loro si possono raccogliere spunti da riutilizzare anche in azienda.<\/p>\n","protected":false},"excerpt":{"rendered":"<p>Giornata speciale alla Elmec dove l&#8217;australiano &#8211; iridato dell&#8217;enduro con il team varesino CH Racing- ha tenuto uno show motoristico per i dipendenti<\/p>\n","protected":false},"author":38,"featured_media":0,"comment_status":"open","ping_status":"open","sticky":false,"template":"","format":"standard","meta":{"footnotes":""},"categories":[14,21],"tags":[25397,349,13264,1879],"acf":[],"yoast_head":"<!-- This site is optimized with the Yoast SEO plugin v20.1 - https:\/\/yoast.com\/wordpress\/plugins\/seo\/ -->\n<title>Matthew Phillips, il campione che romba in pausa pranzo<\/title>\n<meta name=\"description\" content=\"Giornata speciale alla Elmec dove Matthew Phillips, l&#039;australiano -iridato dell&#039;enduro con il team CH Racing- ha tenuto uno show motoristico per i dipendenti\" \/>\n<meta name=\"robots\" content=\"noindex, follow, max-snippet:-1, max-image-preview:large, max-video-preview:-1\" \/>\n<meta property=\"og:locale\" content=\"it_IT\" \/>\n<meta property=\"og:type\" content=\"article\" \/>\n<meta property=\"og:title\" content=\"Matthew Phillips, il campione che romba in pausa pranzo\" \/>\n<meta property=\"og:description\" content=\"Giornata speciale alla Elmec dove Matthew Phillips, l&#039;australiano -iridato dell&#039;enduro con il team CH Racing- ha tenuto uno show motoristico per i dipendenti\" \/>\n<meta property=\"og:url\" content=\"https:\/\/staging.varesenews.it\/2017\/06\/matthew-phillips-il-campione-che-romba-in-pausa-pranzo\/627866\/\" \/>\n<meta property=\"og:site_name\" content=\"VareseNews\" \/>\n<meta property=\"article:publisher\" content=\"https:\/\/www.facebook.com\/varesenews\" \/>\n<meta property=\"article:published_time\" content=\"2017-06-08T13:08:06+00:00\" \/>\n<meta property=\"article:modified_time\" content=\"2017-06-08T14:21:09+00:00\" \/>\n<meta name=\"author\" content=\"Damiano Franzetti\" \/>\n<meta name=\"twitter:card\" content=\"summary_large_image\" \/>\n<meta name=\"twitter:creator\" content=\"@damianofranz\" \/>\n<meta name=\"twitter:site\" content=\"@varesenews\" \/>\n<meta name=\"twitter:label1\" content=\"Scritto da\" \/>\n\t<meta name=\"twitter:data1\" content=\"Damiano Franzetti\" \/>\n\t<meta name=\"twitter:label2\" content=\"Tempo di lettura stimato\" \/>\n\t<meta name=\"twitter:data2\" content=\"2 minuti\" \/>\n<script type=\"application\/ld+json\" class=\"yoast-schema-graph\">{\"@context\":\"https:\/\/schema.org\",\"@graph\":[{\"@type\":\"WebPage\",\"@id\":\"https:\/\/staging.varesenews.it\/2017\/06\/matthew-phillips-il-campione-che-romba-in-pausa-pranzo\/627866\/\",\"url\":\"https:\/\/staging.varesenews.it\/2017\/06\/matthew-phillips-il-campione-che-romba-in-pausa-pranzo\/627866\/\",\"name\":\"Matthew Phillips, il campione che romba in pausa pranzo\",\"isPartOf\":{\"@id\":\"https:\/\/staging.varesenews.it\/#website\"},\"datePublished\":\"2017-06-08T13:08:06+00:00\",\"dateModified\":\"2017-06-08T14:21:09+00:00\",\"author\":{\"@id\":\"https:\/\/staging.varesenews.it\/#\/schema\/person\/709ae3769f6b4dbde8ec332baede8a5b\"},\"description\":\"Giornata speciale alla Elmec dove Matthew Phillips, l'australiano -iridato dell'enduro con il team CH Racing- ha tenuto uno show motoristico per i dipendenti\",\"breadcrumb\":{\"@id\":\"https:\/\/staging.varesenews.it\/2017\/06\/matthew-phillips-il-campione-che-romba-in-pausa-pranzo\/627866\/#breadcrumb\"},\"inLanguage\":\"it-IT\",\"potentialAction\":[{\"@type\":\"ReadAction\",\"target\":[\"https:\/\/staging.varesenews.it\/2017\/06\/matthew-phillips-il-campione-che-romba-in-pausa-pranzo\/627866\/\"]}]},{\"@type\":\"BreadcrumbList\",\"@id\":\"https:\/\/staging.varesenews.it\/2017\/06\/matthew-phillips-il-campione-che-romba-in-pausa-pranzo\/627866\/#breadcrumb\",\"itemListElement\":[{\"@type\":\"ListItem\",\"position\":1,\"name\":\"Home\",\"item\":\"https:\/\/www.varesenews.it\/\"},{\"@type\":\"ListItem\",\"position\":2,\"name\":\"Matthew Phillips, il campione che romba in pausa pranzo\"}]},{\"@type\":\"WebSite\",\"@id\":\"https:\/\/staging.varesenews.it\/#website\",\"url\":\"https:\/\/staging.varesenews.it\/\",\"name\":\"VareseNews\",\"description\":\"\",\"potentialAction\":[{\"@type\":\"SearchAction\",\"target\":{\"@type\":\"EntryPoint\",\"urlTemplate\":\"https:\/\/staging.varesenews.it\/?s={search_term_string}\"},\"query-input\":\"required name=search_term_string\"}],\"inLanguage\":\"it-IT\"},{\"@type\":\"Person\",\"@id\":\"https:\/\/staging.varesenews.it\/#\/schema\/person\/709ae3769f6b4dbde8ec332baede8a5b\",\"name\":\"Damiano Franzetti\",\"image\":{\"@type\":\"ImageObject\",\"inLanguage\":\"it-IT\",\"@id\":\"https:\/\/staging.varesenews.it\/#\/schema\/person\/image\/\",\"url\":\"https:\/\/staging.varesenews.it\/wp-content\/uploads\/2020\/12\/damiano_franzetti_colori_500.jpg\",\"contentUrl\":\"https:\/\/staging.varesenews.it\/wp-content\/uploads\/2020\/12\/damiano_franzetti_colori_500.jpg\",\"caption\":\"Damiano Franzetti\"},\"description\":\"Classe 1976, una laurea (nel cassetto) in scienze e tecnologie alimentari; sono giornalista professionista dal 2009 nato e cresciuto con VareseNews dove mi occupo soprattutto di sport ormai da vent&rsquo;anni. Inviato sui campi (sulle piste, sulle strade...), intervistatore, coordinatore e responsabile delle pagine sportive, mi ritaglio volentieri lo spazio per scrivere di birra sul blog Malto Gradimento. Ho seguito innumerevoli campionati di Serie A di basket, di serie B di calcio, due Mondiali di ciclismo, qualche Giro d&rsquo;;Italia e tanto altro ancora. Collaboro con Tuttosport e altre testate, mi diletto di social. Ho una moglie, un figlio, vivo nella mia Gemonio e ho purtroppo smesso con il basket giocato. &nbsp;\",\"sameAs\":[\"damianofranz\",\"https:\/\/www.linkedin.com\/profile\/view?id=241597124&trk=nav_responsive_tab_profile\",\"https:\/\/twitter.com\/damianofranz\"],\"url\":\"https:\/\/staging.varesenews.it\/persona\/damiano_franzetti-2\/\"}]}<\/script>\n<!-- \/ Yoast SEO plugin. -->","yoast_head_json":{"title":"Matthew Phillips, il campione che romba in pausa pranzo","description":"Giornata speciale alla Elmec dove Matthew Phillips, l'australiano -iridato dell'enduro con il team CH Racing- ha tenuto uno show motoristico per i dipendenti","robots":{"index":"noindex","follow":"follow","max-snippet":"max-snippet:-1","max-image-preview":"max-image-preview:large","max-video-preview":"max-video-preview:-1"},"og_locale":"it_IT","og_type":"article","og_title":"Matthew Phillips, il campione che romba in pausa pranzo","og_description":"Giornata speciale alla Elmec dove Matthew Phillips, l'australiano -iridato dell'enduro con il team CH Racing- ha tenuto uno show motoristico per i dipendenti","og_url":"https:\/\/staging.varesenews.it\/2017\/06\/matthew-phillips-il-campione-che-romba-in-pausa-pranzo\/627866\/","og_site_name":"VareseNews","article_publisher":"https:\/\/www.facebook.com\/varesenews","article_published_time":"2017-06-08T13:08:06+00:00","article_modified_time":"2017-06-08T14:21:09+00:00","author":"Damiano Franzetti","twitter_card":"summary_large_image","twitter_creator":"@damianofranz","twitter_site":"@varesenews","twitter_misc":{"Scritto da":"Damiano Franzetti","Tempo di lettura stimato":"2 minuti"},"schema":{"@context":"https:\/\/schema.org","@graph":[{"@type":"WebPage","@id":"https:\/\/staging.varesenews.it\/2017\/06\/matthew-phillips-il-campione-che-romba-in-pausa-pranzo\/627866\/","url":"https:\/\/staging.varesenews.it\/2017\/06\/matthew-phillips-il-campione-che-romba-in-pausa-pranzo\/627866\/","name":"Matthew Phillips, il campione che romba in pausa pranzo","isPartOf":{"@id":"https:\/\/staging.varesenews.it\/#website"},"datePublished":"2017-06-08T13:08:06+00:00","dateModified":"2017-06-08T14:21:09+00:00","author":{"@id":"https:\/\/staging.varesenews.it\/#\/schema\/person\/709ae3769f6b4dbde8ec332baede8a5b"},"description":"Giornata speciale alla Elmec dove Matthew Phillips, l'australiano -iridato dell'enduro con il team CH Racing- ha tenuto uno show motoristico per i dipendenti","breadcrumb":{"@id":"https:\/\/staging.varesenews.it\/2017\/06\/matthew-phillips-il-campione-che-romba-in-pausa-pranzo\/627866\/#breadcrumb"},"inLanguage":"it-IT","potentialAction":[{"@type":"ReadAction","target":["https:\/\/staging.varesenews.it\/2017\/06\/matthew-phillips-il-campione-che-romba-in-pausa-pranzo\/627866\/"]}]},{"@type":"BreadcrumbList","@id":"https:\/\/staging.varesenews.it\/2017\/06\/matthew-phillips-il-campione-che-romba-in-pausa-pranzo\/627866\/#breadcrumb","itemListElement":[{"@type":"ListItem","position":1,"name":"Home","item":"https:\/\/www.varesenews.it\/"},{"@type":"ListItem","position":2,"name":"Matthew Phillips, il campione che romba in pausa pranzo"}]},{"@type":"WebSite","@id":"https:\/\/staging.varesenews.it\/#website","url":"https:\/\/staging.varesenews.it\/","name":"VareseNews","description":"","potentialAction":[{"@type":"SearchAction","target":{"@type":"EntryPoint","urlTemplate":"https:\/\/staging.varesenews.it\/?s={search_term_string}"},"query-input":"required name=search_term_string"}],"inLanguage":"it-IT"},{"@type":"Person","@id":"https:\/\/staging.varesenews.it\/#\/schema\/person\/709ae3769f6b4dbde8ec332baede8a5b","name":"Damiano Franzetti","image":{"@type":"ImageObject","inLanguage":"it-IT","@id":"https:\/\/staging.varesenews.it\/#\/schema\/person\/image\/","url":"https:\/\/staging.varesenews.it\/wp-content\/uploads\/2020\/12\/damiano_franzetti_colori_500.jpg","contentUrl":"https:\/\/staging.varesenews.it\/wp-content\/uploads\/2020\/12\/damiano_franzetti_colori_500.jpg","caption":"Damiano Franzetti"},"description":"Classe 1976, una laurea (nel cassetto) in scienze e tecnologie alimentari; sono giornalista professionista dal 2009 nato e cresciuto con VareseNews dove mi occupo soprattutto di sport ormai da vent&rsquo;anni. Inviato sui campi (sulle piste, sulle strade...), intervistatore, coordinatore e responsabile delle pagine sportive, mi ritaglio volentieri lo spazio per scrivere di birra sul blog Malto Gradimento. Ho seguito innumerevoli campionati di Serie A di basket, di serie B di calcio, due Mondiali di ciclismo, qualche Giro d&rsquo;;Italia e tanto altro ancora. Collaboro con Tuttosport e altre testate, mi diletto di social. Ho una moglie, un figlio, vivo nella mia Gemonio e ho purtroppo smesso con il basket giocato. &nbsp;","sameAs":["damianofranz","https:\/\/www.linkedin.com\/profile\/view?id=241597124&trk=nav_responsive_tab_profile","https:\/\/twitter.com\/damianofranz"],"url":"https:\/\/staging.varesenews.it\/persona\/damiano_franzetti-2\/"}]}},"post_meta":{"_edit_lock":"1496960638:42","_edit_last":"42","_category_permalink":"14","ratings_users":"0","ratings_score":"0","ratings_average":"0","wdfb_og_title":"","wdfb_og_type":"","wdfb_og_description":"","wdfb_og_images":"a:1:{i:0;s:0:\"\";}","wdfb_og_custom_name":"a:1:{i:0;s:0:\"\";}","wdfb_og_custom_value":"a:1:{i:0;s:0:\"\";}","foto":"615580","argomento":"Motociclismo","_jd_twitter":"","_jd_tweet_this":"yes","_wpt_short_url":"http:\/\/www.varesenews.it\/2017\/06\/matthew-phillips-il-campione-che-romba-in-pausa-pranzo\/627866\/","_wp_jd_target":"http:\/\/www.varesenews.it\/2017\/06\/matthew-phillips-il-campione-che-romba-in-pausa-pranzo\/627866\/","_jd_wp_twitter":"a:1:{i:0;s:176:\"Matthew Phillips, il campione che romba in pausa pranzo http:\/\/www.varesenews.it\/2017\/06\/matthew-phillips-il-campione-che-romba-in-pausa-pranzo\/627866\/ #chracing #elmec #enduro\";}","_wpt_status_message":"Tweet inviato con successo.","id_link_fotogallery":"627885","youtube_id":"RbFiEtIoX00","_yoast_wpseo_focuskw":"Matthew Phillips","_yoast_wpseo_metadesc":"Giornata speciale alla Elmec dove Matthew Phillips, l'australiano -iridato dell'enduro con il team CH Racing- ha tenuto uno show motoristico per i dipendenti","_yoast_wpseo_linkdex":"80","video":"627916"},"photos":[{"original":"https:\/\/staging.varesenews.it\/photogallery_new\/images\/2017\/06\/matthew-phillips-alla-elmec-615580.jpg","full":"https:\/\/staging.varesenews.it\/photogallery_new\/images\/2017\/06\/matthew-phillips-alla-elmec-615580.1024x768.jpg","large":"https:\/\/staging.varesenews.it\/photogallery_new\/images\/2017\/06\/matthew-phillips-alla-elmec-615580.610x431.jpg"}],"_links":{"self":[{"href":"https:\/\/staging.varesenews.it\/swgapi\/v1\/wp\/v2\/posts\/627866"}],"collection":[{"href":"https:\/\/staging.varesenews.it\/swgapi\/v1\/wp\/v2\/posts"}],"about":[{"href":"https:\/\/staging.varesenews.it\/swgapi\/v1\/wp\/v2\/types\/post"}],"author":[{"embeddable":true,"href":"https:\/\/staging.varesenews.it\/swgapi\/v1\/wp\/v2\/users\/38"}],"replies":[{"embeddable":true,"href":"https:\/\/staging.varesenews.it\/swgapi\/v1\/wp\/v2\/comments?post=627866"}],"version-history":[{"count":0,"href":"https:\/\/staging.varesenews.it\/swgapi\/v1\/wp\/v2\/posts\/627866\/revisions"}],"wp:attachment":[{"href":"https:\/\/staging.varesenews.it\/swgapi\/v1\/wp\/v2\/media?parent=627866"}],"wp:term":[{"taxonomy":"category","embeddable":true,"href":"https:\/\/staging.varesenews.it\/swgapi\/v1\/wp\/v2\/categories?post=627866"},{"taxonomy":"post_tag","embeddable":true,"href":"https:\/\/staging.varesenews.it\/swgapi\/v1\/wp\/v2\/tags?post=627866"}],"curies":[{"name":"wp","href":"https:\/\/api.w.org\/{rel}","templated":true}]}}