{"id":629253,"date":"2017-06-13T10:21:14","date_gmt":"2017-06-13T08:21:14","guid":{"rendered":"http:\/\/www.varesenews.it\/?p=629253"},"modified":"2017-06-13T10:28:07","modified_gmt":"2017-06-13T08:28:07","slug":"astuti-pd-lega-sparita-nei-piccoli-comuni","status":"publish","type":"post","link":"https:\/\/staging.varesenews.it\/2017\/06\/astuti-pd-lega-sparita-nei-piccoli-comuni\/629253\/","title":{"rendered":"Astuti (Pd): &#8220;Lega sparita nei piccoli comuni&#8221;"},"content":{"rendered":"<p><strong>&#8220;Innanzitutto desidero ringraziare tutti coloro che si sono messi in<\/strong><br \/>\n<strong> gioco in queste amministrative: candidati sindaci, candidati consiglieri e i tanti nostri sostenitori&#8221;.<\/strong><br \/>\nSono le prime parole di <strong>Samuele Astuti<\/strong>, segretario provinciale del Partito Democratico, a commento della tornata elettorale che ha riguardato 11 comuni del Varesotto.<\/p>\n<p>&#8220;Un ringraziamento particolare &#8211; prosegue l\u2019esponente del Pd &#8211; va a <strong>Mimmo Mottura<\/strong>, che con grande impegno si \u00e8 messo a disposizione della comunit\u00e0 di Cassano Magnago e le cui capacit\u00e0 non si discutono. In proposito, faccio i complimenti a Nicola Poliseno e gli auguro buon lavoro in vista del suo secondo mandato&#8221;.<br \/>\n<strong>A Tradate, invece, si andr\u00e0 al ballottaggio fra il sindaco uscente Laura Cavalotti e il leghista Dario\u00a0<\/strong><strong>Galli.<\/strong>\u00a0&#8220;La partita \u00e8 ancora aperta &#8211; afferma Astuti -: adesso ne inizia una diversa e si riparte da zero a zero. Ad ogni modo, va segnalato che la <strong>Lega \u00e8 di fatto sparita a Cassano, sua storica roccaforte, e nei centri con meno di 15mila abitanti,<\/strong> dove invece hanno vinto quelle alleanze civiche in grado di aprirsi e dare risposte al territorio. \u00c8 il caso, ad esempio, di Bardello, Besozzo, Brissago Valtravaglia, Galliate Lombardo e Sumirago&#8221;.<\/p>\n","protected":false},"excerpt":{"rendered":"<p>Il Commento del segretario provinciale del Pd<\/p>\n","protected":false},"author":50,"featured_media":0,"comment_status":"open","ping_status":"open","sticky":false,"template":"","format":"standard","meta":{"footnotes":""},"categories":[16,2],"tags":[],"acf":[],"yoast_head":"<!-- This site is optimized with the Yoast SEO plugin v20.1 - https:\/\/yoast.com\/wordpress\/plugins\/seo\/ -->\n<title>Astuti (Pd): &quot;Lega sparita nei piccoli comuni&quot;<\/title>\n<meta name=\"description\" content=\"Il Commento del segretario provinciale del Pd\" \/>\n<meta name=\"robots\" content=\"noindex, follow, max-snippet:-1, max-image-preview:large, max-video-preview:-1\" \/>\n<meta property=\"og:locale\" content=\"it_IT\" \/>\n<meta property=\"og:type\" content=\"article\" \/>\n<meta property=\"og:title\" content=\"Astuti (Pd): &quot;Lega sparita nei piccoli comuni&quot;\" \/>\n<meta property=\"og:description\" content=\"Il Commento del segretario provinciale del Pd\" \/>\n<meta property=\"og:url\" content=\"https:\/\/staging.varesenews.it\/2017\/06\/astuti-pd-lega-sparita-nei-piccoli-comuni\/629253\/\" \/>\n<meta property=\"og:site_name\" content=\"VareseNews\" \/>\n<meta property=\"article:publisher\" content=\"https:\/\/www.facebook.com\/varesenews\" \/>\n<meta property=\"article:published_time\" content=\"2017-06-13T08:21:14+00:00\" \/>\n<meta property=\"article:modified_time\" content=\"2017-06-13T08:28:07+00:00\" \/>\n<meta name=\"author\" content=\"Roberto Rotondo\" \/>\n<meta name=\"twitter:card\" content=\"summary_large_image\" \/>\n<meta name=\"twitter:creator\" content=\"@robertorotondo\" \/>\n<meta name=\"twitter:site\" content=\"@varesenews\" \/>\n<meta name=\"twitter:label1\" content=\"Scritto da\" \/>\n\t<meta name=\"twitter:data1\" content=\"Roberto Rotondo\" \/>\n\t<meta name=\"twitter:label2\" content=\"Tempo di lettura stimato\" \/>\n\t<meta name=\"twitter:data2\" content=\"1 minuto\" \/>\n<script type=\"application\/ld+json\" class=\"yoast-schema-graph\">{\"@context\":\"https:\/\/schema.org\",\"@graph\":[{\"@type\":\"WebPage\",\"@id\":\"https:\/\/staging.varesenews.it\/2017\/06\/astuti-pd-lega-sparita-nei-piccoli-comuni\/629253\/\",\"url\":\"https:\/\/staging.varesenews.it\/2017\/06\/astuti-pd-lega-sparita-nei-piccoli-comuni\/629253\/\",\"name\":\"Astuti (Pd): \\\"Lega sparita nei piccoli comuni\\\"\",\"isPartOf\":{\"@id\":\"https:\/\/staging.varesenews.it\/#website\"},\"datePublished\":\"2017-06-13T08:21:14+00:00\",\"dateModified\":\"2017-06-13T08:28:07+00:00\",\"author\":{\"@id\":\"https:\/\/staging.varesenews.it\/#\/schema\/person\/bace96b9ce1b4905df659e51a83c17fe\"},\"description\":\"Il Commento del segretario provinciale del Pd\",\"breadcrumb\":{\"@id\":\"https:\/\/staging.varesenews.it\/2017\/06\/astuti-pd-lega-sparita-nei-piccoli-comuni\/629253\/#breadcrumb\"},\"inLanguage\":\"it-IT\",\"potentialAction\":[{\"@type\":\"ReadAction\",\"target\":[\"https:\/\/staging.varesenews.it\/2017\/06\/astuti-pd-lega-sparita-nei-piccoli-comuni\/629253\/\"]}]},{\"@type\":\"BreadcrumbList\",\"@id\":\"https:\/\/staging.varesenews.it\/2017\/06\/astuti-pd-lega-sparita-nei-piccoli-comuni\/629253\/#breadcrumb\",\"itemListElement\":[{\"@type\":\"ListItem\",\"position\":1,\"name\":\"Home\",\"item\":\"https:\/\/www.varesenews.it\/\"},{\"@type\":\"ListItem\",\"position\":2,\"name\":\"Astuti (Pd): &#8220;Lega sparita nei piccoli comuni&#8221;\"}]},{\"@type\":\"WebSite\",\"@id\":\"https:\/\/staging.varesenews.it\/#website\",\"url\":\"https:\/\/staging.varesenews.it\/\",\"name\":\"VareseNews\",\"description\":\"\",\"potentialAction\":[{\"@type\":\"SearchAction\",\"target\":{\"@type\":\"EntryPoint\",\"urlTemplate\":\"https:\/\/staging.varesenews.it\/?s={search_term_string}\"},\"query-input\":\"required name=search_term_string\"}],\"inLanguage\":\"it-IT\"},{\"@type\":\"Person\",\"@id\":\"https:\/\/staging.varesenews.it\/#\/schema\/person\/bace96b9ce1b4905df659e51a83c17fe\",\"name\":\"Roberto Rotondo\",\"image\":{\"@type\":\"ImageObject\",\"inLanguage\":\"it-IT\",\"@id\":\"https:\/\/staging.varesenews.it\/#\/schema\/person\/image\/\",\"url\":\"https:\/\/staging.varesenews.it\/wp-content\/uploads\/2015\/03\/10888676_10204734543537926_609787919772941341_n.jpg\",\"contentUrl\":\"https:\/\/staging.varesenews.it\/wp-content\/uploads\/2015\/03\/10888676_10204734543537926_609787919772941341_n.jpg\",\"caption\":\"Roberto Rotondo\"},\"description\":\"Nato a Varese nel 1972. Laureato in Storia alla Statale di Milano. A Varese News dal 1998. Ho iniziato a scrivere su riviste locali, poi sono entrato nel progetto di Varese News quando ancora era agli inizi. Nel frattempo mi sono occupato di ricerca storica e ho collaborato con un settimanale e un quotidiano della Svizzera italiana scrivendo di cronaca e politica. Mi sono preso una pausa da Varese nel 2004. Ho lavorato per alcuni anni a Milano all'agenzia di stampa Adnkronos, con qualche stage a Roma nei palazzi della politica. Lanci di agenzia e servizi tv multimediali erano tra i miei compiti. In quegli anni ho lavorato per alcune radio anche nazionali, Radio Capital su tutte, come corrispondente locale. Ho scritto anche per un settimanale di gossip, ma sempre cronaca nera. Ed eccomi qui. Dal 2007 lavoro anche per il Corriere della sera, di cui sono corrispondente. A Varesenews sono ormai uno dei senatori. Mi occupo di cronaca nera, giudiziaria e di politica e della cronaca cittadina di Varese.\",\"sameAs\":[\"robertorotondo\",\"https:\/\/twitter.com\/robertorotondo\"],\"url\":\"https:\/\/staging.varesenews.it\/persona\/roberto-rotondo\/\"}]}<\/script>\n<!-- \/ Yoast SEO plugin. -->","yoast_head_json":{"title":"Astuti (Pd): \"Lega sparita nei piccoli comuni\"","description":"Il Commento del segretario provinciale del Pd","robots":{"index":"noindex","follow":"follow","max-snippet":"max-snippet:-1","max-image-preview":"max-image-preview:large","max-video-preview":"max-video-preview:-1"},"og_locale":"it_IT","og_type":"article","og_title":"Astuti (Pd): \"Lega sparita nei piccoli comuni\"","og_description":"Il Commento del segretario provinciale del Pd","og_url":"https:\/\/staging.varesenews.it\/2017\/06\/astuti-pd-lega-sparita-nei-piccoli-comuni\/629253\/","og_site_name":"VareseNews","article_publisher":"https:\/\/www.facebook.com\/varesenews","article_published_time":"2017-06-13T08:21:14+00:00","article_modified_time":"2017-06-13T08:28:07+00:00","author":"Roberto Rotondo","twitter_card":"summary_large_image","twitter_creator":"@robertorotondo","twitter_site":"@varesenews","twitter_misc":{"Scritto da":"Roberto Rotondo","Tempo di lettura stimato":"1 minuto"},"schema":{"@context":"https:\/\/schema.org","@graph":[{"@type":"WebPage","@id":"https:\/\/staging.varesenews.it\/2017\/06\/astuti-pd-lega-sparita-nei-piccoli-comuni\/629253\/","url":"https:\/\/staging.varesenews.it\/2017\/06\/astuti-pd-lega-sparita-nei-piccoli-comuni\/629253\/","name":"Astuti (Pd): \"Lega sparita nei piccoli comuni\"","isPartOf":{"@id":"https:\/\/staging.varesenews.it\/#website"},"datePublished":"2017-06-13T08:21:14+00:00","dateModified":"2017-06-13T08:28:07+00:00","author":{"@id":"https:\/\/staging.varesenews.it\/#\/schema\/person\/bace96b9ce1b4905df659e51a83c17fe"},"description":"Il Commento del segretario provinciale del Pd","breadcrumb":{"@id":"https:\/\/staging.varesenews.it\/2017\/06\/astuti-pd-lega-sparita-nei-piccoli-comuni\/629253\/#breadcrumb"},"inLanguage":"it-IT","potentialAction":[{"@type":"ReadAction","target":["https:\/\/staging.varesenews.it\/2017\/06\/astuti-pd-lega-sparita-nei-piccoli-comuni\/629253\/"]}]},{"@type":"BreadcrumbList","@id":"https:\/\/staging.varesenews.it\/2017\/06\/astuti-pd-lega-sparita-nei-piccoli-comuni\/629253\/#breadcrumb","itemListElement":[{"@type":"ListItem","position":1,"name":"Home","item":"https:\/\/www.varesenews.it\/"},{"@type":"ListItem","position":2,"name":"Astuti (Pd): &#8220;Lega sparita nei piccoli comuni&#8221;"}]},{"@type":"WebSite","@id":"https:\/\/staging.varesenews.it\/#website","url":"https:\/\/staging.varesenews.it\/","name":"VareseNews","description":"","potentialAction":[{"@type":"SearchAction","target":{"@type":"EntryPoint","urlTemplate":"https:\/\/staging.varesenews.it\/?s={search_term_string}"},"query-input":"required name=search_term_string"}],"inLanguage":"it-IT"},{"@type":"Person","@id":"https:\/\/staging.varesenews.it\/#\/schema\/person\/bace96b9ce1b4905df659e51a83c17fe","name":"Roberto Rotondo","image":{"@type":"ImageObject","inLanguage":"it-IT","@id":"https:\/\/staging.varesenews.it\/#\/schema\/person\/image\/","url":"https:\/\/staging.varesenews.it\/wp-content\/uploads\/2015\/03\/10888676_10204734543537926_609787919772941341_n.jpg","contentUrl":"https:\/\/staging.varesenews.it\/wp-content\/uploads\/2015\/03\/10888676_10204734543537926_609787919772941341_n.jpg","caption":"Roberto Rotondo"},"description":"Nato a Varese nel 1972. Laureato in Storia alla Statale di Milano. A Varese News dal 1998. Ho iniziato a scrivere su riviste locali, poi sono entrato nel progetto di Varese News quando ancora era agli inizi. Nel frattempo mi sono occupato di ricerca storica e ho collaborato con un settimanale e un quotidiano della Svizzera italiana scrivendo di cronaca e politica. Mi sono preso una pausa da Varese nel 2004. Ho lavorato per alcuni anni a Milano all'agenzia di stampa Adnkronos, con qualche stage a Roma nei palazzi della politica. Lanci di agenzia e servizi tv multimediali erano tra i miei compiti. In quegli anni ho lavorato per alcune radio anche nazionali, Radio Capital su tutte, come corrispondente locale. Ho scritto anche per un settimanale di gossip, ma sempre cronaca nera. Ed eccomi qui. Dal 2007 lavoro anche per il Corriere della sera, di cui sono corrispondente. A Varesenews sono ormai uno dei senatori. Mi occupo di cronaca nera, giudiziaria e di politica e della cronaca cittadina di Varese.","sameAs":["robertorotondo","https:\/\/twitter.com\/robertorotondo"],"url":"https:\/\/staging.varesenews.it\/persona\/roberto-rotondo\/"}]}},"post_meta":{"_edit_lock":"1497344681:50","_edit_last":"50","ratings_users":"0","ratings_score":"0","ratings_average":"0","_category_permalink":"","wdfb_og_title":"","wdfb_og_type":"","wdfb_og_description":"","wdfb_og_images":"a:1:{i:0;s:0:\"\";}","wdfb_og_custom_name":"a:1:{i:0;s:0:\"\";}","wdfb_og_custom_value":"a:1:{i:0;s:0:\"\";}","foto":"546162","firma_come_redazione":"1","argomento":"Varese","_jd_twitter":"","_jd_tweet_this":"yes","_wpt_short_url":"http:\/\/www.varesenews.it\/2017\/06\/astuti-pd-lega-sparita-nei-piccoli-comuni\/629253\/","_wp_jd_target":"http:\/\/www.varesenews.it\/2017\/06\/astuti-pd-lega-sparita-nei-piccoli-comuni\/629253\/","_jd_wp_twitter":"a:1:{i:0;s:130:\"Astuti (Pd): \"Lega sparita nei piccoli comuni\" http:\/\/www.varesenews.it\/2017\/06\/astuti-pd-lega-sparita-nei-piccoli-comuni\/629253\/ \";}","_wpt_status_message":"Tweet inviato con successo.","id_leggi_anche":"629394"},"photos":[{"original":"https:\/\/staging.varesenews.it\/photogallery_new\/images\/2016\/06\/samuele-astuti-546162.jpg","full":"https:\/\/staging.varesenews.it\/photogallery_new\/images\/2016\/06\/samuele-astuti-546162.1024x768.jpg","large":"https:\/\/staging.varesenews.it\/photogallery_new\/images\/2016\/06\/samuele-astuti-546162.610x431.jpg"}],"_links":{"self":[{"href":"https:\/\/staging.varesenews.it\/swgapi\/v1\/wp\/v2\/posts\/629253"}],"collection":[{"href":"https:\/\/staging.varesenews.it\/swgapi\/v1\/wp\/v2\/posts"}],"about":[{"href":"https:\/\/staging.varesenews.it\/swgapi\/v1\/wp\/v2\/types\/post"}],"author":[{"embeddable":true,"href":"https:\/\/staging.varesenews.it\/swgapi\/v1\/wp\/v2\/users\/50"}],"replies":[{"embeddable":true,"href":"https:\/\/staging.varesenews.it\/swgapi\/v1\/wp\/v2\/comments?post=629253"}],"version-history":[{"count":0,"href":"https:\/\/staging.varesenews.it\/swgapi\/v1\/wp\/v2\/posts\/629253\/revisions"}],"wp:attachment":[{"href":"https:\/\/staging.varesenews.it\/swgapi\/v1\/wp\/v2\/media?parent=629253"}],"wp:term":[{"taxonomy":"category","embeddable":true,"href":"https:\/\/staging.varesenews.it\/swgapi\/v1\/wp\/v2\/categories?post=629253"},{"taxonomy":"post_tag","embeddable":true,"href":"https:\/\/staging.varesenews.it\/swgapi\/v1\/wp\/v2\/tags?post=629253"}],"curies":[{"name":"wp","href":"https:\/\/api.w.org\/{rel}","templated":true}]}}