{"id":629400,"date":"2017-06-13T16:16:45","date_gmt":"2017-06-13T14:16:45","guid":{"rendered":"http:\/\/www.varesenews.it\/?p=629400"},"modified":"2017-06-13T16:17:26","modified_gmt":"2017-06-13T14:17:26","slug":"un-pomeriggio-sul-lago-a-raccoglier-lanterne","status":"publish","type":"post","link":"https:\/\/staging.varesenews.it\/2017\/06\/un-pomeriggio-sul-lago-a-raccoglier-lanterne\/629400\/","title":{"rendered":"Un pomeriggio sul lago a raccoglier lanterne"},"content":{"rendered":"<p class=\"p1\"><span class=\"s1\"><strong>Un pomeriggio sulle acque del lago di Varese a pescar\u2026 lanterne<\/strong>. \u00c8 quello trascorso da <strong>Ferdinando Mattei e dall\u2019amico Jerry Calamaro<\/strong> che, saputo del problema dei lumini alla deriva nelle acque lacustri, hanno deciso di mettersi non acqua e dare una mano: \u00ab Siamo scesi a Calcinate e abbiamo fatto rotta verso la Schiranna\u00a0&#8211; spiega <strong>Ferdinando<\/strong> &#8211; qui, per\u00f2, ne abbiamo trovata solo una perch\u00e9<strong> le ragazze erano gi\u00e0 passate e recuperato tutte quelle che galleggiavano<\/strong>. Allora ci siano spostati sull\u2019altra sponda e <strong>ne abbiamo raccolte una trentina tra Galliate e Bodio.<\/strong> Erano tutte incagliate nelle castagne di lago, quelle alghe che si infilano nel motore. Abbiamo dovuto procedere a remi\u00bb.<\/span><\/p>\n<p class=\"p1\"><strong><a title=\"\u201cInquinamento da lanterne\u201d nel lago di Varese\" href=\"http:\/\/www.varesenews.it\/lettera\/inquinamento-da-lanterne-nel-lago-di-varese\/\">Leggi &#8220;Le Lanterne inquinanti nel lago di Varese&#8221;<\/a><\/strong><\/p>\n<p class=\"p1\"><span class=\"s1\">Per andare a colpo sicuro, i due \u201cpescatori di lanterne\u201d hanno prima perlustrato la superficie <strong>con un drone<\/strong>. Individuato il problema maggiore si sono diretti verso il punto problematico: \u00ab <strong>Questo lago presenta molte criticit\u00e0<\/strong>. L\u2019inquinamento \u00e8 grave e non \u00e8 certo legato all\u2019evento dell\u2019altra sera. Certo, lasciare andare <strong>lanterne autoaffondanti non \u00e8 stata un\u2019idea brillante.<\/strong> Non erano biodegradabili, almeno per quanto riguarda le candele, il fondo e il bordo superiore. Credo ch<strong>e ci siano state un po\u2019 di leggerezze anche da parte del Comune che ha concesso il patrocinio.<\/strong> \u00c8 arrivato proprio dal Verde Pubblico e |Tutela Ambientale, <strong>magari qualche istruzione e regola in pi\u00f9 andavo date<\/strong>. Non tutti organizzano eventi di professione\u00bb. <\/span><\/p>\n","protected":false},"excerpt":{"rendered":"<p>Ferdinando e l&#8217;amico Jerry hanno messo in acqua la barca per aiutare la raccolta dei lumini sfuggiti al recupero degli organizzatori<\/p>\n","protected":false},"author":33,"featured_media":0,"comment_status":"open","ping_status":"open","sticky":false,"template":"","format":"standard","meta":{"footnotes":""},"categories":[1,21,2],"tags":[611,66629],"acf":[],"yoast_head":"<!-- This site is optimized with the Yoast SEO plugin v20.1 - https:\/\/yoast.com\/wordpress\/plugins\/seo\/ -->\n<title>Un pomeriggio sul lago a raccoglier lanterne<\/title>\n<meta name=\"description\" content=\"Ferdinando e l&#039;amico Jerry hanno messo in acqua la barca per aiutare la raccolta dei lumini sfuggiti al recupero degli organizzatori\" \/>\n<meta name=\"robots\" content=\"noindex, follow, max-snippet:-1, max-image-preview:large, max-video-preview:-1\" \/>\n<meta property=\"og:locale\" content=\"it_IT\" \/>\n<meta property=\"og:type\" content=\"article\" \/>\n<meta property=\"og:title\" content=\"Un pomeriggio sul lago a raccoglier lanterne\" \/>\n<meta property=\"og:description\" content=\"Ferdinando e l&#039;amico Jerry hanno messo in acqua la barca per aiutare la raccolta dei lumini sfuggiti al recupero degli organizzatori\" \/>\n<meta property=\"og:url\" content=\"https:\/\/staging.varesenews.it\/2017\/06\/un-pomeriggio-sul-lago-a-raccoglier-lanterne\/629400\/\" \/>\n<meta property=\"og:site_name\" content=\"VareseNews\" \/>\n<meta property=\"article:publisher\" content=\"https:\/\/www.facebook.com\/varesenews\" \/>\n<meta property=\"article:author\" content=\"alessandra.toni7\" \/>\n<meta property=\"article:published_time\" content=\"2017-06-13T14:16:45+00:00\" \/>\n<meta property=\"article:modified_time\" content=\"2017-06-13T14:17:26+00:00\" \/>\n<meta name=\"author\" content=\"Alessandra Toni\" \/>\n<meta name=\"twitter:card\" content=\"summary_large_image\" \/>\n<meta name=\"twitter:creator\" content=\"@alessandra_toni\" \/>\n<meta name=\"twitter:site\" content=\"@varesenews\" \/>\n<meta name=\"twitter:label1\" content=\"Scritto da\" \/>\n\t<meta name=\"twitter:data1\" content=\"Alessandra Toni\" \/>\n\t<meta name=\"twitter:label2\" content=\"Tempo di lettura stimato\" \/>\n\t<meta name=\"twitter:data2\" content=\"1 minuto\" \/>\n<script type=\"application\/ld+json\" class=\"yoast-schema-graph\">{\"@context\":\"https:\/\/schema.org\",\"@graph\":[{\"@type\":\"WebPage\",\"@id\":\"https:\/\/staging.varesenews.it\/2017\/06\/un-pomeriggio-sul-lago-a-raccoglier-lanterne\/629400\/\",\"url\":\"https:\/\/staging.varesenews.it\/2017\/06\/un-pomeriggio-sul-lago-a-raccoglier-lanterne\/629400\/\",\"name\":\"Un pomeriggio sul lago a raccoglier lanterne\",\"isPartOf\":{\"@id\":\"https:\/\/staging.varesenews.it\/#website\"},\"datePublished\":\"2017-06-13T14:16:45+00:00\",\"dateModified\":\"2017-06-13T14:17:26+00:00\",\"author\":{\"@id\":\"https:\/\/staging.varesenews.it\/#\/schema\/person\/2643ce123d4a3c9511e015dc548779b8\"},\"description\":\"Ferdinando e l'amico Jerry hanno messo in acqua la barca per aiutare la raccolta dei lumini sfuggiti al recupero degli organizzatori\",\"breadcrumb\":{\"@id\":\"https:\/\/staging.varesenews.it\/2017\/06\/un-pomeriggio-sul-lago-a-raccoglier-lanterne\/629400\/#breadcrumb\"},\"inLanguage\":\"it-IT\",\"potentialAction\":[{\"@type\":\"ReadAction\",\"target\":[\"https:\/\/staging.varesenews.it\/2017\/06\/un-pomeriggio-sul-lago-a-raccoglier-lanterne\/629400\/\"]}]},{\"@type\":\"BreadcrumbList\",\"@id\":\"https:\/\/staging.varesenews.it\/2017\/06\/un-pomeriggio-sul-lago-a-raccoglier-lanterne\/629400\/#breadcrumb\",\"itemListElement\":[{\"@type\":\"ListItem\",\"position\":1,\"name\":\"Home\",\"item\":\"https:\/\/www.varesenews.it\/\"},{\"@type\":\"ListItem\",\"position\":2,\"name\":\"Un pomeriggio sul lago a raccoglier lanterne\"}]},{\"@type\":\"WebSite\",\"@id\":\"https:\/\/staging.varesenews.it\/#website\",\"url\":\"https:\/\/staging.varesenews.it\/\",\"name\":\"VareseNews\",\"description\":\"\",\"potentialAction\":[{\"@type\":\"SearchAction\",\"target\":{\"@type\":\"EntryPoint\",\"urlTemplate\":\"https:\/\/staging.varesenews.it\/?s={search_term_string}\"},\"query-input\":\"required name=search_term_string\"}],\"inLanguage\":\"it-IT\"},{\"@type\":\"Person\",\"@id\":\"https:\/\/staging.varesenews.it\/#\/schema\/person\/2643ce123d4a3c9511e015dc548779b8\",\"name\":\"Alessandra Toni\",\"image\":{\"@type\":\"ImageObject\",\"inLanguage\":\"it-IT\",\"@id\":\"https:\/\/staging.varesenews.it\/#\/schema\/person\/image\/\",\"url\":\"https:\/\/staging.varesenews.it\/wp-content\/uploads\/2020\/12\/alessandra_toni_colori_500.jpg\",\"contentUrl\":\"https:\/\/staging.varesenews.it\/wp-content\/uploads\/2020\/12\/alessandra_toni_colori_500.jpg\",\"caption\":\"Alessandra Toni\"},\"description\":\"Sono entrata nella redazione di VareseNews nel lontano anno 2000. Ero reduce da una bellissima esperienza nella redazione giornalistica della TV Nuova Antennatre, sotto la direzione dell'indimenticabile direttore Adolfo Caldarini. Sono arrivata quando era ancora una piccola realt\u00e0 editoriale e insieme abbiamo fatto un lungo ed entusiasmante lavoro. Mi occupo prevalentemente di scuola e di sanit\u00e0, settori impegnativi di grande valore sociale.\u00a0\",\"sameAs\":[\"alessandra.toni7\",\"alessandra.toni\",\"https:\/\/twitter.com\/alessandra_toni\"],\"url\":\"https:\/\/staging.varesenews.it\/persona\/alessandra_toni1\/\"}]}<\/script>\n<!-- \/ Yoast SEO plugin. -->","yoast_head_json":{"title":"Un pomeriggio sul lago a raccoglier lanterne","description":"Ferdinando e l'amico Jerry hanno messo in acqua la barca per aiutare la raccolta dei lumini sfuggiti al recupero degli organizzatori","robots":{"index":"noindex","follow":"follow","max-snippet":"max-snippet:-1","max-image-preview":"max-image-preview:large","max-video-preview":"max-video-preview:-1"},"og_locale":"it_IT","og_type":"article","og_title":"Un pomeriggio sul lago a raccoglier lanterne","og_description":"Ferdinando e l'amico Jerry hanno messo in acqua la barca per aiutare la raccolta dei lumini sfuggiti al recupero degli organizzatori","og_url":"https:\/\/staging.varesenews.it\/2017\/06\/un-pomeriggio-sul-lago-a-raccoglier-lanterne\/629400\/","og_site_name":"VareseNews","article_publisher":"https:\/\/www.facebook.com\/varesenews","article_author":"alessandra.toni7","article_published_time":"2017-06-13T14:16:45+00:00","article_modified_time":"2017-06-13T14:17:26+00:00","author":"Alessandra Toni","twitter_card":"summary_large_image","twitter_creator":"@alessandra_toni","twitter_site":"@varesenews","twitter_misc":{"Scritto da":"Alessandra Toni","Tempo di lettura stimato":"1 minuto"},"schema":{"@context":"https:\/\/schema.org","@graph":[{"@type":"WebPage","@id":"https:\/\/staging.varesenews.it\/2017\/06\/un-pomeriggio-sul-lago-a-raccoglier-lanterne\/629400\/","url":"https:\/\/staging.varesenews.it\/2017\/06\/un-pomeriggio-sul-lago-a-raccoglier-lanterne\/629400\/","name":"Un pomeriggio sul lago a raccoglier lanterne","isPartOf":{"@id":"https:\/\/staging.varesenews.it\/#website"},"datePublished":"2017-06-13T14:16:45+00:00","dateModified":"2017-06-13T14:17:26+00:00","author":{"@id":"https:\/\/staging.varesenews.it\/#\/schema\/person\/2643ce123d4a3c9511e015dc548779b8"},"description":"Ferdinando e l'amico Jerry hanno messo in acqua la barca per aiutare la raccolta dei lumini sfuggiti al recupero degli organizzatori","breadcrumb":{"@id":"https:\/\/staging.varesenews.it\/2017\/06\/un-pomeriggio-sul-lago-a-raccoglier-lanterne\/629400\/#breadcrumb"},"inLanguage":"it-IT","potentialAction":[{"@type":"ReadAction","target":["https:\/\/staging.varesenews.it\/2017\/06\/un-pomeriggio-sul-lago-a-raccoglier-lanterne\/629400\/"]}]},{"@type":"BreadcrumbList","@id":"https:\/\/staging.varesenews.it\/2017\/06\/un-pomeriggio-sul-lago-a-raccoglier-lanterne\/629400\/#breadcrumb","itemListElement":[{"@type":"ListItem","position":1,"name":"Home","item":"https:\/\/www.varesenews.it\/"},{"@type":"ListItem","position":2,"name":"Un pomeriggio sul lago a raccoglier lanterne"}]},{"@type":"WebSite","@id":"https:\/\/staging.varesenews.it\/#website","url":"https:\/\/staging.varesenews.it\/","name":"VareseNews","description":"","potentialAction":[{"@type":"SearchAction","target":{"@type":"EntryPoint","urlTemplate":"https:\/\/staging.varesenews.it\/?s={search_term_string}"},"query-input":"required name=search_term_string"}],"inLanguage":"it-IT"},{"@type":"Person","@id":"https:\/\/staging.varesenews.it\/#\/schema\/person\/2643ce123d4a3c9511e015dc548779b8","name":"Alessandra Toni","image":{"@type":"ImageObject","inLanguage":"it-IT","@id":"https:\/\/staging.varesenews.it\/#\/schema\/person\/image\/","url":"https:\/\/staging.varesenews.it\/wp-content\/uploads\/2020\/12\/alessandra_toni_colori_500.jpg","contentUrl":"https:\/\/staging.varesenews.it\/wp-content\/uploads\/2020\/12\/alessandra_toni_colori_500.jpg","caption":"Alessandra Toni"},"description":"Sono entrata nella redazione di VareseNews nel lontano anno 2000. Ero reduce da una bellissima esperienza nella redazione giornalistica della TV Nuova Antennatre, sotto la direzione dell'indimenticabile direttore Adolfo Caldarini. Sono arrivata quando era ancora una piccola realt\u00e0 editoriale e insieme abbiamo fatto un lungo ed entusiasmante lavoro. Mi occupo prevalentemente di scuola e di sanit\u00e0, settori impegnativi di grande valore sociale.\u00a0","sameAs":["alessandra.toni7","alessandra.toni","https:\/\/twitter.com\/alessandra_toni"],"url":"https:\/\/staging.varesenews.it\/persona\/alessandra_toni1\/"}]}},"post_meta":{"_edit_lock":"1497364653:33","_edit_last":"33","_category_permalink":"21","wdfb_og_title":"","wdfb_og_type":"","wdfb_og_description":"","wdfb_og_images":"a:1:{i:0;s:0:\"\";}","wdfb_og_custom_name":"a:1:{i:0;s:0:\"\";}","wdfb_og_custom_value":"a:1:{i:0;s:0:\"\";}","argomento":"Varese","_jd_twitter":"","_jd_tweet_this":"yes","_yoast_wpseo_focuskw":"lago di varese","_yoast_wpseo_linkdex":"54","foto":"616638","id_video_vzaar":"10508961","ratings_users":"0","ratings_score":"0","ratings_average":"0","firma-personalizzata":"A.T.","_wpt_short_url":"http:\/\/www.varesenews.it\/2017\/06\/un-pomeriggio-sul-lago-a-raccoglier-lanterne\/629400\/","_wp_jd_target":"http:\/\/www.varesenews.it\/2017\/06\/un-pomeriggio-sul-lago-a-raccoglier-lanterne\/629400\/","_jd_wp_twitter":"a:1:{i:0;s:160:\"Un pomeriggio sul lago a raccoglier lanterne http:\/\/www.varesenews.it\/2017\/06\/un-pomeriggio-sul-lago-a-raccoglier-lanterne\/629400\/ #lagodivarese #lanternecinesi\";}","_wpt_status_message":"Tweet inviato con successo.","id_leggi_anche":"629342,629186,628742"},"photos":[{"original":"https:\/\/staging.varesenews.it\/photogallery_new\/images\/2017\/06\/lanterne-cinesi-sul-lago-616638.jpg","full":"https:\/\/staging.varesenews.it\/photogallery_new\/images\/2017\/06\/lanterne-cinesi-sul-lago-616638.1024x768.jpg","large":"https:\/\/staging.varesenews.it\/photogallery_new\/images\/2017\/06\/lanterne-cinesi-sul-lago-616638.610x431.jpg"}],"_links":{"self":[{"href":"https:\/\/staging.varesenews.it\/swgapi\/v1\/wp\/v2\/posts\/629400"}],"collection":[{"href":"https:\/\/staging.varesenews.it\/swgapi\/v1\/wp\/v2\/posts"}],"about":[{"href":"https:\/\/staging.varesenews.it\/swgapi\/v1\/wp\/v2\/types\/post"}],"author":[{"embeddable":true,"href":"https:\/\/staging.varesenews.it\/swgapi\/v1\/wp\/v2\/users\/33"}],"replies":[{"embeddable":true,"href":"https:\/\/staging.varesenews.it\/swgapi\/v1\/wp\/v2\/comments?post=629400"}],"version-history":[{"count":0,"href":"https:\/\/staging.varesenews.it\/swgapi\/v1\/wp\/v2\/posts\/629400\/revisions"}],"wp:attachment":[{"href":"https:\/\/staging.varesenews.it\/swgapi\/v1\/wp\/v2\/media?parent=629400"}],"wp:term":[{"taxonomy":"category","embeddable":true,"href":"https:\/\/staging.varesenews.it\/swgapi\/v1\/wp\/v2\/categories?post=629400"},{"taxonomy":"post_tag","embeddable":true,"href":"https:\/\/staging.varesenews.it\/swgapi\/v1\/wp\/v2\/tags?post=629400"}],"curies":[{"name":"wp","href":"https:\/\/api.w.org\/{rel}","templated":true}]}}