{"id":631200,"date":"2017-06-20T09:49:41","date_gmt":"2017-06-20T07:49:41","guid":{"rendered":"http:\/\/www.varesenews.it\/?p=631200"},"modified":"2017-06-20T09:51:40","modified_gmt":"2017-06-20T07:51:40","slug":"gerani-rabarbaro-e-fiordalisi-da-bregazzana-a-robarello","status":"publish","type":"post","link":"https:\/\/staging.varesenews.it\/2017\/06\/gerani-rabarbaro-e-fiordalisi-da-bregazzana-a-robarello\/631200\/","title":{"rendered":"Gerani, rabarbaro e fiordalisi: da Bregazzana a Robarello"},"content":{"rendered":"<p><em>Il tradizionale reportage dell&#8217;escursione naturalistica del nostro lettore Teresio Colombo<\/em><\/p>\n<p>&nbsp;<\/p>\n<p><strong>Da Bregazzana a Robarello; e un giro alle Pizzelle<br \/>\n<\/strong><br \/>\nIl giorno 11\/6 con mia moglie scegliamo come meta per la nostra uscita Bregazzana, o meglio la strada militare voluta dal Generale Cadorna come linea di difesa da eventuali attacchi degli eserciti imperiali austro tedeschi, il passaggio ci viene offerto dalla figlia Lidia con partenza alle ore 9 circa. Imboccata la strada militare subito dopo la prima curva un bel Geranio nodoso (Geranium nodosum) (01) questa geraniacea abbastanza comune nei boschi del varesotto ma non facile da fotografare preferendo come luoghi di crescita le zone meno luminose; poco pi\u00f9 avanti \u00e8 in piena fioritura la Barba di capra (Auruncus dioicus) (02) questa rosacea, comune nei nostri boschi, presenta infiorescenze simili sia su piante maschili che su quelle femminili, ha un buon valore ornamentale molto limitato dalla capacit\u00e0 di attrarre piccoli insetti in quantit\u00e0 notevole, sono ricercati i nuovi getti a primavera che vengono ricercati perch\u00e9 commestibili; dopo aver percorso un centinaio di metri imbocchiamo il sentiero sulla sinistra lungo il quale incontriamo dei cespugli di Rovo scabro (Rubus hirtus) (03) anche di questa rosacea sono forniti tutti i nostri boschi ma la classificazione rimane dubbia per coloro, come me, che amano i fiori spontanei ma hanno una conoscenza assolutamente hobbistica delle diverse specie; arrivati al fiume o torrente che dir si voglia, nella parte dove il bosco ha una quantit\u00e0 di alberi maggiore nel sottobosco si vede una bella fioritura di Rosa corimbifera (Rosa corymbifera) (05) questa rosacea comune in tutto il parco la si ritrova in cespugli che difficilmente superano i 50 cm di altezza; nelle vicinanze si vedono alcuni esemplari di Latte di gallina a fiori giallastri (Ornithogallum pyrenaicum) (06) questa liliacea si sta estinguendo anche per il continuo abbassarsi delle falde acquifere, la fotografo anche se ormai al frutto, anche le lunghe foglie erbose che solitamente ci accompagnano in tutta la stagione invernale sono ormai scomparse; sempre qui nella valle scavata dal torrente incontro un gruppo di Stregona dei boschi (Stachys sylvatica) (07) questa pianta appartenente alla famiglia delle labiate \u00e8 comune nei siti ad alto tasso di umidit\u00e0. Nel frattempo mia moglie ha controllato i progressi nello sviluppo delle salamandre e ritiene che pi\u00f9 di una sia pronta a lasciare l\u2019acqua per correre sulla terra mi avvicino, constato la giustezza di quanto affermato, ma non ci sono le condizioni per una foto accettabile a questo punto decidiamo di risalire la vallata mangiando mirtilli e lamentandoci di non aver portato i contenitori per portarceli a casa, cos\u00ec fra qualche mirtillo e qualche buona fragola raggiungiamo i prati con la vista della ex cascina Tagliata, a questo punto scegliamo di seguire la strada in terra battuta che passa sul retro del Gulliver ed \u00e8 l\u00ec che troviamo una pianta di Rabarbaro (Rheum rhabarbarum) (07) questa poligonacea \u00e8 senza dubbio sub spontanea derivata, presumibilmente da precedenti coltivazioni, infatti era una pianta tipica degli orti negli anni scorsi; poco pi\u00f9 avanti vediamo alcune Fragole matte (Duchesnea indica) (08) questa rosacea che come si vede nella foto continua a fiorire anche dopo aver portato a maturazione i primi frutti fenomeno questo che si rinnova dalla fine dell\u2019inverno all\u2019autunno; inizia la discesa, passiamo la sede del Gulliver e continuiamo a scendere con la speranza di trovare l\u2019 erba cucca invece devo accontentarmi di una piantina di Cespica annua (Erigeron annuus) (09) una composita di origine nord americana e di un Vilucchio comune (Convlvulus arvensis) (10) della famiglia delle convolvulacee.<br \/>\nIl giorno 14\/6 scelgo di recarmi al Sacro monte partendo con l\u2019autobus delle 7.40 per essere di ritorno prima della calura del mezzogiorno, arrivo a pizzale Pogliaghi prima delle 8.30 e mi avvio a salire verso il passo delle Pizzelle dal sentiero pi\u00f9 a sud; il primo fiore che vedo \u00e8 una Spigarola bianca (Melampyrum pratense) (11) una scrofulariacea abbastanza comune nei nostri prati; pi\u00f9 avanti vedo una serie di piante di Cardo zampa d\u2019orso (Cirsium erisithales) (12). La vista di un giglio rosso ancora in bocciolo mi stimola ad andare a vedere le fioriture pi\u00f9 in alto e infatti incontro un cespuglio di Trifoglino erbaceo (Dorycnium herbaceum) (13) questa pianta della famiglia delle leguminose constatiamo ancora una volta la presenza anche se la sua scomparsa, abbastanza recentemente, da alcune province limitrofe meriterebbe una maggiore attenzione degli organismi preposti; da una certa distanza vedo apparire un fiore giallo ad una cinquantina di centimetri da terra, mi avvicino e verifico trattarsi di Enula aspra (Inula salicina) (14) una delle composite abbastanza comuni nel parco; avvicinandomi per fotografare l\u2019enula sul lato sinistro del sentiero vedo sul lato destro una fioritura di Manina profumata (Gymnadenia odoratissima) (15) di almeno dieci esemplari di cui riesco almeno le cinque pi\u00f9 vicine a riprenderle con una sola foto; nel frattempo guardando la parete rocciosa vedo che \u00e8 iniziata la fioritura della Vedovina strisciante (Lomelosia graminifolia) (16) una dipsacacea che fotografo volentieri perch\u00e9 essendo abbastanza isolata si colgono quasi tutte le particolarit\u00e0 in particolare la foglia che \u00e8 la caratteristica di questo fiore, la cosa che ancora non ho fotografato \u00e8 Il fusto perenne da cui si dipartono sia lo stelo fiorale che le foglie, anche questa pianta, caratteristica della montagna calcarea attorno ai 1000 m di altezza, e quindi tipica della realt\u00e0 meriterebbe una maggior attenzione sia di salvaguardia sia di conoscenza; a questo punto vado con passo rapido al valico delle Pizzelle decidendo di andare a controllare la fioritura del giglio martagone, i 4 esemplari che controllo sono ancora al bocciolo e solo uno sta per aprire uno dei boccioli, sono anche fiorite le prime piantine di astranzia maggiore ma mancano di colore. E\u2019 tardi perch\u00e9 mi sono ripromesso di fare la cima del M. Pizzella e fare la discesa dal sentiero alto e andare alla fermata dell\u2019autobus per le 10.28. Percorro la salita senza soffermarmi sulla fioritura della Barba di becco pratense o sul cardo asinino che per il momento \u00e8 limitato al giro delle foglie basali solo una Piantaggine pelosa (Piantaggine media) (17) attrae la mia attenzione; proseguendo nella discesa un cespuglio di Fiordaliso montano (Centaurea montana) (18) almeno cos\u00ec mi sembra dalle foglie. Arrivo, l\u2019autobus \u00e8 gi\u00e0 partito sono le 10.28 al mio orologio ma l\u2019unica cosa \u00e8 aspettare la corsa successiva bevendo una rinfrescante lattina di aranciata.<br \/>\nTeresio colombo<\/p>\n","protected":false},"excerpt":{"rendered":"<p>Il reportage naturalistico del marted\u00ec del nostro lettore Teresio Colombo<\/p>\n","protected":false},"author":46,"featured_media":0,"comment_status":"open","ping_status":"open","sticky":false,"template":"","format":"standard","meta":{"footnotes":""},"categories":[2],"tags":[1834,127],"acf":[],"yoast_head":"<!-- This site is optimized with the Yoast SEO plugin v20.1 - https:\/\/yoast.com\/wordpress\/plugins\/seo\/ -->\n<title>Gerani, rabarbaro e fiordalisi: da Bregazzana a Robarello<\/title>\n<meta name=\"description\" content=\"Il reportage naturalistico del marted\u00ec del nostro lettore Teresio Colombo\" \/>\n<meta name=\"robots\" content=\"noindex, follow, max-snippet:-1, max-image-preview:large, max-video-preview:-1\" \/>\n<meta property=\"og:locale\" content=\"it_IT\" \/>\n<meta property=\"og:type\" content=\"article\" \/>\n<meta property=\"og:title\" content=\"Gerani, rabarbaro e fiordalisi: da Bregazzana a Robarello\" \/>\n<meta property=\"og:description\" content=\"Il reportage naturalistico del marted\u00ec del nostro lettore Teresio Colombo\" \/>\n<meta property=\"og:url\" content=\"https:\/\/staging.varesenews.it\/2017\/06\/gerani-rabarbaro-e-fiordalisi-da-bregazzana-a-robarello\/631200\/\" \/>\n<meta property=\"og:site_name\" content=\"VareseNews\" \/>\n<meta property=\"article:publisher\" content=\"https:\/\/www.facebook.com\/varesenews\" \/>\n<meta property=\"article:published_time\" content=\"2017-06-20T07:49:41+00:00\" \/>\n<meta property=\"article:modified_time\" content=\"2017-06-20T07:51:40+00:00\" \/>\n<meta name=\"author\" content=\"Roberto Morandi\" \/>\n<meta name=\"twitter:card\" content=\"summary_large_image\" \/>\n<meta name=\"twitter:creator\" content=\"@ilmorands\" \/>\n<meta name=\"twitter:site\" content=\"@varesenews\" \/>\n<meta name=\"twitter:label1\" content=\"Scritto da\" \/>\n\t<meta name=\"twitter:data1\" content=\"Roberto Morandi\" \/>\n\t<meta name=\"twitter:label2\" content=\"Tempo di lettura stimato\" \/>\n\t<meta name=\"twitter:data2\" content=\"5 minuti\" \/>\n<script type=\"application\/ld+json\" class=\"yoast-schema-graph\">{\"@context\":\"https:\/\/schema.org\",\"@graph\":[{\"@type\":\"WebPage\",\"@id\":\"https:\/\/staging.varesenews.it\/2017\/06\/gerani-rabarbaro-e-fiordalisi-da-bregazzana-a-robarello\/631200\/\",\"url\":\"https:\/\/staging.varesenews.it\/2017\/06\/gerani-rabarbaro-e-fiordalisi-da-bregazzana-a-robarello\/631200\/\",\"name\":\"Gerani, rabarbaro e fiordalisi: da Bregazzana a Robarello\",\"isPartOf\":{\"@id\":\"https:\/\/staging.varesenews.it\/#website\"},\"datePublished\":\"2017-06-20T07:49:41+00:00\",\"dateModified\":\"2017-06-20T07:51:40+00:00\",\"author\":{\"@id\":\"https:\/\/staging.varesenews.it\/#\/schema\/person\/efe592ae4c76536b551f89d8b6674bc3\"},\"description\":\"Il reportage naturalistico del marted\u00ec del nostro lettore Teresio Colombo\",\"breadcrumb\":{\"@id\":\"https:\/\/staging.varesenews.it\/2017\/06\/gerani-rabarbaro-e-fiordalisi-da-bregazzana-a-robarello\/631200\/#breadcrumb\"},\"inLanguage\":\"it-IT\",\"potentialAction\":[{\"@type\":\"ReadAction\",\"target\":[\"https:\/\/staging.varesenews.it\/2017\/06\/gerani-rabarbaro-e-fiordalisi-da-bregazzana-a-robarello\/631200\/\"]}]},{\"@type\":\"BreadcrumbList\",\"@id\":\"https:\/\/staging.varesenews.it\/2017\/06\/gerani-rabarbaro-e-fiordalisi-da-bregazzana-a-robarello\/631200\/#breadcrumb\",\"itemListElement\":[{\"@type\":\"ListItem\",\"position\":1,\"name\":\"Home\",\"item\":\"https:\/\/www.varesenews.it\/\"},{\"@type\":\"ListItem\",\"position\":2,\"name\":\"Gerani, rabarbaro e fiordalisi: da Bregazzana a Robarello\"}]},{\"@type\":\"WebSite\",\"@id\":\"https:\/\/staging.varesenews.it\/#website\",\"url\":\"https:\/\/staging.varesenews.it\/\",\"name\":\"VareseNews\",\"description\":\"\",\"potentialAction\":[{\"@type\":\"SearchAction\",\"target\":{\"@type\":\"EntryPoint\",\"urlTemplate\":\"https:\/\/staging.varesenews.it\/?s={search_term_string}\"},\"query-input\":\"required name=search_term_string\"}],\"inLanguage\":\"it-IT\"},{\"@type\":\"Person\",\"@id\":\"https:\/\/staging.varesenews.it\/#\/schema\/person\/efe592ae4c76536b551f89d8b6674bc3\",\"name\":\"Roberto Morandi\",\"image\":{\"@type\":\"ImageObject\",\"inLanguage\":\"it-IT\",\"@id\":\"https:\/\/staging.varesenews.it\/#\/schema\/person\/image\/\",\"url\":\"https:\/\/staging.varesenews.it\/wp-content\/uploads\/2020\/12\/roberto_morandi_colori_500.jpg\",\"contentUrl\":\"https:\/\/staging.varesenews.it\/wp-content\/uploads\/2020\/12\/roberto_morandi_colori_500.jpg\",\"caption\":\"Roberto Morandi\"},\"description\":\"Classe 1980, laureato in storia, mi occupo dell&rsquo;area di Gallarate e di Malpensa, di trasporti e mobilit&agrave;. Amo molto la dimensione della citt&agrave;, come luogo d&rsquo;incontro di persone diverse e come organismo che si trasforma costantemente. Mi piace anche raccontare le piccole e grandi vicende, anche locali, che compongono la Storia con la S maiuscola. Appassionato di bicicletta: la macchina perfetta per muoversi in citt&agrave; e per viaggiare.\",\"sameAs\":[\"https:\/\/twitter.com\/ilmorands\"],\"url\":\"https:\/\/staging.varesenews.it\/persona\/roberto-morandi1\/\"}]}<\/script>\n<!-- \/ Yoast SEO plugin. -->","yoast_head_json":{"title":"Gerani, rabarbaro e fiordalisi: da Bregazzana a Robarello","description":"Il reportage naturalistico del marted\u00ec del nostro lettore Teresio Colombo","robots":{"index":"noindex","follow":"follow","max-snippet":"max-snippet:-1","max-image-preview":"max-image-preview:large","max-video-preview":"max-video-preview:-1"},"og_locale":"it_IT","og_type":"article","og_title":"Gerani, rabarbaro e fiordalisi: da Bregazzana a Robarello","og_description":"Il reportage naturalistico del marted\u00ec del nostro lettore Teresio Colombo","og_url":"https:\/\/staging.varesenews.it\/2017\/06\/gerani-rabarbaro-e-fiordalisi-da-bregazzana-a-robarello\/631200\/","og_site_name":"VareseNews","article_publisher":"https:\/\/www.facebook.com\/varesenews","article_published_time":"2017-06-20T07:49:41+00:00","article_modified_time":"2017-06-20T07:51:40+00:00","author":"Roberto Morandi","twitter_card":"summary_large_image","twitter_creator":"@ilmorands","twitter_site":"@varesenews","twitter_misc":{"Scritto da":"Roberto Morandi","Tempo di lettura stimato":"5 minuti"},"schema":{"@context":"https:\/\/schema.org","@graph":[{"@type":"WebPage","@id":"https:\/\/staging.varesenews.it\/2017\/06\/gerani-rabarbaro-e-fiordalisi-da-bregazzana-a-robarello\/631200\/","url":"https:\/\/staging.varesenews.it\/2017\/06\/gerani-rabarbaro-e-fiordalisi-da-bregazzana-a-robarello\/631200\/","name":"Gerani, rabarbaro e fiordalisi: da Bregazzana a Robarello","isPartOf":{"@id":"https:\/\/staging.varesenews.it\/#website"},"datePublished":"2017-06-20T07:49:41+00:00","dateModified":"2017-06-20T07:51:40+00:00","author":{"@id":"https:\/\/staging.varesenews.it\/#\/schema\/person\/efe592ae4c76536b551f89d8b6674bc3"},"description":"Il reportage naturalistico del marted\u00ec del nostro lettore Teresio Colombo","breadcrumb":{"@id":"https:\/\/staging.varesenews.it\/2017\/06\/gerani-rabarbaro-e-fiordalisi-da-bregazzana-a-robarello\/631200\/#breadcrumb"},"inLanguage":"it-IT","potentialAction":[{"@type":"ReadAction","target":["https:\/\/staging.varesenews.it\/2017\/06\/gerani-rabarbaro-e-fiordalisi-da-bregazzana-a-robarello\/631200\/"]}]},{"@type":"BreadcrumbList","@id":"https:\/\/staging.varesenews.it\/2017\/06\/gerani-rabarbaro-e-fiordalisi-da-bregazzana-a-robarello\/631200\/#breadcrumb","itemListElement":[{"@type":"ListItem","position":1,"name":"Home","item":"https:\/\/www.varesenews.it\/"},{"@type":"ListItem","position":2,"name":"Gerani, rabarbaro e fiordalisi: da Bregazzana a Robarello"}]},{"@type":"WebSite","@id":"https:\/\/staging.varesenews.it\/#website","url":"https:\/\/staging.varesenews.it\/","name":"VareseNews","description":"","potentialAction":[{"@type":"SearchAction","target":{"@type":"EntryPoint","urlTemplate":"https:\/\/staging.varesenews.it\/?s={search_term_string}"},"query-input":"required name=search_term_string"}],"inLanguage":"it-IT"},{"@type":"Person","@id":"https:\/\/staging.varesenews.it\/#\/schema\/person\/efe592ae4c76536b551f89d8b6674bc3","name":"Roberto Morandi","image":{"@type":"ImageObject","inLanguage":"it-IT","@id":"https:\/\/staging.varesenews.it\/#\/schema\/person\/image\/","url":"https:\/\/staging.varesenews.it\/wp-content\/uploads\/2020\/12\/roberto_morandi_colori_500.jpg","contentUrl":"https:\/\/staging.varesenews.it\/wp-content\/uploads\/2020\/12\/roberto_morandi_colori_500.jpg","caption":"Roberto Morandi"},"description":"Classe 1980, laureato in storia, mi occupo dell&rsquo;area di Gallarate e di Malpensa, di trasporti e mobilit&agrave;. Amo molto la dimensione della citt&agrave;, come luogo d&rsquo;incontro di persone diverse e come organismo che si trasforma costantemente. Mi piace anche raccontare le piccole e grandi vicende, anche locali, che compongono la Storia con la S maiuscola. Appassionato di bicicletta: la macchina perfetta per muoversi in citt&agrave; e per viaggiare.","sameAs":["https:\/\/twitter.com\/ilmorands"],"url":"https:\/\/staging.varesenews.it\/persona\/roberto-morandi1\/"}]}},"post_meta":{"_edit_lock":"1497945959:46","_edit_last":"46","_category_permalink":"2","ratings_users":"0","ratings_score":"0","ratings_average":"0","wdfb_og_title":"","wdfb_og_type":"","wdfb_og_description":"","wdfb_og_images":"a:1:{i:0;s:0:\"\";}","wdfb_og_custom_name":"a:1:{i:0;s:0:\"\";}","wdfb_og_custom_value":"a:1:{i:0;s:0:\"\";}","foto":"617855","firma_come_redazione":"1","argomento":"Varese","_jd_twitter":"","_jd_tweet_this":"yes","_wpt_short_url":"http:\/\/www.varesenews.it\/2017\/06\/gerani-rabarbaro-e-fiordalisi-da-bregazzana-a-robarello\/631200\/","_wp_jd_target":"http:\/\/www.varesenews.it\/2017\/06\/gerani-rabarbaro-e-fiordalisi-da-bregazzana-a-robarello\/631200\/","_jd_wp_twitter":"a:1:{i:0;s:170:\"Gerani, rabarbaro e fiordalisi: da Bregazzana a Robarello http:\/\/www.varesenews.it\/2017\/06\/gerani-rabarbaro-e-fiordalisi-da-bregazzana-a-robarello\/631200\/ #natura #varese\";}","_wpt_status_message":"Tweet inviato con successo.","id_link_fotogallery":"631210"},"photos":[{"original":"https:\/\/staging.varesenews.it\/photogallery_new\/images\/2017\/06\/teresio-colombo-escursione-18-giugno-617855.jpg","full":"https:\/\/staging.varesenews.it\/photogallery_new\/images\/2017\/06\/teresio-colombo-escursione-18-giugno-617855.1024x768.jpg","large":"https:\/\/staging.varesenews.it\/photogallery_new\/images\/2017\/06\/teresio-colombo-escursione-18-giugno-617855.610x431.jpg"}],"_links":{"self":[{"href":"https:\/\/staging.varesenews.it\/swgapi\/v1\/wp\/v2\/posts\/631200"}],"collection":[{"href":"https:\/\/staging.varesenews.it\/swgapi\/v1\/wp\/v2\/posts"}],"about":[{"href":"https:\/\/staging.varesenews.it\/swgapi\/v1\/wp\/v2\/types\/post"}],"author":[{"embeddable":true,"href":"https:\/\/staging.varesenews.it\/swgapi\/v1\/wp\/v2\/users\/46"}],"replies":[{"embeddable":true,"href":"https:\/\/staging.varesenews.it\/swgapi\/v1\/wp\/v2\/comments?post=631200"}],"version-history":[{"count":0,"href":"https:\/\/staging.varesenews.it\/swgapi\/v1\/wp\/v2\/posts\/631200\/revisions"}],"wp:attachment":[{"href":"https:\/\/staging.varesenews.it\/swgapi\/v1\/wp\/v2\/media?parent=631200"}],"wp:term":[{"taxonomy":"category","embeddable":true,"href":"https:\/\/staging.varesenews.it\/swgapi\/v1\/wp\/v2\/categories?post=631200"},{"taxonomy":"post_tag","embeddable":true,"href":"https:\/\/staging.varesenews.it\/swgapi\/v1\/wp\/v2\/tags?post=631200"}],"curies":[{"name":"wp","href":"https:\/\/api.w.org\/{rel}","templated":true}]}}