{"id":631430,"date":"2017-06-20T16:20:56","date_gmt":"2017-06-20T14:20:56","guid":{"rendered":"http:\/\/www.varesenews.it\/?p=631430"},"modified":"2017-06-20T16:20:56","modified_gmt":"2017-06-20T14:20:56","slug":"nicola-poliseno-ha-pronta-la-sua-squadra","status":"publish","type":"post","link":"https:\/\/staging.varesenews.it\/2017\/06\/nicola-poliseno-ha-pronta-la-sua-squadra\/631430\/","title":{"rendered":"Nicola Poliseno ha pronta la sua squadra"},"content":{"rendered":"<p><strong>Squadra che vince, non si cambia<\/strong>. Sar\u00e0 la pi\u00f9 banale delle sintesi, vero. Ma davvero non si pu\u00f2 che ricorrere alla formula, di fronte alla nuova giunta di Nicola Poliseno. Che &#8211; dopo il plebiscito e la rielezione al primo turno &#8211; riparte con una giunta identica a quella precedente, con un&#8217;aggiunta. \u00abNon ho mai avuto un dubbio su di loro, hanno lavorato bene e per i prossimi 5 anni vogliamo lavorare ancora meglio\u00bb.<\/p>\n<p>Partiamo con l&#8217;unico cambiamento, che \u00e8 la vera novit\u00e0:<strong> in giunta entra<\/strong> <strong>Paola Saporiti<\/strong>. Una scelta quasi obbligata: perch\u00e8 serviva una donna per garantire gli equilibri di genere e perch\u00e9 <a title=\"Palumbo e Coghetto sono i \u201cmister preferenze\u201d di queste elezioni\" href=\"http:\/\/www.varesenews.it\/2017\/06\/palumbo-e-coghetto-sono-i-mister-preferenze-di-queste-elezioni\/629061\/\">Saporiti \u00e8 la pi\u00f9 votata in assoluto, con oltre 300 preferenze personali<\/a>. Si occuper\u00e0 di commercio, attivit\u00e0 economiche, sicurezza, Polizia Locale, ProCiv. \u00abVengo da una esperienza bellissima in 5 anni di consiglio comunale &#8211; spiega Saporiti &#8211; l&#8217;essere stata ripagata dai voti \u00e8 per me una conferma di aver lavorato bene. Ringrazio per la fiducia, spero di fare un buon lavoro\u00bb.<\/p>\n<p>Saporiti prende le deleghe che il sindaco aveva tenuto per s\u00e9 negli scorsi anni, dopo l&#8217;addio alla giunta di Giambattista Oliva, che era stato assessore per due anni e mezzo. Per il resto, appunto, conferme su tutta la linea: <strong>Osvaldo Coghi<\/strong> al territorio e lavori pubblici, sar\u00e0 anche vicesindaco. <strong>Anna Lodrini<\/strong> ai servizi sociali, con le deleghe a disabilit\u00e0, famiglie, piani di zona, lavoro e pari opportunit\u00e0. <strong>Salvatore Maida<\/strong> all&#8217;istruzione; <strong>Alessandro Passuello<\/strong> alle politiche giovanili, culturali e sportive.<br \/>\nInfine: il <strong>sindaco Poliseno tiene per s\u00e9 le deleghe <\/strong>all&#8217;attuazione programma, al personale e quelle &#8220;pesanti&#8221; <strong>al bilancio<\/strong> e alle partecipate.<\/p>\n<p>\u00abIl programma elettorale \u00e8 molto chiaro, su questo la citt\u00e0 ci ha dato grandissima fiducia: <strong>si parte dal lavoro fatto<\/strong>\u00bb dice Poliseno. Tra i maggiori risultati cita il nuovo assetto di viabilit\u00e0 in centro, la palestra delle scuole Dante, la ristrutturazione &#8220;pesante&#8221; delle scuole Orlandi. \u00abAbbiamo risvegliato una citt\u00e0 che era un po&#8217; sopita dal punto di vista culturale, abbiamo saputo aiutare le famiglie e chi ha davvero bisogno\u00bb.<\/p>\n<p>Come gi\u00e0 anticipato settimana scorsa, il sindaco intende anche <a title=\"Poliseno riparte dalla giunta di ieri. \u201cPunto sulla squadra allargata\u201d\" href=\"http:\/\/www.varesenews.it\/2017\/06\/poliseno-giunta-cassano-magnago\/629495\/\">lavorare sulla partecipazione coinvolgendo \u00abil pi\u00f9 possibile i consiglieri comunali<\/a>, con deleghe a tempo e a obbiettivo\u00bb. \u00c8 un obbiettivo generale, anche se per ora non vengono identificate specifiche deleghe. C&#8217;\u00e8 tempo, anche perch\u00e9 il <strong>consiglio non si \u00e8 ancora riunito formalmente: la prima seduta sar\u00e0 venerd\u00ec 23 giugn<\/strong>o.<\/p>\n<p>Si sa invece almeno <strong>un punto della prima riunione di giunta<\/strong>. \u00abLa prima problematica affrontata nella prima giunta del 2012 era l&#8217;asilo L&#8217;Aquilone. In questi anni abbiamo dato stabilit\u00e0 con un comodato d&#8217;uso alla Fondazione per 20 anni, con l&#8217;impegno a sostenere la Fondazione nelle migliorie. Ecco: la prima giunta di quest&#8217;amministrazione, gioved\u00ec 22, sar\u00e0 dedicata proprio alle migliorie che la Fondazione ci chiede\u00bb.<\/p>\n","protected":false},"excerpt":{"rendered":"<p>Venerd\u00ec il primo consiglio comunale. Confermati tutti gli assessori, alla squadra si aggiunge Paola Saporiti <\/p>\n","protected":false},"author":46,"featured_media":0,"comment_status":"open","ping_status":"open","sticky":false,"template":"","format":"standard","meta":{"footnotes":""},"categories":[3],"tags":[7669,70590],"acf":[],"yoast_head":"<!-- This site is optimized with the Yoast SEO plugin v20.1 - https:\/\/yoast.com\/wordpress\/plugins\/seo\/ -->\n<title>Nicola Poliseno ha pronta la sua squadra<\/title>\n<meta name=\"description\" content=\"Venerd\u00ec il primo consiglio comunale. Confermati tutti gli assessori, alla squadra si aggiunge Paola Saporiti\" \/>\n<meta name=\"robots\" content=\"noindex, follow, max-snippet:-1, max-image-preview:large, max-video-preview:-1\" \/>\n<meta property=\"og:locale\" content=\"it_IT\" \/>\n<meta property=\"og:type\" content=\"article\" \/>\n<meta property=\"og:title\" content=\"Nicola Poliseno ha pronta la sua squadra\" \/>\n<meta property=\"og:description\" content=\"Venerd\u00ec il primo consiglio comunale. Confermati tutti gli assessori, alla squadra si aggiunge Paola Saporiti\" \/>\n<meta property=\"og:url\" content=\"https:\/\/staging.varesenews.it\/2017\/06\/nicola-poliseno-ha-pronta-la-sua-squadra\/631430\/\" \/>\n<meta property=\"og:site_name\" content=\"VareseNews\" \/>\n<meta property=\"article:publisher\" content=\"https:\/\/www.facebook.com\/varesenews\" \/>\n<meta property=\"article:published_time\" content=\"2017-06-20T14:20:56+00:00\" \/>\n<meta name=\"author\" content=\"Roberto Morandi\" \/>\n<meta name=\"twitter:card\" content=\"summary_large_image\" \/>\n<meta name=\"twitter:creator\" content=\"@ilmorands\" \/>\n<meta name=\"twitter:site\" content=\"@varesenews\" \/>\n<meta name=\"twitter:label1\" content=\"Scritto da\" \/>\n\t<meta name=\"twitter:data1\" content=\"Roberto Morandi\" \/>\n\t<meta name=\"twitter:label2\" content=\"Tempo di lettura stimato\" \/>\n\t<meta name=\"twitter:data2\" content=\"2 minuti\" \/>\n<script type=\"application\/ld+json\" class=\"yoast-schema-graph\">{\"@context\":\"https:\/\/schema.org\",\"@graph\":[{\"@type\":\"WebPage\",\"@id\":\"https:\/\/staging.varesenews.it\/2017\/06\/nicola-poliseno-ha-pronta-la-sua-squadra\/631430\/\",\"url\":\"https:\/\/staging.varesenews.it\/2017\/06\/nicola-poliseno-ha-pronta-la-sua-squadra\/631430\/\",\"name\":\"Nicola Poliseno ha pronta la sua squadra\",\"isPartOf\":{\"@id\":\"https:\/\/staging.varesenews.it\/#website\"},\"datePublished\":\"2017-06-20T14:20:56+00:00\",\"dateModified\":\"2017-06-20T14:20:56+00:00\",\"author\":{\"@id\":\"https:\/\/staging.varesenews.it\/#\/schema\/person\/efe592ae4c76536b551f89d8b6674bc3\"},\"description\":\"Venerd\u00ec il primo consiglio comunale. Confermati tutti gli assessori, alla squadra si aggiunge Paola Saporiti\",\"breadcrumb\":{\"@id\":\"https:\/\/staging.varesenews.it\/2017\/06\/nicola-poliseno-ha-pronta-la-sua-squadra\/631430\/#breadcrumb\"},\"inLanguage\":\"it-IT\",\"potentialAction\":[{\"@type\":\"ReadAction\",\"target\":[\"https:\/\/staging.varesenews.it\/2017\/06\/nicola-poliseno-ha-pronta-la-sua-squadra\/631430\/\"]}]},{\"@type\":\"BreadcrumbList\",\"@id\":\"https:\/\/staging.varesenews.it\/2017\/06\/nicola-poliseno-ha-pronta-la-sua-squadra\/631430\/#breadcrumb\",\"itemListElement\":[{\"@type\":\"ListItem\",\"position\":1,\"name\":\"Home\",\"item\":\"https:\/\/www.varesenews.it\/\"},{\"@type\":\"ListItem\",\"position\":2,\"name\":\"Nicola Poliseno ha pronta la sua squadra\"}]},{\"@type\":\"WebSite\",\"@id\":\"https:\/\/staging.varesenews.it\/#website\",\"url\":\"https:\/\/staging.varesenews.it\/\",\"name\":\"VareseNews\",\"description\":\"\",\"potentialAction\":[{\"@type\":\"SearchAction\",\"target\":{\"@type\":\"EntryPoint\",\"urlTemplate\":\"https:\/\/staging.varesenews.it\/?s={search_term_string}\"},\"query-input\":\"required name=search_term_string\"}],\"inLanguage\":\"it-IT\"},{\"@type\":\"Person\",\"@id\":\"https:\/\/staging.varesenews.it\/#\/schema\/person\/efe592ae4c76536b551f89d8b6674bc3\",\"name\":\"Roberto Morandi\",\"image\":{\"@type\":\"ImageObject\",\"inLanguage\":\"it-IT\",\"@id\":\"https:\/\/staging.varesenews.it\/#\/schema\/person\/image\/\",\"url\":\"https:\/\/staging.varesenews.it\/wp-content\/uploads\/2020\/12\/roberto_morandi_colori_500.jpg\",\"contentUrl\":\"https:\/\/staging.varesenews.it\/wp-content\/uploads\/2020\/12\/roberto_morandi_colori_500.jpg\",\"caption\":\"Roberto Morandi\"},\"description\":\"Classe 1980, laureato in storia, mi occupo dell&rsquo;area di Gallarate e di Malpensa, di trasporti e mobilit&agrave;. Amo molto la dimensione della citt&agrave;, come luogo d&rsquo;incontro di persone diverse e come organismo che si trasforma costantemente. Mi piace anche raccontare le piccole e grandi vicende, anche locali, che compongono la Storia con la S maiuscola. Appassionato di bicicletta: la macchina perfetta per muoversi in citt&agrave; e per viaggiare.\",\"sameAs\":[\"https:\/\/twitter.com\/ilmorands\"],\"url\":\"https:\/\/staging.varesenews.it\/persona\/roberto-morandi1\/\"}]}<\/script>\n<!-- \/ Yoast SEO plugin. -->","yoast_head_json":{"title":"Nicola Poliseno ha pronta la sua squadra","description":"Venerd\u00ec il primo consiglio comunale. Confermati tutti gli assessori, alla squadra si aggiunge Paola Saporiti","robots":{"index":"noindex","follow":"follow","max-snippet":"max-snippet:-1","max-image-preview":"max-image-preview:large","max-video-preview":"max-video-preview:-1"},"og_locale":"it_IT","og_type":"article","og_title":"Nicola Poliseno ha pronta la sua squadra","og_description":"Venerd\u00ec il primo consiglio comunale. Confermati tutti gli assessori, alla squadra si aggiunge Paola Saporiti","og_url":"https:\/\/staging.varesenews.it\/2017\/06\/nicola-poliseno-ha-pronta-la-sua-squadra\/631430\/","og_site_name":"VareseNews","article_publisher":"https:\/\/www.facebook.com\/varesenews","article_published_time":"2017-06-20T14:20:56+00:00","author":"Roberto Morandi","twitter_card":"summary_large_image","twitter_creator":"@ilmorands","twitter_site":"@varesenews","twitter_misc":{"Scritto da":"Roberto Morandi","Tempo di lettura stimato":"2 minuti"},"schema":{"@context":"https:\/\/schema.org","@graph":[{"@type":"WebPage","@id":"https:\/\/staging.varesenews.it\/2017\/06\/nicola-poliseno-ha-pronta-la-sua-squadra\/631430\/","url":"https:\/\/staging.varesenews.it\/2017\/06\/nicola-poliseno-ha-pronta-la-sua-squadra\/631430\/","name":"Nicola Poliseno ha pronta la sua squadra","isPartOf":{"@id":"https:\/\/staging.varesenews.it\/#website"},"datePublished":"2017-06-20T14:20:56+00:00","dateModified":"2017-06-20T14:20:56+00:00","author":{"@id":"https:\/\/staging.varesenews.it\/#\/schema\/person\/efe592ae4c76536b551f89d8b6674bc3"},"description":"Venerd\u00ec il primo consiglio comunale. Confermati tutti gli assessori, alla squadra si aggiunge Paola Saporiti","breadcrumb":{"@id":"https:\/\/staging.varesenews.it\/2017\/06\/nicola-poliseno-ha-pronta-la-sua-squadra\/631430\/#breadcrumb"},"inLanguage":"it-IT","potentialAction":[{"@type":"ReadAction","target":["https:\/\/staging.varesenews.it\/2017\/06\/nicola-poliseno-ha-pronta-la-sua-squadra\/631430\/"]}]},{"@type":"BreadcrumbList","@id":"https:\/\/staging.varesenews.it\/2017\/06\/nicola-poliseno-ha-pronta-la-sua-squadra\/631430\/#breadcrumb","itemListElement":[{"@type":"ListItem","position":1,"name":"Home","item":"https:\/\/www.varesenews.it\/"},{"@type":"ListItem","position":2,"name":"Nicola Poliseno ha pronta la sua squadra"}]},{"@type":"WebSite","@id":"https:\/\/staging.varesenews.it\/#website","url":"https:\/\/staging.varesenews.it\/","name":"VareseNews","description":"","potentialAction":[{"@type":"SearchAction","target":{"@type":"EntryPoint","urlTemplate":"https:\/\/staging.varesenews.it\/?s={search_term_string}"},"query-input":"required name=search_term_string"}],"inLanguage":"it-IT"},{"@type":"Person","@id":"https:\/\/staging.varesenews.it\/#\/schema\/person\/efe592ae4c76536b551f89d8b6674bc3","name":"Roberto Morandi","image":{"@type":"ImageObject","inLanguage":"it-IT","@id":"https:\/\/staging.varesenews.it\/#\/schema\/person\/image\/","url":"https:\/\/staging.varesenews.it\/wp-content\/uploads\/2020\/12\/roberto_morandi_colori_500.jpg","contentUrl":"https:\/\/staging.varesenews.it\/wp-content\/uploads\/2020\/12\/roberto_morandi_colori_500.jpg","caption":"Roberto Morandi"},"description":"Classe 1980, laureato in storia, mi occupo dell&rsquo;area di Gallarate e di Malpensa, di trasporti e mobilit&agrave;. Amo molto la dimensione della citt&agrave;, come luogo d&rsquo;incontro di persone diverse e come organismo che si trasforma costantemente. Mi piace anche raccontare le piccole e grandi vicende, anche locali, che compongono la Storia con la S maiuscola. Appassionato di bicicletta: la macchina perfetta per muoversi in citt&agrave; e per viaggiare.","sameAs":["https:\/\/twitter.com\/ilmorands"],"url":"https:\/\/staging.varesenews.it\/persona\/roberto-morandi1\/"}]}},"post_meta":{"_edit_lock":"1497974184:46","_edit_last":"46","_category_permalink":"3","ratings_users":"0","ratings_score":"0","ratings_average":"0","wdfb_og_title":"","wdfb_og_type":"","wdfb_og_description":"","wdfb_og_images":"a:1:{i:0;s:0:\"\";}","wdfb_og_custom_name":"a:1:{i:0;s:0:\"\";}","wdfb_og_custom_value":"a:1:{i:0;s:0:\"\";}","foto":"618064","id_link_fotogallery":"631451","argomento":"Cassano Magnago","_jd_twitter":"","_jd_tweet_this":"yes","_wpt_short_url":"http:\/\/www.varesenews.it\/2017\/06\/nicola-poliseno-ha-pronta-la-sua-squadra\/631430\/","_wp_jd_target":"http:\/\/www.varesenews.it\/2017\/06\/nicola-poliseno-ha-pronta-la-sua-squadra\/631430\/","_jd_wp_twitter":"a:1:{i:0;s:154:\"Nicola Poliseno ha pronta la sua squadra http:\/\/www.varesenews.it\/2017\/06\/nicola-poliseno-ha-pronta-la-sua-squadra\/631430\/ #giuntacomunale #giuntapoliseno\";}","_wpt_status_message":"Tweet inviato con successo."},"photos":[{"original":"https:\/\/staging.varesenews.it\/photogallery_new\/images\/2017\/06\/giunta-poliseno-2016-618064.jpg","full":"https:\/\/staging.varesenews.it\/photogallery_new\/images\/2017\/06\/giunta-poliseno-2016-618064.1024x768.jpg","large":"https:\/\/staging.varesenews.it\/photogallery_new\/images\/2017\/06\/giunta-poliseno-2016-618064.610x431.jpg"}],"_links":{"self":[{"href":"https:\/\/staging.varesenews.it\/swgapi\/v1\/wp\/v2\/posts\/631430"}],"collection":[{"href":"https:\/\/staging.varesenews.it\/swgapi\/v1\/wp\/v2\/posts"}],"about":[{"href":"https:\/\/staging.varesenews.it\/swgapi\/v1\/wp\/v2\/types\/post"}],"author":[{"embeddable":true,"href":"https:\/\/staging.varesenews.it\/swgapi\/v1\/wp\/v2\/users\/46"}],"replies":[{"embeddable":true,"href":"https:\/\/staging.varesenews.it\/swgapi\/v1\/wp\/v2\/comments?post=631430"}],"version-history":[{"count":0,"href":"https:\/\/staging.varesenews.it\/swgapi\/v1\/wp\/v2\/posts\/631430\/revisions"}],"wp:attachment":[{"href":"https:\/\/staging.varesenews.it\/swgapi\/v1\/wp\/v2\/media?parent=631430"}],"wp:term":[{"taxonomy":"category","embeddable":true,"href":"https:\/\/staging.varesenews.it\/swgapi\/v1\/wp\/v2\/categories?post=631430"},{"taxonomy":"post_tag","embeddable":true,"href":"https:\/\/staging.varesenews.it\/swgapi\/v1\/wp\/v2\/tags?post=631430"}],"curies":[{"name":"wp","href":"https:\/\/api.w.org\/{rel}","templated":true}]}}