{"id":632092,"date":"2017-06-23T11:12:53","date_gmt":"2017-06-23T09:12:53","guid":{"rendered":"http:\/\/www.varesenews.it\/?p=632092"},"modified":"2017-06-23T11:41:56","modified_gmt":"2017-06-23T09:41:56","slug":"finisce-ramadan-festa-anche-per-500-imprese","status":"publish","type":"post","link":"https:\/\/staging.varesenews.it\/2017\/06\/finisce-ramadan-festa-anche-per-500-imprese\/632092\/","title":{"rendered":"Finisce il Ramadan, festa (anche) per 500 imprese"},"content":{"rendered":"<p><strong>Sabato o domenica sera<\/strong> (dipende dai calcoli lunari)<strong> si chiude il Ramadan in Italia<\/strong> e iniziano i festeggiamenti per la <strong>festa principale di Eid Al Fitr<\/strong>, che coincide con il 25 giugno.<\/p>\n<p>Sono <strong>oltre 54 mila le ditte<\/strong> con titolare proveniente da un Paese a maggioranza musulmana<strong> direttamente impegnate<\/strong>, +0,6% in un anno. Roma \u00e8 prima con 4.736 piccole imprese, +4,6% tra 2016 e 2017, seguita da Milano con quasi 4 mila attivit\u00e0, +3,1%, e Caserta con 2.223. Torino \u00e8 quarta con 1.885, seguita da Napoli (1.577) e Reggio Calabria (1.540). E sono circa <strong>230 mila gli imprenditori<\/strong>, tra varie cariche, provenienti da questi Paesi attivi in Italia nel 2017. Emerge da u<strong>n\u2019elaborazione della Camera di commercio di Milano <\/strong>su dati del registro imprese al primo trimestre 2017 e 2016 relativi alle imprese individuali con titolare straniero e ai titolari di cariche.<\/p>\n<p>I settori pi\u00f9 coinvolti dalla festa: sono soprattutto attivit\u00e0 di abbigliamento e calzature (37.221 ambulanti specializzati e 1.335 negozi al dettaglio) e ristoranti (5.654), mercatini (2.180) ortofrutta (1.305) e venditori di chincaglieria (1.159).<\/p>\n<p>In<strong> provincia di Varese <\/strong>le imprese con almeno un titolare da Paesi musulmani<strong> sono 502, lo 0,9%<\/strong>: 8 nella panetteria, 5 nell&#8217;ortofrutta, 22 in macellerie, 5 nel settore abbigliamento-calzature, 16 negli alimentari, 273 nel tessile, 147 con ristoranti, 12 con bar, 14 in mercatini e negozi di chincaglieria. L&#8217;aumento rispetto allo scorso anno \u00e8 stato del 3,7%.<\/p>\n<p>Quasi <strong>230 mila gli stranieri dai Paesi coinvolti con cariche nelle imprese in Italia<\/strong>. Se si considerano tutti i settori di attivit\u00e0, in totale sono 229.714 quanti provengono dai Paesi coinvolti nella festa e hanno una carica nelle imprese italiane. I pi\u00f9 presenti sono i marocchini oltre 73 mila (31,9% del totale), seguiti dai bengalesi, 36.020 (15,7%), ed egiziani, 25.344 (11%). Vengono poi senegalesi (8,6%) e pakistani (7,7%).<\/p>\n","protected":false},"excerpt":{"rendered":"<p>Sono 54mila le aziende italiane con un titolare musulmano. In provincia crescita del 3,7%<\/p>\n","protected":false},"author":46,"featured_media":0,"comment_status":"open","ping_status":"open","sticky":false,"template":"","format":"standard","meta":{"footnotes":""},"categories":[11,4,3,2],"tags":[14729],"acf":[],"yoast_head":"<!-- This site is optimized with the Yoast SEO plugin v20.1 - https:\/\/yoast.com\/wordpress\/plugins\/seo\/ -->\n<title>Finisce il Ramadan, festa (anche) per 500 imprese<\/title>\n<meta name=\"description\" content=\"Sono 54mila le aziende italiane con un titolare musulmano. In provincia crescita del 3,7%\" \/>\n<meta name=\"robots\" content=\"noindex, follow, max-snippet:-1, max-image-preview:large, max-video-preview:-1\" \/>\n<meta property=\"og:locale\" content=\"it_IT\" \/>\n<meta property=\"og:type\" content=\"article\" \/>\n<meta property=\"og:title\" content=\"Finisce il Ramadan, festa (anche) per 500 imprese\" \/>\n<meta property=\"og:description\" content=\"Sono 54mila le aziende italiane con un titolare musulmano. In provincia crescita del 3,7%\" \/>\n<meta property=\"og:url\" content=\"https:\/\/staging.varesenews.it\/2017\/06\/finisce-ramadan-festa-anche-per-500-imprese\/632092\/\" \/>\n<meta property=\"og:site_name\" content=\"VareseNews\" \/>\n<meta property=\"article:publisher\" content=\"https:\/\/www.facebook.com\/varesenews\" \/>\n<meta property=\"article:published_time\" content=\"2017-06-23T09:12:53+00:00\" \/>\n<meta property=\"article:modified_time\" content=\"2017-06-23T09:41:56+00:00\" \/>\n<meta name=\"author\" content=\"Roberto Morandi\" \/>\n<meta name=\"twitter:card\" content=\"summary_large_image\" \/>\n<meta name=\"twitter:creator\" content=\"@ilmorands\" \/>\n<meta name=\"twitter:site\" content=\"@varesenews\" \/>\n<meta name=\"twitter:label1\" content=\"Scritto da\" \/>\n\t<meta name=\"twitter:data1\" content=\"Roberto Morandi\" \/>\n\t<meta name=\"twitter:label2\" content=\"Tempo di lettura stimato\" \/>\n\t<meta name=\"twitter:data2\" content=\"1 minuto\" \/>\n<script type=\"application\/ld+json\" class=\"yoast-schema-graph\">{\"@context\":\"https:\/\/schema.org\",\"@graph\":[{\"@type\":\"WebPage\",\"@id\":\"https:\/\/staging.varesenews.it\/2017\/06\/finisce-ramadan-festa-anche-per-500-imprese\/632092\/\",\"url\":\"https:\/\/staging.varesenews.it\/2017\/06\/finisce-ramadan-festa-anche-per-500-imprese\/632092\/\",\"name\":\"Finisce il Ramadan, festa (anche) per 500 imprese\",\"isPartOf\":{\"@id\":\"https:\/\/staging.varesenews.it\/#website\"},\"datePublished\":\"2017-06-23T09:12:53+00:00\",\"dateModified\":\"2017-06-23T09:41:56+00:00\",\"author\":{\"@id\":\"https:\/\/staging.varesenews.it\/#\/schema\/person\/efe592ae4c76536b551f89d8b6674bc3\"},\"description\":\"Sono 54mila le aziende italiane con un titolare musulmano. In provincia crescita del 3,7%\",\"breadcrumb\":{\"@id\":\"https:\/\/staging.varesenews.it\/2017\/06\/finisce-ramadan-festa-anche-per-500-imprese\/632092\/#breadcrumb\"},\"inLanguage\":\"it-IT\",\"potentialAction\":[{\"@type\":\"ReadAction\",\"target\":[\"https:\/\/staging.varesenews.it\/2017\/06\/finisce-ramadan-festa-anche-per-500-imprese\/632092\/\"]}]},{\"@type\":\"BreadcrumbList\",\"@id\":\"https:\/\/staging.varesenews.it\/2017\/06\/finisce-ramadan-festa-anche-per-500-imprese\/632092\/#breadcrumb\",\"itemListElement\":[{\"@type\":\"ListItem\",\"position\":1,\"name\":\"Home\",\"item\":\"https:\/\/www.varesenews.it\/\"},{\"@type\":\"ListItem\",\"position\":2,\"name\":\"Finisce il Ramadan, festa (anche) per 500 imprese\"}]},{\"@type\":\"WebSite\",\"@id\":\"https:\/\/staging.varesenews.it\/#website\",\"url\":\"https:\/\/staging.varesenews.it\/\",\"name\":\"VareseNews\",\"description\":\"\",\"potentialAction\":[{\"@type\":\"SearchAction\",\"target\":{\"@type\":\"EntryPoint\",\"urlTemplate\":\"https:\/\/staging.varesenews.it\/?s={search_term_string}\"},\"query-input\":\"required name=search_term_string\"}],\"inLanguage\":\"it-IT\"},{\"@type\":\"Person\",\"@id\":\"https:\/\/staging.varesenews.it\/#\/schema\/person\/efe592ae4c76536b551f89d8b6674bc3\",\"name\":\"Roberto Morandi\",\"image\":{\"@type\":\"ImageObject\",\"inLanguage\":\"it-IT\",\"@id\":\"https:\/\/staging.varesenews.it\/#\/schema\/person\/image\/\",\"url\":\"https:\/\/staging.varesenews.it\/wp-content\/uploads\/2020\/12\/roberto_morandi_colori_500.jpg\",\"contentUrl\":\"https:\/\/staging.varesenews.it\/wp-content\/uploads\/2020\/12\/roberto_morandi_colori_500.jpg\",\"caption\":\"Roberto Morandi\"},\"description\":\"Classe 1980, laureato in storia, mi occupo dell&rsquo;area di Gallarate e di Malpensa, di trasporti e mobilit&agrave;. Amo molto la dimensione della citt&agrave;, come luogo d&rsquo;incontro di persone diverse e come organismo che si trasforma costantemente. Mi piace anche raccontare le piccole e grandi vicende, anche locali, che compongono la Storia con la S maiuscola. Appassionato di bicicletta: la macchina perfetta per muoversi in citt&agrave; e per viaggiare.\",\"sameAs\":[\"https:\/\/twitter.com\/ilmorands\"],\"url\":\"https:\/\/staging.varesenews.it\/persona\/roberto-morandi1\/\"}]}<\/script>\n<!-- \/ Yoast SEO plugin. -->","yoast_head_json":{"title":"Finisce il Ramadan, festa (anche) per 500 imprese","description":"Sono 54mila le aziende italiane con un titolare musulmano. In provincia crescita del 3,7%","robots":{"index":"noindex","follow":"follow","max-snippet":"max-snippet:-1","max-image-preview":"max-image-preview:large","max-video-preview":"max-video-preview:-1"},"og_locale":"it_IT","og_type":"article","og_title":"Finisce il Ramadan, festa (anche) per 500 imprese","og_description":"Sono 54mila le aziende italiane con un titolare musulmano. In provincia crescita del 3,7%","og_url":"https:\/\/staging.varesenews.it\/2017\/06\/finisce-ramadan-festa-anche-per-500-imprese\/632092\/","og_site_name":"VareseNews","article_publisher":"https:\/\/www.facebook.com\/varesenews","article_published_time":"2017-06-23T09:12:53+00:00","article_modified_time":"2017-06-23T09:41:56+00:00","author":"Roberto Morandi","twitter_card":"summary_large_image","twitter_creator":"@ilmorands","twitter_site":"@varesenews","twitter_misc":{"Scritto da":"Roberto Morandi","Tempo di lettura stimato":"1 minuto"},"schema":{"@context":"https:\/\/schema.org","@graph":[{"@type":"WebPage","@id":"https:\/\/staging.varesenews.it\/2017\/06\/finisce-ramadan-festa-anche-per-500-imprese\/632092\/","url":"https:\/\/staging.varesenews.it\/2017\/06\/finisce-ramadan-festa-anche-per-500-imprese\/632092\/","name":"Finisce il Ramadan, festa (anche) per 500 imprese","isPartOf":{"@id":"https:\/\/staging.varesenews.it\/#website"},"datePublished":"2017-06-23T09:12:53+00:00","dateModified":"2017-06-23T09:41:56+00:00","author":{"@id":"https:\/\/staging.varesenews.it\/#\/schema\/person\/efe592ae4c76536b551f89d8b6674bc3"},"description":"Sono 54mila le aziende italiane con un titolare musulmano. In provincia crescita del 3,7%","breadcrumb":{"@id":"https:\/\/staging.varesenews.it\/2017\/06\/finisce-ramadan-festa-anche-per-500-imprese\/632092\/#breadcrumb"},"inLanguage":"it-IT","potentialAction":[{"@type":"ReadAction","target":["https:\/\/staging.varesenews.it\/2017\/06\/finisce-ramadan-festa-anche-per-500-imprese\/632092\/"]}]},{"@type":"BreadcrumbList","@id":"https:\/\/staging.varesenews.it\/2017\/06\/finisce-ramadan-festa-anche-per-500-imprese\/632092\/#breadcrumb","itemListElement":[{"@type":"ListItem","position":1,"name":"Home","item":"https:\/\/www.varesenews.it\/"},{"@type":"ListItem","position":2,"name":"Finisce il Ramadan, festa (anche) per 500 imprese"}]},{"@type":"WebSite","@id":"https:\/\/staging.varesenews.it\/#website","url":"https:\/\/staging.varesenews.it\/","name":"VareseNews","description":"","potentialAction":[{"@type":"SearchAction","target":{"@type":"EntryPoint","urlTemplate":"https:\/\/staging.varesenews.it\/?s={search_term_string}"},"query-input":"required name=search_term_string"}],"inLanguage":"it-IT"},{"@type":"Person","@id":"https:\/\/staging.varesenews.it\/#\/schema\/person\/efe592ae4c76536b551f89d8b6674bc3","name":"Roberto Morandi","image":{"@type":"ImageObject","inLanguage":"it-IT","@id":"https:\/\/staging.varesenews.it\/#\/schema\/person\/image\/","url":"https:\/\/staging.varesenews.it\/wp-content\/uploads\/2020\/12\/roberto_morandi_colori_500.jpg","contentUrl":"https:\/\/staging.varesenews.it\/wp-content\/uploads\/2020\/12\/roberto_morandi_colori_500.jpg","caption":"Roberto Morandi"},"description":"Classe 1980, laureato in storia, mi occupo dell&rsquo;area di Gallarate e di Malpensa, di trasporti e mobilit&agrave;. Amo molto la dimensione della citt&agrave;, come luogo d&rsquo;incontro di persone diverse e come organismo che si trasforma costantemente. Mi piace anche raccontare le piccole e grandi vicende, anche locali, che compongono la Storia con la S maiuscola. Appassionato di bicicletta: la macchina perfetta per muoversi in citt&agrave; e per viaggiare.","sameAs":["https:\/\/twitter.com\/ilmorands"],"url":"https:\/\/staging.varesenews.it\/persona\/roberto-morandi1\/"}]}},"post_meta":{"_edit_lock":"1498210839:46","_edit_last":"46","ratings_users":"0","ratings_score":"0","ratings_average":"0","_category_permalink":"","wdfb_og_title":"","wdfb_og_type":"","wdfb_og_description":"","wdfb_og_images":"a:1:{i:0;s:0:\"\";}","wdfb_og_custom_name":"a:1:{i:0;s:0:\"\";}","wdfb_og_custom_value":"a:1:{i:0;s:0:\"\";}","_jd_twitter":"","_jd_tweet_this":"yes","_wpt_short_url":"http:\/\/www.varesenews.it\/2017\/06\/finisce-il-ramadan-festa-anche-per-500-imprese\/632092\/","_wp_jd_target":"http:\/\/www.varesenews.it\/2017\/06\/finisce-il-ramadan-festa-anche-per-500-imprese\/632092\/","_jd_wp_twitter":"a:1:{i:0;s:146:\"Finisce il Ramadan, festa (anche) per 500 imprese http:\/\/www.varesenews.it\/2017\/06\/finisce-il-ramadan-festa-anche-per-500-imprese\/632092\/ #ramadan\";}","_wpt_status_message":"Tweet inviato con successo.","argomento":"Varese","_wp_old_slug":"finisce-il-ramadan-festa-anche-per-500-imprese","foto":"550481"},"photos":[{"original":"https:\/\/staging.varesenews.it\/photogallery_new\/images\/2016\/07\/ramadan-2016-gallarate-550481.jpg","full":"https:\/\/staging.varesenews.it\/photogallery_new\/images\/2016\/07\/ramadan-2016-gallarate-550481.1024x768.jpg","large":"https:\/\/staging.varesenews.it\/photogallery_new\/images\/2016\/07\/ramadan-2016-gallarate-550481.610x431.jpg"}],"_links":{"self":[{"href":"https:\/\/staging.varesenews.it\/swgapi\/v1\/wp\/v2\/posts\/632092"}],"collection":[{"href":"https:\/\/staging.varesenews.it\/swgapi\/v1\/wp\/v2\/posts"}],"about":[{"href":"https:\/\/staging.varesenews.it\/swgapi\/v1\/wp\/v2\/types\/post"}],"author":[{"embeddable":true,"href":"https:\/\/staging.varesenews.it\/swgapi\/v1\/wp\/v2\/users\/46"}],"replies":[{"embeddable":true,"href":"https:\/\/staging.varesenews.it\/swgapi\/v1\/wp\/v2\/comments?post=632092"}],"version-history":[{"count":0,"href":"https:\/\/staging.varesenews.it\/swgapi\/v1\/wp\/v2\/posts\/632092\/revisions"}],"wp:attachment":[{"href":"https:\/\/staging.varesenews.it\/swgapi\/v1\/wp\/v2\/media?parent=632092"}],"wp:term":[{"taxonomy":"category","embeddable":true,"href":"https:\/\/staging.varesenews.it\/swgapi\/v1\/wp\/v2\/categories?post=632092"},{"taxonomy":"post_tag","embeddable":true,"href":"https:\/\/staging.varesenews.it\/swgapi\/v1\/wp\/v2\/tags?post=632092"}],"curies":[{"name":"wp","href":"https:\/\/api.w.org\/{rel}","templated":true}]}}