{"id":632524,"date":"2017-06-23T15:32:08","date_gmt":"2017-06-23T13:32:08","guid":{"rendered":"http:\/\/www.varesenews.it\/?p=632524"},"modified":"2017-06-23T16:59:14","modified_gmt":"2017-06-23T14:59:14","slug":"torna-campogaggio-in-brughiera","status":"publish","type":"post","link":"https:\/\/staging.varesenews.it\/2017\/06\/torna-campogaggio-in-brughiera\/632524\/","title":{"rendered":"Torna il Campogaggio in brughiera"},"content":{"rendered":"<p><strong>Torna in Campogaggio<\/strong>, l&#8217;annuale campeggio estivo sulla bella strada del Gaggio a Lonate Pozzolo.<\/p>\n<p>L<strong>\u2019associazione Viva Via Gaggio,<\/strong> con il <strong>patrocinio dell&#8217;Ecomuseo della Brughiera e di Via Gaggio e del Parco Lombardo della Valle del Ticino<\/strong> e con la collaborazione dell&#8217;associazione <strong>Act for Life Onlus<\/strong>, organizza per il weekend 30 giugno &#8211; 02 luglio 2017 l&#8217;ormai consueto appuntamento di &#8220;campeggio militante&#8221;, arrivato all&#8217; ottava edizione.<\/p>\n<p>Nato come iniziativa d<strong>i presidio e informazione contro il progetto della terza pista<\/strong> e del masterplan Malpensa \u00e8 diventato nel tempo sempre pi\u00f9 anche un<strong> momento di valorizzazione della brughiera e del bosco del Gaggio<\/strong> (ma senza dimenticare la minaccia incombente dell&#8217;allargamento di Malpensa). \u00abVi aspettiamo per questi tre giorni di presidio in questo luogo cos\u00ec caro a tutti noi amanti della Natura e della nostra Storia, in cui avremo modo insieme di condividerne bellezza e unicit\u00e0\u00bb.<\/p>\n<p>Il campo verr\u00e0 allestito nel tardo pomeriggio di venerd\u00ec 30 giugno, la sera ci sar\u00e0 la camminata notturna lungo il Ticino.Sabato alle 10 bicicletta nella brughiera minacciata dal Masterplan; alle 21 &#8220;una notte in trincea&#8221;, escursione notturna con l&#8217;associazione Act for live Onlus. Domenica 2 luglio, alle 10.45, ci sar\u00e0 invece l&#8217;assemblea di tutte le realt\u00e0 coinvolte nella lotta per difendere la brughiera dal Masterplan Malpensa, con successivo pranzo comunitario.<\/p>\n<p>Contatti vivaviagaggio@gmail.com Chiara 340.4101329 Walter 339.2904469<\/p>\n","protected":false},"excerpt":{"rendered":"<p>Da venerd\u00ec 30 giugno la tre giorni di campeggio &#8220;militante&#8221; i difesa del bosco del Gaggio dai progetti di ampliamento dell&#8217;aeroporto di Malpensa. Con varie iniziative ed escursioni<\/p>\n","protected":false},"author":46,"featured_media":0,"comment_status":"open","ping_status":"open","sticky":false,"template":"","format":"standard","meta":{"footnotes":""},"categories":[3],"tags":[4334,365,2641],"acf":[],"yoast_head":"<!-- This site is optimized with the Yoast SEO plugin v20.1 - https:\/\/yoast.com\/wordpress\/plugins\/seo\/ -->\n<title>Torna il Campogaggio in brughiera<\/title>\n<meta name=\"description\" content=\"Da venerd\u00ec 30 giugno la tre giorni di campeggio &quot;militante&quot; i difesa del bosco del Gaggio dai progetti di ampliamento dell&#039;aeroporto di Malpensa. Con varie iniziative ed escursioni\" \/>\n<meta name=\"robots\" content=\"noindex, follow, max-snippet:-1, max-image-preview:large, max-video-preview:-1\" \/>\n<meta property=\"og:locale\" content=\"it_IT\" \/>\n<meta property=\"og:type\" content=\"article\" \/>\n<meta property=\"og:title\" content=\"Torna il Campogaggio in brughiera\" \/>\n<meta property=\"og:description\" content=\"Da venerd\u00ec 30 giugno la tre giorni di campeggio &quot;militante&quot; i difesa del bosco del Gaggio dai progetti di ampliamento dell&#039;aeroporto di Malpensa. Con varie iniziative ed escursioni\" \/>\n<meta property=\"og:url\" content=\"https:\/\/staging.varesenews.it\/2017\/06\/torna-campogaggio-in-brughiera\/632524\/\" \/>\n<meta property=\"og:site_name\" content=\"VareseNews\" \/>\n<meta property=\"article:publisher\" content=\"https:\/\/www.facebook.com\/varesenews\" \/>\n<meta property=\"article:published_time\" content=\"2017-06-23T13:32:08+00:00\" \/>\n<meta property=\"article:modified_time\" content=\"2017-06-23T14:59:14+00:00\" \/>\n<meta name=\"author\" content=\"Roberto Morandi\" \/>\n<meta name=\"twitter:card\" content=\"summary_large_image\" \/>\n<meta name=\"twitter:creator\" content=\"@ilmorands\" \/>\n<meta name=\"twitter:site\" content=\"@varesenews\" \/>\n<meta name=\"twitter:label1\" content=\"Scritto da\" \/>\n\t<meta name=\"twitter:data1\" content=\"Roberto Morandi\" \/>\n\t<meta name=\"twitter:label2\" content=\"Tempo di lettura stimato\" \/>\n\t<meta name=\"twitter:data2\" content=\"1 minuto\" \/>\n<script type=\"application\/ld+json\" class=\"yoast-schema-graph\">{\"@context\":\"https:\/\/schema.org\",\"@graph\":[{\"@type\":\"WebPage\",\"@id\":\"https:\/\/staging.varesenews.it\/2017\/06\/torna-campogaggio-in-brughiera\/632524\/\",\"url\":\"https:\/\/staging.varesenews.it\/2017\/06\/torna-campogaggio-in-brughiera\/632524\/\",\"name\":\"Torna il Campogaggio in brughiera\",\"isPartOf\":{\"@id\":\"https:\/\/staging.varesenews.it\/#website\"},\"datePublished\":\"2017-06-23T13:32:08+00:00\",\"dateModified\":\"2017-06-23T14:59:14+00:00\",\"author\":{\"@id\":\"https:\/\/staging.varesenews.it\/#\/schema\/person\/efe592ae4c76536b551f89d8b6674bc3\"},\"description\":\"Da venerd\u00ec 30 giugno la tre giorni di campeggio \\\"militante\\\" i difesa del bosco del Gaggio dai progetti di ampliamento dell'aeroporto di Malpensa. Con varie iniziative ed escursioni\",\"breadcrumb\":{\"@id\":\"https:\/\/staging.varesenews.it\/2017\/06\/torna-campogaggio-in-brughiera\/632524\/#breadcrumb\"},\"inLanguage\":\"it-IT\",\"potentialAction\":[{\"@type\":\"ReadAction\",\"target\":[\"https:\/\/staging.varesenews.it\/2017\/06\/torna-campogaggio-in-brughiera\/632524\/\"]}]},{\"@type\":\"BreadcrumbList\",\"@id\":\"https:\/\/staging.varesenews.it\/2017\/06\/torna-campogaggio-in-brughiera\/632524\/#breadcrumb\",\"itemListElement\":[{\"@type\":\"ListItem\",\"position\":1,\"name\":\"Home\",\"item\":\"https:\/\/www.varesenews.it\/\"},{\"@type\":\"ListItem\",\"position\":2,\"name\":\"Torna il Campogaggio in brughiera\"}]},{\"@type\":\"WebSite\",\"@id\":\"https:\/\/staging.varesenews.it\/#website\",\"url\":\"https:\/\/staging.varesenews.it\/\",\"name\":\"VareseNews\",\"description\":\"\",\"potentialAction\":[{\"@type\":\"SearchAction\",\"target\":{\"@type\":\"EntryPoint\",\"urlTemplate\":\"https:\/\/staging.varesenews.it\/?s={search_term_string}\"},\"query-input\":\"required name=search_term_string\"}],\"inLanguage\":\"it-IT\"},{\"@type\":\"Person\",\"@id\":\"https:\/\/staging.varesenews.it\/#\/schema\/person\/efe592ae4c76536b551f89d8b6674bc3\",\"name\":\"Roberto Morandi\",\"image\":{\"@type\":\"ImageObject\",\"inLanguage\":\"it-IT\",\"@id\":\"https:\/\/staging.varesenews.it\/#\/schema\/person\/image\/\",\"url\":\"https:\/\/staging.varesenews.it\/wp-content\/uploads\/2020\/12\/roberto_morandi_colori_500.jpg\",\"contentUrl\":\"https:\/\/staging.varesenews.it\/wp-content\/uploads\/2020\/12\/roberto_morandi_colori_500.jpg\",\"caption\":\"Roberto Morandi\"},\"description\":\"Classe 1980, laureato in storia, mi occupo dell&rsquo;area di Gallarate e di Malpensa, di trasporti e mobilit&agrave;. Amo molto la dimensione della citt&agrave;, come luogo d&rsquo;incontro di persone diverse e come organismo che si trasforma costantemente. Mi piace anche raccontare le piccole e grandi vicende, anche locali, che compongono la Storia con la S maiuscola. Appassionato di bicicletta: la macchina perfetta per muoversi in citt&agrave; e per viaggiare.\",\"sameAs\":[\"https:\/\/twitter.com\/ilmorands\"],\"url\":\"https:\/\/staging.varesenews.it\/persona\/roberto-morandi1\/\"}]}<\/script>\n<!-- \/ Yoast SEO plugin. -->","yoast_head_json":{"title":"Torna il Campogaggio in brughiera","description":"Da venerd\u00ec 30 giugno la tre giorni di campeggio \"militante\" i difesa del bosco del Gaggio dai progetti di ampliamento dell'aeroporto di Malpensa. Con varie iniziative ed escursioni","robots":{"index":"noindex","follow":"follow","max-snippet":"max-snippet:-1","max-image-preview":"max-image-preview:large","max-video-preview":"max-video-preview:-1"},"og_locale":"it_IT","og_type":"article","og_title":"Torna il Campogaggio in brughiera","og_description":"Da venerd\u00ec 30 giugno la tre giorni di campeggio \"militante\" i difesa del bosco del Gaggio dai progetti di ampliamento dell'aeroporto di Malpensa. Con varie iniziative ed escursioni","og_url":"https:\/\/staging.varesenews.it\/2017\/06\/torna-campogaggio-in-brughiera\/632524\/","og_site_name":"VareseNews","article_publisher":"https:\/\/www.facebook.com\/varesenews","article_published_time":"2017-06-23T13:32:08+00:00","article_modified_time":"2017-06-23T14:59:14+00:00","author":"Roberto Morandi","twitter_card":"summary_large_image","twitter_creator":"@ilmorands","twitter_site":"@varesenews","twitter_misc":{"Scritto da":"Roberto Morandi","Tempo di lettura stimato":"1 minuto"},"schema":{"@context":"https:\/\/schema.org","@graph":[{"@type":"WebPage","@id":"https:\/\/staging.varesenews.it\/2017\/06\/torna-campogaggio-in-brughiera\/632524\/","url":"https:\/\/staging.varesenews.it\/2017\/06\/torna-campogaggio-in-brughiera\/632524\/","name":"Torna il Campogaggio in brughiera","isPartOf":{"@id":"https:\/\/staging.varesenews.it\/#website"},"datePublished":"2017-06-23T13:32:08+00:00","dateModified":"2017-06-23T14:59:14+00:00","author":{"@id":"https:\/\/staging.varesenews.it\/#\/schema\/person\/efe592ae4c76536b551f89d8b6674bc3"},"description":"Da venerd\u00ec 30 giugno la tre giorni di campeggio \"militante\" i difesa del bosco del Gaggio dai progetti di ampliamento dell'aeroporto di Malpensa. Con varie iniziative ed escursioni","breadcrumb":{"@id":"https:\/\/staging.varesenews.it\/2017\/06\/torna-campogaggio-in-brughiera\/632524\/#breadcrumb"},"inLanguage":"it-IT","potentialAction":[{"@type":"ReadAction","target":["https:\/\/staging.varesenews.it\/2017\/06\/torna-campogaggio-in-brughiera\/632524\/"]}]},{"@type":"BreadcrumbList","@id":"https:\/\/staging.varesenews.it\/2017\/06\/torna-campogaggio-in-brughiera\/632524\/#breadcrumb","itemListElement":[{"@type":"ListItem","position":1,"name":"Home","item":"https:\/\/www.varesenews.it\/"},{"@type":"ListItem","position":2,"name":"Torna il Campogaggio in brughiera"}]},{"@type":"WebSite","@id":"https:\/\/staging.varesenews.it\/#website","url":"https:\/\/staging.varesenews.it\/","name":"VareseNews","description":"","potentialAction":[{"@type":"SearchAction","target":{"@type":"EntryPoint","urlTemplate":"https:\/\/staging.varesenews.it\/?s={search_term_string}"},"query-input":"required name=search_term_string"}],"inLanguage":"it-IT"},{"@type":"Person","@id":"https:\/\/staging.varesenews.it\/#\/schema\/person\/efe592ae4c76536b551f89d8b6674bc3","name":"Roberto Morandi","image":{"@type":"ImageObject","inLanguage":"it-IT","@id":"https:\/\/staging.varesenews.it\/#\/schema\/person\/image\/","url":"https:\/\/staging.varesenews.it\/wp-content\/uploads\/2020\/12\/roberto_morandi_colori_500.jpg","contentUrl":"https:\/\/staging.varesenews.it\/wp-content\/uploads\/2020\/12\/roberto_morandi_colori_500.jpg","caption":"Roberto Morandi"},"description":"Classe 1980, laureato in storia, mi occupo dell&rsquo;area di Gallarate e di Malpensa, di trasporti e mobilit&agrave;. Amo molto la dimensione della citt&agrave;, come luogo d&rsquo;incontro di persone diverse e come organismo che si trasforma costantemente. Mi piace anche raccontare le piccole e grandi vicende, anche locali, che compongono la Storia con la S maiuscola. Appassionato di bicicletta: la macchina perfetta per muoversi in citt&agrave; e per viaggiare.","sameAs":["https:\/\/twitter.com\/ilmorands"],"url":"https:\/\/staging.varesenews.it\/persona\/roberto-morandi1\/"}]}},"post_meta":{"_edit_lock":"1498230874:46","_edit_last":"46","_category_permalink":"3","ratings_users":"0","ratings_score":"0","ratings_average":"0","wdfb_og_title":"","wdfb_og_type":"","wdfb_og_description":"","wdfb_og_images":"a:1:{i:0;s:0:\"\";}","wdfb_og_custom_name":"a:1:{i:0;s:0:\"\";}","wdfb_og_custom_value":"a:1:{i:0;s:0:\"\";}","foto":"598961","firma_come_redazione":"1","argomento":"Lonate Pozzolo","_jd_twitter":"","_jd_tweet_this":"yes","_wpt_short_url":"http:\/\/www.varesenews.it\/2017\/06\/torna-il-campogaggio-in-brughiera\/632524\/","_wp_jd_target":"http:\/\/www.varesenews.it\/2017\/06\/torna-il-campogaggio-in-brughiera\/632524\/","_jd_wp_twitter":"a:1:{i:0;s:142:\"Torna il Campogaggio in brughiera http:\/\/www.varesenews.it\/2017\/06\/torna-il-campogaggio-in-brughiera\/632524\/ #campogaggio #Malpensa #viagaggio\";}","_wpt_status_message":"Tweet inviato con successo.","_wp_old_slug":"torna-il-campogaggio-in-brughiera"},"photos":[{"original":"https:\/\/staging.varesenews.it\/photogallery_new\/images\/2017\/03\/paesaggi-pi-belli-provincia-598961.jpg","full":"https:\/\/staging.varesenews.it\/photogallery_new\/images\/2017\/03\/paesaggi-pi-belli-provincia-598961.1024x768.jpg","large":"https:\/\/staging.varesenews.it\/photogallery_new\/images\/2017\/03\/paesaggi-pi-belli-provincia-598961.610x431.jpg"}],"_links":{"self":[{"href":"https:\/\/staging.varesenews.it\/swgapi\/v1\/wp\/v2\/posts\/632524"}],"collection":[{"href":"https:\/\/staging.varesenews.it\/swgapi\/v1\/wp\/v2\/posts"}],"about":[{"href":"https:\/\/staging.varesenews.it\/swgapi\/v1\/wp\/v2\/types\/post"}],"author":[{"embeddable":true,"href":"https:\/\/staging.varesenews.it\/swgapi\/v1\/wp\/v2\/users\/46"}],"replies":[{"embeddable":true,"href":"https:\/\/staging.varesenews.it\/swgapi\/v1\/wp\/v2\/comments?post=632524"}],"version-history":[{"count":0,"href":"https:\/\/staging.varesenews.it\/swgapi\/v1\/wp\/v2\/posts\/632524\/revisions"}],"wp:attachment":[{"href":"https:\/\/staging.varesenews.it\/swgapi\/v1\/wp\/v2\/media?parent=632524"}],"wp:term":[{"taxonomy":"category","embeddable":true,"href":"https:\/\/staging.varesenews.it\/swgapi\/v1\/wp\/v2\/categories?post=632524"},{"taxonomy":"post_tag","embeddable":true,"href":"https:\/\/staging.varesenews.it\/swgapi\/v1\/wp\/v2\/tags?post=632524"}],"curies":[{"name":"wp","href":"https:\/\/api.w.org\/{rel}","templated":true}]}}