{"id":635387,"date":"2017-07-04T12:56:12","date_gmt":"2017-07-04T10:56:12","guid":{"rendered":"http:\/\/www.varesenews.it\/?p=635387"},"modified":"2017-07-04T12:56:12","modified_gmt":"2017-07-04T10:56:12","slug":"si-cercano-volontari-per-lalzheimer-fest","status":"publish","type":"post","link":"https:\/\/staging.varesenews.it\/2017\/07\/si-cercano-volontari-per-lalzheimer-fest\/635387\/","title":{"rendered":"Si cercano volontari per l\u2019Alzheimer Fest"},"content":{"rendered":"<p>Un contro pubblico per coinvolgere i cittadini in occasione dell\u2019<strong>Alzheimer Fest,\u00a0<\/strong>previsto per l\u2019inizio di settembre.<br \/>\nL\u2019appuntamento \u00e8 per <strong>mercoled\u00ec 5 luglio alle 20.30 in biblioteca a Gavirate.<\/strong><\/p>\n<p><strong>COS\u2019E\u2019 ALZHEIMER FEST<\/strong><br \/>\nSi tratta di una festa con tanti eventi, spettacoli, danze, incontri, concerti.<br \/>\nDove sar\u00e0 Alzheimer Fest: sul lungolago a Gavirate, ci saranno molti gazebo ma non sar\u00e0 un mercatino perch\u00e9 non si venderanno oggetti, non si raccoglieranno soldi ma si offriranno occasioni di convivialit\u00e0 e di condivisione. Sono occasioni pensate non solo ma soprattutto per malati di Alzheimer e per i loro caregiver.<br \/>\nPerch\u00e9 si far\u00e0 festa: perch\u00e9 si vuol vedere chi \u00e8 malato sorridere insieme con il suo familiare e con il suo curante, perch\u00e9 si vuole includere e porre fine all&#8217;isolamento e alla solitudine di chi ha a che fare con il disorientamento e la smemoratezza della malattia di Alzheimer.<\/p>\n<p><strong>Perch\u00e9 c&#8217;\u00e8\u00a0bisogno di volontari, tanti:<\/strong><br \/>\n-per costruire e gestire una logistica complessa,<br \/>\n-per accogliere e accompagnare durante i tre giorni di festa chi arriva, da vicino e da lontano<br \/>\n-per condividere in sicurezza e serenit\u00e0 la prima Alzheimer Fest nazionale.<\/p>\n<p><strong>Cosa faranno in concreto i volontari:<\/strong> tante cose, anche molto diverse e tutte ugualmente importanti, tutti i volontari per\u00f2, anche chi non si occuper\u00e0 direttamente di malati, dovranno fare un breve incontro di formazione per conoscere le caratteristiche e le esigenze dei malati e dei loro caregivers.<\/p>\n<p><strong>Queste le principali mansioni:<\/strong><br \/>\n*accoglienza in hotel<br \/>\n*accoglienza in loco<br \/>\n*informazione<br \/>\n*vendita gadget<br \/>\n*accompagnamento<br \/>\n*guida navette<br \/>\n*accudimento\/sollievo<br \/>\n*assistenza pasti<br \/>\n*sorveglianza<br \/>\n*presenza agli stand<br \/>\n*deflusso degli ospiti<\/p>\n<p>Per quanto tempo: \u00e8 possibile dare il proprio tempo per uno o pi\u00f9 giorni, per mezze giornate; ci saranno dei coordinatori per settore e un coordinatore generale.<\/p>\n<p>Quando e come dare la propria disponibilit\u00e0: utilizzando la mail &#8220;progetto.rughe@gmail.com, o telefonando al n.3279338679 (Grazia)<\/p>\n","protected":false},"excerpt":{"rendered":"<p>Appuntamento mercoled\u00ec sera alle 20.30 in biblioteca inviata della grande manifestazione per l\u20191-2-3 settembre<\/p>\n","protected":false},"author":34,"featured_media":0,"comment_status":"open","ping_status":"open","sticky":false,"template":"","format":"standard","meta":{"footnotes":""},"categories":[2],"tags":[574,55037],"acf":[],"yoast_head":"<!-- This site is optimized with the Yoast SEO plugin v20.1 - https:\/\/yoast.com\/wordpress\/plugins\/seo\/ -->\n<title>Si cercano volontari per l\u2019Alzheimer Fest<\/title>\n<meta name=\"description\" content=\"Appuntamento mercoled\u00ec sera alle 20.30 in biblioteca inviata della grande manifestazione per l\u20191-2-3 settembre\" \/>\n<meta name=\"robots\" content=\"noindex, follow, max-snippet:-1, max-image-preview:large, max-video-preview:-1\" \/>\n<meta property=\"og:locale\" content=\"it_IT\" \/>\n<meta property=\"og:type\" content=\"article\" \/>\n<meta property=\"og:title\" content=\"Si cercano volontari per l\u2019Alzheimer Fest\" \/>\n<meta property=\"og:description\" content=\"Appuntamento mercoled\u00ec sera alle 20.30 in biblioteca inviata della grande manifestazione per l\u20191-2-3 settembre\" \/>\n<meta property=\"og:url\" content=\"https:\/\/staging.varesenews.it\/2017\/07\/si-cercano-volontari-per-lalzheimer-fest\/635387\/\" \/>\n<meta property=\"og:site_name\" content=\"VareseNews\" \/>\n<meta property=\"article:publisher\" content=\"https:\/\/www.facebook.com\/varesenews\" \/>\n<meta property=\"article:author\" content=\"https:\/\/www.facebook.com\/andrea.camurani?fref=photo\" \/>\n<meta property=\"article:published_time\" content=\"2017-07-04T10:56:12+00:00\" \/>\n<meta name=\"author\" content=\"Andrea Camurani\" \/>\n<meta name=\"twitter:card\" content=\"summary_large_image\" \/>\n<meta name=\"twitter:creator\" content=\"@AndreaCamurani\" \/>\n<meta name=\"twitter:site\" content=\"@varesenews\" \/>\n<meta name=\"twitter:label1\" content=\"Scritto da\" \/>\n\t<meta name=\"twitter:data1\" content=\"Andrea Camurani\" \/>\n\t<meta name=\"twitter:label2\" content=\"Tempo di lettura stimato\" \/>\n\t<meta name=\"twitter:data2\" content=\"2 minuti\" \/>\n<script type=\"application\/ld+json\" class=\"yoast-schema-graph\">{\"@context\":\"https:\/\/schema.org\",\"@graph\":[{\"@type\":\"WebPage\",\"@id\":\"https:\/\/staging.varesenews.it\/2017\/07\/si-cercano-volontari-per-lalzheimer-fest\/635387\/\",\"url\":\"https:\/\/staging.varesenews.it\/2017\/07\/si-cercano-volontari-per-lalzheimer-fest\/635387\/\",\"name\":\"Si cercano volontari per l\u2019Alzheimer Fest\",\"isPartOf\":{\"@id\":\"https:\/\/staging.varesenews.it\/#website\"},\"datePublished\":\"2017-07-04T10:56:12+00:00\",\"dateModified\":\"2017-07-04T10:56:12+00:00\",\"author\":{\"@id\":\"https:\/\/staging.varesenews.it\/#\/schema\/person\/3eb5832c6beae763de8d9596fdbe8c49\"},\"description\":\"Appuntamento mercoled\u00ec sera alle 20.30 in biblioteca inviata della grande manifestazione per l\u20191-2-3 settembre\",\"breadcrumb\":{\"@id\":\"https:\/\/staging.varesenews.it\/2017\/07\/si-cercano-volontari-per-lalzheimer-fest\/635387\/#breadcrumb\"},\"inLanguage\":\"it-IT\",\"potentialAction\":[{\"@type\":\"ReadAction\",\"target\":[\"https:\/\/staging.varesenews.it\/2017\/07\/si-cercano-volontari-per-lalzheimer-fest\/635387\/\"]}]},{\"@type\":\"BreadcrumbList\",\"@id\":\"https:\/\/staging.varesenews.it\/2017\/07\/si-cercano-volontari-per-lalzheimer-fest\/635387\/#breadcrumb\",\"itemListElement\":[{\"@type\":\"ListItem\",\"position\":1,\"name\":\"Home\",\"item\":\"https:\/\/www.varesenews.it\/\"},{\"@type\":\"ListItem\",\"position\":2,\"name\":\"Si cercano volontari per l\u2019Alzheimer Fest\"}]},{\"@type\":\"WebSite\",\"@id\":\"https:\/\/staging.varesenews.it\/#website\",\"url\":\"https:\/\/staging.varesenews.it\/\",\"name\":\"VareseNews\",\"description\":\"\",\"potentialAction\":[{\"@type\":\"SearchAction\",\"target\":{\"@type\":\"EntryPoint\",\"urlTemplate\":\"https:\/\/staging.varesenews.it\/?s={search_term_string}\"},\"query-input\":\"required name=search_term_string\"}],\"inLanguage\":\"it-IT\"},{\"@type\":\"Person\",\"@id\":\"https:\/\/staging.varesenews.it\/#\/schema\/person\/3eb5832c6beae763de8d9596fdbe8c49\",\"name\":\"Andrea Camurani\",\"image\":{\"@type\":\"ImageObject\",\"inLanguage\":\"it-IT\",\"@id\":\"https:\/\/staging.varesenews.it\/#\/schema\/person\/image\/\",\"url\":\"https:\/\/staging.varesenews.it\/wp-content\/uploads\/2020\/12\/andrea_camurani_colori_500.jpg\",\"contentUrl\":\"https:\/\/staging.varesenews.it\/wp-content\/uploads\/2020\/12\/andrea_camurani_colori_500.jpg\",\"caption\":\"Andrea Camurani\"},\"description\":\"Sono figlio degli anni Settanta e di Milano, dove ho imparato a riconoscere buoni e cattivi. Laurea in scienze politiche, lavoro a VareseNews dal 2000. Racconto quel che trovo quando incontro chi vuole lasciare al mondo un pezzetto di vita, che si chiama cronaca. &ldquo;...perch&eacute; &egrave; la gente il pi&ugrave; grande spettacolo del mondo. E non si paga il biglietto...&rdquo; (Charles Bukowsky)\",\"sameAs\":[\"https:\/\/www.facebook.com\/andrea.camurani?fref=photo\",\"andreacamurani\",\"https:\/\/www.linkedin.com\/hp\/?dnr=A9a84RfzsLdo9xg4NcGV4dLiMknoc9ms4WM\",\"https:\/\/twitter.com\/AndreaCamurani\"],\"url\":\"https:\/\/staging.varesenews.it\/persona\/andrea_camurani\/\"}]}<\/script>\n<!-- \/ Yoast SEO plugin. -->","yoast_head_json":{"title":"Si cercano volontari per l\u2019Alzheimer Fest","description":"Appuntamento mercoled\u00ec sera alle 20.30 in biblioteca inviata della grande manifestazione per l\u20191-2-3 settembre","robots":{"index":"noindex","follow":"follow","max-snippet":"max-snippet:-1","max-image-preview":"max-image-preview:large","max-video-preview":"max-video-preview:-1"},"og_locale":"it_IT","og_type":"article","og_title":"Si cercano volontari per l\u2019Alzheimer Fest","og_description":"Appuntamento mercoled\u00ec sera alle 20.30 in biblioteca inviata della grande manifestazione per l\u20191-2-3 settembre","og_url":"https:\/\/staging.varesenews.it\/2017\/07\/si-cercano-volontari-per-lalzheimer-fest\/635387\/","og_site_name":"VareseNews","article_publisher":"https:\/\/www.facebook.com\/varesenews","article_author":"https:\/\/www.facebook.com\/andrea.camurani?fref=photo","article_published_time":"2017-07-04T10:56:12+00:00","author":"Andrea Camurani","twitter_card":"summary_large_image","twitter_creator":"@AndreaCamurani","twitter_site":"@varesenews","twitter_misc":{"Scritto da":"Andrea Camurani","Tempo di lettura stimato":"2 minuti"},"schema":{"@context":"https:\/\/schema.org","@graph":[{"@type":"WebPage","@id":"https:\/\/staging.varesenews.it\/2017\/07\/si-cercano-volontari-per-lalzheimer-fest\/635387\/","url":"https:\/\/staging.varesenews.it\/2017\/07\/si-cercano-volontari-per-lalzheimer-fest\/635387\/","name":"Si cercano volontari per l\u2019Alzheimer Fest","isPartOf":{"@id":"https:\/\/staging.varesenews.it\/#website"},"datePublished":"2017-07-04T10:56:12+00:00","dateModified":"2017-07-04T10:56:12+00:00","author":{"@id":"https:\/\/staging.varesenews.it\/#\/schema\/person\/3eb5832c6beae763de8d9596fdbe8c49"},"description":"Appuntamento mercoled\u00ec sera alle 20.30 in biblioteca inviata della grande manifestazione per l\u20191-2-3 settembre","breadcrumb":{"@id":"https:\/\/staging.varesenews.it\/2017\/07\/si-cercano-volontari-per-lalzheimer-fest\/635387\/#breadcrumb"},"inLanguage":"it-IT","potentialAction":[{"@type":"ReadAction","target":["https:\/\/staging.varesenews.it\/2017\/07\/si-cercano-volontari-per-lalzheimer-fest\/635387\/"]}]},{"@type":"BreadcrumbList","@id":"https:\/\/staging.varesenews.it\/2017\/07\/si-cercano-volontari-per-lalzheimer-fest\/635387\/#breadcrumb","itemListElement":[{"@type":"ListItem","position":1,"name":"Home","item":"https:\/\/www.varesenews.it\/"},{"@type":"ListItem","position":2,"name":"Si cercano volontari per l\u2019Alzheimer Fest"}]},{"@type":"WebSite","@id":"https:\/\/staging.varesenews.it\/#website","url":"https:\/\/staging.varesenews.it\/","name":"VareseNews","description":"","potentialAction":[{"@type":"SearchAction","target":{"@type":"EntryPoint","urlTemplate":"https:\/\/staging.varesenews.it\/?s={search_term_string}"},"query-input":"required name=search_term_string"}],"inLanguage":"it-IT"},{"@type":"Person","@id":"https:\/\/staging.varesenews.it\/#\/schema\/person\/3eb5832c6beae763de8d9596fdbe8c49","name":"Andrea Camurani","image":{"@type":"ImageObject","inLanguage":"it-IT","@id":"https:\/\/staging.varesenews.it\/#\/schema\/person\/image\/","url":"https:\/\/staging.varesenews.it\/wp-content\/uploads\/2020\/12\/andrea_camurani_colori_500.jpg","contentUrl":"https:\/\/staging.varesenews.it\/wp-content\/uploads\/2020\/12\/andrea_camurani_colori_500.jpg","caption":"Andrea Camurani"},"description":"Sono figlio degli anni Settanta e di Milano, dove ho imparato a riconoscere buoni e cattivi. Laurea in scienze politiche, lavoro a VareseNews dal 2000. Racconto quel che trovo quando incontro chi vuole lasciare al mondo un pezzetto di vita, che si chiama cronaca. &ldquo;...perch&eacute; &egrave; la gente il pi&ugrave; grande spettacolo del mondo. E non si paga il biglietto...&rdquo; (Charles Bukowsky)","sameAs":["https:\/\/www.facebook.com\/andrea.camurani?fref=photo","andreacamurani","https:\/\/www.linkedin.com\/hp\/?dnr=A9a84RfzsLdo9xg4NcGV4dLiMknoc9ms4WM","https:\/\/twitter.com\/AndreaCamurani"],"url":"https:\/\/staging.varesenews.it\/persona\/andrea_camurani\/"}]}},"post_meta":{"_edit_lock":"1499165656:34","_edit_last":"34","ratings_users":"0","ratings_score":"0","ratings_average":"0","_category_permalink":"","wdfb_og_title":"","wdfb_og_type":"","wdfb_og_description":"","wdfb_og_images":"a:1:{i:0;s:0:\"\";}","wdfb_og_custom_name":"a:1:{i:0;s:0:\"\";}","wdfb_og_custom_value":"a:1:{i:0;s:0:\"\";}","foto":"620782","firma_come_redazione":"1","argomento":"Gavirate","_jd_twitter":"","_jd_tweet_this":"yes","_wpt_short_url":"http:\/\/www.varesenews.it\/2017\/07\/si-cercano-volontari-per-lalzheimer-fest\/635387\/","_wp_jd_target":"http:\/\/www.varesenews.it\/2017\/07\/si-cercano-volontari-per-lalzheimer-fest\/635387\/","_jd_wp_twitter":"a:1:{i:0;s:151:\"Si cercano volontari per l\u2019Alzheimer Fest http:\/\/www.varesenews.it\/2017\/07\/si-cercano-volontari-per-lalzheimer-fest\/635387\/ #alzheimer #progettorughe\";}","_wpt_status_message":"Tweet inviato con successo.","id_leggi_anche":"644380"},"photos":[{"original":"https:\/\/staging.varesenews.it\/photogallery_new\/images\/2017\/07\/avarie-620782.jpg","full":"https:\/\/staging.varesenews.it\/photogallery_new\/images\/2017\/07\/avarie-620782.1024x768.jpg","large":"https:\/\/staging.varesenews.it\/photogallery_new\/images\/2017\/07\/avarie-620782.610x431.jpg"}],"_links":{"self":[{"href":"https:\/\/staging.varesenews.it\/swgapi\/v1\/wp\/v2\/posts\/635387"}],"collection":[{"href":"https:\/\/staging.varesenews.it\/swgapi\/v1\/wp\/v2\/posts"}],"about":[{"href":"https:\/\/staging.varesenews.it\/swgapi\/v1\/wp\/v2\/types\/post"}],"author":[{"embeddable":true,"href":"https:\/\/staging.varesenews.it\/swgapi\/v1\/wp\/v2\/users\/34"}],"replies":[{"embeddable":true,"href":"https:\/\/staging.varesenews.it\/swgapi\/v1\/wp\/v2\/comments?post=635387"}],"version-history":[{"count":0,"href":"https:\/\/staging.varesenews.it\/swgapi\/v1\/wp\/v2\/posts\/635387\/revisions"}],"wp:attachment":[{"href":"https:\/\/staging.varesenews.it\/swgapi\/v1\/wp\/v2\/media?parent=635387"}],"wp:term":[{"taxonomy":"category","embeddable":true,"href":"https:\/\/staging.varesenews.it\/swgapi\/v1\/wp\/v2\/categories?post=635387"},{"taxonomy":"post_tag","embeddable":true,"href":"https:\/\/staging.varesenews.it\/swgapi\/v1\/wp\/v2\/tags?post=635387"}],"curies":[{"name":"wp","href":"https:\/\/api.w.org\/{rel}","templated":true}]}}