{"id":638667,"date":"2017-07-17T16:46:33","date_gmt":"2017-07-17T14:46:33","guid":{"rendered":"http:\/\/www.varesenews.it\/?p=638667"},"modified":"2017-07-17T17:13:07","modified_gmt":"2017-07-17T15:13:07","slug":"giovani-programmatori-varesini-in-tour-in-silicon-valley","status":"publish","type":"post","link":"https:\/\/staging.varesenews.it\/2017\/07\/giovani-programmatori-varesini-in-tour-in-silicon-valley\/638667\/","title":{"rendered":"Giovani programmatori varesini in tour in Silicon Valley"},"content":{"rendered":"<p>Una settimana per\u00a0<strong>scoprire<\/strong>\u00a0e\u00a0<strong>visitare<\/strong>\u00a0<strong>le<\/strong>\u00a0<strong>meraviglie tecnologiche<\/strong>\u00a0e le realt\u00e0 di una delle zone pi\u00f9 innovative al mondo: la\u00a0<strong>Silicon Valley<\/strong>. I protagonisti di questo tour sono alcuni\u00a0<strong>giovani programmatori della provincia di Varese<\/strong>\u00a0provenienti dal\u00a0<strong>Liceo Sacro Monte<\/strong>, dalla\u00a0<strong>Scuola Europea di Varese<\/strong>\u00a0e dal\u00a0<strong>Liceo dei Tigli di Gallarate<\/strong>.<\/p>\n<p>Che cosa li accomuna? La passione per la tecnologia e per la programmazione dei computer.Ad organizzare il tour negli <strong>Stati Uniti<\/strong> sono i coordinatori del progetto <strong>CodEng<\/strong>, <strong>Derval O&#8217; Neill<\/strong> e <strong>David Book<\/strong>, <a href=\"http:\/\/www.varesenews.it\/2016\/06\/derval-la-mamma-che-spiega-le-app-ai-bambini-nelle-scuole\/525621\/\" target=\"_blank\">di cui avevamo parlato tempo fa<\/a>. Saranno loro, insieme a un delegazione di docenti, ad accompagnare i giovani programmatori nelle tappe previste in questo viaggio decisamente tech.<\/p>\n<h2>Le tappe del tour<\/h2>\n<p>Marted\u00ec 18 luglio visiteranno la sede di <strong>Apple a Cupertino<\/strong>. Sono previsti incontri anche nella sede di <strong>Facebook<\/strong> e del <strong>Computer Science Department<\/strong> alla <strong>Stanford University<\/strong>. Il gruppo assister\u00e0 anche a una trasmissione live di \u201c<strong>This Week in Tech<\/strong>\u201d condotta dal famoso podcaster <strong>Leo Laporte<\/strong>. Faranno quindi un tour del <strong>Museo dell&#8217;Informatica<\/strong> e faranno\u00a0un giro al <strong>Tech Museum<\/strong> <strong>of<\/strong> <strong>Innovation<\/strong> e l&#8217;<strong>Exploratorium<\/strong>. Ogni sera, il team avr\u00e0 anche il compito di sviluppare\u00a0una web app che avr\u00e0 come tema il loro\u00a0viaggio.<\/p>\n<div>\n<div class=\"photo-inside-post\"><img decoding=\"async\" loading=\"lazy\" fetchpriority=\"low\" width=\"610\" height=\"431\" src=\"https:\/\/staging.varesenews.it\/photogallery_new\/images\/2017\/07\/silicon-valley-623218.610x431.jpg\" alt=\"silicon valley\"><\/div>\n<h2>Il racconto in DigitaLife<\/h2>\n<p>Durante questa esperienza, i ragazzi realizzeranno anche video per raccontare le cose che li colpiscono di pi\u00f9 di questo viaggio e i loro contributi <a href=\"https:\/\/digitalife.org\" target=\"_blank\">entreranno nel film <strong>DigitaLife<\/strong><\/a>, il documentario di <strong>Varesenews<\/strong> che intende raccontare il cambiamento attraverso le lenti del digitale e che sar\u00e0 realizzato con i contributi video di tutti i cittadini.<\/p>\n<\/div>\n","protected":false},"excerpt":{"rendered":"<p>Dal 17 al 24 luglio un gruppo di giovani programmatori della provincia di Varese sar\u00e0 in viaggio negli Stati Uniti per visitare le realt\u00e0 tecnologiche pi\u00f9 importanti della Silicon Valley e raccontarle in DigitaLife<\/p>\n","protected":false},"author":83,"featured_media":0,"comment_status":"open","ping_status":"open","sticky":false,"template":"","format":"standard","meta":{"footnotes":""},"categories":[9,25,90,21,2],"tags":[69183,1051],"acf":[],"yoast_head":"<!-- This site is optimized with the Yoast SEO plugin v20.1 - https:\/\/yoast.com\/wordpress\/plugins\/seo\/ -->\n<title>Giovani programmatori varesini in tour in Silicon Valley<\/title>\n<meta name=\"description\" content=\"Dal 17 al 24 luglio un gruppo di giovani programmatori della provincia di Varese sar\u00e0 in viaggio negli Stati Uniti per visitare la Silicon Valley\" \/>\n<meta name=\"robots\" content=\"noindex, follow, max-snippet:-1, max-image-preview:large, max-video-preview:-1\" \/>\n<meta property=\"og:locale\" content=\"it_IT\" \/>\n<meta property=\"og:type\" content=\"article\" \/>\n<meta property=\"og:title\" content=\"Giovani programmatori varesini in tour in Silicon Valley\" \/>\n<meta property=\"og:description\" content=\"Dal 17 al 24 luglio un gruppo di giovani programmatori della provincia di Varese sar\u00e0 in viaggio negli Stati Uniti per visitare la Silicon Valley\" \/>\n<meta property=\"og:url\" content=\"https:\/\/staging.varesenews.it\/2017\/07\/giovani-programmatori-varesini-in-tour-in-silicon-valley\/638667\/\" \/>\n<meta property=\"og:site_name\" content=\"VareseNews\" \/>\n<meta property=\"article:publisher\" content=\"https:\/\/www.facebook.com\/varesenews\" \/>\n<meta property=\"article:published_time\" content=\"2017-07-17T14:46:33+00:00\" \/>\n<meta property=\"article:modified_time\" content=\"2017-07-17T15:13:07+00:00\" \/>\n<meta name=\"author\" content=\"David Mammano\" \/>\n<meta name=\"twitter:card\" content=\"summary_large_image\" \/>\n<meta name=\"twitter:creator\" content=\"@mammanodavid\" \/>\n<meta name=\"twitter:site\" content=\"@varesenews\" \/>\n<meta name=\"twitter:label1\" content=\"Scritto da\" \/>\n\t<meta name=\"twitter:data1\" content=\"David Mammano\" \/>\n\t<meta name=\"twitter:label2\" content=\"Tempo di lettura stimato\" \/>\n\t<meta name=\"twitter:data2\" content=\"1 minuto\" \/>\n<script type=\"application\/ld+json\" class=\"yoast-schema-graph\">{\"@context\":\"https:\/\/schema.org\",\"@graph\":[{\"@type\":\"WebPage\",\"@id\":\"https:\/\/staging.varesenews.it\/2017\/07\/giovani-programmatori-varesini-in-tour-in-silicon-valley\/638667\/\",\"url\":\"https:\/\/staging.varesenews.it\/2017\/07\/giovani-programmatori-varesini-in-tour-in-silicon-valley\/638667\/\",\"name\":\"Giovani programmatori varesini in tour in Silicon Valley\",\"isPartOf\":{\"@id\":\"https:\/\/staging.varesenews.it\/#website\"},\"datePublished\":\"2017-07-17T14:46:33+00:00\",\"dateModified\":\"2017-07-17T15:13:07+00:00\",\"author\":{\"@id\":\"https:\/\/staging.varesenews.it\/#\/schema\/person\/6bf47d0fb9b21719a636be082e00b973\"},\"description\":\"Dal 17 al 24 luglio un gruppo di giovani programmatori della provincia di Varese sar\u00e0 in viaggio negli Stati Uniti per visitare la Silicon Valley\",\"breadcrumb\":{\"@id\":\"https:\/\/staging.varesenews.it\/2017\/07\/giovani-programmatori-varesini-in-tour-in-silicon-valley\/638667\/#breadcrumb\"},\"inLanguage\":\"it-IT\",\"potentialAction\":[{\"@type\":\"ReadAction\",\"target\":[\"https:\/\/staging.varesenews.it\/2017\/07\/giovani-programmatori-varesini-in-tour-in-silicon-valley\/638667\/\"]}]},{\"@type\":\"BreadcrumbList\",\"@id\":\"https:\/\/staging.varesenews.it\/2017\/07\/giovani-programmatori-varesini-in-tour-in-silicon-valley\/638667\/#breadcrumb\",\"itemListElement\":[{\"@type\":\"ListItem\",\"position\":1,\"name\":\"Home\",\"item\":\"https:\/\/www.varesenews.it\/\"},{\"@type\":\"ListItem\",\"position\":2,\"name\":\"Giovani programmatori varesini in tour in Silicon Valley\"}]},{\"@type\":\"WebSite\",\"@id\":\"https:\/\/staging.varesenews.it\/#website\",\"url\":\"https:\/\/staging.varesenews.it\/\",\"name\":\"VareseNews\",\"description\":\"\",\"potentialAction\":[{\"@type\":\"SearchAction\",\"target\":{\"@type\":\"EntryPoint\",\"urlTemplate\":\"https:\/\/staging.varesenews.it\/?s={search_term_string}\"},\"query-input\":\"required name=search_term_string\"}],\"inLanguage\":\"it-IT\"},{\"@type\":\"Person\",\"@id\":\"https:\/\/staging.varesenews.it\/#\/schema\/person\/6bf47d0fb9b21719a636be082e00b973\",\"name\":\"David Mammano\",\"image\":{\"@type\":\"ImageObject\",\"inLanguage\":\"it-IT\",\"@id\":\"https:\/\/staging.varesenews.it\/#\/schema\/person\/image\/\",\"url\":\"https:\/\/staging.varesenews.it\/wp-content\/uploads\/2018\/03\/19397182_10211049433964165_3994810371323786751_n.jpg\",\"contentUrl\":\"https:\/\/staging.varesenews.it\/wp-content\/uploads\/2018\/03\/19397182_10211049433964165_3994810371323786751_n.jpg\",\"caption\":\"David Mammano\"},\"description\":\"Collaboratore di Varesenews. Project manager e consulente di comunicazione. Organizer e licensee di TEDxVarese e TEDxVareseSalon\",\"sameAs\":[\"davidmammano\",\"https:\/\/twitter.com\/mammanodavid\"],\"url\":\"https:\/\/staging.varesenews.it\/persona\/davidmammano\/\"}]}<\/script>\n<!-- \/ Yoast SEO plugin. -->","yoast_head_json":{"title":"Giovani programmatori varesini in tour in Silicon Valley","description":"Dal 17 al 24 luglio un gruppo di giovani programmatori della provincia di Varese sar\u00e0 in viaggio negli Stati Uniti per visitare la Silicon Valley","robots":{"index":"noindex","follow":"follow","max-snippet":"max-snippet:-1","max-image-preview":"max-image-preview:large","max-video-preview":"max-video-preview:-1"},"og_locale":"it_IT","og_type":"article","og_title":"Giovani programmatori varesini in tour in Silicon Valley","og_description":"Dal 17 al 24 luglio un gruppo di giovani programmatori della provincia di Varese sar\u00e0 in viaggio negli Stati Uniti per visitare la Silicon Valley","og_url":"https:\/\/staging.varesenews.it\/2017\/07\/giovani-programmatori-varesini-in-tour-in-silicon-valley\/638667\/","og_site_name":"VareseNews","article_publisher":"https:\/\/www.facebook.com\/varesenews","article_published_time":"2017-07-17T14:46:33+00:00","article_modified_time":"2017-07-17T15:13:07+00:00","author":"David Mammano","twitter_card":"summary_large_image","twitter_creator":"@mammanodavid","twitter_site":"@varesenews","twitter_misc":{"Scritto da":"David Mammano","Tempo di lettura stimato":"1 minuto"},"schema":{"@context":"https:\/\/schema.org","@graph":[{"@type":"WebPage","@id":"https:\/\/staging.varesenews.it\/2017\/07\/giovani-programmatori-varesini-in-tour-in-silicon-valley\/638667\/","url":"https:\/\/staging.varesenews.it\/2017\/07\/giovani-programmatori-varesini-in-tour-in-silicon-valley\/638667\/","name":"Giovani programmatori varesini in tour in Silicon Valley","isPartOf":{"@id":"https:\/\/staging.varesenews.it\/#website"},"datePublished":"2017-07-17T14:46:33+00:00","dateModified":"2017-07-17T15:13:07+00:00","author":{"@id":"https:\/\/staging.varesenews.it\/#\/schema\/person\/6bf47d0fb9b21719a636be082e00b973"},"description":"Dal 17 al 24 luglio un gruppo di giovani programmatori della provincia di Varese sar\u00e0 in viaggio negli Stati Uniti per visitare la Silicon Valley","breadcrumb":{"@id":"https:\/\/staging.varesenews.it\/2017\/07\/giovani-programmatori-varesini-in-tour-in-silicon-valley\/638667\/#breadcrumb"},"inLanguage":"it-IT","potentialAction":[{"@type":"ReadAction","target":["https:\/\/staging.varesenews.it\/2017\/07\/giovani-programmatori-varesini-in-tour-in-silicon-valley\/638667\/"]}]},{"@type":"BreadcrumbList","@id":"https:\/\/staging.varesenews.it\/2017\/07\/giovani-programmatori-varesini-in-tour-in-silicon-valley\/638667\/#breadcrumb","itemListElement":[{"@type":"ListItem","position":1,"name":"Home","item":"https:\/\/www.varesenews.it\/"},{"@type":"ListItem","position":2,"name":"Giovani programmatori varesini in tour in Silicon Valley"}]},{"@type":"WebSite","@id":"https:\/\/staging.varesenews.it\/#website","url":"https:\/\/staging.varesenews.it\/","name":"VareseNews","description":"","potentialAction":[{"@type":"SearchAction","target":{"@type":"EntryPoint","urlTemplate":"https:\/\/staging.varesenews.it\/?s={search_term_string}"},"query-input":"required name=search_term_string"}],"inLanguage":"it-IT"},{"@type":"Person","@id":"https:\/\/staging.varesenews.it\/#\/schema\/person\/6bf47d0fb9b21719a636be082e00b973","name":"David Mammano","image":{"@type":"ImageObject","inLanguage":"it-IT","@id":"https:\/\/staging.varesenews.it\/#\/schema\/person\/image\/","url":"https:\/\/staging.varesenews.it\/wp-content\/uploads\/2018\/03\/19397182_10211049433964165_3994810371323786751_n.jpg","contentUrl":"https:\/\/staging.varesenews.it\/wp-content\/uploads\/2018\/03\/19397182_10211049433964165_3994810371323786751_n.jpg","caption":"David Mammano"},"description":"Collaboratore di Varesenews. Project manager e consulente di comunicazione. Organizer e licensee di TEDxVarese e TEDxVareseSalon","sameAs":["davidmammano","https:\/\/twitter.com\/mammanodavid"],"url":"https:\/\/staging.varesenews.it\/persona\/davidmammano\/"}]}},"post_meta":{"_edit_lock":"1500367567:37","_edit_last":"37","ratings_users":"0","ratings_score":"0","ratings_average":"0","_category_permalink":"","wdfb_og_title":"","wdfb_og_type":"","wdfb_og_description":"","wdfb_og_images":"a:1:{i:0;s:0:\"\";}","wdfb_og_custom_name":"a:1:{i:0;s:0:\"\";}","wdfb_og_custom_value":"a:1:{i:0;s:0:\"\";}","id_leggi_anche":"525621","foto":"623213","firma_come_redazione":"1","argomento":"Cultura digitale","_yoast_wpseo_focuskw":"silicon valley","_yoast_wpseo_title":"Giovani programmatori varesini in tour in Silicon Valley","_yoast_wpseo_metadesc":"Dal 17 al 24 luglio un gruppo di giovani programmatori della provincia di Varese sar\u00e0 in viaggio negli Stati Uniti per visitare la Silicon Valley","_jd_twitter":"","_jd_tweet_this":"yes","_wpt_short_url":"http:\/\/www.varesenews.it\/2017\/07\/giovani-programmatori-varesini-in-tour-in-silicon-valley\/638667\/","_wp_jd_target":"http:\/\/www.varesenews.it\/2017\/07\/giovani-programmatori-varesini-in-tour-in-silicon-valley\/638667\/","_jd_wp_twitter":"a:1:{i:0;s:181:\"Giovani programmatori varesini in tour in Silicon Valley http:\/\/www.varesenews.it\/2017\/07\/giovani-programmatori-varesini-in-tour-in-silicon-valley\/638667\/ #digitalife #siliconvalley\";}","_wpt_status_message":"Tweet inviato con successo.","_yoast_wpseo_linkdex":"75"},"photos":[{"original":"https:\/\/staging.varesenews.it\/photogallery_new\/images\/2017\/07\/silicon-valley-623213.jpg","full":"https:\/\/staging.varesenews.it\/photogallery_new\/images\/2017\/07\/silicon-valley-623213.1024x768.jpg","large":"https:\/\/staging.varesenews.it\/photogallery_new\/images\/2017\/07\/silicon-valley-623213.610x431.jpg"}],"_links":{"self":[{"href":"https:\/\/staging.varesenews.it\/swgapi\/v1\/wp\/v2\/posts\/638667"}],"collection":[{"href":"https:\/\/staging.varesenews.it\/swgapi\/v1\/wp\/v2\/posts"}],"about":[{"href":"https:\/\/staging.varesenews.it\/swgapi\/v1\/wp\/v2\/types\/post"}],"author":[{"embeddable":true,"href":"https:\/\/staging.varesenews.it\/swgapi\/v1\/wp\/v2\/users\/83"}],"replies":[{"embeddable":true,"href":"https:\/\/staging.varesenews.it\/swgapi\/v1\/wp\/v2\/comments?post=638667"}],"version-history":[{"count":0,"href":"https:\/\/staging.varesenews.it\/swgapi\/v1\/wp\/v2\/posts\/638667\/revisions"}],"wp:attachment":[{"href":"https:\/\/staging.varesenews.it\/swgapi\/v1\/wp\/v2\/media?parent=638667"}],"wp:term":[{"taxonomy":"category","embeddable":true,"href":"https:\/\/staging.varesenews.it\/swgapi\/v1\/wp\/v2\/categories?post=638667"},{"taxonomy":"post_tag","embeddable":true,"href":"https:\/\/staging.varesenews.it\/swgapi\/v1\/wp\/v2\/tags?post=638667"}],"curies":[{"name":"wp","href":"https:\/\/api.w.org\/{rel}","templated":true}]}}