{"id":641705,"date":"2017-07-28T18:02:07","date_gmt":"2017-07-28T16:02:07","guid":{"rendered":"http:\/\/www.varesenews.it\/?p=641705"},"modified":"2017-07-28T18:02:07","modified_gmt":"2017-07-28T16:02:07","slug":"derby-tra-sindaci-dallindifferenza-alle-legnate","status":"publish","type":"post","link":"https:\/\/staging.varesenews.it\/2017\/07\/derby-tra-sindaci-dallindifferenza-alle-legnate\/641705\/","title":{"rendered":"Derby tra sindaci, dall&#8217;indifferenza alle &#8220;legnate&#8221;"},"content":{"rendered":"<p>Sono finito anche io nella rubrica <strong>\u201cLe ultime parole famose\u201d.<\/strong> Nella\u00a0 rubrica <strong>\u201cCara Varese<\/strong>\u201d\u00a0 di rmfonline.it &#8211; ultimo numero in onda domani prima della pausa ferragostana &#8211; ho ricordato\u00a0 la scrittrice <strong>Fernanda Pivano,<\/strong> colonna del <strong>Premio Chiara<\/strong> quando era ancora patrimonio culturale della citt\u00e0, e Nino Miglierina, mitico condirettore della Prealpina negli anni del grande balzo del nostro quotidiano. <strong>Miglierina rappresentava una Busto Arsizio<\/strong> che, grazie a <strong>Stefano Ferrario<\/strong>,\u00a0 aveva preso il controllo del giornale.<\/p>\n<p>Nell\u2019occasione ricordai\u00a0 <strong>l\u2019intelligenza degli editori<\/strong> che non usarono mai il quotidiano come strumento di contrapposizione tra le due citt\u00e0 e quella degli industriali che unendosi hanno raggiunto prestigiosi traguardi. Le ultime mie parole famose? Varese e Busto si ignoravano da anni, non hanno mai avuto contatti. Scambiandosi\u00a0 <strong>fior di legnate verbali i primi cittadini di Varese (Galimberti) e Busto (Antonelli)<\/strong> mi hanno subito clamorosamente smentito.<\/p>\n<p>Dovevo essere pi\u00f9 attento alla storia politica della regione e delle due citt\u00e0 prima di sentenziare.\u00c8 infatti possibile che ci siano state occasioni per qualche contrasto, magari per temi meno caldi di quelli relativi oggi\u00a0 ai migranti, ma allora su Busto e\u00a0 Varese da Milano si irradiava una sorta di pace imperiale che sconsigliava qualsiasi <strong>derby tra amministratori civici<\/strong> della vasta area lombarda. E con <strong>Fontana e<\/strong> <strong>Farioli<\/strong> le nostre due pi\u00f9 importanti\u00a0 citt\u00e0 della\u00a0 provincia avevano\u00a0 anche esponenti di alta diplomazia.<\/p>\n<p>Oggi i meno combattivi tra i primi cittadini a volte hanno<strong> lavoro, impegni<\/strong>\u00a0 e<strong> preoccupazioni da sceriffi dei primi western,<\/strong> dopo di che nessuno si meraviglia se tra rappresentanti di aree politiche contrapposte<strong> volano cazzotti.<\/strong><\/p>\n<p>Decisioni abnormi, valutazioni o comportamenti quanto meno sorprendenti di\u00a0 grandi centri di potere come <strong>Roma <\/strong>o<strong> Milano<\/strong> contribuiscono ad arroventare anche miti climi di provincia dove gi\u00e0 nuove scelte dei cittadini al momento del voto avevano\u00a0 attizzato i primi fuochi. Fiammate che peraltro diventando magari piccoli incendi non sfioreranno mai istituzioni\u00a0 e realt\u00e0 sociali\u00a0 che hanno vinto e vincono le loro battaglie grazie a iniziative e operativit\u00e0 realizzate e cementate con grandi benefici per le collettivit\u00e0.<\/p>\n<p><strong>Varese\u00a0 e Busto hanno litigato.<br \/>\n<\/strong>\u00c8\u00a0un record\u00a0 come primo scambio diretto tra le citt\u00e0 dopo un\u2019eternit\u00e0. Le scortesie\u00a0 odierne\u00a0 potrebbero mutare nel tempo in\u00a0 scelte\u00a0 pi\u00f9 diplomatiche,\u00a0 da tutti accettabili. Il silenzio non sempre \u00e8 oro, anzi spesso pu\u00f2 essere stupido.<\/p>\n","protected":false},"excerpt":{"rendered":"<p>Di Pier Fausto Vedani<\/p>\n","protected":false},"author":45,"featured_media":0,"comment_status":"open","ping_status":"open","sticky":false,"template":"","format":"standard","meta":{"footnotes":""},"categories":[58],"tags":[],"acf":[],"yoast_head":"<!-- This site is optimized with the Yoast SEO plugin v20.1 - https:\/\/yoast.com\/wordpress\/plugins\/seo\/ -->\n<title>Derby tra sindaci, dall&#039;indifferenza alle &quot;legnate&quot;<\/title>\n<meta name=\"description\" content=\"Di Pier Fausto Vedani\" \/>\n<meta name=\"robots\" content=\"noindex, follow, max-snippet:-1, max-image-preview:large, max-video-preview:-1\" \/>\n<meta property=\"og:locale\" content=\"it_IT\" \/>\n<meta property=\"og:type\" content=\"article\" \/>\n<meta property=\"og:title\" content=\"Derby tra sindaci, dall&#039;indifferenza alle &quot;legnate&quot;\" \/>\n<meta property=\"og:description\" content=\"Di Pier Fausto Vedani\" \/>\n<meta property=\"og:url\" content=\"https:\/\/staging.varesenews.it\/2017\/07\/derby-tra-sindaci-dallindifferenza-alle-legnate\/641705\/\" \/>\n<meta property=\"og:site_name\" content=\"VareseNews\" \/>\n<meta property=\"article:publisher\" content=\"https:\/\/www.facebook.com\/varesenews\" \/>\n<meta property=\"article:author\" content=\"https:\/\/www.facebook.com\/michele.mancino.5\" \/>\n<meta property=\"article:published_time\" content=\"2017-07-28T16:02:07+00:00\" \/>\n<meta name=\"author\" content=\"Michele Mancino\" \/>\n<meta name=\"twitter:card\" content=\"summary_large_image\" \/>\n<meta name=\"twitter:creator\" content=\"@micmancio\" \/>\n<meta name=\"twitter:site\" content=\"@varesenews\" \/>\n<meta name=\"twitter:label1\" content=\"Scritto da\" \/>\n\t<meta name=\"twitter:data1\" content=\"Michele Mancino\" \/>\n\t<meta name=\"twitter:label2\" content=\"Tempo di lettura stimato\" \/>\n\t<meta name=\"twitter:data2\" content=\"2 minuti\" \/>\n<script type=\"application\/ld+json\" class=\"yoast-schema-graph\">{\"@context\":\"https:\/\/schema.org\",\"@graph\":[{\"@type\":\"WebPage\",\"@id\":\"https:\/\/staging.varesenews.it\/2017\/07\/derby-tra-sindaci-dallindifferenza-alle-legnate\/641705\/\",\"url\":\"https:\/\/staging.varesenews.it\/2017\/07\/derby-tra-sindaci-dallindifferenza-alle-legnate\/641705\/\",\"name\":\"Derby tra sindaci, dall'indifferenza alle \\\"legnate\\\"\",\"isPartOf\":{\"@id\":\"https:\/\/staging.varesenews.it\/#website\"},\"datePublished\":\"2017-07-28T16:02:07+00:00\",\"dateModified\":\"2017-07-28T16:02:07+00:00\",\"author\":{\"@id\":\"https:\/\/staging.varesenews.it\/#\/schema\/person\/308b491d3cb680ead199e5ff6c6ce540\"},\"description\":\"Di Pier Fausto Vedani\",\"breadcrumb\":{\"@id\":\"https:\/\/staging.varesenews.it\/2017\/07\/derby-tra-sindaci-dallindifferenza-alle-legnate\/641705\/#breadcrumb\"},\"inLanguage\":\"it-IT\",\"potentialAction\":[{\"@type\":\"ReadAction\",\"target\":[\"https:\/\/staging.varesenews.it\/2017\/07\/derby-tra-sindaci-dallindifferenza-alle-legnate\/641705\/\"]}]},{\"@type\":\"BreadcrumbList\",\"@id\":\"https:\/\/staging.varesenews.it\/2017\/07\/derby-tra-sindaci-dallindifferenza-alle-legnate\/641705\/#breadcrumb\",\"itemListElement\":[{\"@type\":\"ListItem\",\"position\":1,\"name\":\"Home\",\"item\":\"https:\/\/www.varesenews.it\/\"},{\"@type\":\"ListItem\",\"position\":2,\"name\":\"Derby tra sindaci, dall&#8217;indifferenza alle &#8220;legnate&#8221;\"}]},{\"@type\":\"WebSite\",\"@id\":\"https:\/\/staging.varesenews.it\/#website\",\"url\":\"https:\/\/staging.varesenews.it\/\",\"name\":\"VareseNews\",\"description\":\"\",\"potentialAction\":[{\"@type\":\"SearchAction\",\"target\":{\"@type\":\"EntryPoint\",\"urlTemplate\":\"https:\/\/staging.varesenews.it\/?s={search_term_string}\"},\"query-input\":\"required name=search_term_string\"}],\"inLanguage\":\"it-IT\"},{\"@type\":\"Person\",\"@id\":\"https:\/\/staging.varesenews.it\/#\/schema\/person\/308b491d3cb680ead199e5ff6c6ce540\",\"name\":\"Michele Mancino\",\"image\":{\"@type\":\"ImageObject\",\"inLanguage\":\"it-IT\",\"@id\":\"https:\/\/staging.varesenews.it\/#\/schema\/person\/image\/\",\"url\":\"https:\/\/staging.varesenews.it\/wp-content\/uploads\/2020\/12\/michele_mancino_colori_500.jpg\",\"contentUrl\":\"https:\/\/staging.varesenews.it\/wp-content\/uploads\/2020\/12\/michele_mancino_colori_500.jpg\",\"caption\":\"Michele Mancino\"},\"description\":\"Sono a VareseNews da prima che nascesse. Ho inserito le prime notizie in una stringa di codice html, la lingua di internet. Aprivo i computer, cambiavo schede di rete e portavo i server dal provider. A met&agrave; degli anni &rsquo;90 il giornalista online doveva saper fare anche questo. Ho vissuto gli anni drammatici della bolla speculativa di Internet e quelli entusiastici della crescita, anni in cui VareseNews era un Davide in mezzo a tanti Golia. Poi sono arrivati i social, le nuove piattaforme e soprattutto gli smartphone, una postazione di lavoro racchiusa in una mano. Una nuova rivoluzione. Insomma, &egrave; stata, ed &egrave; ancora, un&rsquo;avventura entusiasmante perch&eacute; mi insegna giorno dopo giorno che il cambiamento &egrave; l&rsquo;unica certezza di questa fragile esistenza.\",\"sameAs\":[\"https:\/\/www.facebook.com\/michele.mancino.5\",\"micmancio\",\"Aggiorna le impostazioni del tuo profilo pubblicoit.linkedin.com\/pub\/michele-mancino\/28\/b71\/890\/it\",\"https:\/\/twitter.com\/micmancio\"],\"url\":\"https:\/\/staging.varesenews.it\/persona\/michele_mancino\/\"}]}<\/script>\n<!-- \/ Yoast SEO plugin. -->","yoast_head_json":{"title":"Derby tra sindaci, dall'indifferenza alle \"legnate\"","description":"Di Pier Fausto Vedani","robots":{"index":"noindex","follow":"follow","max-snippet":"max-snippet:-1","max-image-preview":"max-image-preview:large","max-video-preview":"max-video-preview:-1"},"og_locale":"it_IT","og_type":"article","og_title":"Derby tra sindaci, dall'indifferenza alle \"legnate\"","og_description":"Di Pier Fausto Vedani","og_url":"https:\/\/staging.varesenews.it\/2017\/07\/derby-tra-sindaci-dallindifferenza-alle-legnate\/641705\/","og_site_name":"VareseNews","article_publisher":"https:\/\/www.facebook.com\/varesenews","article_author":"https:\/\/www.facebook.com\/michele.mancino.5","article_published_time":"2017-07-28T16:02:07+00:00","author":"Michele Mancino","twitter_card":"summary_large_image","twitter_creator":"@micmancio","twitter_site":"@varesenews","twitter_misc":{"Scritto da":"Michele Mancino","Tempo di lettura stimato":"2 minuti"},"schema":{"@context":"https:\/\/schema.org","@graph":[{"@type":"WebPage","@id":"https:\/\/staging.varesenews.it\/2017\/07\/derby-tra-sindaci-dallindifferenza-alle-legnate\/641705\/","url":"https:\/\/staging.varesenews.it\/2017\/07\/derby-tra-sindaci-dallindifferenza-alle-legnate\/641705\/","name":"Derby tra sindaci, dall'indifferenza alle \"legnate\"","isPartOf":{"@id":"https:\/\/staging.varesenews.it\/#website"},"datePublished":"2017-07-28T16:02:07+00:00","dateModified":"2017-07-28T16:02:07+00:00","author":{"@id":"https:\/\/staging.varesenews.it\/#\/schema\/person\/308b491d3cb680ead199e5ff6c6ce540"},"description":"Di Pier Fausto Vedani","breadcrumb":{"@id":"https:\/\/staging.varesenews.it\/2017\/07\/derby-tra-sindaci-dallindifferenza-alle-legnate\/641705\/#breadcrumb"},"inLanguage":"it-IT","potentialAction":[{"@type":"ReadAction","target":["https:\/\/staging.varesenews.it\/2017\/07\/derby-tra-sindaci-dallindifferenza-alle-legnate\/641705\/"]}]},{"@type":"BreadcrumbList","@id":"https:\/\/staging.varesenews.it\/2017\/07\/derby-tra-sindaci-dallindifferenza-alle-legnate\/641705\/#breadcrumb","itemListElement":[{"@type":"ListItem","position":1,"name":"Home","item":"https:\/\/www.varesenews.it\/"},{"@type":"ListItem","position":2,"name":"Derby tra sindaci, dall&#8217;indifferenza alle &#8220;legnate&#8221;"}]},{"@type":"WebSite","@id":"https:\/\/staging.varesenews.it\/#website","url":"https:\/\/staging.varesenews.it\/","name":"VareseNews","description":"","potentialAction":[{"@type":"SearchAction","target":{"@type":"EntryPoint","urlTemplate":"https:\/\/staging.varesenews.it\/?s={search_term_string}"},"query-input":"required name=search_term_string"}],"inLanguage":"it-IT"},{"@type":"Person","@id":"https:\/\/staging.varesenews.it\/#\/schema\/person\/308b491d3cb680ead199e5ff6c6ce540","name":"Michele Mancino","image":{"@type":"ImageObject","inLanguage":"it-IT","@id":"https:\/\/staging.varesenews.it\/#\/schema\/person\/image\/","url":"https:\/\/staging.varesenews.it\/wp-content\/uploads\/2020\/12\/michele_mancino_colori_500.jpg","contentUrl":"https:\/\/staging.varesenews.it\/wp-content\/uploads\/2020\/12\/michele_mancino_colori_500.jpg","caption":"Michele Mancino"},"description":"Sono a VareseNews da prima che nascesse. Ho inserito le prime notizie in una stringa di codice html, la lingua di internet. Aprivo i computer, cambiavo schede di rete e portavo i server dal provider. A met&agrave; degli anni &rsquo;90 il giornalista online doveva saper fare anche questo. Ho vissuto gli anni drammatici della bolla speculativa di Internet e quelli entusiastici della crescita, anni in cui VareseNews era un Davide in mezzo a tanti Golia. Poi sono arrivati i social, le nuove piattaforme e soprattutto gli smartphone, una postazione di lavoro racchiusa in una mano. Una nuova rivoluzione. Insomma, &egrave; stata, ed &egrave; ancora, un&rsquo;avventura entusiasmante perch&eacute; mi insegna giorno dopo giorno che il cambiamento &egrave; l&rsquo;unica certezza di questa fragile esistenza.","sameAs":["https:\/\/www.facebook.com\/michele.mancino.5","micmancio","Aggiorna le impostazioni del tuo profilo pubblicoit.linkedin.com\/pub\/michele-mancino\/28\/b71\/890\/it","https:\/\/twitter.com\/micmancio"],"url":"https:\/\/staging.varesenews.it\/persona\/michele_mancino\/"}]}},"post_meta":{"_edit_lock":"1501257748:45","_edit_last":"45","_category_permalink":"","wdfb_og_title":"","wdfb_og_type":"","wdfb_og_description":"","wdfb_og_images":"a:1:{i:0;s:0:\"\";}","wdfb_og_custom_name":"a:1:{i:0;s:0:\"\";}","wdfb_og_custom_value":"a:1:{i:0;s:0:\"\";}","firma-personalizzata":"Pier Fausto Vedani","argomento":"A margine","_jd_twitter":"","_jd_tweet_this":"yes","ratings_users":"0","ratings_score":"0","ratings_average":"0","foto":"625048","_wpt_short_url":"http:\/\/www.varesenews.it\/2017\/07\/derby-tra-sindaci-dallindifferenza-alle-legnate\/641705\/","_wp_jd_target":"http:\/\/www.varesenews.it\/2017\/07\/derby-tra-sindaci-dallindifferenza-alle-legnate\/641705\/","_jd_wp_twitter":"a:1:{i:0;s:141:\"Derby tra sindaci, dall'indifferenza alle \"legnate\" http:\/\/www.varesenews.it\/2017\/07\/derby-tra-sindaci-dallindifferenza-alle-legnate\/641705\/ \";}","_wpt_status_message":"Tweet inviato con successo."},"photos":[{"original":"https:\/\/staging.varesenews.it\/photogallery_new\/images\/2017\/07\/avarie-625048.jpg","full":"https:\/\/staging.varesenews.it\/photogallery_new\/images\/2017\/07\/avarie-625048.1024x768.jpg","large":"https:\/\/staging.varesenews.it\/photogallery_new\/images\/2017\/07\/avarie-625048.610x431.jpg"}],"_links":{"self":[{"href":"https:\/\/staging.varesenews.it\/swgapi\/v1\/wp\/v2\/posts\/641705"}],"collection":[{"href":"https:\/\/staging.varesenews.it\/swgapi\/v1\/wp\/v2\/posts"}],"about":[{"href":"https:\/\/staging.varesenews.it\/swgapi\/v1\/wp\/v2\/types\/post"}],"author":[{"embeddable":true,"href":"https:\/\/staging.varesenews.it\/swgapi\/v1\/wp\/v2\/users\/45"}],"replies":[{"embeddable":true,"href":"https:\/\/staging.varesenews.it\/swgapi\/v1\/wp\/v2\/comments?post=641705"}],"version-history":[{"count":0,"href":"https:\/\/staging.varesenews.it\/swgapi\/v1\/wp\/v2\/posts\/641705\/revisions"}],"wp:attachment":[{"href":"https:\/\/staging.varesenews.it\/swgapi\/v1\/wp\/v2\/media?parent=641705"}],"wp:term":[{"taxonomy":"category","embeddable":true,"href":"https:\/\/staging.varesenews.it\/swgapi\/v1\/wp\/v2\/categories?post=641705"},{"taxonomy":"post_tag","embeddable":true,"href":"https:\/\/staging.varesenews.it\/swgapi\/v1\/wp\/v2\/tags?post=641705"}],"curies":[{"name":"wp","href":"https:\/\/api.w.org\/{rel}","templated":true}]}}