{"id":64185,"date":"2013-03-28T00:00:00","date_gmt":"2013-03-28T00:00:00","guid":{"rendered":""},"modified":"2013-03-28T00:00:00","modified_gmt":"2013-03-28T00:00:00","slug":"dalla-minimal-techno-al-tributo-dei-moda-appuntamenti-all-arena","status":"publish","type":"post","link":"https:\/\/staging.varesenews.it\/2013\/03\/dalla-minimal-techno-al-tributo-dei-moda-appuntamenti-all-arena\/64185\/","title":{"rendered":"Dalla minimal techno al tributo dei Mod\u00e0: appuntamenti all&#8217;Arena"},"content":{"rendered":"<p>Venerd&igrave; 29 marzo Minus showcase. Nuovo appuntamento all&rsquo;Arena con i party che vedono protagoniste le etichette discografiche dance di riferimento mondiale. Venerd&igrave; 29 si esibiscono infatti <strong>gli artisti della label Minus,<\/strong> nata nel 1998 sull&rsquo;asse Canada-Berlino grazie alle intuizioni di un genio come Ritchie Hawtin. La consolle dell&rsquo;Arena vede protagonista la minimal techno dei dj&rsquo;s Matador, Heartthrob e Hobo (main room), affiancati in second floor da Edison Cabrino in versione b2b con Mer, entrambi dell&rsquo;etichetta rossocrociata Just Music. Gavin Lynch aka Matador, ingegnere del suono e produttore, fa parte dal 2006 della crew di Minus; Jesse Siminski (Hearttrob) &egrave; invece originario degli Stati Uniti, dove ha iniziato a farsi conoscere con la sua musica grazie alle collaborazioni con Madga e Troy Pearce. Joel Boychuk (Hobo) vanta residente in alcuni dei locali pi&ugrave; importanti al mondo quali Fabric di Londra e Amnesia di Ibiza. Un autentico tris d&rsquo;assi che arricchisce il panorama musicale non soltanto dell&rsquo;Arena, non soltanto del Ticino ma della Confederazione tutta. Venerd&igrave; 29 l&rsquo;ingresso all&rsquo;Arena costa 20 chf \/ 15 euro. Nelle foto in allegato, i dj&#8217;s Hobo e Matador.<br \/>\n<strong>Sabato 30 marzo J-Ax&amp;Articolo 31 tribute + Max Pezzali&amp;883 tribute<\/strong> con i gruppi Articolo j e Time Out. A seguire discoteca con Max Romo dj. Sabato 30 l&rsquo;ingresso all&rsquo;Arena costa 20 chf \/ 15 euro. <strong>Domenica 31 marzo &ndash; tributo ai Mod&agrave; e a Tiziano Ferro <\/strong>con le band Via d&rsquo;Uscita e Tnz. A seguire discoteca con Max Romo dj. Sabato 30 l&rsquo;ingresso all&rsquo;Arena costa 20 chf \/ 15 euro.<\/p>\n<p>Arena Live<br \/>\nvia Maspoli 24 Mendrisio <br \/>\ninfoline +41\/79\/3344515 +39\/333\/2456023<br \/>\nwww.arenalive.net<\/p>\n","protected":false},"excerpt":{"rendered":"<p>Venerd\u00ec 29 l&#8217;appuntamento \u00e8 con gli artisti della label Minus. Sabato tributo a J-Ax e Max Pezzali mentre domenica tributo ai Mod\u00e0 e Tiziano Ferro<\/p>\n","protected":false},"author":10,"featured_media":0,"comment_status":"open","ping_status":"open","sticky":false,"template":"","format":"standard","meta":{"footnotes":""},"categories":[8,20],"tags":[325,170,2593],"acf":[],"yoast_head":"<!-- This site is optimized with the Yoast SEO plugin v20.1 - https:\/\/yoast.com\/wordpress\/plugins\/seo\/ -->\n<title>Dalla minimal techno al tributo dei Mod\u00e0: appuntamenti all&#039;Arena<\/title>\n<meta name=\"description\" content=\"Venerd\u00ec 29 l&#039;appuntamento \u00e8 con gli artisti della label Minus. Sabato tributo a J-Ax e Max Pezzali mentre domenica tributo ai Mod\u00e0 e Tiziano Ferro\" \/>\n<meta name=\"robots\" content=\"noindex, follow, max-snippet:-1, max-image-preview:large, max-video-preview:-1\" \/>\n<meta property=\"og:locale\" content=\"it_IT\" \/>\n<meta property=\"og:type\" content=\"article\" \/>\n<meta property=\"og:title\" content=\"Dalla minimal techno al tributo dei Mod\u00e0: appuntamenti all&#039;Arena\" \/>\n<meta property=\"og:description\" content=\"Venerd\u00ec 29 l&#039;appuntamento \u00e8 con gli artisti della label Minus. Sabato tributo a J-Ax e Max Pezzali mentre domenica tributo ai Mod\u00e0 e Tiziano Ferro\" \/>\n<meta property=\"og:url\" content=\"https:\/\/staging.varesenews.it\/2013\/03\/dalla-minimal-techno-al-tributo-dei-moda-appuntamenti-all-arena\/64185\/\" \/>\n<meta property=\"og:site_name\" content=\"VareseNews\" \/>\n<meta property=\"article:publisher\" content=\"https:\/\/www.facebook.com\/varesenews\" \/>\n<meta property=\"article:published_time\" content=\"2013-03-28T00:00:00+00:00\" \/>\n<meta name=\"author\" content=\"Redazione VareseNews\" \/>\n<meta name=\"twitter:card\" content=\"summary_large_image\" \/>\n<meta name=\"twitter:creator\" content=\"@varesenews\" \/>\n<meta name=\"twitter:site\" content=\"@varesenews\" \/>\n<meta name=\"twitter:label1\" content=\"Scritto da\" \/>\n\t<meta name=\"twitter:data1\" content=\"Redazione VareseNews\" \/>\n\t<meta name=\"twitter:label2\" content=\"Tempo di lettura stimato\" \/>\n\t<meta name=\"twitter:data2\" content=\"1 minuto\" \/>\n<script type=\"application\/ld+json\" class=\"yoast-schema-graph\">{\"@context\":\"https:\/\/schema.org\",\"@graph\":[{\"@type\":\"WebPage\",\"@id\":\"https:\/\/staging.varesenews.it\/2013\/03\/dalla-minimal-techno-al-tributo-dei-moda-appuntamenti-all-arena\/64185\/\",\"url\":\"https:\/\/staging.varesenews.it\/2013\/03\/dalla-minimal-techno-al-tributo-dei-moda-appuntamenti-all-arena\/64185\/\",\"name\":\"Dalla minimal techno al tributo dei Mod\u00e0: appuntamenti all'Arena\",\"isPartOf\":{\"@id\":\"https:\/\/staging.varesenews.it\/#website\"},\"datePublished\":\"2013-03-28T00:00:00+00:00\",\"dateModified\":\"2013-03-28T00:00:00+00:00\",\"author\":{\"@id\":\"https:\/\/staging.varesenews.it\/#\/schema\/person\/fb20c4da0b7b16c291707a20db73e169\"},\"description\":\"Venerd\u00ec 29 l'appuntamento \u00e8 con gli artisti della label Minus. Sabato tributo a J-Ax e Max Pezzali mentre domenica tributo ai Mod\u00e0 e Tiziano Ferro\",\"breadcrumb\":{\"@id\":\"https:\/\/staging.varesenews.it\/2013\/03\/dalla-minimal-techno-al-tributo-dei-moda-appuntamenti-all-arena\/64185\/#breadcrumb\"},\"inLanguage\":\"it-IT\",\"potentialAction\":[{\"@type\":\"ReadAction\",\"target\":[\"https:\/\/staging.varesenews.it\/2013\/03\/dalla-minimal-techno-al-tributo-dei-moda-appuntamenti-all-arena\/64185\/\"]}]},{\"@type\":\"BreadcrumbList\",\"@id\":\"https:\/\/staging.varesenews.it\/2013\/03\/dalla-minimal-techno-al-tributo-dei-moda-appuntamenti-all-arena\/64185\/#breadcrumb\",\"itemListElement\":[{\"@type\":\"ListItem\",\"position\":1,\"name\":\"Home\",\"item\":\"https:\/\/www.varesenews.it\/\"},{\"@type\":\"ListItem\",\"position\":2,\"name\":\"Dalla minimal techno al tributo dei Mod\u00e0: appuntamenti all&#8217;Arena\"}]},{\"@type\":\"WebSite\",\"@id\":\"https:\/\/staging.varesenews.it\/#website\",\"url\":\"https:\/\/staging.varesenews.it\/\",\"name\":\"VareseNews\",\"description\":\"\",\"potentialAction\":[{\"@type\":\"SearchAction\",\"target\":{\"@type\":\"EntryPoint\",\"urlTemplate\":\"https:\/\/staging.varesenews.it\/?s={search_term_string}\"},\"query-input\":\"required name=search_term_string\"}],\"inLanguage\":\"it-IT\"},{\"@type\":\"Person\",\"@id\":\"https:\/\/staging.varesenews.it\/#\/schema\/person\/fb20c4da0b7b16c291707a20db73e169\",\"name\":\"Redazione VareseNews\",\"image\":{\"@type\":\"ImageObject\",\"inLanguage\":\"it-IT\",\"@id\":\"https:\/\/staging.varesenews.it\/#\/schema\/person\/image\/\",\"url\":\"https:\/\/staging.varesenews.it\/wp-content\/uploads\/2020\/12\/logo_VN_colori_500.png\",\"contentUrl\":\"https:\/\/staging.varesenews.it\/wp-content\/uploads\/2020\/12\/logo_VN_colori_500.png\",\"caption\":\"Redazione VareseNews\"},\"url\":\"https:\/\/staging.varesenews.it\/persona\/redazione1\/\"}]}<\/script>\n<!-- \/ Yoast SEO plugin. -->","yoast_head_json":{"title":"Dalla minimal techno al tributo dei Mod\u00e0: appuntamenti all'Arena","description":"Venerd\u00ec 29 l'appuntamento \u00e8 con gli artisti della label Minus. Sabato tributo a J-Ax e Max Pezzali mentre domenica tributo ai Mod\u00e0 e Tiziano Ferro","robots":{"index":"noindex","follow":"follow","max-snippet":"max-snippet:-1","max-image-preview":"max-image-preview:large","max-video-preview":"max-video-preview:-1"},"og_locale":"it_IT","og_type":"article","og_title":"Dalla minimal techno al tributo dei Mod\u00e0: appuntamenti all'Arena","og_description":"Venerd\u00ec 29 l'appuntamento \u00e8 con gli artisti della label Minus. Sabato tributo a J-Ax e Max Pezzali mentre domenica tributo ai Mod\u00e0 e Tiziano Ferro","og_url":"https:\/\/staging.varesenews.it\/2013\/03\/dalla-minimal-techno-al-tributo-dei-moda-appuntamenti-all-arena\/64185\/","og_site_name":"VareseNews","article_publisher":"https:\/\/www.facebook.com\/varesenews","article_published_time":"2013-03-28T00:00:00+00:00","author":"Redazione VareseNews","twitter_card":"summary_large_image","twitter_creator":"@varesenews","twitter_site":"@varesenews","twitter_misc":{"Scritto da":"Redazione VareseNews","Tempo di lettura stimato":"1 minuto"},"schema":{"@context":"https:\/\/schema.org","@graph":[{"@type":"WebPage","@id":"https:\/\/staging.varesenews.it\/2013\/03\/dalla-minimal-techno-al-tributo-dei-moda-appuntamenti-all-arena\/64185\/","url":"https:\/\/staging.varesenews.it\/2013\/03\/dalla-minimal-techno-al-tributo-dei-moda-appuntamenti-all-arena\/64185\/","name":"Dalla minimal techno al tributo dei Mod\u00e0: appuntamenti all'Arena","isPartOf":{"@id":"https:\/\/staging.varesenews.it\/#website"},"datePublished":"2013-03-28T00:00:00+00:00","dateModified":"2013-03-28T00:00:00+00:00","author":{"@id":"https:\/\/staging.varesenews.it\/#\/schema\/person\/fb20c4da0b7b16c291707a20db73e169"},"description":"Venerd\u00ec 29 l'appuntamento \u00e8 con gli artisti della label Minus. Sabato tributo a J-Ax e Max Pezzali mentre domenica tributo ai Mod\u00e0 e Tiziano Ferro","breadcrumb":{"@id":"https:\/\/staging.varesenews.it\/2013\/03\/dalla-minimal-techno-al-tributo-dei-moda-appuntamenti-all-arena\/64185\/#breadcrumb"},"inLanguage":"it-IT","potentialAction":[{"@type":"ReadAction","target":["https:\/\/staging.varesenews.it\/2013\/03\/dalla-minimal-techno-al-tributo-dei-moda-appuntamenti-all-arena\/64185\/"]}]},{"@type":"BreadcrumbList","@id":"https:\/\/staging.varesenews.it\/2013\/03\/dalla-minimal-techno-al-tributo-dei-moda-appuntamenti-all-arena\/64185\/#breadcrumb","itemListElement":[{"@type":"ListItem","position":1,"name":"Home","item":"https:\/\/www.varesenews.it\/"},{"@type":"ListItem","position":2,"name":"Dalla minimal techno al tributo dei Mod\u00e0: appuntamenti all&#8217;Arena"}]},{"@type":"WebSite","@id":"https:\/\/staging.varesenews.it\/#website","url":"https:\/\/staging.varesenews.it\/","name":"VareseNews","description":"","potentialAction":[{"@type":"SearchAction","target":{"@type":"EntryPoint","urlTemplate":"https:\/\/staging.varesenews.it\/?s={search_term_string}"},"query-input":"required name=search_term_string"}],"inLanguage":"it-IT"},{"@type":"Person","@id":"https:\/\/staging.varesenews.it\/#\/schema\/person\/fb20c4da0b7b16c291707a20db73e169","name":"Redazione VareseNews","image":{"@type":"ImageObject","inLanguage":"it-IT","@id":"https:\/\/staging.varesenews.it\/#\/schema\/person\/image\/","url":"https:\/\/staging.varesenews.it\/wp-content\/uploads\/2020\/12\/logo_VN_colori_500.png","contentUrl":"https:\/\/staging.varesenews.it\/wp-content\/uploads\/2020\/12\/logo_VN_colori_500.png","caption":"Redazione VareseNews"},"url":"https:\/\/staging.varesenews.it\/persona\/redazione1\/"}]}},"post_meta":{"id_old":"259026","argomento":"Mendrisio (CH)"},"photos":[],"_links":{"self":[{"href":"https:\/\/staging.varesenews.it\/swgapi\/v1\/wp\/v2\/posts\/64185"}],"collection":[{"href":"https:\/\/staging.varesenews.it\/swgapi\/v1\/wp\/v2\/posts"}],"about":[{"href":"https:\/\/staging.varesenews.it\/swgapi\/v1\/wp\/v2\/types\/post"}],"author":[{"embeddable":true,"href":"https:\/\/staging.varesenews.it\/swgapi\/v1\/wp\/v2\/users\/10"}],"replies":[{"embeddable":true,"href":"https:\/\/staging.varesenews.it\/swgapi\/v1\/wp\/v2\/comments?post=64185"}],"version-history":[{"count":0,"href":"https:\/\/staging.varesenews.it\/swgapi\/v1\/wp\/v2\/posts\/64185\/revisions"}],"wp:attachment":[{"href":"https:\/\/staging.varesenews.it\/swgapi\/v1\/wp\/v2\/media?parent=64185"}],"wp:term":[{"taxonomy":"category","embeddable":true,"href":"https:\/\/staging.varesenews.it\/swgapi\/v1\/wp\/v2\/categories?post=64185"},{"taxonomy":"post_tag","embeddable":true,"href":"https:\/\/staging.varesenews.it\/swgapi\/v1\/wp\/v2\/tags?post=64185"}],"curies":[{"name":"wp","href":"https:\/\/api.w.org\/{rel}","templated":true}]}}