{"id":642121,"date":"2017-07-31T16:34:10","date_gmt":"2017-07-31T14:34:10","guid":{"rendered":"http:\/\/www.varesenews.it\/?p=642121"},"modified":"2017-07-31T16:34:10","modified_gmt":"2017-07-31T14:34:10","slug":"piu-servizi-per-gli-alunni-con-disabilita-visiva","status":"publish","type":"post","link":"https:\/\/staging.varesenews.it\/2017\/07\/piu-servizi-per-gli-alunni-con-disabilita-visiva\/642121\/","title":{"rendered":"Pi\u00f9 servizi per gli alunni con disabilit\u00e0 visiva"},"content":{"rendered":"<p>\u00c8 con viva soddisfazione che<strong> l\u2019UICI (Unione Italiana dei Ciechi e degli Ipovedenti)<\/strong> della Lombardia prende atto dell\u2019importantissimo risultato ottenuto nel campo dei servizi di supporto all\u2019integrazione scolastica rivolti agli studenti con disabilit\u00e0 ed in particolar modo, a quelli con disabilit\u00e0 visiva e anche con pluriminorazioni.<\/p>\n<p>A seguito di una costante ed ininterrotta opera di sensibilizzazione nei confronti di Regione Lombardia, lo scorso 30 giugno, con la Delibera della Giunta Regionale n. 6832 sono state finalmente emanate delle precise linee guida con le quali vengono istituiti criteri, modalit\u00e0 e procedure ben definite inerenti l\u2019erogazione di tali servizi.<\/p>\n<p><strong>Il Presidente dell\u2019UICI Varese Gaetano Marchetto, fa presente:<\/strong> \u201cAnche L\u2019UICI territoriale di Varese insieme all\u2019UICI di Como attende per fine luglio l\u2019emanazione della Manifestazione d\u2019interesse che consentir\u00e0 alle 8 ATS in Regione di valutare tutti i centri, gli istituti, le cooperative ma di accreditare solo quegli operatori qualificati in grado di garantire qualit\u00e0 e numeri dei servizi richiesti. Saremo al fianco delle famiglie e in dialogo col nuovo ufficio di ATS Insubria per monitorare e fornire consulenza a tutti i soggetti coinvolti.\u201d<\/p>\n<p><strong>LE NOVIT\u00c0<\/strong><br \/>\n&#8211; Riacquisizione delle competenze in materia, in precedenza in capo alle Province, da parte di Regione Lombardia.<br \/>\n&#8211; Garanzia, in virt\u00f9 degli standard definiti, di una dote media per ogni studente con disabilit\u00e0 visiva pari ad euro 5800, che in casi particolari pu\u00f2 essere aumentata ad euro 7000.<br \/>\n&#8211; Il soggetto erogatore dovr\u00e0 fornire tutti gli interventi richiesti: consulenza tiflologica e tifloinformatica, testi scolastici adattati, materiale didattico e assistente alla comunicazione. Inoltre, i soggetti erogatori, per essere considerati tali, dovranno preventivamente dimostrare di possedere le competenze necessarie ed il personale qualificato per poter svolgere il servizio in quel determinato territorio.<br \/>\nAssume particolare rilevanza il ruolo attribuito alle associazioni maggiormente rappresentative delle persone con disabilit\u00e0, che saranno coinvolte nel monitoraggio degli obiettivi e degli intenti realizzati con le linee guida. Risulta particolarmente apprezzabile che Regione Lombardia, per garantire gli standard minimi, abbia stanziato ulteriori 8 milioni e 500 mila euro, i quali vanno ad aggiungersi alla somma che lo Stato mette a disposizione per l\u2019inclusione scolastica degli alunni con disabilit\u00e0.<\/p>\n<p>Le linee guida approvate, infatti, hanno un intento ben preciso: erogare un servizio che rispetti degli standard minimi uniformi su tutto il territorio regionale. \u201cSiamo convinti \u2013 afferma il Presidente Regionale UICI, Nicola Stilla \u2013 che, nonostante le difficolt\u00e0 iniziali, con l\u2019entrata in vigore delle linee guida si metter\u00e0 fine alle enormi incertezze che negli ultimi anni si sono presentate di fronte agli studenti ed alle loro famiglie all\u2019inizio delle lezioni, per via dei rimpalli di responsabilit\u00e0 fra Comuni, Province e Regione. Contrariamente a ci\u00f2 che succedeva in diversi territori, il servizio dovr\u00e0 essere garantito a tutti e non solo ad alcuni.<\/p>\n<p>Auspico di conseguenza una fattiva collaborazione da parte delle famiglie dei nostri ragazzi, affinch\u00e9 ci segnalino prontamente disfunzioni che, non lo nascondiamo, sono da mettere in conto. Ribadendo la pi\u00f9 viva e sincera soddisfazione per il risultato raggiunto, ritengo che nei prossimi mesi ci aspetter\u00e0 la fase pi\u00f9 delicata: quella attuativa. Come associazione \u2013 conclude Nicola Stilla \u2013 unitamente alle famiglie, dovremo vigilare con la massima attenzione sulla corretta applicazione delle nuove linee guida, dialogando con le istituzioni preposte in maniera serena e propositiva per segnalare eventuali anomalie o disfunzioni\u201d.<\/p>\n","protected":false},"excerpt":{"rendered":"<p>Il Presidente dell\u2019UICI Varese, Gaetano Marchetto: &#8220;Saremo al fianco delle famiglie e in dialogo col nuovo ufficio di ATS Insubria per monitorare e fornire consulenza a tutti i soggetti coinvolti&#8221;<\/p>\n","protected":false},"author":32,"featured_media":0,"comment_status":"open","ping_status":"open","sticky":false,"template":"","format":"standard","meta":{"footnotes":""},"categories":[7,24],"tags":[4354],"acf":[],"yoast_head":"<!-- This site is optimized with the Yoast SEO plugin v20.1 - https:\/\/yoast.com\/wordpress\/plugins\/seo\/ -->\n<title>Pi\u00f9 servizi per gli alunni con disabilit\u00e0 visiva<\/title>\n<meta name=\"description\" content=\"Il Presidente dell\u2019UICI Varese, Gaetano Marchetto: &quot;Saremo al fianco delle famiglie e in dialogo col nuovo ufficio di ATS Insubria per monitorare e fornire consulenza a tutti i soggetti coinvolti&quot;\" \/>\n<meta name=\"robots\" content=\"noindex, follow, max-snippet:-1, max-image-preview:large, max-video-preview:-1\" \/>\n<meta property=\"og:locale\" content=\"it_IT\" \/>\n<meta property=\"og:type\" content=\"article\" \/>\n<meta property=\"og:title\" content=\"Pi\u00f9 servizi per gli alunni con disabilit\u00e0 visiva\" \/>\n<meta property=\"og:description\" content=\"Il Presidente dell\u2019UICI Varese, Gaetano Marchetto: &quot;Saremo al fianco delle famiglie e in dialogo col nuovo ufficio di ATS Insubria per monitorare e fornire consulenza a tutti i soggetti coinvolti&quot;\" \/>\n<meta property=\"og:url\" content=\"https:\/\/staging.varesenews.it\/2017\/07\/piu-servizi-per-gli-alunni-con-disabilita-visiva\/642121\/\" \/>\n<meta property=\"og:site_name\" content=\"VareseNews\" \/>\n<meta property=\"article:publisher\" content=\"https:\/\/www.facebook.com\/varesenews\" \/>\n<meta property=\"article:published_time\" content=\"2017-07-31T14:34:10+00:00\" \/>\n<meta name=\"author\" content=\"Adelia Brigo\" \/>\n<meta name=\"twitter:card\" content=\"summary_large_image\" \/>\n<meta name=\"twitter:creator\" content=\"@AdeliaBrigo\" \/>\n<meta name=\"twitter:site\" content=\"@varesenews\" \/>\n<meta name=\"twitter:label1\" content=\"Scritto da\" \/>\n\t<meta name=\"twitter:data1\" content=\"Adelia Brigo\" \/>\n\t<meta name=\"twitter:label2\" content=\"Tempo di lettura stimato\" \/>\n\t<meta name=\"twitter:data2\" content=\"3 minuti\" \/>\n<script type=\"application\/ld+json\" class=\"yoast-schema-graph\">{\"@context\":\"https:\/\/schema.org\",\"@graph\":[{\"@type\":\"WebPage\",\"@id\":\"https:\/\/staging.varesenews.it\/2017\/07\/piu-servizi-per-gli-alunni-con-disabilita-visiva\/642121\/\",\"url\":\"https:\/\/staging.varesenews.it\/2017\/07\/piu-servizi-per-gli-alunni-con-disabilita-visiva\/642121\/\",\"name\":\"Pi\u00f9 servizi per gli alunni con disabilit\u00e0 visiva\",\"isPartOf\":{\"@id\":\"https:\/\/staging.varesenews.it\/#website\"},\"datePublished\":\"2017-07-31T14:34:10+00:00\",\"dateModified\":\"2017-07-31T14:34:10+00:00\",\"author\":{\"@id\":\"https:\/\/staging.varesenews.it\/#\/schema\/person\/272ac0f5b2dbfd572218c2d86e013f1a\"},\"description\":\"Il Presidente dell\u2019UICI Varese, Gaetano Marchetto: \\\"Saremo al fianco delle famiglie e in dialogo col nuovo ufficio di ATS Insubria per monitorare e fornire consulenza a tutti i soggetti coinvolti\\\"\",\"breadcrumb\":{\"@id\":\"https:\/\/staging.varesenews.it\/2017\/07\/piu-servizi-per-gli-alunni-con-disabilita-visiva\/642121\/#breadcrumb\"},\"inLanguage\":\"it-IT\",\"potentialAction\":[{\"@type\":\"ReadAction\",\"target\":[\"https:\/\/staging.varesenews.it\/2017\/07\/piu-servizi-per-gli-alunni-con-disabilita-visiva\/642121\/\"]}]},{\"@type\":\"BreadcrumbList\",\"@id\":\"https:\/\/staging.varesenews.it\/2017\/07\/piu-servizi-per-gli-alunni-con-disabilita-visiva\/642121\/#breadcrumb\",\"itemListElement\":[{\"@type\":\"ListItem\",\"position\":1,\"name\":\"Home\",\"item\":\"https:\/\/www.varesenews.it\/\"},{\"@type\":\"ListItem\",\"position\":2,\"name\":\"Pi\u00f9 servizi per gli alunni con disabilit\u00e0 visiva\"}]},{\"@type\":\"WebSite\",\"@id\":\"https:\/\/staging.varesenews.it\/#website\",\"url\":\"https:\/\/staging.varesenews.it\/\",\"name\":\"VareseNews\",\"description\":\"\",\"potentialAction\":[{\"@type\":\"SearchAction\",\"target\":{\"@type\":\"EntryPoint\",\"urlTemplate\":\"https:\/\/staging.varesenews.it\/?s={search_term_string}\"},\"query-input\":\"required name=search_term_string\"}],\"inLanguage\":\"it-IT\"},{\"@type\":\"Person\",\"@id\":\"https:\/\/staging.varesenews.it\/#\/schema\/person\/272ac0f5b2dbfd572218c2d86e013f1a\",\"name\":\"Adelia Brigo\",\"image\":{\"@type\":\"ImageObject\",\"inLanguage\":\"it-IT\",\"@id\":\"https:\/\/staging.varesenews.it\/#\/schema\/person\/image\/\",\"url\":\"https:\/\/staging.varesenews.it\/wp-content\/uploads\/2020\/12\/adelia_brigo_colori_500.jpg\",\"contentUrl\":\"https:\/\/staging.varesenews.it\/wp-content\/uploads\/2020\/12\/adelia_brigo_colori_500.jpg\",\"caption\":\"Adelia Brigo\"},\"description\":\"Giornalista pubblicista, lavoro a VareseNews dal 2007 e mi occupo di cronaca locale e del settore dedicato alla cultura. In questi anni ho seguito diversi progetti di comunicazione, amo sperimentare strategie per i Social Network e raccontare storie. Varesina, classe 1984, sono laureata in Scienze della Comunicazione.&nbsp;\",\"sameAs\":[\"AdeliaBrigo\",\"https:\/\/twitter.com\/AdeliaBrigo\"],\"url\":\"https:\/\/staging.varesenews.it\/persona\/adelia_brigo\/\"}]}<\/script>\n<!-- \/ Yoast SEO plugin. -->","yoast_head_json":{"title":"Pi\u00f9 servizi per gli alunni con disabilit\u00e0 visiva","description":"Il Presidente dell\u2019UICI Varese, Gaetano Marchetto: \"Saremo al fianco delle famiglie e in dialogo col nuovo ufficio di ATS Insubria per monitorare e fornire consulenza a tutti i soggetti coinvolti\"","robots":{"index":"noindex","follow":"follow","max-snippet":"max-snippet:-1","max-image-preview":"max-image-preview:large","max-video-preview":"max-video-preview:-1"},"og_locale":"it_IT","og_type":"article","og_title":"Pi\u00f9 servizi per gli alunni con disabilit\u00e0 visiva","og_description":"Il Presidente dell\u2019UICI Varese, Gaetano Marchetto: \"Saremo al fianco delle famiglie e in dialogo col nuovo ufficio di ATS Insubria per monitorare e fornire consulenza a tutti i soggetti coinvolti\"","og_url":"https:\/\/staging.varesenews.it\/2017\/07\/piu-servizi-per-gli-alunni-con-disabilita-visiva\/642121\/","og_site_name":"VareseNews","article_publisher":"https:\/\/www.facebook.com\/varesenews","article_published_time":"2017-07-31T14:34:10+00:00","author":"Adelia Brigo","twitter_card":"summary_large_image","twitter_creator":"@AdeliaBrigo","twitter_site":"@varesenews","twitter_misc":{"Scritto da":"Adelia Brigo","Tempo di lettura stimato":"3 minuti"},"schema":{"@context":"https:\/\/schema.org","@graph":[{"@type":"WebPage","@id":"https:\/\/staging.varesenews.it\/2017\/07\/piu-servizi-per-gli-alunni-con-disabilita-visiva\/642121\/","url":"https:\/\/staging.varesenews.it\/2017\/07\/piu-servizi-per-gli-alunni-con-disabilita-visiva\/642121\/","name":"Pi\u00f9 servizi per gli alunni con disabilit\u00e0 visiva","isPartOf":{"@id":"https:\/\/staging.varesenews.it\/#website"},"datePublished":"2017-07-31T14:34:10+00:00","dateModified":"2017-07-31T14:34:10+00:00","author":{"@id":"https:\/\/staging.varesenews.it\/#\/schema\/person\/272ac0f5b2dbfd572218c2d86e013f1a"},"description":"Il Presidente dell\u2019UICI Varese, Gaetano Marchetto: \"Saremo al fianco delle famiglie e in dialogo col nuovo ufficio di ATS Insubria per monitorare e fornire consulenza a tutti i soggetti coinvolti\"","breadcrumb":{"@id":"https:\/\/staging.varesenews.it\/2017\/07\/piu-servizi-per-gli-alunni-con-disabilita-visiva\/642121\/#breadcrumb"},"inLanguage":"it-IT","potentialAction":[{"@type":"ReadAction","target":["https:\/\/staging.varesenews.it\/2017\/07\/piu-servizi-per-gli-alunni-con-disabilita-visiva\/642121\/"]}]},{"@type":"BreadcrumbList","@id":"https:\/\/staging.varesenews.it\/2017\/07\/piu-servizi-per-gli-alunni-con-disabilita-visiva\/642121\/#breadcrumb","itemListElement":[{"@type":"ListItem","position":1,"name":"Home","item":"https:\/\/www.varesenews.it\/"},{"@type":"ListItem","position":2,"name":"Pi\u00f9 servizi per gli alunni con disabilit\u00e0 visiva"}]},{"@type":"WebSite","@id":"https:\/\/staging.varesenews.it\/#website","url":"https:\/\/staging.varesenews.it\/","name":"VareseNews","description":"","potentialAction":[{"@type":"SearchAction","target":{"@type":"EntryPoint","urlTemplate":"https:\/\/staging.varesenews.it\/?s={search_term_string}"},"query-input":"required name=search_term_string"}],"inLanguage":"it-IT"},{"@type":"Person","@id":"https:\/\/staging.varesenews.it\/#\/schema\/person\/272ac0f5b2dbfd572218c2d86e013f1a","name":"Adelia Brigo","image":{"@type":"ImageObject","inLanguage":"it-IT","@id":"https:\/\/staging.varesenews.it\/#\/schema\/person\/image\/","url":"https:\/\/staging.varesenews.it\/wp-content\/uploads\/2020\/12\/adelia_brigo_colori_500.jpg","contentUrl":"https:\/\/staging.varesenews.it\/wp-content\/uploads\/2020\/12\/adelia_brigo_colori_500.jpg","caption":"Adelia Brigo"},"description":"Giornalista pubblicista, lavoro a VareseNews dal 2007 e mi occupo di cronaca locale e del settore dedicato alla cultura. In questi anni ho seguito diversi progetti di comunicazione, amo sperimentare strategie per i Social Network e raccontare storie. Varesina, classe 1984, sono laureata in Scienze della Comunicazione.&nbsp;","sameAs":["AdeliaBrigo","https:\/\/twitter.com\/AdeliaBrigo"],"url":"https:\/\/staging.varesenews.it\/persona\/adelia_brigo\/"}]}},"post_meta":{"_edit_lock":"1501511544:32","_edit_last":"32","ratings_users":"0","ratings_score":"0","ratings_average":"0","_category_permalink":"","wdfb_og_title":"","wdfb_og_type":"","wdfb_og_description":"","wdfb_og_images":"a:1:{i:0;s:0:\"\";}","wdfb_og_custom_name":"a:1:{i:0;s:0:\"\";}","wdfb_og_custom_value":"a:1:{i:0;s:0:\"\";}","foto":"329247","firma_come_redazione":"1","argomento":"Milano","_jd_twitter":"","_jd_tweet_this":"yes","_wpt_short_url":"http:\/\/www.varesenews.it\/2017\/07\/piu-servizi-per-gli-alunni-con-disabilita-visiva\/642121\/","_wp_jd_target":"http:\/\/www.varesenews.it\/2017\/07\/piu-servizi-per-gli-alunni-con-disabilita-visiva\/642121\/","_jd_wp_twitter":"a:1:{i:0;s:153:\"Pi\u00f9 servizi per gli alunni con disabilit\u00e0 visiva http:\/\/www.varesenews.it\/2017\/07\/piu-servizi-per-gli-alunni-con-disabilita-visiva\/642121\/ #disabilit\u00e0\";}","_wpt_status_message":"Tweet inviato con successo."},"photos":[{"original":"https:\/\/staging.varesenews.it\/photogallery_new\/images\/2009\/09\/sesamonet-percorso-ciechi-con-tecnologia-rfid-varese-palazzo-329247.jpg","full":"https:\/\/staging.varesenews.it\/photogallery_new\/images\/2009\/09\/sesamonet-percorso-ciechi-con-tecnologia-rfid-varese-palazzo-329247.1024x768.jpg","large":"https:\/\/staging.varesenews.it\/photogallery_new\/images\/2009\/09\/sesamonet-percorso-ciechi-con-tecnologia-rfid-varese-palazzo-329247.610x431.jpg"}],"_links":{"self":[{"href":"https:\/\/staging.varesenews.it\/swgapi\/v1\/wp\/v2\/posts\/642121"}],"collection":[{"href":"https:\/\/staging.varesenews.it\/swgapi\/v1\/wp\/v2\/posts"}],"about":[{"href":"https:\/\/staging.varesenews.it\/swgapi\/v1\/wp\/v2\/types\/post"}],"author":[{"embeddable":true,"href":"https:\/\/staging.varesenews.it\/swgapi\/v1\/wp\/v2\/users\/32"}],"replies":[{"embeddable":true,"href":"https:\/\/staging.varesenews.it\/swgapi\/v1\/wp\/v2\/comments?post=642121"}],"version-history":[{"count":0,"href":"https:\/\/staging.varesenews.it\/swgapi\/v1\/wp\/v2\/posts\/642121\/revisions"}],"wp:attachment":[{"href":"https:\/\/staging.varesenews.it\/swgapi\/v1\/wp\/v2\/media?parent=642121"}],"wp:term":[{"taxonomy":"category","embeddable":true,"href":"https:\/\/staging.varesenews.it\/swgapi\/v1\/wp\/v2\/categories?post=642121"},{"taxonomy":"post_tag","embeddable":true,"href":"https:\/\/staging.varesenews.it\/swgapi\/v1\/wp\/v2\/tags?post=642121"}],"curies":[{"name":"wp","href":"https:\/\/api.w.org\/{rel}","templated":true}]}}