{"id":642327,"date":"2017-08-01T10:40:03","date_gmt":"2017-08-01T08:40:03","guid":{"rendered":"http:\/\/www.varesenews.it\/?p=642327"},"modified":"2017-08-01T10:40:03","modified_gmt":"2017-08-01T08:40:03","slug":"l11-edizione-della-sagra-della-patata","status":"publish","type":"post","link":"https:\/\/staging.varesenews.it\/2017\/08\/l11-edizione-della-sagra-della-patata\/642327\/","title":{"rendered":"L&#8217;11\u00b0 edizione della &#8220;Sagra della patata&#8221;"},"content":{"rendered":"<p><strong>Puntuale come ogni agosto torna a Cunardo la Sagra della Patata<\/strong>. Giunta all\u2019undicesima edizione, la festa \u00e8 in programma alla Baita del fondista (via per Bedero) <strong>da venerd\u00ec 4 a domenica 6 agosto<\/strong>.<\/p>\n<p>Ogni giorno si cena a partire dalle 19, domenica si pranza dalle 12 con animazione per bambini dalle 14.30 e merenda alle 16. Tutti i giorni ci saranno la tombola e premi ai tavoli fortunati. I piatti sono cucinati rigorosamente da patata fresca italiana e l\u2019intero incasso sar\u00e0 destinato alla scuola dell\u2019infanzia cunardese.<\/p>\n<p>Durante la sagra la Baita del fondista sar\u00e0 raggiungibile in auto (fino ad esaurimento dei parcheggi), con i bus navetta in partenza dal parcheggio Tigros (via Varesina) oppure a piedi e in bicicletta grazie alla pista ciclabile della Valganna (da Ganna o da Ponte Tresa).<\/p>\n<p><strong>La festa \u00e8 nata nel 2006 per sostenere l\u2019asilo che allora rischiava la chiusura.<\/strong> \u00abBisognava trovare i fondi per evitare la chiusura della scuola materna \u2013 raccontano gli organizzatori della sagra \u2013 e i cunardesi decisero che andava fatto quello che sapevano fare meglio: una festa\u00bb.<\/p>\n<p><strong>Nasce cos\u00ec la Sagra della Patata<\/strong>, una manifestazione il cui intero incasso \u00e8 destinato al bilancio dell\u2019asilo di Cunardo, scuola paritaria che da oltre 130 anni accoglie i bambini della comunit\u00e0. L\u2019allora consiglio di amministrazione fece appello a tutte le associazioni ed i gruppi del paese che risposero positivamente. Venne quindi scelto il famoso tubero come ingrediente principe della festa per la sua semplicit\u00e0 e per la variet\u00e0 di ricette esistenti.<\/p>\n<p>\u00abQuesta felice intuizione si \u00e8 trasformata in una delle pi\u00f9 grandi ed apprezzate sagre gastronomiche della provincia di Varese \u2013 commenta Roberta Tuzzi, presidente del Cda dell\u2019asilo -. In questi anni grazie agli utili dell\u2019iniziativa \u00e8 stato possibile non solo potenziare l\u2019offerta formativa per bambini e famiglie ma anche sistemare il tetto, svolgere tutte le manutenzioni ordinarie e straordinarie, rinnovare i serramenti, i bagni, i pavimenti, il parquet nelle aule, i giochi all&#8217;aperto e realizzare gli adeguamenti antisismici\u00bb.<\/p>\n<p><strong>I numeri descrivono il successo della sagra: lo scorso anno sono state servite ai tavoli pi\u00f9 di 12.000 portate<\/strong> (2.300 i piatti di gnocchi). E se prendiamo i primi dieci anni della festa i dati parlano da soli: dal 2006 ad oggi sono stati cucinati 340 quintali di patate (provenienti dal Veneto, dal Piemonte e dalla Puglia), di cui 22 solo di patatine fritte (tutti da patata fresca). Sono stati serviti 11.000 kg di gnocchi, 22.000 frittelle di patate e sono stati distribuiti 1.200 kg tra ketchup e maionese.<\/p>\n<p>\u00ab<strong>Anche quest\u2019anno tutto questo non sarebbe possibile senza i volontari<\/strong>. La squadra \u00e8 composta da oltre 100 persone ed \u00e8 pronta a servire i 1.000 posti allestiti, tutti al coperto e serviti da wi-fi libero. Voglio per\u00f2 anche ringraziare le attivit\u00e0 commerciali del paese che si sono messe a disposizione. Si mangia bene e si fa del bene \u2013 conclude Roberta Tuzzi \u2013 per questo \u00e8 la festa di beneficenza pi\u00f9 buona che ci sia\u00bb.<\/p>\n<p>\u00ab<strong>La Sagra della Patata \u00e8 qualcosa di pi\u00f9 di una semplice festa gastronomica<\/strong>, &#8211; commenta l&#8217;assessore comunale Paolo Bertocchi &#8211; \u00e8 la dimostrazione che nulla \u00e8 impossibile quando una comunit\u00e0 intera si mobilita per una causa importante. Cunardo anche quest&#8217;anno \u00e8 pronta ad accogliere tutti coloro che vorranno venire a provare i nostri piatti. La sfida ora \u00e8 quella di migliorarsi anno dopo anno. Mangiando bene e facendo del bene. Vi aspettiamo\u00bb.<\/p>\n<p>Tutte le informazioni dettagliate sulla sagra e sui men\u00f9 si possono trovare sulla <a href=\"https:\/\/www.facebook.com\/SagradellapatataCunardo\/?ref=br_rs\" target=\"_blank\"><strong>pagina facebook ufficiale della Sagra della patata di Cunardo<\/strong><\/a>.<\/p>\n","protected":false},"excerpt":{"rendered":"<p>Dal 4 al 6 agosto alla Baita del fondista di Cunardo. Cena tutti i giorni e domenica anche a pranzo: tutto a base di patata fresca italiana<\/p>\n","protected":false},"author":34,"featured_media":0,"comment_status":"open","ping_status":"open","sticky":false,"template":"","format":"standard","meta":{"footnotes":""},"categories":[2],"tags":[22583,158],"acf":[],"yoast_head":"<!-- This site is optimized with the Yoast SEO plugin v20.1 - https:\/\/yoast.com\/wordpress\/plugins\/seo\/ -->\n<title>L&#039;11\u00b0 edizione della &quot;Sagra della patata&quot;<\/title>\n<meta name=\"description\" content=\"Dal 4 al 6 agosto alla Baita del fondista di Cunardo. Cena tutti i giorni e domenica anche a pranzo: tutto a base di patata fresca italiana\" \/>\n<meta name=\"robots\" content=\"noindex, follow, max-snippet:-1, max-image-preview:large, max-video-preview:-1\" \/>\n<meta property=\"og:locale\" content=\"it_IT\" \/>\n<meta property=\"og:type\" content=\"article\" \/>\n<meta property=\"og:title\" content=\"L&#039;11\u00b0 edizione della &quot;Sagra della patata&quot;\" \/>\n<meta property=\"og:description\" content=\"Dal 4 al 6 agosto alla Baita del fondista di Cunardo. Cena tutti i giorni e domenica anche a pranzo: tutto a base di patata fresca italiana\" \/>\n<meta property=\"og:url\" content=\"https:\/\/staging.varesenews.it\/2017\/08\/l11-edizione-della-sagra-della-patata\/642327\/\" \/>\n<meta property=\"og:site_name\" content=\"VareseNews\" \/>\n<meta property=\"article:publisher\" content=\"https:\/\/www.facebook.com\/varesenews\" \/>\n<meta property=\"article:author\" content=\"https:\/\/www.facebook.com\/andrea.camurani?fref=photo\" \/>\n<meta property=\"article:published_time\" content=\"2017-08-01T08:40:03+00:00\" \/>\n<meta name=\"author\" content=\"Andrea Camurani\" \/>\n<meta name=\"twitter:card\" content=\"summary_large_image\" \/>\n<meta name=\"twitter:creator\" content=\"@AndreaCamurani\" \/>\n<meta name=\"twitter:site\" content=\"@varesenews\" \/>\n<meta name=\"twitter:label1\" content=\"Scritto da\" \/>\n\t<meta name=\"twitter:data1\" content=\"Andrea Camurani\" \/>\n\t<meta name=\"twitter:label2\" content=\"Tempo di lettura stimato\" \/>\n\t<meta name=\"twitter:data2\" content=\"3 minuti\" \/>\n<script type=\"application\/ld+json\" class=\"yoast-schema-graph\">{\"@context\":\"https:\/\/schema.org\",\"@graph\":[{\"@type\":\"WebPage\",\"@id\":\"https:\/\/staging.varesenews.it\/2017\/08\/l11-edizione-della-sagra-della-patata\/642327\/\",\"url\":\"https:\/\/staging.varesenews.it\/2017\/08\/l11-edizione-della-sagra-della-patata\/642327\/\",\"name\":\"L'11\u00b0 edizione della \\\"Sagra della patata\\\"\",\"isPartOf\":{\"@id\":\"https:\/\/staging.varesenews.it\/#website\"},\"datePublished\":\"2017-08-01T08:40:03+00:00\",\"dateModified\":\"2017-08-01T08:40:03+00:00\",\"author\":{\"@id\":\"https:\/\/staging.varesenews.it\/#\/schema\/person\/3eb5832c6beae763de8d9596fdbe8c49\"},\"description\":\"Dal 4 al 6 agosto alla Baita del fondista di Cunardo. Cena tutti i giorni e domenica anche a pranzo: tutto a base di patata fresca italiana\",\"breadcrumb\":{\"@id\":\"https:\/\/staging.varesenews.it\/2017\/08\/l11-edizione-della-sagra-della-patata\/642327\/#breadcrumb\"},\"inLanguage\":\"it-IT\",\"potentialAction\":[{\"@type\":\"ReadAction\",\"target\":[\"https:\/\/staging.varesenews.it\/2017\/08\/l11-edizione-della-sagra-della-patata\/642327\/\"]}]},{\"@type\":\"BreadcrumbList\",\"@id\":\"https:\/\/staging.varesenews.it\/2017\/08\/l11-edizione-della-sagra-della-patata\/642327\/#breadcrumb\",\"itemListElement\":[{\"@type\":\"ListItem\",\"position\":1,\"name\":\"Home\",\"item\":\"https:\/\/www.varesenews.it\/\"},{\"@type\":\"ListItem\",\"position\":2,\"name\":\"L&#8217;11\u00b0 edizione della &#8220;Sagra della patata&#8221;\"}]},{\"@type\":\"WebSite\",\"@id\":\"https:\/\/staging.varesenews.it\/#website\",\"url\":\"https:\/\/staging.varesenews.it\/\",\"name\":\"VareseNews\",\"description\":\"\",\"potentialAction\":[{\"@type\":\"SearchAction\",\"target\":{\"@type\":\"EntryPoint\",\"urlTemplate\":\"https:\/\/staging.varesenews.it\/?s={search_term_string}\"},\"query-input\":\"required name=search_term_string\"}],\"inLanguage\":\"it-IT\"},{\"@type\":\"Person\",\"@id\":\"https:\/\/staging.varesenews.it\/#\/schema\/person\/3eb5832c6beae763de8d9596fdbe8c49\",\"name\":\"Andrea Camurani\",\"image\":{\"@type\":\"ImageObject\",\"inLanguage\":\"it-IT\",\"@id\":\"https:\/\/staging.varesenews.it\/#\/schema\/person\/image\/\",\"url\":\"https:\/\/staging.varesenews.it\/wp-content\/uploads\/2020\/12\/andrea_camurani_colori_500.jpg\",\"contentUrl\":\"https:\/\/staging.varesenews.it\/wp-content\/uploads\/2020\/12\/andrea_camurani_colori_500.jpg\",\"caption\":\"Andrea Camurani\"},\"description\":\"Sono figlio degli anni Settanta e di Milano, dove ho imparato a riconoscere buoni e cattivi. Laurea in scienze politiche, lavoro a VareseNews dal 2000. Racconto quel che trovo quando incontro chi vuole lasciare al mondo un pezzetto di vita, che si chiama cronaca. &ldquo;...perch&eacute; &egrave; la gente il pi&ugrave; grande spettacolo del mondo. E non si paga il biglietto...&rdquo; (Charles Bukowsky)\",\"sameAs\":[\"https:\/\/www.facebook.com\/andrea.camurani?fref=photo\",\"andreacamurani\",\"https:\/\/www.linkedin.com\/hp\/?dnr=A9a84RfzsLdo9xg4NcGV4dLiMknoc9ms4WM\",\"https:\/\/twitter.com\/AndreaCamurani\"],\"url\":\"https:\/\/staging.varesenews.it\/persona\/andrea_camurani\/\"}]}<\/script>\n<!-- \/ Yoast SEO plugin. -->","yoast_head_json":{"title":"L'11\u00b0 edizione della \"Sagra della patata\"","description":"Dal 4 al 6 agosto alla Baita del fondista di Cunardo. Cena tutti i giorni e domenica anche a pranzo: tutto a base di patata fresca italiana","robots":{"index":"noindex","follow":"follow","max-snippet":"max-snippet:-1","max-image-preview":"max-image-preview:large","max-video-preview":"max-video-preview:-1"},"og_locale":"it_IT","og_type":"article","og_title":"L'11\u00b0 edizione della \"Sagra della patata\"","og_description":"Dal 4 al 6 agosto alla Baita del fondista di Cunardo. Cena tutti i giorni e domenica anche a pranzo: tutto a base di patata fresca italiana","og_url":"https:\/\/staging.varesenews.it\/2017\/08\/l11-edizione-della-sagra-della-patata\/642327\/","og_site_name":"VareseNews","article_publisher":"https:\/\/www.facebook.com\/varesenews","article_author":"https:\/\/www.facebook.com\/andrea.camurani?fref=photo","article_published_time":"2017-08-01T08:40:03+00:00","author":"Andrea Camurani","twitter_card":"summary_large_image","twitter_creator":"@AndreaCamurani","twitter_site":"@varesenews","twitter_misc":{"Scritto da":"Andrea Camurani","Tempo di lettura stimato":"3 minuti"},"schema":{"@context":"https:\/\/schema.org","@graph":[{"@type":"WebPage","@id":"https:\/\/staging.varesenews.it\/2017\/08\/l11-edizione-della-sagra-della-patata\/642327\/","url":"https:\/\/staging.varesenews.it\/2017\/08\/l11-edizione-della-sagra-della-patata\/642327\/","name":"L'11\u00b0 edizione della \"Sagra della patata\"","isPartOf":{"@id":"https:\/\/staging.varesenews.it\/#website"},"datePublished":"2017-08-01T08:40:03+00:00","dateModified":"2017-08-01T08:40:03+00:00","author":{"@id":"https:\/\/staging.varesenews.it\/#\/schema\/person\/3eb5832c6beae763de8d9596fdbe8c49"},"description":"Dal 4 al 6 agosto alla Baita del fondista di Cunardo. Cena tutti i giorni e domenica anche a pranzo: tutto a base di patata fresca italiana","breadcrumb":{"@id":"https:\/\/staging.varesenews.it\/2017\/08\/l11-edizione-della-sagra-della-patata\/642327\/#breadcrumb"},"inLanguage":"it-IT","potentialAction":[{"@type":"ReadAction","target":["https:\/\/staging.varesenews.it\/2017\/08\/l11-edizione-della-sagra-della-patata\/642327\/"]}]},{"@type":"BreadcrumbList","@id":"https:\/\/staging.varesenews.it\/2017\/08\/l11-edizione-della-sagra-della-patata\/642327\/#breadcrumb","itemListElement":[{"@type":"ListItem","position":1,"name":"Home","item":"https:\/\/www.varesenews.it\/"},{"@type":"ListItem","position":2,"name":"L&#8217;11\u00b0 edizione della &#8220;Sagra della patata&#8221;"}]},{"@type":"WebSite","@id":"https:\/\/staging.varesenews.it\/#website","url":"https:\/\/staging.varesenews.it\/","name":"VareseNews","description":"","potentialAction":[{"@type":"SearchAction","target":{"@type":"EntryPoint","urlTemplate":"https:\/\/staging.varesenews.it\/?s={search_term_string}"},"query-input":"required name=search_term_string"}],"inLanguage":"it-IT"},{"@type":"Person","@id":"https:\/\/staging.varesenews.it\/#\/schema\/person\/3eb5832c6beae763de8d9596fdbe8c49","name":"Andrea Camurani","image":{"@type":"ImageObject","inLanguage":"it-IT","@id":"https:\/\/staging.varesenews.it\/#\/schema\/person\/image\/","url":"https:\/\/staging.varesenews.it\/wp-content\/uploads\/2020\/12\/andrea_camurani_colori_500.jpg","contentUrl":"https:\/\/staging.varesenews.it\/wp-content\/uploads\/2020\/12\/andrea_camurani_colori_500.jpg","caption":"Andrea Camurani"},"description":"Sono figlio degli anni Settanta e di Milano, dove ho imparato a riconoscere buoni e cattivi. Laurea in scienze politiche, lavoro a VareseNews dal 2000. Racconto quel che trovo quando incontro chi vuole lasciare al mondo un pezzetto di vita, che si chiama cronaca. &ldquo;...perch&eacute; &egrave; la gente il pi&ugrave; grande spettacolo del mondo. E non si paga il biglietto...&rdquo; (Charles Bukowsky)","sameAs":["https:\/\/www.facebook.com\/andrea.camurani?fref=photo","andreacamurani","https:\/\/www.linkedin.com\/hp\/?dnr=A9a84RfzsLdo9xg4NcGV4dLiMknoc9ms4WM","https:\/\/twitter.com\/AndreaCamurani"],"url":"https:\/\/staging.varesenews.it\/persona\/andrea_camurani\/"}]}},"post_meta":{"_edit_lock":"1501576719:34","_edit_last":"34","ratings_users":"0","ratings_score":"0","ratings_average":"0","_category_permalink":"","wdfb_og_title":"","wdfb_og_type":"","wdfb_og_description":"","wdfb_og_images":"a:1:{i:0;s:0:\"\";}","wdfb_og_custom_name":"a:1:{i:0;s:0:\"\";}","wdfb_og_custom_value":"a:1:{i:0;s:0:\"\";}","foto":"625433","firma_come_redazione":"1","argomento":"Cunardo","_jd_twitter":"","_jd_tweet_this":"yes","_wpt_short_url":"http:\/\/www.varesenews.it\/2017\/08\/l11-edizione-della-sagra-della-patata\/642327\/","_wp_jd_target":"http:\/\/www.varesenews.it\/2017\/08\/l11-edizione-della-sagra-della-patata\/642327\/","_jd_wp_twitter":"a:1:{i:0;s:130:\"L'11\u00b0 edizione della \"Sagra della patata\" http:\/\/www.varesenews.it\/2017\/08\/l11-edizione-della-sagra-della-patata\/642327\/ #weekend\";}","_wpt_status_message":"Tweet inviato con successo.","id_leggi_anche":"643295"},"photos":[{"original":"https:\/\/staging.varesenews.it\/photogallery_new\/images\/2017\/08\/avarie-625433.jpg","full":"https:\/\/staging.varesenews.it\/photogallery_new\/images\/2017\/08\/avarie-625433.1024x768.jpg","large":"https:\/\/staging.varesenews.it\/photogallery_new\/images\/2017\/08\/avarie-625433.610x431.jpg"}],"_links":{"self":[{"href":"https:\/\/staging.varesenews.it\/swgapi\/v1\/wp\/v2\/posts\/642327"}],"collection":[{"href":"https:\/\/staging.varesenews.it\/swgapi\/v1\/wp\/v2\/posts"}],"about":[{"href":"https:\/\/staging.varesenews.it\/swgapi\/v1\/wp\/v2\/types\/post"}],"author":[{"embeddable":true,"href":"https:\/\/staging.varesenews.it\/swgapi\/v1\/wp\/v2\/users\/34"}],"replies":[{"embeddable":true,"href":"https:\/\/staging.varesenews.it\/swgapi\/v1\/wp\/v2\/comments?post=642327"}],"version-history":[{"count":0,"href":"https:\/\/staging.varesenews.it\/swgapi\/v1\/wp\/v2\/posts\/642327\/revisions"}],"wp:attachment":[{"href":"https:\/\/staging.varesenews.it\/swgapi\/v1\/wp\/v2\/media?parent=642327"}],"wp:term":[{"taxonomy":"category","embeddable":true,"href":"https:\/\/staging.varesenews.it\/swgapi\/v1\/wp\/v2\/categories?post=642327"},{"taxonomy":"post_tag","embeddable":true,"href":"https:\/\/staging.varesenews.it\/swgapi\/v1\/wp\/v2\/tags?post=642327"}],"curies":[{"name":"wp","href":"https:\/\/api.w.org\/{rel}","templated":true}]}}