{"id":642846,"date":"2017-08-03T08:37:40","date_gmt":"2017-08-03T06:37:40","guid":{"rendered":"http:\/\/www.varesenews.it\/?p=642846"},"modified":"2017-08-03T08:37:40","modified_gmt":"2017-08-03T06:37:40","slug":"il-comune-apre-le-palestre-scolastiche-alle-societa-sportive","status":"publish","type":"post","link":"https:\/\/staging.varesenews.it\/2017\/08\/il-comune-apre-le-palestre-scolastiche-alle-societa-sportive\/642846\/","title":{"rendered":"Il Comune apre le palestre scolastiche alle societ\u00e0 sportive"},"content":{"rendered":"<p><strong>Promuovere uno stile di vita sano garantendo la possibilit\u00e0 di esercizio fisico in ogni luogo cittadino disponibile, a partire dalle palestre delle scuole.<\/strong><\/p>\n<p>Con questo obiettivo, e in particolare per valorizzare la pratica sportiva di base con riguardo agli adolescenti, <strong>il Comune di Milano \u00e8 pronto a rinnovare la collaborazione con la Citt\u00e0 Metropolitana, proprietaria degli edifici scolastici destinati all\u2019istruzione superiore di secondo grado<\/strong>, per mettere le palestre a disposizione delle associazioni e delle societ\u00e0 sportive in orario extra-scolastico.<\/p>\n<p>La <strong>Giunta<\/strong> di Palazzo Marino ha deliberato di procedere con il rinnovo dell\u2019accordo &#8211; gi\u00e0 in essere negli anni scolastici 2015\/2016 e 2016\/2017 \u2013 per l\u2019anno 2017\/2018 ed eventualmente prorogabile per i due successivi. In capo alla Citt\u00e0 Metropolitana prenderebbe la concessione in uso al Comune di Milano delle strutture sportive, nonch\u00e9 la manutenzione ordinaria e straordinaria delle stesse.<\/p>\n<p><strong>All\u2019Amministrazione comunale, invece, spetterebbe la gestione degli spazi<\/strong>, direttamente o tramite associazioni e federazioni, la garanzia del rispetto delle norme di sicurezza e il riconoscimento alla Citt\u00e0 Metropolitana del rimborso totale degli oneri per le utenze. La spesa presunta per ogni annualit\u00e0 ammonta a 1 milione e 200mila euro.<\/p>\n<p>\u201c<strong>Le palestre scolastiche di propriet\u00e0 del Comune di Milano \u2013 ha detto l\u2019assessore allo Sport \u2013 Roberta Guaineri \u2013 sono gi\u00e0 utilizzate dalle associazioni<\/strong> e societ\u00e0 sportive in orario extra-scolastico, ma la richiesta di spazi \u00e8 superiore alle nostre disponibilit\u00e0; al contrario, la Citt\u00e0 Metropolitana \u00e8 proprietaria di un\u2019importante fetta del patrimonio di edilizia scolastica, pur non avendo tra le proprie competenze la promozione della pratica sportiva di base. Con questo accordo, dunque, contribuiamo ancora di pi\u00f9 alla diffusione dello sport, anche valorizzando esperienze gi\u00e0 esistenti per proporre percorsi e progetti specifici, tenendo sempre presente che la pratica sportiva non \u00e8 soltanto uno strumento per assicurarsi il benessere psico-fisico, ma anche un\u2019attivit\u00e0 sociale e ricreativa\u201d.<\/p>\n","protected":false},"excerpt":{"rendered":"<p>Il concetto dell&#8217;iniziativa:mettere ogni cittadino nella condizione di fare sport in ogni luogo possibile<\/p>\n","protected":false},"author":34,"featured_media":0,"comment_status":"open","ping_status":"open","sticky":false,"template":"","format":"standard","meta":{"footnotes":""},"categories":[7],"tags":[926],"acf":[],"yoast_head":"<!-- This site is optimized with the Yoast SEO plugin v20.1 - https:\/\/yoast.com\/wordpress\/plugins\/seo\/ -->\n<title>Il Comune apre le palestre scolastiche alle societ\u00e0 sportive<\/title>\n<meta name=\"description\" content=\"Il concetto dell&#039;iniziativa:mettere ogni cittadino nella condizione di fare sport in ogni luogo possibile\" \/>\n<meta name=\"robots\" content=\"noindex, follow, max-snippet:-1, max-image-preview:large, max-video-preview:-1\" \/>\n<meta property=\"og:locale\" content=\"it_IT\" \/>\n<meta property=\"og:type\" content=\"article\" \/>\n<meta property=\"og:title\" content=\"Il Comune apre le palestre scolastiche alle societ\u00e0 sportive\" \/>\n<meta property=\"og:description\" content=\"Il concetto dell&#039;iniziativa:mettere ogni cittadino nella condizione di fare sport in ogni luogo possibile\" \/>\n<meta property=\"og:url\" content=\"https:\/\/staging.varesenews.it\/2017\/08\/il-comune-apre-le-palestre-scolastiche-alle-societa-sportive\/642846\/\" \/>\n<meta property=\"og:site_name\" content=\"VareseNews\" \/>\n<meta property=\"article:publisher\" content=\"https:\/\/www.facebook.com\/varesenews\" \/>\n<meta property=\"article:author\" content=\"https:\/\/www.facebook.com\/andrea.camurani?fref=photo\" \/>\n<meta property=\"article:published_time\" content=\"2017-08-03T06:37:40+00:00\" \/>\n<meta name=\"author\" content=\"Andrea Camurani\" \/>\n<meta name=\"twitter:card\" content=\"summary_large_image\" \/>\n<meta name=\"twitter:creator\" content=\"@AndreaCamurani\" \/>\n<meta name=\"twitter:site\" content=\"@varesenews\" \/>\n<meta name=\"twitter:label1\" content=\"Scritto da\" \/>\n\t<meta name=\"twitter:data1\" content=\"Andrea Camurani\" \/>\n\t<meta name=\"twitter:label2\" content=\"Tempo di lettura stimato\" \/>\n\t<meta name=\"twitter:data2\" content=\"1 minuto\" \/>\n<script type=\"application\/ld+json\" class=\"yoast-schema-graph\">{\"@context\":\"https:\/\/schema.org\",\"@graph\":[{\"@type\":\"WebPage\",\"@id\":\"https:\/\/staging.varesenews.it\/2017\/08\/il-comune-apre-le-palestre-scolastiche-alle-societa-sportive\/642846\/\",\"url\":\"https:\/\/staging.varesenews.it\/2017\/08\/il-comune-apre-le-palestre-scolastiche-alle-societa-sportive\/642846\/\",\"name\":\"Il Comune apre le palestre scolastiche alle societ\u00e0 sportive\",\"isPartOf\":{\"@id\":\"https:\/\/staging.varesenews.it\/#website\"},\"datePublished\":\"2017-08-03T06:37:40+00:00\",\"dateModified\":\"2017-08-03T06:37:40+00:00\",\"author\":{\"@id\":\"https:\/\/staging.varesenews.it\/#\/schema\/person\/3eb5832c6beae763de8d9596fdbe8c49\"},\"description\":\"Il concetto dell'iniziativa:mettere ogni cittadino nella condizione di fare sport in ogni luogo possibile\",\"breadcrumb\":{\"@id\":\"https:\/\/staging.varesenews.it\/2017\/08\/il-comune-apre-le-palestre-scolastiche-alle-societa-sportive\/642846\/#breadcrumb\"},\"inLanguage\":\"it-IT\",\"potentialAction\":[{\"@type\":\"ReadAction\",\"target\":[\"https:\/\/staging.varesenews.it\/2017\/08\/il-comune-apre-le-palestre-scolastiche-alle-societa-sportive\/642846\/\"]}]},{\"@type\":\"BreadcrumbList\",\"@id\":\"https:\/\/staging.varesenews.it\/2017\/08\/il-comune-apre-le-palestre-scolastiche-alle-societa-sportive\/642846\/#breadcrumb\",\"itemListElement\":[{\"@type\":\"ListItem\",\"position\":1,\"name\":\"Home\",\"item\":\"https:\/\/www.varesenews.it\/\"},{\"@type\":\"ListItem\",\"position\":2,\"name\":\"Il Comune apre le palestre scolastiche alle societ\u00e0 sportive\"}]},{\"@type\":\"WebSite\",\"@id\":\"https:\/\/staging.varesenews.it\/#website\",\"url\":\"https:\/\/staging.varesenews.it\/\",\"name\":\"VareseNews\",\"description\":\"\",\"potentialAction\":[{\"@type\":\"SearchAction\",\"target\":{\"@type\":\"EntryPoint\",\"urlTemplate\":\"https:\/\/staging.varesenews.it\/?s={search_term_string}\"},\"query-input\":\"required name=search_term_string\"}],\"inLanguage\":\"it-IT\"},{\"@type\":\"Person\",\"@id\":\"https:\/\/staging.varesenews.it\/#\/schema\/person\/3eb5832c6beae763de8d9596fdbe8c49\",\"name\":\"Andrea Camurani\",\"image\":{\"@type\":\"ImageObject\",\"inLanguage\":\"it-IT\",\"@id\":\"https:\/\/staging.varesenews.it\/#\/schema\/person\/image\/\",\"url\":\"https:\/\/staging.varesenews.it\/wp-content\/uploads\/2020\/12\/andrea_camurani_colori_500.jpg\",\"contentUrl\":\"https:\/\/staging.varesenews.it\/wp-content\/uploads\/2020\/12\/andrea_camurani_colori_500.jpg\",\"caption\":\"Andrea Camurani\"},\"description\":\"Sono figlio degli anni Settanta e di Milano, dove ho imparato a riconoscere buoni e cattivi. Laurea in scienze politiche, lavoro a VareseNews dal 2000. Racconto quel che trovo quando incontro chi vuole lasciare al mondo un pezzetto di vita, che si chiama cronaca. &ldquo;...perch&eacute; &egrave; la gente il pi&ugrave; grande spettacolo del mondo. E non si paga il biglietto...&rdquo; (Charles Bukowsky)\",\"sameAs\":[\"https:\/\/www.facebook.com\/andrea.camurani?fref=photo\",\"andreacamurani\",\"https:\/\/www.linkedin.com\/hp\/?dnr=A9a84RfzsLdo9xg4NcGV4dLiMknoc9ms4WM\",\"https:\/\/twitter.com\/AndreaCamurani\"],\"url\":\"https:\/\/staging.varesenews.it\/persona\/andrea_camurani\/\"}]}<\/script>\n<!-- \/ Yoast SEO plugin. -->","yoast_head_json":{"title":"Il Comune apre le palestre scolastiche alle societ\u00e0 sportive","description":"Il concetto dell'iniziativa:mettere ogni cittadino nella condizione di fare sport in ogni luogo possibile","robots":{"index":"noindex","follow":"follow","max-snippet":"max-snippet:-1","max-image-preview":"max-image-preview:large","max-video-preview":"max-video-preview:-1"},"og_locale":"it_IT","og_type":"article","og_title":"Il Comune apre le palestre scolastiche alle societ\u00e0 sportive","og_description":"Il concetto dell'iniziativa:mettere ogni cittadino nella condizione di fare sport in ogni luogo possibile","og_url":"https:\/\/staging.varesenews.it\/2017\/08\/il-comune-apre-le-palestre-scolastiche-alle-societa-sportive\/642846\/","og_site_name":"VareseNews","article_publisher":"https:\/\/www.facebook.com\/varesenews","article_author":"https:\/\/www.facebook.com\/andrea.camurani?fref=photo","article_published_time":"2017-08-03T06:37:40+00:00","author":"Andrea Camurani","twitter_card":"summary_large_image","twitter_creator":"@AndreaCamurani","twitter_site":"@varesenews","twitter_misc":{"Scritto da":"Andrea Camurani","Tempo di lettura stimato":"1 minuto"},"schema":{"@context":"https:\/\/schema.org","@graph":[{"@type":"WebPage","@id":"https:\/\/staging.varesenews.it\/2017\/08\/il-comune-apre-le-palestre-scolastiche-alle-societa-sportive\/642846\/","url":"https:\/\/staging.varesenews.it\/2017\/08\/il-comune-apre-le-palestre-scolastiche-alle-societa-sportive\/642846\/","name":"Il Comune apre le palestre scolastiche alle societ\u00e0 sportive","isPartOf":{"@id":"https:\/\/staging.varesenews.it\/#website"},"datePublished":"2017-08-03T06:37:40+00:00","dateModified":"2017-08-03T06:37:40+00:00","author":{"@id":"https:\/\/staging.varesenews.it\/#\/schema\/person\/3eb5832c6beae763de8d9596fdbe8c49"},"description":"Il concetto dell'iniziativa:mettere ogni cittadino nella condizione di fare sport in ogni luogo possibile","breadcrumb":{"@id":"https:\/\/staging.varesenews.it\/2017\/08\/il-comune-apre-le-palestre-scolastiche-alle-societa-sportive\/642846\/#breadcrumb"},"inLanguage":"it-IT","potentialAction":[{"@type":"ReadAction","target":["https:\/\/staging.varesenews.it\/2017\/08\/il-comune-apre-le-palestre-scolastiche-alle-societa-sportive\/642846\/"]}]},{"@type":"BreadcrumbList","@id":"https:\/\/staging.varesenews.it\/2017\/08\/il-comune-apre-le-palestre-scolastiche-alle-societa-sportive\/642846\/#breadcrumb","itemListElement":[{"@type":"ListItem","position":1,"name":"Home","item":"https:\/\/www.varesenews.it\/"},{"@type":"ListItem","position":2,"name":"Il Comune apre le palestre scolastiche alle societ\u00e0 sportive"}]},{"@type":"WebSite","@id":"https:\/\/staging.varesenews.it\/#website","url":"https:\/\/staging.varesenews.it\/","name":"VareseNews","description":"","potentialAction":[{"@type":"SearchAction","target":{"@type":"EntryPoint","urlTemplate":"https:\/\/staging.varesenews.it\/?s={search_term_string}"},"query-input":"required name=search_term_string"}],"inLanguage":"it-IT"},{"@type":"Person","@id":"https:\/\/staging.varesenews.it\/#\/schema\/person\/3eb5832c6beae763de8d9596fdbe8c49","name":"Andrea Camurani","image":{"@type":"ImageObject","inLanguage":"it-IT","@id":"https:\/\/staging.varesenews.it\/#\/schema\/person\/image\/","url":"https:\/\/staging.varesenews.it\/wp-content\/uploads\/2020\/12\/andrea_camurani_colori_500.jpg","contentUrl":"https:\/\/staging.varesenews.it\/wp-content\/uploads\/2020\/12\/andrea_camurani_colori_500.jpg","caption":"Andrea Camurani"},"description":"Sono figlio degli anni Settanta e di Milano, dove ho imparato a riconoscere buoni e cattivi. Laurea in scienze politiche, lavoro a VareseNews dal 2000. Racconto quel che trovo quando incontro chi vuole lasciare al mondo un pezzetto di vita, che si chiama cronaca. &ldquo;...perch&eacute; &egrave; la gente il pi&ugrave; grande spettacolo del mondo. E non si paga il biglietto...&rdquo; (Charles Bukowsky)","sameAs":["https:\/\/www.facebook.com\/andrea.camurani?fref=photo","andreacamurani","https:\/\/www.linkedin.com\/hp\/?dnr=A9a84RfzsLdo9xg4NcGV4dLiMknoc9ms4WM","https:\/\/twitter.com\/AndreaCamurani"],"url":"https:\/\/staging.varesenews.it\/persona\/andrea_camurani\/"}]}},"post_meta":{"_edit_lock":"1501743688:34","_edit_last":"34","ratings_users":"0","ratings_score":"0","ratings_average":"0","_category_permalink":"","wdfb_og_title":"","wdfb_og_type":"","wdfb_og_description":"","wdfb_og_images":"a:1:{i:0;s:0:\"\";}","wdfb_og_custom_name":"a:1:{i:0;s:0:\"\";}","wdfb_og_custom_value":"a:1:{i:0;s:0:\"\";}","foto":"625720","firma_come_redazione":"1","argomento":"Milano","_jd_twitter":"","_jd_tweet_this":"yes","_wpt_short_url":"http:\/\/www.varesenews.it\/2017\/08\/il-comune-apre-le-palestre-scolastiche-alle-societa-sportive\/642846\/","_wp_jd_target":"http:\/\/www.varesenews.it\/2017\/08\/il-comune-apre-le-palestre-scolastiche-alle-societa-sportive\/642846\/","_jd_wp_twitter":"a:1:{i:0;s:170:\"Il Comune apre le palestre scolastiche alle societ\u00e0 sportive http:\/\/www.varesenews.it\/2017\/08\/il-comune-apre-le-palestre-scolastiche-alle-societa-sportive\/642846\/ #sport\";}","_wpt_status_message":"Tweet inviato con successo."},"photos":[{"original":"https:\/\/staging.varesenews.it\/photogallery_new\/images\/2017\/08\/avarie-625720.jpg","full":"https:\/\/staging.varesenews.it\/photogallery_new\/images\/2017\/08\/avarie-625720.1024x768.jpg","large":"https:\/\/staging.varesenews.it\/photogallery_new\/images\/2017\/08\/avarie-625720.610x431.jpg"}],"_links":{"self":[{"href":"https:\/\/staging.varesenews.it\/swgapi\/v1\/wp\/v2\/posts\/642846"}],"collection":[{"href":"https:\/\/staging.varesenews.it\/swgapi\/v1\/wp\/v2\/posts"}],"about":[{"href":"https:\/\/staging.varesenews.it\/swgapi\/v1\/wp\/v2\/types\/post"}],"author":[{"embeddable":true,"href":"https:\/\/staging.varesenews.it\/swgapi\/v1\/wp\/v2\/users\/34"}],"replies":[{"embeddable":true,"href":"https:\/\/staging.varesenews.it\/swgapi\/v1\/wp\/v2\/comments?post=642846"}],"version-history":[{"count":0,"href":"https:\/\/staging.varesenews.it\/swgapi\/v1\/wp\/v2\/posts\/642846\/revisions"}],"wp:attachment":[{"href":"https:\/\/staging.varesenews.it\/swgapi\/v1\/wp\/v2\/media?parent=642846"}],"wp:term":[{"taxonomy":"category","embeddable":true,"href":"https:\/\/staging.varesenews.it\/swgapi\/v1\/wp\/v2\/categories?post=642846"},{"taxonomy":"post_tag","embeddable":true,"href":"https:\/\/staging.varesenews.it\/swgapi\/v1\/wp\/v2\/tags?post=642846"}],"curies":[{"name":"wp","href":"https:\/\/api.w.org\/{rel}","templated":true}]}}