{"id":643146,"date":"2017-08-04T15:32:45","date_gmt":"2017-08-04T13:32:45","guid":{"rendered":"http:\/\/www.varesenews.it\/?p=643146"},"modified":"2017-08-04T15:46:32","modified_gmt":"2017-08-04T13:46:32","slug":"sasso-contro-lauto-parcheggiata-alla-schiranna","status":"publish","type":"post","link":"https:\/\/staging.varesenews.it\/2017\/08\/sasso-contro-lauto-parcheggiata-alla-schiranna\/643146\/","title":{"rendered":"Sasso contro l&#8217;auto parcheggiata alla Schiranna"},"content":{"rendered":"<p><span id=\"fbPhotoSnowliftCaption\" class=\"fbPhotosPhotoCaption\" tabindex=\"0\" data-ft=\"{&quot;tn&quot;:&quot;K&quot;}\"><span class=\"hasCaption\">Non \u00e8 la prima segnalazione e, temiamo, non sar\u00e0 neppure l&#8217;ultima. <strong>Graziella ha postato una foto nel gruppo di\u00a0Varesenews <a href=\"https:\/\/www.facebook.com\/groups\/ogginelvaresotto\/\" target=\"_blank\">Oggi nel Varesotto<\/a>,\u00a0<\/strong>che mostra il vetro posteriore della sua auto, parcheggiata alla Schiranna, <strong>distrutto da un grosso sasso<\/strong>. Dall&#8217;auto, a quanto pare, non \u00e8 sparito nulla. Si \u00e8 trattato con molta probabilit\u00e0 solo del\u00a0gesto sconsiderato di qualche vandalo. Nessuno ha visto nulla, secondo quanto racconta Graziella rispondendo ai numerosi commenti degli &#8220;amici&#8221; del gruppo, anche se tutto \u00e8 accaduto intorno alle quattro del pomeriggio. <strong>Pu\u00f2 essere che il grosso sasso sia stato lanciato da un&#8217;auto in corsa; l&#8217;unica cosa certa \u00e8 che il danno \u00e8 stato notevole.\u00a0<\/strong><br \/>\nNon sono nuove situazioni di questo genere nella zona della Schiranna e in generale nelle zone adibite a parcheggio che costeggiano la ciclabile. Molti le segnalazioni di furti: ciclisti e podisti, al ritorno dalla passeggiata, spesso si sono trovati con l&#8217;auto danneggiata e svaligiata.<br \/>\nTra l&#8217;altro va detto che il nuovo piano sosta della giunta di Varese prevede proprio un parcheggio di &#8220;interscambio&#8221; alla Schiranna (<a href=\"http:\/\/www.varesenews.it\/2017\/02\/sosta-e-bus-gratis-rivoluzione-a-varese\/596701\/\" target=\"_blank\">qui il piano sosta<\/a>)\u00a0dove i<strong>\u00a0cittadini diretti a Varese citt\u00e0 potranno lasciare l\u2019automobile<\/strong>\u00a0<strong>per\u00a0salire \u00a0sul bus senza pagare<\/strong>.<br \/>\nBisogner\u00e0 quindi garantire la sicurezza delle auto, oltre che degli automobilisti, che sceglieranno di parcheggiare fuori dal centro. Purtroppo al momento le soluzioni non sono molte: solo quelle di lasciare l&#8217;auto in luoghi visibili e senza oggetti di valore in vista. E buona fortuna<\/span><\/span><\/p>\n","protected":false},"excerpt":{"rendered":"<p>E&#8217; accaduto ad una donna e lo ha raccontato nel nostro gruppo Oggi nel Varesotto: la grossa pietra ha mandato in frantumi il vetro posteriore della macchina<\/p>\n","protected":false},"author":49,"featured_media":0,"comment_status":"open","ping_status":"open","sticky":false,"template":"","format":"standard","meta":{"footnotes":""},"categories":[1,2],"tags":[65405,3288,71825,1218,3834],"acf":[],"yoast_head":"<!-- This site is optimized with the Yoast SEO plugin v20.1 - https:\/\/yoast.com\/wordpress\/plugins\/seo\/ -->\n<title>Sasso contro l&#039;auto parcheggiata alla Schiranna<\/title>\n<meta name=\"description\" content=\"E&#039; accaduto ad una donna e lo ha raccontato nel nostro gruppo Oggi nel Varesotto: la grossa pietra ha mandato in frantumi il vetro posteriore della macchina\" \/>\n<meta name=\"robots\" content=\"noindex, follow, max-snippet:-1, max-image-preview:large, max-video-preview:-1\" \/>\n<meta property=\"og:locale\" content=\"it_IT\" \/>\n<meta property=\"og:type\" content=\"article\" \/>\n<meta property=\"og:title\" content=\"Sasso contro l&#039;auto parcheggiata alla Schiranna\" \/>\n<meta property=\"og:description\" content=\"E&#039; accaduto ad una donna e lo ha raccontato nel nostro gruppo Oggi nel Varesotto: la grossa pietra ha mandato in frantumi il vetro posteriore della macchina\" \/>\n<meta property=\"og:url\" content=\"https:\/\/staging.varesenews.it\/2017\/08\/sasso-contro-lauto-parcheggiata-alla-schiranna\/643146\/\" \/>\n<meta property=\"og:site_name\" content=\"VareseNews\" \/>\n<meta property=\"article:publisher\" content=\"https:\/\/www.facebook.com\/varesenews\" \/>\n<meta property=\"article:author\" content=\"https:\/\/www.facebook.com\/roberta.bertolini.9\" \/>\n<meta property=\"article:published_time\" content=\"2017-08-04T13:32:45+00:00\" \/>\n<meta property=\"article:modified_time\" content=\"2017-08-04T13:46:32+00:00\" \/>\n<meta name=\"author\" content=\"Roberta Bertolini\" \/>\n<meta name=\"twitter:card\" content=\"summary_large_image\" \/>\n<meta name=\"twitter:creator\" content=\"@robybertolini\" \/>\n<meta name=\"twitter:site\" content=\"@varesenews\" \/>\n<meta name=\"twitter:label1\" content=\"Scritto da\" \/>\n\t<meta name=\"twitter:data1\" content=\"Roberta Bertolini\" \/>\n\t<meta name=\"twitter:label2\" content=\"Tempo di lettura stimato\" \/>\n\t<meta name=\"twitter:data2\" content=\"1 minuto\" \/>\n<script type=\"application\/ld+json\" class=\"yoast-schema-graph\">{\"@context\":\"https:\/\/schema.org\",\"@graph\":[{\"@type\":\"WebPage\",\"@id\":\"https:\/\/staging.varesenews.it\/2017\/08\/sasso-contro-lauto-parcheggiata-alla-schiranna\/643146\/\",\"url\":\"https:\/\/staging.varesenews.it\/2017\/08\/sasso-contro-lauto-parcheggiata-alla-schiranna\/643146\/\",\"name\":\"Sasso contro l'auto parcheggiata alla Schiranna\",\"isPartOf\":{\"@id\":\"https:\/\/staging.varesenews.it\/#website\"},\"datePublished\":\"2017-08-04T13:32:45+00:00\",\"dateModified\":\"2017-08-04T13:46:32+00:00\",\"author\":{\"@id\":\"https:\/\/staging.varesenews.it\/#\/schema\/person\/58fbd3e567d5c00f0a64d5137fef3e68\"},\"description\":\"E' accaduto ad una donna e lo ha raccontato nel nostro gruppo Oggi nel Varesotto: la grossa pietra ha mandato in frantumi il vetro posteriore della macchina\",\"breadcrumb\":{\"@id\":\"https:\/\/staging.varesenews.it\/2017\/08\/sasso-contro-lauto-parcheggiata-alla-schiranna\/643146\/#breadcrumb\"},\"inLanguage\":\"it-IT\",\"potentialAction\":[{\"@type\":\"ReadAction\",\"target\":[\"https:\/\/staging.varesenews.it\/2017\/08\/sasso-contro-lauto-parcheggiata-alla-schiranna\/643146\/\"]}]},{\"@type\":\"BreadcrumbList\",\"@id\":\"https:\/\/staging.varesenews.it\/2017\/08\/sasso-contro-lauto-parcheggiata-alla-schiranna\/643146\/#breadcrumb\",\"itemListElement\":[{\"@type\":\"ListItem\",\"position\":1,\"name\":\"Home\",\"item\":\"https:\/\/www.varesenews.it\/\"},{\"@type\":\"ListItem\",\"position\":2,\"name\":\"Sasso contro l&#8217;auto parcheggiata alla Schiranna\"}]},{\"@type\":\"WebSite\",\"@id\":\"https:\/\/staging.varesenews.it\/#website\",\"url\":\"https:\/\/staging.varesenews.it\/\",\"name\":\"VareseNews\",\"description\":\"\",\"potentialAction\":[{\"@type\":\"SearchAction\",\"target\":{\"@type\":\"EntryPoint\",\"urlTemplate\":\"https:\/\/staging.varesenews.it\/?s={search_term_string}\"},\"query-input\":\"required name=search_term_string\"}],\"inLanguage\":\"it-IT\"},{\"@type\":\"Person\",\"@id\":\"https:\/\/staging.varesenews.it\/#\/schema\/person\/58fbd3e567d5c00f0a64d5137fef3e68\",\"name\":\"Roberta Bertolini\",\"image\":{\"@type\":\"ImageObject\",\"inLanguage\":\"it-IT\",\"@id\":\"https:\/\/staging.varesenews.it\/#\/schema\/person\/image\/\",\"url\":\"https:\/\/staging.varesenews.it\/wp-content\/uploads\/2020\/12\/roberta_bertolini_colori_500.jpg\",\"contentUrl\":\"https:\/\/staging.varesenews.it\/wp-content\/uploads\/2020\/12\/roberta_bertolini_colori_500.jpg\",\"caption\":\"Roberta Bertolini\"},\"description\":\"Giornalista professionista dal 1991, sono passata, ormai molti anni fa, dalla carta al web. Oggi mi occupo di cronaca locale e guardo con curiosit&agrave; ed attenzione il mondo dei social. Parlo poco, ascolto molto.\",\"sameAs\":[\"https:\/\/www.facebook.com\/roberta.bertolini.9\",\"bettabertolini\",\"https:\/\/www.linkedin.com\/hp\/?dnr=v9e-Gp7a6_oxqTuQyZA0Lf4aEi4t91g6wMH\",\"https:\/\/twitter.com\/robybertolini\"],\"url\":\"https:\/\/staging.varesenews.it\/persona\/roberta-bertolini1\/\"}]}<\/script>\n<!-- \/ Yoast SEO plugin. -->","yoast_head_json":{"title":"Sasso contro l'auto parcheggiata alla Schiranna","description":"E' accaduto ad una donna e lo ha raccontato nel nostro gruppo Oggi nel Varesotto: la grossa pietra ha mandato in frantumi il vetro posteriore della macchina","robots":{"index":"noindex","follow":"follow","max-snippet":"max-snippet:-1","max-image-preview":"max-image-preview:large","max-video-preview":"max-video-preview:-1"},"og_locale":"it_IT","og_type":"article","og_title":"Sasso contro l'auto parcheggiata alla Schiranna","og_description":"E' accaduto ad una donna e lo ha raccontato nel nostro gruppo Oggi nel Varesotto: la grossa pietra ha mandato in frantumi il vetro posteriore della macchina","og_url":"https:\/\/staging.varesenews.it\/2017\/08\/sasso-contro-lauto-parcheggiata-alla-schiranna\/643146\/","og_site_name":"VareseNews","article_publisher":"https:\/\/www.facebook.com\/varesenews","article_author":"https:\/\/www.facebook.com\/roberta.bertolini.9","article_published_time":"2017-08-04T13:32:45+00:00","article_modified_time":"2017-08-04T13:46:32+00:00","author":"Roberta Bertolini","twitter_card":"summary_large_image","twitter_creator":"@robybertolini","twitter_site":"@varesenews","twitter_misc":{"Scritto da":"Roberta Bertolini","Tempo di lettura stimato":"1 minuto"},"schema":{"@context":"https:\/\/schema.org","@graph":[{"@type":"WebPage","@id":"https:\/\/staging.varesenews.it\/2017\/08\/sasso-contro-lauto-parcheggiata-alla-schiranna\/643146\/","url":"https:\/\/staging.varesenews.it\/2017\/08\/sasso-contro-lauto-parcheggiata-alla-schiranna\/643146\/","name":"Sasso contro l'auto parcheggiata alla Schiranna","isPartOf":{"@id":"https:\/\/staging.varesenews.it\/#website"},"datePublished":"2017-08-04T13:32:45+00:00","dateModified":"2017-08-04T13:46:32+00:00","author":{"@id":"https:\/\/staging.varesenews.it\/#\/schema\/person\/58fbd3e567d5c00f0a64d5137fef3e68"},"description":"E' accaduto ad una donna e lo ha raccontato nel nostro gruppo Oggi nel Varesotto: la grossa pietra ha mandato in frantumi il vetro posteriore della macchina","breadcrumb":{"@id":"https:\/\/staging.varesenews.it\/2017\/08\/sasso-contro-lauto-parcheggiata-alla-schiranna\/643146\/#breadcrumb"},"inLanguage":"it-IT","potentialAction":[{"@type":"ReadAction","target":["https:\/\/staging.varesenews.it\/2017\/08\/sasso-contro-lauto-parcheggiata-alla-schiranna\/643146\/"]}]},{"@type":"BreadcrumbList","@id":"https:\/\/staging.varesenews.it\/2017\/08\/sasso-contro-lauto-parcheggiata-alla-schiranna\/643146\/#breadcrumb","itemListElement":[{"@type":"ListItem","position":1,"name":"Home","item":"https:\/\/www.varesenews.it\/"},{"@type":"ListItem","position":2,"name":"Sasso contro l&#8217;auto parcheggiata alla Schiranna"}]},{"@type":"WebSite","@id":"https:\/\/staging.varesenews.it\/#website","url":"https:\/\/staging.varesenews.it\/","name":"VareseNews","description":"","potentialAction":[{"@type":"SearchAction","target":{"@type":"EntryPoint","urlTemplate":"https:\/\/staging.varesenews.it\/?s={search_term_string}"},"query-input":"required name=search_term_string"}],"inLanguage":"it-IT"},{"@type":"Person","@id":"https:\/\/staging.varesenews.it\/#\/schema\/person\/58fbd3e567d5c00f0a64d5137fef3e68","name":"Roberta Bertolini","image":{"@type":"ImageObject","inLanguage":"it-IT","@id":"https:\/\/staging.varesenews.it\/#\/schema\/person\/image\/","url":"https:\/\/staging.varesenews.it\/wp-content\/uploads\/2020\/12\/roberta_bertolini_colori_500.jpg","contentUrl":"https:\/\/staging.varesenews.it\/wp-content\/uploads\/2020\/12\/roberta_bertolini_colori_500.jpg","caption":"Roberta Bertolini"},"description":"Giornalista professionista dal 1991, sono passata, ormai molti anni fa, dalla carta al web. Oggi mi occupo di cronaca locale e guardo con curiosit&agrave; ed attenzione il mondo dei social. Parlo poco, ascolto molto.","sameAs":["https:\/\/www.facebook.com\/roberta.bertolini.9","bettabertolini","https:\/\/www.linkedin.com\/hp\/?dnr=v9e-Gp7a6_oxqTuQyZA0Lf4aEi4t91g6wMH","https:\/\/twitter.com\/robybertolini"],"url":"https:\/\/staging.varesenews.it\/persona\/roberta-bertolini1\/"}]}},"post_meta":{"_edit_lock":"1501855614:49","_edit_last":"49","_category_permalink":"","wdfb_og_title":"","wdfb_og_type":"","wdfb_og_description":"","wdfb_og_images":"a:1:{i:0;s:0:\"\";}","wdfb_og_custom_name":"a:1:{i:0;s:0:\"\";}","wdfb_og_custom_value":"a:1:{i:0;s:0:\"\";}","_jd_twitter":"","_jd_tweet_this":"yes","firma_come_redazione":"1","argomento":"Varese","foto":"625814","ratings_users":"0","ratings_score":"0","ratings_average":"0","_wpt_short_url":"http:\/\/www.varesenews.it\/2017\/08\/sasso-contro-lauto-parcheggiata-alla-schiranna\/643146\/","_wp_jd_target":"http:\/\/www.varesenews.it\/2017\/08\/sasso-contro-lauto-parcheggiata-alla-schiranna\/643146\/","_jd_wp_twitter":"a:1:{i:0;s:161:\"Sasso contro l'auto parcheggiata alla Schiranna http:\/\/www.varesenews.it\/2017\/08\/sasso-contro-lauto-parcheggiata-alla-schiranna\/643146\/ #auto #sassata #schiranna\";}","_wpt_status_message":"Tweet inviato con successo."},"photos":[{"original":"https:\/\/staging.varesenews.it\/photogallery_new\/images\/2017\/08\/avarie-625814.jpg","full":"https:\/\/staging.varesenews.it\/photogallery_new\/images\/2017\/08\/avarie-625814.1024x768.jpg","large":"https:\/\/staging.varesenews.it\/photogallery_new\/images\/2017\/08\/avarie-625814.610x431.jpg"}],"_links":{"self":[{"href":"https:\/\/staging.varesenews.it\/swgapi\/v1\/wp\/v2\/posts\/643146"}],"collection":[{"href":"https:\/\/staging.varesenews.it\/swgapi\/v1\/wp\/v2\/posts"}],"about":[{"href":"https:\/\/staging.varesenews.it\/swgapi\/v1\/wp\/v2\/types\/post"}],"author":[{"embeddable":true,"href":"https:\/\/staging.varesenews.it\/swgapi\/v1\/wp\/v2\/users\/49"}],"replies":[{"embeddable":true,"href":"https:\/\/staging.varesenews.it\/swgapi\/v1\/wp\/v2\/comments?post=643146"}],"version-history":[{"count":0,"href":"https:\/\/staging.varesenews.it\/swgapi\/v1\/wp\/v2\/posts\/643146\/revisions"}],"wp:attachment":[{"href":"https:\/\/staging.varesenews.it\/swgapi\/v1\/wp\/v2\/media?parent=643146"}],"wp:term":[{"taxonomy":"category","embeddable":true,"href":"https:\/\/staging.varesenews.it\/swgapi\/v1\/wp\/v2\/categories?post=643146"},{"taxonomy":"post_tag","embeddable":true,"href":"https:\/\/staging.varesenews.it\/swgapi\/v1\/wp\/v2\/tags?post=643146"}],"curies":[{"name":"wp","href":"https:\/\/api.w.org\/{rel}","templated":true}]}}