{"id":643500,"date":"2017-08-07T10:29:42","date_gmt":"2017-08-07T08:29:42","guid":{"rendered":"http:\/\/www.varesenews.it\/?p=643500"},"modified":"2017-08-07T12:45:10","modified_gmt":"2017-08-07T10:45:10","slug":"due-amichevoli-in-una-settimana-per-il-varese","status":"publish","type":"post","link":"https:\/\/staging.varesenews.it\/2017\/08\/due-amichevoli-in-una-settimana-per-il-varese\/643500\/","title":{"rendered":"Due amichevoli in una settimana per il Varese"},"content":{"rendered":"<p>Prosegue la preparazione del <strong>Varese Calcio,<\/strong> che dopo il luned\u00ec libero si trasferir\u00e0 al <strong>centro sportivo di Morazzone<\/strong>, dove lavorer\u00e0 tutta la settimana.<\/p>\n<p>In campo al pomeriggio marted\u00ec dalle ore 15, doppia seduta mercoled\u00ec, <strong>gioved\u00ec 10 agosto alle ore 17.00 amichevole contro il Cerano,<\/strong> squadra di Eccellenza della provincia di Novara.<\/p>\n<p>Venerd\u00ec in campo ancora al pomeriggio, sabato ancora seduta doppia, prima di <strong>domenica 13 quando alle ore 17 sar\u00e0 ospite dei biancorossi il Verbano,<\/strong> che anche quest\u2019anno parteciper\u00e0 al campionato di Eccellenza con ambizione.<\/p>\n<p>Intanto sul mercato si aspettano le ultime firme. Sembra ad un passo il ritorno del centrocampista classe 1997 <strong>Federico Zazzi,<\/strong> mentre dal Cagliari potrebbe arrivare il portiere nato nel 1999 <strong>Mirko Bizzi,<\/strong> 13 presenze lo scorso anno con la Primavera sarda.<\/p>\n","protected":false},"excerpt":{"rendered":"<p>Settimana di allenamenti a Morazzone. Gioved\u00ec il Cerano, domenica il Verbano. In arrivo Zazzi e Bizzi<\/p>\n","protected":false},"author":37,"featured_media":0,"comment_status":"open","ping_status":"open","sticky":false,"template":"","format":"standard","meta":{"footnotes":""},"categories":[14],"tags":[144,9192],"acf":[],"yoast_head":"<!-- This site is optimized with the Yoast SEO plugin v20.1 - https:\/\/yoast.com\/wordpress\/plugins\/seo\/ -->\n<title>Due amichevoli in una settimana per il Varese<\/title>\n<meta name=\"description\" content=\"Settimana di allenamenti a Morazzone. Gioved\u00ec il Cerano, domenica il Verbano. In arrivo Zazzi e Bizzi\" \/>\n<meta name=\"robots\" content=\"noindex, follow, max-snippet:-1, max-image-preview:large, max-video-preview:-1\" \/>\n<meta property=\"og:locale\" content=\"it_IT\" \/>\n<meta property=\"og:type\" content=\"article\" \/>\n<meta property=\"og:title\" content=\"Due amichevoli in una settimana per il Varese\" \/>\n<meta property=\"og:description\" content=\"Settimana di allenamenti a Morazzone. Gioved\u00ec il Cerano, domenica il Verbano. In arrivo Zazzi e Bizzi\" \/>\n<meta property=\"og:url\" content=\"https:\/\/staging.varesenews.it\/2017\/08\/due-amichevoli-in-una-settimana-per-il-varese\/643500\/\" \/>\n<meta property=\"og:site_name\" content=\"VareseNews\" \/>\n<meta property=\"article:publisher\" content=\"https:\/\/www.facebook.com\/varesenews\" \/>\n<meta property=\"article:published_time\" content=\"2017-08-07T08:29:42+00:00\" \/>\n<meta property=\"article:modified_time\" content=\"2017-08-07T10:45:10+00:00\" \/>\n<meta name=\"author\" content=\"Francesco Mazzoleni\" \/>\n<meta name=\"twitter:card\" content=\"summary_large_image\" \/>\n<meta name=\"twitter:creator\" content=\"@fmazzof\" \/>\n<meta name=\"twitter:site\" content=\"@varesenews\" \/>\n<meta name=\"twitter:label1\" content=\"Scritto da\" \/>\n\t<meta name=\"twitter:data1\" content=\"Francesco Mazzoleni\" \/>\n\t<meta name=\"twitter:label2\" content=\"Tempo di lettura stimato\" \/>\n\t<meta name=\"twitter:data2\" content=\"1 minuto\" \/>\n<script type=\"application\/ld+json\" class=\"yoast-schema-graph\">{\"@context\":\"https:\/\/schema.org\",\"@graph\":[{\"@type\":\"WebPage\",\"@id\":\"https:\/\/staging.varesenews.it\/2017\/08\/due-amichevoli-in-una-settimana-per-il-varese\/643500\/\",\"url\":\"https:\/\/staging.varesenews.it\/2017\/08\/due-amichevoli-in-una-settimana-per-il-varese\/643500\/\",\"name\":\"Due amichevoli in una settimana per il Varese\",\"isPartOf\":{\"@id\":\"https:\/\/staging.varesenews.it\/#website\"},\"datePublished\":\"2017-08-07T08:29:42+00:00\",\"dateModified\":\"2017-08-07T10:45:10+00:00\",\"author\":{\"@id\":\"https:\/\/staging.varesenews.it\/#\/schema\/person\/e82236e79160d30d4e1f942004ac3038\"},\"description\":\"Settimana di allenamenti a Morazzone. Gioved\u00ec il Cerano, domenica il Verbano. In arrivo Zazzi e Bizzi\",\"breadcrumb\":{\"@id\":\"https:\/\/staging.varesenews.it\/2017\/08\/due-amichevoli-in-una-settimana-per-il-varese\/643500\/#breadcrumb\"},\"inLanguage\":\"it-IT\",\"potentialAction\":[{\"@type\":\"ReadAction\",\"target\":[\"https:\/\/staging.varesenews.it\/2017\/08\/due-amichevoli-in-una-settimana-per-il-varese\/643500\/\"]}]},{\"@type\":\"BreadcrumbList\",\"@id\":\"https:\/\/staging.varesenews.it\/2017\/08\/due-amichevoli-in-una-settimana-per-il-varese\/643500\/#breadcrumb\",\"itemListElement\":[{\"@type\":\"ListItem\",\"position\":1,\"name\":\"Home\",\"item\":\"https:\/\/www.varesenews.it\/\"},{\"@type\":\"ListItem\",\"position\":2,\"name\":\"Due amichevoli in una settimana per il Varese\"}]},{\"@type\":\"WebSite\",\"@id\":\"https:\/\/staging.varesenews.it\/#website\",\"url\":\"https:\/\/staging.varesenews.it\/\",\"name\":\"VareseNews\",\"description\":\"\",\"potentialAction\":[{\"@type\":\"SearchAction\",\"target\":{\"@type\":\"EntryPoint\",\"urlTemplate\":\"https:\/\/staging.varesenews.it\/?s={search_term_string}\"},\"query-input\":\"required name=search_term_string\"}],\"inLanguage\":\"it-IT\"},{\"@type\":\"Person\",\"@id\":\"https:\/\/staging.varesenews.it\/#\/schema\/person\/e82236e79160d30d4e1f942004ac3038\",\"name\":\"Francesco Mazzoleni\",\"image\":{\"@type\":\"ImageObject\",\"inLanguage\":\"it-IT\",\"@id\":\"https:\/\/staging.varesenews.it\/#\/schema\/person\/image\/\",\"url\":\"https:\/\/staging.varesenews.it\/wp-content\/uploads\/2020\/12\/francesco_mazzoleni_colori_500-1.jpg\",\"contentUrl\":\"https:\/\/staging.varesenews.it\/wp-content\/uploads\/2020\/12\/francesco_mazzoleni_colori_500-1.jpg\",\"caption\":\"Francesco Mazzoleni\"},\"description\":\"\\\"Uomo di campo\\\" della redazione sportiva. Nutro una vera passione per il calcio, che sia ad alti livelli, sui campi di provincia o in altri continenti. Sono nato a Varese nel 1984, vivo da sempre a Malnate e ho una laurea in Scienze Motorie. Ho mosso i primi passi a VareseNews da stagista nel 2002; nel 2008 ho iniziato a collaborare con maggiore continuit\u00e0 e dal 2018 sono giornalista professionista. Orgoglioso pap\u00e0 di Federico e Adelaide.\",\"sameAs\":[\"fmazzof\",\"it.linkedin.com\/in\/francescomazzolenif\",\"https:\/\/twitter.com\/fmazzof\"],\"url\":\"https:\/\/staging.varesenews.it\/persona\/francesco_mazzoleniferracini\/\"}]}<\/script>\n<!-- \/ Yoast SEO plugin. -->","yoast_head_json":{"title":"Due amichevoli in una settimana per il Varese","description":"Settimana di allenamenti a Morazzone. Gioved\u00ec il Cerano, domenica il Verbano. In arrivo Zazzi e Bizzi","robots":{"index":"noindex","follow":"follow","max-snippet":"max-snippet:-1","max-image-preview":"max-image-preview:large","max-video-preview":"max-video-preview:-1"},"og_locale":"it_IT","og_type":"article","og_title":"Due amichevoli in una settimana per il Varese","og_description":"Settimana di allenamenti a Morazzone. Gioved\u00ec il Cerano, domenica il Verbano. In arrivo Zazzi e Bizzi","og_url":"https:\/\/staging.varesenews.it\/2017\/08\/due-amichevoli-in-una-settimana-per-il-varese\/643500\/","og_site_name":"VareseNews","article_publisher":"https:\/\/www.facebook.com\/varesenews","article_published_time":"2017-08-07T08:29:42+00:00","article_modified_time":"2017-08-07T10:45:10+00:00","author":"Francesco Mazzoleni","twitter_card":"summary_large_image","twitter_creator":"@fmazzof","twitter_site":"@varesenews","twitter_misc":{"Scritto da":"Francesco Mazzoleni","Tempo di lettura stimato":"1 minuto"},"schema":{"@context":"https:\/\/schema.org","@graph":[{"@type":"WebPage","@id":"https:\/\/staging.varesenews.it\/2017\/08\/due-amichevoli-in-una-settimana-per-il-varese\/643500\/","url":"https:\/\/staging.varesenews.it\/2017\/08\/due-amichevoli-in-una-settimana-per-il-varese\/643500\/","name":"Due amichevoli in una settimana per il Varese","isPartOf":{"@id":"https:\/\/staging.varesenews.it\/#website"},"datePublished":"2017-08-07T08:29:42+00:00","dateModified":"2017-08-07T10:45:10+00:00","author":{"@id":"https:\/\/staging.varesenews.it\/#\/schema\/person\/e82236e79160d30d4e1f942004ac3038"},"description":"Settimana di allenamenti a Morazzone. Gioved\u00ec il Cerano, domenica il Verbano. In arrivo Zazzi e Bizzi","breadcrumb":{"@id":"https:\/\/staging.varesenews.it\/2017\/08\/due-amichevoli-in-una-settimana-per-il-varese\/643500\/#breadcrumb"},"inLanguage":"it-IT","potentialAction":[{"@type":"ReadAction","target":["https:\/\/staging.varesenews.it\/2017\/08\/due-amichevoli-in-una-settimana-per-il-varese\/643500\/"]}]},{"@type":"BreadcrumbList","@id":"https:\/\/staging.varesenews.it\/2017\/08\/due-amichevoli-in-una-settimana-per-il-varese\/643500\/#breadcrumb","itemListElement":[{"@type":"ListItem","position":1,"name":"Home","item":"https:\/\/www.varesenews.it\/"},{"@type":"ListItem","position":2,"name":"Due amichevoli in una settimana per il Varese"}]},{"@type":"WebSite","@id":"https:\/\/staging.varesenews.it\/#website","url":"https:\/\/staging.varesenews.it\/","name":"VareseNews","description":"","potentialAction":[{"@type":"SearchAction","target":{"@type":"EntryPoint","urlTemplate":"https:\/\/staging.varesenews.it\/?s={search_term_string}"},"query-input":"required name=search_term_string"}],"inLanguage":"it-IT"},{"@type":"Person","@id":"https:\/\/staging.varesenews.it\/#\/schema\/person\/e82236e79160d30d4e1f942004ac3038","name":"Francesco Mazzoleni","image":{"@type":"ImageObject","inLanguage":"it-IT","@id":"https:\/\/staging.varesenews.it\/#\/schema\/person\/image\/","url":"https:\/\/staging.varesenews.it\/wp-content\/uploads\/2020\/12\/francesco_mazzoleni_colori_500-1.jpg","contentUrl":"https:\/\/staging.varesenews.it\/wp-content\/uploads\/2020\/12\/francesco_mazzoleni_colori_500-1.jpg","caption":"Francesco Mazzoleni"},"description":"\"Uomo di campo\" della redazione sportiva. Nutro una vera passione per il calcio, che sia ad alti livelli, sui campi di provincia o in altri continenti. Sono nato a Varese nel 1984, vivo da sempre a Malnate e ho una laurea in Scienze Motorie. Ho mosso i primi passi a VareseNews da stagista nel 2002; nel 2008 ho iniziato a collaborare con maggiore continuit\u00e0 e dal 2018 sono giornalista professionista. Orgoglioso pap\u00e0 di Federico e Adelaide.","sameAs":["fmazzof","it.linkedin.com\/in\/francescomazzolenif","https:\/\/twitter.com\/fmazzof"],"url":"https:\/\/staging.varesenews.it\/persona\/francesco_mazzoleniferracini\/"}]}},"post_meta":{"_edit_lock":"1502109601:37","_edit_last":"37","_category_permalink":"14","ratings_users":"0","ratings_score":"0","ratings_average":"0","wdfb_og_title":"","wdfb_og_type":"","wdfb_og_description":"","wdfb_og_images":"a:1:{i:0;s:0:\"\";}","wdfb_og_custom_name":"a:1:{i:0;s:0:\"\";}","wdfb_og_custom_value":"a:1:{i:0;s:0:\"\";}","id_leggi_anche":"643189,638585,643879","foto":"624682","firma_come_redazione":"1","argomento":"Calcio","_yoast_wpseo_focuskw":"varese","_jd_twitter":"","_jd_tweet_this":"yes","_wpt_short_url":"http:\/\/www.varesenews.it\/2017\/08\/due-amichevoli-in-una-settimana-per-il-varese\/643500\/","_wp_jd_target":"http:\/\/www.varesenews.it\/2017\/08\/due-amichevoli-in-una-settimana-per-il-varese\/643500\/","_jd_wp_twitter":"a:1:{i:0;s:154:\"Due amichevoli in una settimana per il Varese http:\/\/www.varesenews.it\/2017\/08\/due-amichevoli-in-una-settimana-per-il-varese\/643500\/ #calcio #varesecalcio\";}","_wpt_status_message":"Tweet inviato con successo.","_yoast_wpseo_linkdex":"50"},"photos":[{"original":"https:\/\/staging.varesenews.it\/photogallery_new\/images\/2017\/07\/salvatore-iacolino-varese-calcio-624682.jpg","full":"https:\/\/staging.varesenews.it\/photogallery_new\/images\/2017\/07\/salvatore-iacolino-varese-calcio-624682.1024x768.jpg","large":"https:\/\/staging.varesenews.it\/photogallery_new\/images\/2017\/07\/salvatore-iacolino-varese-calcio-624682.610x431.jpg"}],"_links":{"self":[{"href":"https:\/\/staging.varesenews.it\/swgapi\/v1\/wp\/v2\/posts\/643500"}],"collection":[{"href":"https:\/\/staging.varesenews.it\/swgapi\/v1\/wp\/v2\/posts"}],"about":[{"href":"https:\/\/staging.varesenews.it\/swgapi\/v1\/wp\/v2\/types\/post"}],"author":[{"embeddable":true,"href":"https:\/\/staging.varesenews.it\/swgapi\/v1\/wp\/v2\/users\/37"}],"replies":[{"embeddable":true,"href":"https:\/\/staging.varesenews.it\/swgapi\/v1\/wp\/v2\/comments?post=643500"}],"version-history":[{"count":0,"href":"https:\/\/staging.varesenews.it\/swgapi\/v1\/wp\/v2\/posts\/643500\/revisions"}],"wp:attachment":[{"href":"https:\/\/staging.varesenews.it\/swgapi\/v1\/wp\/v2\/media?parent=643500"}],"wp:term":[{"taxonomy":"category","embeddable":true,"href":"https:\/\/staging.varesenews.it\/swgapi\/v1\/wp\/v2\/categories?post=643500"},{"taxonomy":"post_tag","embeddable":true,"href":"https:\/\/staging.varesenews.it\/swgapi\/v1\/wp\/v2\/tags?post=643500"}],"curies":[{"name":"wp","href":"https:\/\/api.w.org\/{rel}","templated":true}]}}