{"id":643601,"date":"2017-08-07T16:00:09","date_gmt":"2017-08-07T14:00:09","guid":{"rendered":"http:\/\/www.varesenews.it\/?p=643601"},"modified":"2017-08-07T16:00:09","modified_gmt":"2017-08-07T14:00:09","slug":"la-protezione-civile-cerca-nuove-forze","status":"publish","type":"post","link":"https:\/\/staging.varesenews.it\/2017\/08\/la-protezione-civile-cerca-nuove-forze\/643601\/","title":{"rendered":"La Protezione Civile cerca nuove forze"},"content":{"rendered":"<p><strong>La Protezione Civile di Azzate cerca nuovi volontari<\/strong>. L&#8217;appello \u00e8 stato pubblicato sull&#8217;ultimo numero dell&#8217;informatore comunale ma \u00e8 solo l&#8217;ultimo &#8220;richiamo&#8221; di una serie caduta nel vuoto.<\/p>\n<p>&#8220;Nonostante la campagna promozionale che stiamo conducendo ormai da un paio di mesi \u00a0non siamo ancora riusciti a trovare persona che voglia far parte della squadra comunale di Protezione Civile&#8221;, si legge sul giornalino.<\/p>\n<p>&#8220;Abbiamo bisogno di rinnovare alcune posizioni e di ampliare il nostro organico che <strong>attualmente \u00e8 composto da dieci persone<\/strong> (nella foto un vecchio scatto con tutti i componenti del gruppo, in prima fila\u00a0<a href=\"http:\/\/www.varesenews.it\/2016\/09\/addio-al-pugile-buono-che-faceva-attraversare-i-bambini\/554009\/\" target=\"_blank\">Gianni Capretti <\/a>scomparso lo scorso settembre)\u00a0. Ricordiamo che la Protezione Civile riveste un ruolo molto importante per la gestione delle emergenze ed \u00e8 molto utile alla comunit\u00e0 anche al di fuori delle calamit\u00e0 e delle situazioni di pericolo&#8221;.<\/p>\n<h3><strong>COSA OCCORRE PER DIVENTARE VOLONTARIO<\/strong><\/h3>\n<p>Si cercano persone con questi requisiti:<\/p>\n<p>et\u00e0 18-60 anni, buona salute, dimestichezza con le attivit\u00e0 manuali, patente di guida, attitudine a lavorare in squadra, disponibilit\u00e0 di tempo, e voglia di metterlo a disposizione per questa attivit\u00e0.<br \/>\nL&#8217;amministrazione comunale si far\u00e0 carico del vestiario, dei dispositivi di protezione individuali, delle visite mediche e dell&#8217;assicurazione. Chi decider\u00e0 di aderire quindi non avr\u00e0 spese personali.<br \/>\nLe attivit\u00e0 si svolgono fuori dagli orari di lavoro salvo, naturalmente, in caso di emergenza; in tal caso per chi ha un lavoro o un&#8217;attivit\u00e0 artigianale sono previsti rimborsi per le giornate di lavoro &#8220;perse&#8221; e per le spese sostenute.<\/p>\n<h3><strong>CHI CONTATTARE<\/strong><\/h3>\n<p><strong>Per informazioni rivolgersi al coordinatore dei volontari di Azzate Lorenzo Gussoni al numero 346 6760767<\/strong><\/p>\n","protected":false},"excerpt":{"rendered":"<p>Il gruppo composto da dieci volontari ha bisogno di persone disposte a mettere a disposizione il proprio tempo per il paese. &#8220;Fino ad oggi appelli caduti nel vuoto, ma siamo fiduciosi&#8221;<\/p>\n","protected":false},"author":49,"featured_media":0,"comment_status":"open","ping_status":"open","sticky":false,"template":"","format":"standard","meta":{"footnotes":""},"categories":[2],"tags":[41633,796,4730],"acf":[],"yoast_head":"<!-- This site is optimized with the Yoast SEO plugin v20.1 - https:\/\/yoast.com\/wordpress\/plugins\/seo\/ -->\n<title>La Protezione Civile cerca nuove forze<\/title>\n<meta name=\"description\" content=\"Il gruppo composto da dieci volontari ha bisogno di persone disposte a mettere a disposizione il proprio tempo per il paese. &quot;Fino ad oggi appelli caduti nel vuoto, ma siamo fiduciosi&quot;\" \/>\n<meta name=\"robots\" content=\"noindex, follow, max-snippet:-1, max-image-preview:large, max-video-preview:-1\" \/>\n<meta property=\"og:locale\" content=\"it_IT\" \/>\n<meta property=\"og:type\" content=\"article\" \/>\n<meta property=\"og:title\" content=\"La Protezione Civile cerca nuove forze\" \/>\n<meta property=\"og:description\" content=\"Il gruppo composto da dieci volontari ha bisogno di persone disposte a mettere a disposizione il proprio tempo per il paese. &quot;Fino ad oggi appelli caduti nel vuoto, ma siamo fiduciosi&quot;\" \/>\n<meta property=\"og:url\" content=\"https:\/\/staging.varesenews.it\/2017\/08\/la-protezione-civile-cerca-nuove-forze\/643601\/\" \/>\n<meta property=\"og:site_name\" content=\"VareseNews\" \/>\n<meta property=\"article:publisher\" content=\"https:\/\/www.facebook.com\/varesenews\" \/>\n<meta property=\"article:author\" content=\"https:\/\/www.facebook.com\/roberta.bertolini.9\" \/>\n<meta property=\"article:published_time\" content=\"2017-08-07T14:00:09+00:00\" \/>\n<meta name=\"author\" content=\"Roberta Bertolini\" \/>\n<meta name=\"twitter:card\" content=\"summary_large_image\" \/>\n<meta name=\"twitter:creator\" content=\"@robybertolini\" \/>\n<meta name=\"twitter:site\" content=\"@varesenews\" \/>\n<meta name=\"twitter:label1\" content=\"Scritto da\" \/>\n\t<meta name=\"twitter:data1\" content=\"Roberta Bertolini\" \/>\n\t<meta name=\"twitter:label2\" content=\"Tempo di lettura stimato\" \/>\n\t<meta name=\"twitter:data2\" content=\"1 minuto\" \/>\n<script type=\"application\/ld+json\" class=\"yoast-schema-graph\">{\"@context\":\"https:\/\/schema.org\",\"@graph\":[{\"@type\":\"WebPage\",\"@id\":\"https:\/\/staging.varesenews.it\/2017\/08\/la-protezione-civile-cerca-nuove-forze\/643601\/\",\"url\":\"https:\/\/staging.varesenews.it\/2017\/08\/la-protezione-civile-cerca-nuove-forze\/643601\/\",\"name\":\"La Protezione Civile cerca nuove forze\",\"isPartOf\":{\"@id\":\"https:\/\/staging.varesenews.it\/#website\"},\"datePublished\":\"2017-08-07T14:00:09+00:00\",\"dateModified\":\"2017-08-07T14:00:09+00:00\",\"author\":{\"@id\":\"https:\/\/staging.varesenews.it\/#\/schema\/person\/58fbd3e567d5c00f0a64d5137fef3e68\"},\"description\":\"Il gruppo composto da dieci volontari ha bisogno di persone disposte a mettere a disposizione il proprio tempo per il paese. \\\"Fino ad oggi appelli caduti nel vuoto, ma siamo fiduciosi\\\"\",\"breadcrumb\":{\"@id\":\"https:\/\/staging.varesenews.it\/2017\/08\/la-protezione-civile-cerca-nuove-forze\/643601\/#breadcrumb\"},\"inLanguage\":\"it-IT\",\"potentialAction\":[{\"@type\":\"ReadAction\",\"target\":[\"https:\/\/staging.varesenews.it\/2017\/08\/la-protezione-civile-cerca-nuove-forze\/643601\/\"]}]},{\"@type\":\"BreadcrumbList\",\"@id\":\"https:\/\/staging.varesenews.it\/2017\/08\/la-protezione-civile-cerca-nuove-forze\/643601\/#breadcrumb\",\"itemListElement\":[{\"@type\":\"ListItem\",\"position\":1,\"name\":\"Home\",\"item\":\"https:\/\/www.varesenews.it\/\"},{\"@type\":\"ListItem\",\"position\":2,\"name\":\"La Protezione Civile cerca nuove forze\"}]},{\"@type\":\"WebSite\",\"@id\":\"https:\/\/staging.varesenews.it\/#website\",\"url\":\"https:\/\/staging.varesenews.it\/\",\"name\":\"VareseNews\",\"description\":\"\",\"potentialAction\":[{\"@type\":\"SearchAction\",\"target\":{\"@type\":\"EntryPoint\",\"urlTemplate\":\"https:\/\/staging.varesenews.it\/?s={search_term_string}\"},\"query-input\":\"required name=search_term_string\"}],\"inLanguage\":\"it-IT\"},{\"@type\":\"Person\",\"@id\":\"https:\/\/staging.varesenews.it\/#\/schema\/person\/58fbd3e567d5c00f0a64d5137fef3e68\",\"name\":\"Roberta Bertolini\",\"image\":{\"@type\":\"ImageObject\",\"inLanguage\":\"it-IT\",\"@id\":\"https:\/\/staging.varesenews.it\/#\/schema\/person\/image\/\",\"url\":\"https:\/\/staging.varesenews.it\/wp-content\/uploads\/2020\/12\/roberta_bertolini_colori_500.jpg\",\"contentUrl\":\"https:\/\/staging.varesenews.it\/wp-content\/uploads\/2020\/12\/roberta_bertolini_colori_500.jpg\",\"caption\":\"Roberta Bertolini\"},\"description\":\"Giornalista professionista dal 1991, sono passata, ormai molti anni fa, dalla carta al web. Oggi mi occupo di cronaca locale e guardo con curiosit&agrave; ed attenzione il mondo dei social. Parlo poco, ascolto molto.\",\"sameAs\":[\"https:\/\/www.facebook.com\/roberta.bertolini.9\",\"bettabertolini\",\"https:\/\/www.linkedin.com\/hp\/?dnr=v9e-Gp7a6_oxqTuQyZA0Lf4aEi4t91g6wMH\",\"https:\/\/twitter.com\/robybertolini\"],\"url\":\"https:\/\/staging.varesenews.it\/persona\/roberta-bertolini1\/\"}]}<\/script>\n<!-- \/ Yoast SEO plugin. -->","yoast_head_json":{"title":"La Protezione Civile cerca nuove forze","description":"Il gruppo composto da dieci volontari ha bisogno di persone disposte a mettere a disposizione il proprio tempo per il paese. \"Fino ad oggi appelli caduti nel vuoto, ma siamo fiduciosi\"","robots":{"index":"noindex","follow":"follow","max-snippet":"max-snippet:-1","max-image-preview":"max-image-preview:large","max-video-preview":"max-video-preview:-1"},"og_locale":"it_IT","og_type":"article","og_title":"La Protezione Civile cerca nuove forze","og_description":"Il gruppo composto da dieci volontari ha bisogno di persone disposte a mettere a disposizione il proprio tempo per il paese. \"Fino ad oggi appelli caduti nel vuoto, ma siamo fiduciosi\"","og_url":"https:\/\/staging.varesenews.it\/2017\/08\/la-protezione-civile-cerca-nuove-forze\/643601\/","og_site_name":"VareseNews","article_publisher":"https:\/\/www.facebook.com\/varesenews","article_author":"https:\/\/www.facebook.com\/roberta.bertolini.9","article_published_time":"2017-08-07T14:00:09+00:00","author":"Roberta Bertolini","twitter_card":"summary_large_image","twitter_creator":"@robybertolini","twitter_site":"@varesenews","twitter_misc":{"Scritto da":"Roberta Bertolini","Tempo di lettura stimato":"1 minuto"},"schema":{"@context":"https:\/\/schema.org","@graph":[{"@type":"WebPage","@id":"https:\/\/staging.varesenews.it\/2017\/08\/la-protezione-civile-cerca-nuove-forze\/643601\/","url":"https:\/\/staging.varesenews.it\/2017\/08\/la-protezione-civile-cerca-nuove-forze\/643601\/","name":"La Protezione Civile cerca nuove forze","isPartOf":{"@id":"https:\/\/staging.varesenews.it\/#website"},"datePublished":"2017-08-07T14:00:09+00:00","dateModified":"2017-08-07T14:00:09+00:00","author":{"@id":"https:\/\/staging.varesenews.it\/#\/schema\/person\/58fbd3e567d5c00f0a64d5137fef3e68"},"description":"Il gruppo composto da dieci volontari ha bisogno di persone disposte a mettere a disposizione il proprio tempo per il paese. \"Fino ad oggi appelli caduti nel vuoto, ma siamo fiduciosi\"","breadcrumb":{"@id":"https:\/\/staging.varesenews.it\/2017\/08\/la-protezione-civile-cerca-nuove-forze\/643601\/#breadcrumb"},"inLanguage":"it-IT","potentialAction":[{"@type":"ReadAction","target":["https:\/\/staging.varesenews.it\/2017\/08\/la-protezione-civile-cerca-nuove-forze\/643601\/"]}]},{"@type":"BreadcrumbList","@id":"https:\/\/staging.varesenews.it\/2017\/08\/la-protezione-civile-cerca-nuove-forze\/643601\/#breadcrumb","itemListElement":[{"@type":"ListItem","position":1,"name":"Home","item":"https:\/\/www.varesenews.it\/"},{"@type":"ListItem","position":2,"name":"La Protezione Civile cerca nuove forze"}]},{"@type":"WebSite","@id":"https:\/\/staging.varesenews.it\/#website","url":"https:\/\/staging.varesenews.it\/","name":"VareseNews","description":"","potentialAction":[{"@type":"SearchAction","target":{"@type":"EntryPoint","urlTemplate":"https:\/\/staging.varesenews.it\/?s={search_term_string}"},"query-input":"required name=search_term_string"}],"inLanguage":"it-IT"},{"@type":"Person","@id":"https:\/\/staging.varesenews.it\/#\/schema\/person\/58fbd3e567d5c00f0a64d5137fef3e68","name":"Roberta Bertolini","image":{"@type":"ImageObject","inLanguage":"it-IT","@id":"https:\/\/staging.varesenews.it\/#\/schema\/person\/image\/","url":"https:\/\/staging.varesenews.it\/wp-content\/uploads\/2020\/12\/roberta_bertolini_colori_500.jpg","contentUrl":"https:\/\/staging.varesenews.it\/wp-content\/uploads\/2020\/12\/roberta_bertolini_colori_500.jpg","caption":"Roberta Bertolini"},"description":"Giornalista professionista dal 1991, sono passata, ormai molti anni fa, dalla carta al web. Oggi mi occupo di cronaca locale e guardo con curiosit&agrave; ed attenzione il mondo dei social. Parlo poco, ascolto molto.","sameAs":["https:\/\/www.facebook.com\/roberta.bertolini.9","bettabertolini","https:\/\/www.linkedin.com\/hp\/?dnr=v9e-Gp7a6_oxqTuQyZA0Lf4aEi4t91g6wMH","https:\/\/twitter.com\/robybertolini"],"url":"https:\/\/staging.varesenews.it\/persona\/roberta-bertolini1\/"}]}},"post_meta":{"_edit_lock":"1502114414:49","_edit_last":"49","_category_permalink":"","wdfb_og_title":"","wdfb_og_type":"","wdfb_og_description":"","wdfb_og_images":"a:1:{i:0;s:0:\"\";}","wdfb_og_custom_name":"a:1:{i:0;s:0:\"\";}","wdfb_og_custom_value":"a:1:{i:0;s:0:\"\";}","foto":"230388","_jd_twitter":"","_jd_tweet_this":"yes","firma_come_redazione":"1","argomento":"Azzate","ratings_users":"0","ratings_score":"0","ratings_average":"0","_wpt_short_url":"http:\/\/www.varesenews.it\/2017\/08\/la-protezione-civile-cerca-nuove-forze\/643601\/","_wp_jd_target":"http:\/\/www.varesenews.it\/2017\/08\/la-protezione-civile-cerca-nuove-forze\/643601\/","_jd_wp_twitter":"a:1:{i:0;s:137:\"La Protezione Civile cerca nuove forze http:\/\/www.varesenews.it\/2017\/08\/la-protezione-civile-cerca-nuove-forze\/643601\/ #azzate #volontari\";}","_wpt_status_message":"Tweet inviato con successo."},"photos":[{"original":"https:\/\/staging.varesenews.it\/photogallery_new\/images\/2011\/12\/la-protezione-civile-di-azzate-inserita-in-galleria-230388.jpg","full":"https:\/\/staging.varesenews.it\/photogallery_new\/images\/2011\/12\/la-protezione-civile-di-azzate-inserita-in-galleria-230388.1024x768.jpg","large":"https:\/\/staging.varesenews.it\/photogallery_new\/images\/2011\/12\/la-protezione-civile-di-azzate-inserita-in-galleria-230388.610x431.jpg"}],"_links":{"self":[{"href":"https:\/\/staging.varesenews.it\/swgapi\/v1\/wp\/v2\/posts\/643601"}],"collection":[{"href":"https:\/\/staging.varesenews.it\/swgapi\/v1\/wp\/v2\/posts"}],"about":[{"href":"https:\/\/staging.varesenews.it\/swgapi\/v1\/wp\/v2\/types\/post"}],"author":[{"embeddable":true,"href":"https:\/\/staging.varesenews.it\/swgapi\/v1\/wp\/v2\/users\/49"}],"replies":[{"embeddable":true,"href":"https:\/\/staging.varesenews.it\/swgapi\/v1\/wp\/v2\/comments?post=643601"}],"version-history":[{"count":0,"href":"https:\/\/staging.varesenews.it\/swgapi\/v1\/wp\/v2\/posts\/643601\/revisions"}],"wp:attachment":[{"href":"https:\/\/staging.varesenews.it\/swgapi\/v1\/wp\/v2\/media?parent=643601"}],"wp:term":[{"taxonomy":"category","embeddable":true,"href":"https:\/\/staging.varesenews.it\/swgapi\/v1\/wp\/v2\/categories?post=643601"},{"taxonomy":"post_tag","embeddable":true,"href":"https:\/\/staging.varesenews.it\/swgapi\/v1\/wp\/v2\/tags?post=643601"}],"curies":[{"name":"wp","href":"https:\/\/api.w.org\/{rel}","templated":true}]}}