{"id":644790,"date":"2017-08-13T14:20:35","date_gmt":"2017-08-13T12:20:35","guid":{"rendered":"http:\/\/www.varesenews.it\/?p=644790"},"modified":"2017-08-13T21:23:39","modified_gmt":"2017-08-13T19:23:39","slug":"ciclista-ferito-scattano-le-ricerche-a-marzio","status":"publish","type":"post","link":"https:\/\/staging.varesenews.it\/2017\/08\/ciclista-ferito-scattano-le-ricerche-a-marzio\/644790\/","title":{"rendered":"Ciclista ferito soccorso nei boschi di Marzio"},"content":{"rendered":"<p class=\"p1\"><span class=\"s1\"><strong>Incidente per un ciclista impegnato in un sentiero nei boschi di Marzio<\/strong>. L&#8217;allarme \u00e8 arrivato al 112 poco dopo le 13 di oggi, domenica 13 agosto.<\/span><\/p>\n<p class=\"p1\">\u00c8 scivolato mentre, con la compagna, scendeva in downhill lungo una pista sterrata in localit\u00e0 Madonna degli Alpini. Un pezzo della bicicletta si \u00e8 conficcato in un polpaccio.<\/p>\n<p class=\"p1\"><span class=\"s1\">Gli speciali del S.A.F. (Speleo Alpino Fluviale) dei vigili del fuoco di Varese, insieme ai tecnici del Soccorso alpino e ai sanitari del 118 sono stati impegnati nella ricerca della persona rimasta ferita .\u00a0<\/span><\/p>\n<p class=\"p1\"><span class=\"s1\">Le squadre, giunte sul posto, hanno dovuto individuare l&#8217;area dove il ciclista, un quarantenne, era caduto. Dopo averlo trovato,\u00a0\u00e8 scattata la fase del recupero mediante tecniche alpinistiche e con l&#8217;utilizzo di una speciale barella. Una volta riportato il ciclista sulla strada, sono intervenuti i sanitari che, in ambulanza, \u00a0lo hanno\u00a0<\/span>trasportato in codice giallo in ospedale.<\/p>\n<p class=\"p1\">\n","protected":false},"excerpt":{"rendered":"<p>Vigili del Fuoco,  uomini del Soccorso alpino e sanitari del 118 hanno soccorso l&#8217;uomo rimasto ferito dopo una caduta in sella alla sua mountain bike<\/p>\n","protected":false},"author":33,"featured_media":0,"comment_status":"open","ping_status":"open","sticky":false,"template":"","format":"standard","meta":{"footnotes":""},"categories":[2],"tags":[25874,23028,71970,567],"acf":[],"yoast_head":"<!-- This site is optimized with the Yoast SEO plugin v20.1 - https:\/\/yoast.com\/wordpress\/plugins\/seo\/ -->\n<title>Ciclista ferito soccorso nei boschi di Marzio<\/title>\n<meta name=\"description\" content=\"Vigili del Fuoco, uomini del Soccorso alpino e sanitari del 118 hanno soccorso l&#039;uomo rimasto ferito dopo una caduta in sella alla sua mountain bike\" \/>\n<meta name=\"robots\" content=\"noindex, follow, max-snippet:-1, max-image-preview:large, max-video-preview:-1\" \/>\n<meta property=\"og:locale\" content=\"it_IT\" \/>\n<meta property=\"og:type\" content=\"article\" \/>\n<meta property=\"og:title\" content=\"Ciclista ferito soccorso nei boschi di Marzio\" \/>\n<meta property=\"og:description\" content=\"Vigili del Fuoco, uomini del Soccorso alpino e sanitari del 118 hanno soccorso l&#039;uomo rimasto ferito dopo una caduta in sella alla sua mountain bike\" \/>\n<meta property=\"og:url\" content=\"https:\/\/staging.varesenews.it\/2017\/08\/ciclista-ferito-scattano-le-ricerche-a-marzio\/644790\/\" \/>\n<meta property=\"og:site_name\" content=\"VareseNews\" \/>\n<meta property=\"article:publisher\" content=\"https:\/\/www.facebook.com\/varesenews\" \/>\n<meta property=\"article:author\" content=\"alessandra.toni7\" \/>\n<meta property=\"article:published_time\" content=\"2017-08-13T12:20:35+00:00\" \/>\n<meta property=\"article:modified_time\" content=\"2017-08-13T19:23:39+00:00\" \/>\n<meta name=\"author\" content=\"Alessandra Toni\" \/>\n<meta name=\"twitter:card\" content=\"summary_large_image\" \/>\n<meta name=\"twitter:creator\" content=\"@alessandra_toni\" \/>\n<meta name=\"twitter:site\" content=\"@varesenews\" \/>\n<meta name=\"twitter:label1\" content=\"Scritto da\" \/>\n\t<meta name=\"twitter:data1\" content=\"Alessandra Toni\" \/>\n\t<meta name=\"twitter:label2\" content=\"Tempo di lettura stimato\" \/>\n\t<meta name=\"twitter:data2\" content=\"1 minuto\" \/>\n<script type=\"application\/ld+json\" class=\"yoast-schema-graph\">{\"@context\":\"https:\/\/schema.org\",\"@graph\":[{\"@type\":\"WebPage\",\"@id\":\"https:\/\/staging.varesenews.it\/2017\/08\/ciclista-ferito-scattano-le-ricerche-a-marzio\/644790\/\",\"url\":\"https:\/\/staging.varesenews.it\/2017\/08\/ciclista-ferito-scattano-le-ricerche-a-marzio\/644790\/\",\"name\":\"Ciclista ferito soccorso nei boschi di Marzio\",\"isPartOf\":{\"@id\":\"https:\/\/staging.varesenews.it\/#website\"},\"datePublished\":\"2017-08-13T12:20:35+00:00\",\"dateModified\":\"2017-08-13T19:23:39+00:00\",\"author\":{\"@id\":\"https:\/\/staging.varesenews.it\/#\/schema\/person\/2643ce123d4a3c9511e015dc548779b8\"},\"description\":\"Vigili del Fuoco, uomini del Soccorso alpino e sanitari del 118 hanno soccorso l'uomo rimasto ferito dopo una caduta in sella alla sua mountain bike\",\"breadcrumb\":{\"@id\":\"https:\/\/staging.varesenews.it\/2017\/08\/ciclista-ferito-scattano-le-ricerche-a-marzio\/644790\/#breadcrumb\"},\"inLanguage\":\"it-IT\",\"potentialAction\":[{\"@type\":\"ReadAction\",\"target\":[\"https:\/\/staging.varesenews.it\/2017\/08\/ciclista-ferito-scattano-le-ricerche-a-marzio\/644790\/\"]}]},{\"@type\":\"BreadcrumbList\",\"@id\":\"https:\/\/staging.varesenews.it\/2017\/08\/ciclista-ferito-scattano-le-ricerche-a-marzio\/644790\/#breadcrumb\",\"itemListElement\":[{\"@type\":\"ListItem\",\"position\":1,\"name\":\"Home\",\"item\":\"https:\/\/www.varesenews.it\/\"},{\"@type\":\"ListItem\",\"position\":2,\"name\":\"Ciclista ferito soccorso nei boschi di Marzio\"}]},{\"@type\":\"WebSite\",\"@id\":\"https:\/\/staging.varesenews.it\/#website\",\"url\":\"https:\/\/staging.varesenews.it\/\",\"name\":\"VareseNews\",\"description\":\"\",\"potentialAction\":[{\"@type\":\"SearchAction\",\"target\":{\"@type\":\"EntryPoint\",\"urlTemplate\":\"https:\/\/staging.varesenews.it\/?s={search_term_string}\"},\"query-input\":\"required name=search_term_string\"}],\"inLanguage\":\"it-IT\"},{\"@type\":\"Person\",\"@id\":\"https:\/\/staging.varesenews.it\/#\/schema\/person\/2643ce123d4a3c9511e015dc548779b8\",\"name\":\"Alessandra Toni\",\"image\":{\"@type\":\"ImageObject\",\"inLanguage\":\"it-IT\",\"@id\":\"https:\/\/staging.varesenews.it\/#\/schema\/person\/image\/\",\"url\":\"https:\/\/staging.varesenews.it\/wp-content\/uploads\/2020\/12\/alessandra_toni_colori_500.jpg\",\"contentUrl\":\"https:\/\/staging.varesenews.it\/wp-content\/uploads\/2020\/12\/alessandra_toni_colori_500.jpg\",\"caption\":\"Alessandra Toni\"},\"description\":\"Sono entrata nella redazione di VareseNews nel lontano anno 2000. Ero reduce da una bellissima esperienza nella redazione giornalistica della TV Nuova Antennatre, sotto la direzione dell'indimenticabile direttore Adolfo Caldarini. Sono arrivata quando era ancora una piccola realt\u00e0 editoriale e insieme abbiamo fatto un lungo ed entusiasmante lavoro. Mi occupo prevalentemente di scuola e di sanit\u00e0, settori impegnativi di grande valore sociale.\u00a0\",\"sameAs\":[\"alessandra.toni7\",\"alessandra.toni\",\"https:\/\/twitter.com\/alessandra_toni\"],\"url\":\"https:\/\/staging.varesenews.it\/persona\/alessandra_toni1\/\"}]}<\/script>\n<!-- \/ Yoast SEO plugin. -->","yoast_head_json":{"title":"Ciclista ferito soccorso nei boschi di Marzio","description":"Vigili del Fuoco, uomini del Soccorso alpino e sanitari del 118 hanno soccorso l'uomo rimasto ferito dopo una caduta in sella alla sua mountain bike","robots":{"index":"noindex","follow":"follow","max-snippet":"max-snippet:-1","max-image-preview":"max-image-preview:large","max-video-preview":"max-video-preview:-1"},"og_locale":"it_IT","og_type":"article","og_title":"Ciclista ferito soccorso nei boschi di Marzio","og_description":"Vigili del Fuoco, uomini del Soccorso alpino e sanitari del 118 hanno soccorso l'uomo rimasto ferito dopo una caduta in sella alla sua mountain bike","og_url":"https:\/\/staging.varesenews.it\/2017\/08\/ciclista-ferito-scattano-le-ricerche-a-marzio\/644790\/","og_site_name":"VareseNews","article_publisher":"https:\/\/www.facebook.com\/varesenews","article_author":"alessandra.toni7","article_published_time":"2017-08-13T12:20:35+00:00","article_modified_time":"2017-08-13T19:23:39+00:00","author":"Alessandra Toni","twitter_card":"summary_large_image","twitter_creator":"@alessandra_toni","twitter_site":"@varesenews","twitter_misc":{"Scritto da":"Alessandra Toni","Tempo di lettura stimato":"1 minuto"},"schema":{"@context":"https:\/\/schema.org","@graph":[{"@type":"WebPage","@id":"https:\/\/staging.varesenews.it\/2017\/08\/ciclista-ferito-scattano-le-ricerche-a-marzio\/644790\/","url":"https:\/\/staging.varesenews.it\/2017\/08\/ciclista-ferito-scattano-le-ricerche-a-marzio\/644790\/","name":"Ciclista ferito soccorso nei boschi di Marzio","isPartOf":{"@id":"https:\/\/staging.varesenews.it\/#website"},"datePublished":"2017-08-13T12:20:35+00:00","dateModified":"2017-08-13T19:23:39+00:00","author":{"@id":"https:\/\/staging.varesenews.it\/#\/schema\/person\/2643ce123d4a3c9511e015dc548779b8"},"description":"Vigili del Fuoco, uomini del Soccorso alpino e sanitari del 118 hanno soccorso l'uomo rimasto ferito dopo una caduta in sella alla sua mountain bike","breadcrumb":{"@id":"https:\/\/staging.varesenews.it\/2017\/08\/ciclista-ferito-scattano-le-ricerche-a-marzio\/644790\/#breadcrumb"},"inLanguage":"it-IT","potentialAction":[{"@type":"ReadAction","target":["https:\/\/staging.varesenews.it\/2017\/08\/ciclista-ferito-scattano-le-ricerche-a-marzio\/644790\/"]}]},{"@type":"BreadcrumbList","@id":"https:\/\/staging.varesenews.it\/2017\/08\/ciclista-ferito-scattano-le-ricerche-a-marzio\/644790\/#breadcrumb","itemListElement":[{"@type":"ListItem","position":1,"name":"Home","item":"https:\/\/www.varesenews.it\/"},{"@type":"ListItem","position":2,"name":"Ciclista ferito soccorso nei boschi di Marzio"}]},{"@type":"WebSite","@id":"https:\/\/staging.varesenews.it\/#website","url":"https:\/\/staging.varesenews.it\/","name":"VareseNews","description":"","potentialAction":[{"@type":"SearchAction","target":{"@type":"EntryPoint","urlTemplate":"https:\/\/staging.varesenews.it\/?s={search_term_string}"},"query-input":"required name=search_term_string"}],"inLanguage":"it-IT"},{"@type":"Person","@id":"https:\/\/staging.varesenews.it\/#\/schema\/person\/2643ce123d4a3c9511e015dc548779b8","name":"Alessandra Toni","image":{"@type":"ImageObject","inLanguage":"it-IT","@id":"https:\/\/staging.varesenews.it\/#\/schema\/person\/image\/","url":"https:\/\/staging.varesenews.it\/wp-content\/uploads\/2020\/12\/alessandra_toni_colori_500.jpg","contentUrl":"https:\/\/staging.varesenews.it\/wp-content\/uploads\/2020\/12\/alessandra_toni_colori_500.jpg","caption":"Alessandra Toni"},"description":"Sono entrata nella redazione di VareseNews nel lontano anno 2000. Ero reduce da una bellissima esperienza nella redazione giornalistica della TV Nuova Antennatre, sotto la direzione dell'indimenticabile direttore Adolfo Caldarini. Sono arrivata quando era ancora una piccola realt\u00e0 editoriale e insieme abbiamo fatto un lungo ed entusiasmante lavoro. Mi occupo prevalentemente di scuola e di sanit\u00e0, settori impegnativi di grande valore sociale.\u00a0","sameAs":["alessandra.toni7","alessandra.toni","https:\/\/twitter.com\/alessandra_toni"],"url":"https:\/\/staging.varesenews.it\/persona\/alessandra_toni1\/"}]}},"post_meta":{"_edit_lock":"1502652119:33","_edit_last":"33","_category_permalink":"","wdfb_og_title":"","wdfb_og_type":"","wdfb_og_description":"","wdfb_og_images":"a:1:{i:0;s:0:\"\";}","wdfb_og_custom_name":"a:1:{i:0;s:0:\"\";}","wdfb_og_custom_value":"a:1:{i:0;s:0:\"\";}","foto":"627012","argomento":"Marzio","_jd_twitter":"","_jd_tweet_this":"yes","_yoast_wpseo_focuskw":"marzio","_yoast_wpseo_linkdex":"51","ratings_users":"0","ratings_score":"0","ratings_average":"0","_wpt_short_url":"http:\/\/www.varesenews.it\/2017\/08\/ciclista-ferito-scattano-le-ricerche-a-marzio\/644790\/","_wp_jd_target":"http:\/\/www.varesenews.it\/2017\/08\/ciclista-ferito-scattano-le-ricerche-a-marzio\/644790\/","_jd_wp_twitter":"a:1:{i:0;s:175:\"Ciclista ferito: scattano le ricerche a Marzio http:\/\/www.varesenews.it\/2017\/08\/ciclista-ferito-scattano-le-ricerche-a-marzio\/644790\/ #118varese #incidentebici #vigilidelfuoco\";}","_wpt_status_message":"Tweet inviato con successo.","firma_come_redazione":"1","id_link_fotogallery":"644821"},"photos":[{"original":"https:\/\/staging.varesenews.it\/photogallery_new\/images\/2017\/08\/recupero-ciclista-a-marzio-627012.jpg","full":"https:\/\/staging.varesenews.it\/photogallery_new\/images\/2017\/08\/recupero-ciclista-a-marzio-627012.1024x768.jpg","large":"https:\/\/staging.varesenews.it\/photogallery_new\/images\/2017\/08\/recupero-ciclista-a-marzio-627012.610x431.jpg"}],"_links":{"self":[{"href":"https:\/\/staging.varesenews.it\/swgapi\/v1\/wp\/v2\/posts\/644790"}],"collection":[{"href":"https:\/\/staging.varesenews.it\/swgapi\/v1\/wp\/v2\/posts"}],"about":[{"href":"https:\/\/staging.varesenews.it\/swgapi\/v1\/wp\/v2\/types\/post"}],"author":[{"embeddable":true,"href":"https:\/\/staging.varesenews.it\/swgapi\/v1\/wp\/v2\/users\/33"}],"replies":[{"embeddable":true,"href":"https:\/\/staging.varesenews.it\/swgapi\/v1\/wp\/v2\/comments?post=644790"}],"version-history":[{"count":0,"href":"https:\/\/staging.varesenews.it\/swgapi\/v1\/wp\/v2\/posts\/644790\/revisions"}],"wp:attachment":[{"href":"https:\/\/staging.varesenews.it\/swgapi\/v1\/wp\/v2\/media?parent=644790"}],"wp:term":[{"taxonomy":"category","embeddable":true,"href":"https:\/\/staging.varesenews.it\/swgapi\/v1\/wp\/v2\/categories?post=644790"},{"taxonomy":"post_tag","embeddable":true,"href":"https:\/\/staging.varesenews.it\/swgapi\/v1\/wp\/v2\/tags?post=644790"}],"curies":[{"name":"wp","href":"https:\/\/api.w.org\/{rel}","templated":true}]}}