{"id":64480,"date":"2013-03-25T00:00:00","date_gmt":"2013-03-25T00:00:00","guid":{"rendered":""},"modified":"2013-03-25T00:00:00","modified_gmt":"2013-03-25T00:00:00","slug":"nelle-classi-pollaio-non-c-e-posto-per-mia-figlia","status":"publish","type":"post","link":"https:\/\/staging.varesenews.it\/2013\/03\/nelle-classi-pollaio-non-c-e-posto-per-mia-figlia\/64480\/","title":{"rendered":"Nelle classi pollaio, non c&#8217;\u00e8 posto per mia figlia"},"content":{"rendered":"<p>&nbsp;Gentile Redazione di Varese News,<\/p>\n<div>\n<img loading=\"lazy\" decoding=\"async\" width=\"198\" vspace=\"5\" hspace=\"5\" height=\"198\" align=\"left\" alt=\"\" src=\"https:\/\/www3.varesenews.it\/immagini_articoli\/200410\/falcone-dealbertis1.jpg\" \/>Vi scrivo per esprimere il mio disappunto in merito alle questione&nbsp;&ldquo;<strong>iscrizione scuole superiori&rdquo;,<\/strong> in quanto madre e in quanto psicologa&nbsp;(occupata in ambito scolastico).<\/div>\n<div>Sono una mamma di una<strong> ragazza di terza media<\/strong>, iscritta alle scuole&nbsp;Majno di Gallarate. Come tutti i genitori quest&rsquo;anno abbiamo&nbsp;affrontato la difficile scelta delle scuole superiori, e mia figlia, consapevole della fatica della scelta, si &egrave; indirizzata sul<strong> Liceo&nbsp;Classico di Gallarate.<\/strong><br \/>\n&nbsp;<\/div>\n<div><strong>In questi giorni siamo stati contattati dalla Dirigente, la quale ci&nbsp;ha comunicato che c&rsquo;&egrave; un esubero di richieste <\/strong>di conseguenza mia&nbsp;figlia non potr&agrave; frequentare il Liceo Classico di Gallarate. Perch&eacute;?<\/div>\n<div>La situazione &egrave; la seguente:<\/div>\n<div><strong>Il Liceo classico di Gallarate ha ricevuto 38 domande di iscrizione, <\/strong>e&nbsp;di conseguenza sono stati esclusi 8 studenti, perch&eacute; <strong>il limite massimo&nbsp;per sezione &egrave; 30 studenti. <\/strong>L&rsquo;esclusione &egrave; avvenuta in merito a criteri&nbsp;di distretto (prima sono esclusi i non residenti nel distretto di&nbsp;Gallarate) e poi in base alla media della prima pagella di quest&rsquo;anno&nbsp;scolastico. <br \/>\nMia figlia &egrave; residente a Gallarate, ma &egrave; stata esclusa&nbsp;perch&eacute; la sua media &egrave; di 7,41, e le medie di chi &egrave; entrato erano&nbsp;leggermente pi&ugrave; alte.<br \/>\n&nbsp;<\/div>\n<div>Come famiglia abbiamo provato a capire <strong>se fosse possibile iscriverla a&nbsp;Busto Arsizio, ma purtroppo non sar&agrave; possibile sempre per questione di&nbsp;saturazione delle classi.<\/strong><\/div>\n<div>Le dirigenti di Gallarate e Busto Arsizio hanno provato in tutti i&nbsp;modi ad ottenere una sezione in pi&ugrave;, per permettere in primo luogo&nbsp;l&rsquo;accesso a tutti gli iscritti, in secondo luogo di formare classi &nbsp;a pi&ugrave; ampio respiro, meno numerose. Per esempio a Gallarate sono state&nbsp;richieste due sezioni da 20 e 18 studenti.<br \/>\n&nbsp;<\/div>\n<div><strong>Il Provveditorato di Varese per&ograve; ha negato questa richiesta. <\/strong>Si va&nbsp;quindi a delineare una situazione di questo tipo:<strong> 1 sezione da 30&nbsp;alunni a Gallarate, due sezioni da 30 alunni a Busto Arsizio.<\/strong> (DOMANDA: ma i bocciati dove li metteranno???). Ci sono poi <strong>6 sezioni&nbsp;da 30 alunni al Liceo Classico di Varese, che rimane l&rsquo;unica scelta&nbsp;<\/strong>perch&eacute; qui creeranno una sezione in pi&ugrave; per poter convogliare tutti&nbsp;gli studenti esclusi da Gallarate e Busto Arsizio.<\/div>\n<div>\nOra io pongo le seguenti considerazioni, in quanto madre:<\/div>\n<div><strong>Devo gestire la delusione e la frustrazione di mia figlia, che si&nbsp;sente gi&agrave; &ldquo;esclusa&rdquo; <\/strong>(con una media del &nbsp;7,43!), nonostante stiamo&nbsp;parlando di &ldquo;scuola DELL&rsquo;OBBLIGO&rdquo;. Tutto in un&rsquo;ottica di &ldquo;sana&rdquo;&nbsp;meritocrazia, che inizia a colpire anche i pi&ugrave; piccoli, che si vedono&nbsp;gi&agrave; condizionati nel loro percorso formativo ed educativo.<\/div>\n<div><strong>Devo gestire dei SERI problemi logistici ed economici<\/strong>: intanto per&nbsp;andare a scuola dovremo calcolare almeno 2 ore in pi&ugrave; di viaggio tra&nbsp;andata e ritorno, nonch&eacute; il costo di un abbonamento mensile del treno.<br \/>\nTutto ci&ograve; implica molte pi&ugrave; difficolt&agrave; per tutto il nucleo familiare&nbsp;(visto che la scelta non dipende da noi, sar&agrave; il Provveditorato di&nbsp;Varese a pagarci l&rsquo;abbonamento del treno per 5 anni? O la Provincia?).<\/div>\n<div><strong>In quanto psicologa invece mi chiedo:<\/strong><\/div>\n<div>Davvero questo &egrave; il modo che le nostre amministrazioni stanno&nbsp;scegliendo per affrontare l&rsquo;istruzione dei nostri figli?<strong>&nbsp;Davvero si sta scegliendo di &nbsp;creare SOLO sezioni da 30 alunni,<\/strong> quando&nbsp;diversi studi scientifici (e il buon senso di tutti noi) &nbsp;dimostrano&nbsp;che per offrire un buon livello di didattica e apprendimento i gruppi&nbsp;classe devono essere meno numerosi? &nbsp;Non &egrave; difficile da comprendere..&nbsp;una classe pi&ugrave; piccola permette agli alunni di seguire con maggiore&nbsp;attenzione le lezioni, permette di instaurare rapporti pi&ugrave;&nbsp;significativi e produttivi tra i compagni e tra ragazzi-insegnanti.<\/div>\n<div>Inoltre questi insegnanti come possono lavorare in modo efficace e&nbsp;mirato con classi cosi numerose? Conosco diverse insegnanti molto&nbsp;competenti e motivate, che di fronte a classi cosi numerose, dove ogni&nbsp;alunno porta le sue specificit&agrave; e problematicit&agrave;, non riescono a&nbsp;insegnare e trasmettere nel modo in cui sarebbero capaci.&nbsp;<br \/>\n<strong>Classi da 30 significa didattica di minore qualit&agrave;, minore attenzione&nbsp;verso il singolo, apprendimento di gran lunga inferiore.<\/strong>&nbsp;Studenti che&nbsp;diventano numeri. Insegnanti che diventano macchine, inevitabilmente.&nbsp;Tutto questo incide profondamente sulla MOTIVAZIONE degli studenti&nbsp;(nell&rsquo;apprendere), e degli insegnanti (nell&rsquo;insegnare).<\/div>\n<div><strong>La scelta di &ldquo;tagliare&rdquo;, &egrave; tutta economica e NON funzionale.<\/strong> Dov&rsquo;&egrave; la&nbsp;qualit&agrave; che ogni liceo deve dimostrare di avere a fine anno?? Soldi a&nbsp;palate per fare le prove Invalsi, dove il prestigio di ogni scuola si&nbsp;determina sui risultati omologati di migliaia di bambini e ragazzini,&nbsp;e poi per&ograve; si taglia su ci&ograve; che determina DAVVERO la qualit&agrave; della&nbsp;didattica, ovvero la possibilit&agrave; di offrire RELAZIONI significative&nbsp;tra gli studenti e i loro insegnanti.<br \/>\n&nbsp;<\/div>\n<div>Victor Hugo diceva <strong>&ldquo;per ogni scuola che si apre, si chiude un&nbsp;carcere&rdquo;<\/strong>. Qui siamo di fronte a un sistema che chiude le porte ai&nbsp;ragazzi, per renderli numeri.<\/div>\n<div>C<strong>hiedo a tutti i genitori degli esclusi dai licei di Gallarate e&nbsp;Busto,<\/strong> ma anche ai genitori dei ragazzi che dovranno &ldquo;sopravvivere&rdquo;&nbsp;per 5 anni in classi da 30 alunni, di contattarmi via mail (<a style=\"color: rgb(17, 85, 204); font-family: arial, sans-serif; font-size: 13px; background-color: rgb(255, 255, 255);\" href=\"mailto:chiara.carava@gmail.com\">chiara.carava@gmail.com<\/a>)&nbsp;, per&nbsp;provare a fare qualcosa. Perch&eacute; la nostra richiesta &egrave; molto semplice:&nbsp;create una sezione in pi&ugrave;. Anzi, due sezioni in pi&ugrave;. Una a Gallarate,&nbsp;una a Busto, al fine di ridurre il numero degli alunni per ogni&nbsp;classe, lavorando affinch&egrave; si garantisca una migliore didattica per tutti.<\/div>\n<div>Grazie per l&rsquo;attenzione, a chi avr&agrave; letto questa lunga lettera.<\/div>\n","protected":false},"excerpt":{"rendered":"<p>Due licei rifiutano l&#8217;iscrizione all&#8217;indirizzo classico a causa del numero eccessivo di studenti. Non \u00e8 per\u00f2 possibile fare nuove classi perch\u00e8 non ci sono soldi<\/p>\n","protected":false},"author":10,"featured_media":0,"comment_status":"open","ping_status":"open","sticky":false,"template":"","format":"standard","meta":{"footnotes":""},"categories":[4,3,90],"tags":[3494,223,639],"acf":[],"yoast_head":"<!-- This site is optimized with the Yoast SEO plugin v20.1 - https:\/\/yoast.com\/wordpress\/plugins\/seo\/ -->\n<title>Nelle classi pollaio, non c&#039;\u00e8 posto per mia figlia<\/title>\n<meta name=\"description\" content=\"Due licei rifiutano l&#039;iscrizione all&#039;indirizzo classico a causa del numero eccessivo di studenti. Non \u00e8 per\u00f2 possibile fare nuove classi perch\u00e8 non ci sono soldi\" \/>\n<meta name=\"robots\" content=\"noindex, follow, max-snippet:-1, max-image-preview:large, max-video-preview:-1\" \/>\n<meta property=\"og:locale\" content=\"it_IT\" \/>\n<meta property=\"og:type\" content=\"article\" \/>\n<meta property=\"og:title\" content=\"Nelle classi pollaio, non c&#039;\u00e8 posto per mia figlia\" \/>\n<meta property=\"og:description\" content=\"Due licei rifiutano l&#039;iscrizione all&#039;indirizzo classico a causa del numero eccessivo di studenti. Non \u00e8 per\u00f2 possibile fare nuove classi perch\u00e8 non ci sono soldi\" \/>\n<meta property=\"og:url\" content=\"https:\/\/staging.varesenews.it\/2013\/03\/nelle-classi-pollaio-non-c-e-posto-per-mia-figlia\/64480\/\" \/>\n<meta property=\"og:site_name\" content=\"VareseNews\" \/>\n<meta property=\"article:publisher\" content=\"https:\/\/www.facebook.com\/varesenews\" \/>\n<meta property=\"article:published_time\" content=\"2013-03-25T00:00:00+00:00\" \/>\n<meta property=\"og:image\" content=\"https:\/\/www3.varesenews.it\/immagini_articoli\/200410\/falcone-dealbertis1.jpg\" \/>\n<meta name=\"author\" content=\"Redazione VareseNews\" \/>\n<meta name=\"twitter:card\" content=\"summary_large_image\" \/>\n<meta name=\"twitter:creator\" content=\"@varesenews\" \/>\n<meta name=\"twitter:site\" content=\"@varesenews\" \/>\n<meta name=\"twitter:label1\" content=\"Scritto da\" \/>\n\t<meta name=\"twitter:data1\" content=\"Redazione VareseNews\" \/>\n\t<meta name=\"twitter:label2\" content=\"Tempo di lettura stimato\" \/>\n\t<meta name=\"twitter:data2\" content=\"5 minuti\" \/>\n<script type=\"application\/ld+json\" class=\"yoast-schema-graph\">{\"@context\":\"https:\/\/schema.org\",\"@graph\":[{\"@type\":\"WebPage\",\"@id\":\"https:\/\/staging.varesenews.it\/2013\/03\/nelle-classi-pollaio-non-c-e-posto-per-mia-figlia\/64480\/\",\"url\":\"https:\/\/staging.varesenews.it\/2013\/03\/nelle-classi-pollaio-non-c-e-posto-per-mia-figlia\/64480\/\",\"name\":\"Nelle classi pollaio, non c'\u00e8 posto per mia figlia\",\"isPartOf\":{\"@id\":\"https:\/\/staging.varesenews.it\/#website\"},\"datePublished\":\"2013-03-25T00:00:00+00:00\",\"dateModified\":\"2013-03-25T00:00:00+00:00\",\"author\":{\"@id\":\"https:\/\/staging.varesenews.it\/#\/schema\/person\/fb20c4da0b7b16c291707a20db73e169\"},\"description\":\"Due licei rifiutano l'iscrizione all'indirizzo classico a causa del numero eccessivo di studenti. Non \u00e8 per\u00f2 possibile fare nuove classi perch\u00e8 non ci sono soldi\",\"breadcrumb\":{\"@id\":\"https:\/\/staging.varesenews.it\/2013\/03\/nelle-classi-pollaio-non-c-e-posto-per-mia-figlia\/64480\/#breadcrumb\"},\"inLanguage\":\"it-IT\",\"potentialAction\":[{\"@type\":\"ReadAction\",\"target\":[\"https:\/\/staging.varesenews.it\/2013\/03\/nelle-classi-pollaio-non-c-e-posto-per-mia-figlia\/64480\/\"]}]},{\"@type\":\"BreadcrumbList\",\"@id\":\"https:\/\/staging.varesenews.it\/2013\/03\/nelle-classi-pollaio-non-c-e-posto-per-mia-figlia\/64480\/#breadcrumb\",\"itemListElement\":[{\"@type\":\"ListItem\",\"position\":1,\"name\":\"Home\",\"item\":\"https:\/\/www.varesenews.it\/\"},{\"@type\":\"ListItem\",\"position\":2,\"name\":\"Nelle classi pollaio, non c&#8217;\u00e8 posto per mia figlia\"}]},{\"@type\":\"WebSite\",\"@id\":\"https:\/\/staging.varesenews.it\/#website\",\"url\":\"https:\/\/staging.varesenews.it\/\",\"name\":\"VareseNews\",\"description\":\"\",\"potentialAction\":[{\"@type\":\"SearchAction\",\"target\":{\"@type\":\"EntryPoint\",\"urlTemplate\":\"https:\/\/staging.varesenews.it\/?s={search_term_string}\"},\"query-input\":\"required name=search_term_string\"}],\"inLanguage\":\"it-IT\"},{\"@type\":\"Person\",\"@id\":\"https:\/\/staging.varesenews.it\/#\/schema\/person\/fb20c4da0b7b16c291707a20db73e169\",\"name\":\"Redazione VareseNews\",\"image\":{\"@type\":\"ImageObject\",\"inLanguage\":\"it-IT\",\"@id\":\"https:\/\/staging.varesenews.it\/#\/schema\/person\/image\/\",\"url\":\"https:\/\/staging.varesenews.it\/wp-content\/uploads\/2020\/12\/logo_VN_colori_500.png\",\"contentUrl\":\"https:\/\/staging.varesenews.it\/wp-content\/uploads\/2020\/12\/logo_VN_colori_500.png\",\"caption\":\"Redazione VareseNews\"},\"url\":\"https:\/\/staging.varesenews.it\/persona\/redazione1\/\"}]}<\/script>\n<!-- \/ Yoast SEO plugin. -->","yoast_head_json":{"title":"Nelle classi pollaio, non c'\u00e8 posto per mia figlia","description":"Due licei rifiutano l'iscrizione all'indirizzo classico a causa del numero eccessivo di studenti. Non \u00e8 per\u00f2 possibile fare nuove classi perch\u00e8 non ci sono soldi","robots":{"index":"noindex","follow":"follow","max-snippet":"max-snippet:-1","max-image-preview":"max-image-preview:large","max-video-preview":"max-video-preview:-1"},"og_locale":"it_IT","og_type":"article","og_title":"Nelle classi pollaio, non c'\u00e8 posto per mia figlia","og_description":"Due licei rifiutano l'iscrizione all'indirizzo classico a causa del numero eccessivo di studenti. Non \u00e8 per\u00f2 possibile fare nuove classi perch\u00e8 non ci sono soldi","og_url":"https:\/\/staging.varesenews.it\/2013\/03\/nelle-classi-pollaio-non-c-e-posto-per-mia-figlia\/64480\/","og_site_name":"VareseNews","article_publisher":"https:\/\/www.facebook.com\/varesenews","article_published_time":"2013-03-25T00:00:00+00:00","og_image":[{"url":"https:\/\/www3.varesenews.it\/immagini_articoli\/200410\/falcone-dealbertis1.jpg"}],"author":"Redazione VareseNews","twitter_card":"summary_large_image","twitter_creator":"@varesenews","twitter_site":"@varesenews","twitter_misc":{"Scritto da":"Redazione VareseNews","Tempo di lettura stimato":"5 minuti"},"schema":{"@context":"https:\/\/schema.org","@graph":[{"@type":"WebPage","@id":"https:\/\/staging.varesenews.it\/2013\/03\/nelle-classi-pollaio-non-c-e-posto-per-mia-figlia\/64480\/","url":"https:\/\/staging.varesenews.it\/2013\/03\/nelle-classi-pollaio-non-c-e-posto-per-mia-figlia\/64480\/","name":"Nelle classi pollaio, non c'\u00e8 posto per mia figlia","isPartOf":{"@id":"https:\/\/staging.varesenews.it\/#website"},"datePublished":"2013-03-25T00:00:00+00:00","dateModified":"2013-03-25T00:00:00+00:00","author":{"@id":"https:\/\/staging.varesenews.it\/#\/schema\/person\/fb20c4da0b7b16c291707a20db73e169"},"description":"Due licei rifiutano l'iscrizione all'indirizzo classico a causa del numero eccessivo di studenti. Non \u00e8 per\u00f2 possibile fare nuove classi perch\u00e8 non ci sono soldi","breadcrumb":{"@id":"https:\/\/staging.varesenews.it\/2013\/03\/nelle-classi-pollaio-non-c-e-posto-per-mia-figlia\/64480\/#breadcrumb"},"inLanguage":"it-IT","potentialAction":[{"@type":"ReadAction","target":["https:\/\/staging.varesenews.it\/2013\/03\/nelle-classi-pollaio-non-c-e-posto-per-mia-figlia\/64480\/"]}]},{"@type":"BreadcrumbList","@id":"https:\/\/staging.varesenews.it\/2013\/03\/nelle-classi-pollaio-non-c-e-posto-per-mia-figlia\/64480\/#breadcrumb","itemListElement":[{"@type":"ListItem","position":1,"name":"Home","item":"https:\/\/www.varesenews.it\/"},{"@type":"ListItem","position":2,"name":"Nelle classi pollaio, non c&#8217;\u00e8 posto per mia figlia"}]},{"@type":"WebSite","@id":"https:\/\/staging.varesenews.it\/#website","url":"https:\/\/staging.varesenews.it\/","name":"VareseNews","description":"","potentialAction":[{"@type":"SearchAction","target":{"@type":"EntryPoint","urlTemplate":"https:\/\/staging.varesenews.it\/?s={search_term_string}"},"query-input":"required name=search_term_string"}],"inLanguage":"it-IT"},{"@type":"Person","@id":"https:\/\/staging.varesenews.it\/#\/schema\/person\/fb20c4da0b7b16c291707a20db73e169","name":"Redazione VareseNews","image":{"@type":"ImageObject","inLanguage":"it-IT","@id":"https:\/\/staging.varesenews.it\/#\/schema\/person\/image\/","url":"https:\/\/staging.varesenews.it\/wp-content\/uploads\/2020\/12\/logo_VN_colori_500.png","contentUrl":"https:\/\/staging.varesenews.it\/wp-content\/uploads\/2020\/12\/logo_VN_colori_500.png","caption":"Redazione VareseNews"},"url":"https:\/\/staging.varesenews.it\/persona\/redazione1\/"}]}},"post_meta":{"id_old":"258725","argomento":"Lettera al Direttore","autore_old":"Chiara Carav\u00e0"},"photos":[],"_links":{"self":[{"href":"https:\/\/staging.varesenews.it\/swgapi\/v1\/wp\/v2\/posts\/64480"}],"collection":[{"href":"https:\/\/staging.varesenews.it\/swgapi\/v1\/wp\/v2\/posts"}],"about":[{"href":"https:\/\/staging.varesenews.it\/swgapi\/v1\/wp\/v2\/types\/post"}],"author":[{"embeddable":true,"href":"https:\/\/staging.varesenews.it\/swgapi\/v1\/wp\/v2\/users\/10"}],"replies":[{"embeddable":true,"href":"https:\/\/staging.varesenews.it\/swgapi\/v1\/wp\/v2\/comments?post=64480"}],"version-history":[{"count":0,"href":"https:\/\/staging.varesenews.it\/swgapi\/v1\/wp\/v2\/posts\/64480\/revisions"}],"wp:attachment":[{"href":"https:\/\/staging.varesenews.it\/swgapi\/v1\/wp\/v2\/media?parent=64480"}],"wp:term":[{"taxonomy":"category","embeddable":true,"href":"https:\/\/staging.varesenews.it\/swgapi\/v1\/wp\/v2\/categories?post=64480"},{"taxonomy":"post_tag","embeddable":true,"href":"https:\/\/staging.varesenews.it\/swgapi\/v1\/wp\/v2\/tags?post=64480"}],"curies":[{"name":"wp","href":"https:\/\/api.w.org\/{rel}","templated":true}]}}