{"id":644980,"date":"2017-08-14T16:13:42","date_gmt":"2017-08-14T14:13:42","guid":{"rendered":"http:\/\/www.varesenews.it\/?p=644980"},"modified":"2017-08-14T16:13:42","modified_gmt":"2017-08-14T14:13:42","slug":"cosentino-non-sopportano-piu-galimberti","status":"publish","type":"post","link":"https:\/\/staging.varesenews.it\/2017\/08\/cosentino-non-sopportano-piu-galimberti\/644980\/","title":{"rendered":"Cosentino: &#8220;Non sopportano pi\u00f9 Galimberti&#8221;"},"content":{"rendered":"<p>Riceviamo e pubblichiamo<\/p>\n<p><strong>Ormai \u00e8 chiaro<\/strong> che anche i consiglieri della lista Galimberti non sopportano pi\u00f9 le folli scelte del Sindaco e il suo modo di fare, politicamente altezzoso ed arrogante. Bortoluzzi si era gi\u00e0 dimesso nei mesi scorsi, Gaetano Iannini ormai non fa pi\u00f9 parte della maggioranza ed ha dichiarato che alle regionali voter\u00e0 il centrodestra, e infine Gregori che si dimette oggi denunciando l&#8217;atteggiamento del Sindaco e le sue scelte inopportune.<\/p>\n<p><strong>Anche i consiglieri del Pd<\/strong> Luisa Oprandi ed Infortuna sono agli sgoccioli: tagliati fuori dal Sindaco sia dai ruoli chiave che dalle scelte strategiche. L&#8217;unico che da un giorno all&#8217;altro \u00e8 tornato &#8220;amico&#8221; del Sindaco \u00e8 Mirabelli, visto che a breve ci saranno le elezioni regionali e forse avr\u00e0 bisogno di qualche supporto in pi\u00f9 per diventare consigliere regionale.<\/p>\n<p><strong>In tutto questo teatrino<\/strong> a pagare sono i varesini (e anche caro!): rette scolastiche aumentate, tariffe dei parcheggi alle stelle, clandestini aumentati, movida &#8220;silenziata&#8221;, commercianti furiosi (salvo qualcuno che fa ancora il lecchino del Sindaco sperando in un aiuto) ed addirittura sono stati tagliati i rimborsi spesa agli anziani che svolgevano servizi sociali molto utili per la collettivit\u00e0. Una vergogna senza fine. Quanto dovr\u00e0 durare ancora questo calvario?? Noi siamo pronti a tornare a governare Varese per ridare dignit\u00e0 alla nostra bella Citt\u00e0. Prima che sia troppo tardi.<\/p>\n<p>Giacomo Basaglia Cosentino<br \/>\nPresidente Orizzonte ideale<\/p>\n","protected":false},"excerpt":{"rendered":"<p>Il commento dell&#8217;ex consigliere del centrodestra alle dimissioni di Gregori<\/p>\n","protected":false},"author":50,"featured_media":0,"comment_status":"open","ping_status":"open","sticky":false,"template":"","format":"standard","meta":{"footnotes":""},"categories":[16],"tags":[1245],"acf":[],"yoast_head":"<!-- This site is optimized with the Yoast SEO plugin v20.1 - https:\/\/yoast.com\/wordpress\/plugins\/seo\/ -->\n<title>Cosentino: &quot;Non sopportano pi\u00f9 Galimberti&quot;<\/title>\n<meta name=\"description\" content=\"Il commento dell&#039;ex consigliere del centrodestra alle dimissioni di Gregori\" \/>\n<meta name=\"robots\" content=\"noindex, follow, max-snippet:-1, max-image-preview:large, max-video-preview:-1\" \/>\n<meta property=\"og:locale\" content=\"it_IT\" \/>\n<meta property=\"og:type\" content=\"article\" \/>\n<meta property=\"og:title\" content=\"Cosentino: &quot;Non sopportano pi\u00f9 Galimberti&quot;\" \/>\n<meta property=\"og:description\" content=\"Il commento dell&#039;ex consigliere del centrodestra alle dimissioni di Gregori\" \/>\n<meta property=\"og:url\" content=\"https:\/\/staging.varesenews.it\/2017\/08\/cosentino-non-sopportano-piu-galimberti\/644980\/\" \/>\n<meta property=\"og:site_name\" content=\"VareseNews\" \/>\n<meta property=\"article:publisher\" content=\"https:\/\/www.facebook.com\/varesenews\" \/>\n<meta property=\"article:published_time\" content=\"2017-08-14T14:13:42+00:00\" \/>\n<meta name=\"author\" content=\"Roberto Rotondo\" \/>\n<meta name=\"twitter:card\" content=\"summary_large_image\" \/>\n<meta name=\"twitter:creator\" content=\"@robertorotondo\" \/>\n<meta name=\"twitter:site\" content=\"@varesenews\" \/>\n<meta name=\"twitter:label1\" content=\"Scritto da\" \/>\n\t<meta name=\"twitter:data1\" content=\"Roberto Rotondo\" \/>\n\t<meta name=\"twitter:label2\" content=\"Tempo di lettura stimato\" \/>\n\t<meta name=\"twitter:data2\" content=\"1 minuto\" \/>\n<script type=\"application\/ld+json\" class=\"yoast-schema-graph\">{\"@context\":\"https:\/\/schema.org\",\"@graph\":[{\"@type\":\"WebPage\",\"@id\":\"https:\/\/staging.varesenews.it\/2017\/08\/cosentino-non-sopportano-piu-galimberti\/644980\/\",\"url\":\"https:\/\/staging.varesenews.it\/2017\/08\/cosentino-non-sopportano-piu-galimberti\/644980\/\",\"name\":\"Cosentino: \\\"Non sopportano pi\u00f9 Galimberti\\\"\",\"isPartOf\":{\"@id\":\"https:\/\/staging.varesenews.it\/#website\"},\"datePublished\":\"2017-08-14T14:13:42+00:00\",\"dateModified\":\"2017-08-14T14:13:42+00:00\",\"author\":{\"@id\":\"https:\/\/staging.varesenews.it\/#\/schema\/person\/bace96b9ce1b4905df659e51a83c17fe\"},\"description\":\"Il commento dell'ex consigliere del centrodestra alle dimissioni di Gregori\",\"breadcrumb\":{\"@id\":\"https:\/\/staging.varesenews.it\/2017\/08\/cosentino-non-sopportano-piu-galimberti\/644980\/#breadcrumb\"},\"inLanguage\":\"it-IT\",\"potentialAction\":[{\"@type\":\"ReadAction\",\"target\":[\"https:\/\/staging.varesenews.it\/2017\/08\/cosentino-non-sopportano-piu-galimberti\/644980\/\"]}]},{\"@type\":\"BreadcrumbList\",\"@id\":\"https:\/\/staging.varesenews.it\/2017\/08\/cosentino-non-sopportano-piu-galimberti\/644980\/#breadcrumb\",\"itemListElement\":[{\"@type\":\"ListItem\",\"position\":1,\"name\":\"Home\",\"item\":\"https:\/\/www.varesenews.it\/\"},{\"@type\":\"ListItem\",\"position\":2,\"name\":\"Cosentino: &#8220;Non sopportano pi\u00f9 Galimberti&#8221;\"}]},{\"@type\":\"WebSite\",\"@id\":\"https:\/\/staging.varesenews.it\/#website\",\"url\":\"https:\/\/staging.varesenews.it\/\",\"name\":\"VareseNews\",\"description\":\"\",\"potentialAction\":[{\"@type\":\"SearchAction\",\"target\":{\"@type\":\"EntryPoint\",\"urlTemplate\":\"https:\/\/staging.varesenews.it\/?s={search_term_string}\"},\"query-input\":\"required name=search_term_string\"}],\"inLanguage\":\"it-IT\"},{\"@type\":\"Person\",\"@id\":\"https:\/\/staging.varesenews.it\/#\/schema\/person\/bace96b9ce1b4905df659e51a83c17fe\",\"name\":\"Roberto Rotondo\",\"image\":{\"@type\":\"ImageObject\",\"inLanguage\":\"it-IT\",\"@id\":\"https:\/\/staging.varesenews.it\/#\/schema\/person\/image\/\",\"url\":\"https:\/\/staging.varesenews.it\/wp-content\/uploads\/2015\/03\/10888676_10204734543537926_609787919772941341_n.jpg\",\"contentUrl\":\"https:\/\/staging.varesenews.it\/wp-content\/uploads\/2015\/03\/10888676_10204734543537926_609787919772941341_n.jpg\",\"caption\":\"Roberto Rotondo\"},\"description\":\"Nato a Varese nel 1972. Laureato in Storia alla Statale di Milano. A Varese News dal 1998. Ho iniziato a scrivere su riviste locali, poi sono entrato nel progetto di Varese News quando ancora era agli inizi. Nel frattempo mi sono occupato di ricerca storica e ho collaborato con un settimanale e un quotidiano della Svizzera italiana scrivendo di cronaca e politica. Mi sono preso una pausa da Varese nel 2004. Ho lavorato per alcuni anni a Milano all'agenzia di stampa Adnkronos, con qualche stage a Roma nei palazzi della politica. Lanci di agenzia e servizi tv multimediali erano tra i miei compiti. In quegli anni ho lavorato per alcune radio anche nazionali, Radio Capital su tutte, come corrispondente locale. Ho scritto anche per un settimanale di gossip, ma sempre cronaca nera. Ed eccomi qui. Dal 2007 lavoro anche per il Corriere della sera, di cui sono corrispondente. A Varesenews sono ormai uno dei senatori. Mi occupo di cronaca nera, giudiziaria e di politica e della cronaca cittadina di Varese.\",\"sameAs\":[\"robertorotondo\",\"https:\/\/twitter.com\/robertorotondo\"],\"url\":\"https:\/\/staging.varesenews.it\/persona\/roberto-rotondo\/\"}]}<\/script>\n<!-- \/ Yoast SEO plugin. -->","yoast_head_json":{"title":"Cosentino: \"Non sopportano pi\u00f9 Galimberti\"","description":"Il commento dell'ex consigliere del centrodestra alle dimissioni di Gregori","robots":{"index":"noindex","follow":"follow","max-snippet":"max-snippet:-1","max-image-preview":"max-image-preview:large","max-video-preview":"max-video-preview:-1"},"og_locale":"it_IT","og_type":"article","og_title":"Cosentino: \"Non sopportano pi\u00f9 Galimberti\"","og_description":"Il commento dell'ex consigliere del centrodestra alle dimissioni di Gregori","og_url":"https:\/\/staging.varesenews.it\/2017\/08\/cosentino-non-sopportano-piu-galimberti\/644980\/","og_site_name":"VareseNews","article_publisher":"https:\/\/www.facebook.com\/varesenews","article_published_time":"2017-08-14T14:13:42+00:00","author":"Roberto Rotondo","twitter_card":"summary_large_image","twitter_creator":"@robertorotondo","twitter_site":"@varesenews","twitter_misc":{"Scritto da":"Roberto Rotondo","Tempo di lettura stimato":"1 minuto"},"schema":{"@context":"https:\/\/schema.org","@graph":[{"@type":"WebPage","@id":"https:\/\/staging.varesenews.it\/2017\/08\/cosentino-non-sopportano-piu-galimberti\/644980\/","url":"https:\/\/staging.varesenews.it\/2017\/08\/cosentino-non-sopportano-piu-galimberti\/644980\/","name":"Cosentino: \"Non sopportano pi\u00f9 Galimberti\"","isPartOf":{"@id":"https:\/\/staging.varesenews.it\/#website"},"datePublished":"2017-08-14T14:13:42+00:00","dateModified":"2017-08-14T14:13:42+00:00","author":{"@id":"https:\/\/staging.varesenews.it\/#\/schema\/person\/bace96b9ce1b4905df659e51a83c17fe"},"description":"Il commento dell'ex consigliere del centrodestra alle dimissioni di Gregori","breadcrumb":{"@id":"https:\/\/staging.varesenews.it\/2017\/08\/cosentino-non-sopportano-piu-galimberti\/644980\/#breadcrumb"},"inLanguage":"it-IT","potentialAction":[{"@type":"ReadAction","target":["https:\/\/staging.varesenews.it\/2017\/08\/cosentino-non-sopportano-piu-galimberti\/644980\/"]}]},{"@type":"BreadcrumbList","@id":"https:\/\/staging.varesenews.it\/2017\/08\/cosentino-non-sopportano-piu-galimberti\/644980\/#breadcrumb","itemListElement":[{"@type":"ListItem","position":1,"name":"Home","item":"https:\/\/www.varesenews.it\/"},{"@type":"ListItem","position":2,"name":"Cosentino: &#8220;Non sopportano pi\u00f9 Galimberti&#8221;"}]},{"@type":"WebSite","@id":"https:\/\/staging.varesenews.it\/#website","url":"https:\/\/staging.varesenews.it\/","name":"VareseNews","description":"","potentialAction":[{"@type":"SearchAction","target":{"@type":"EntryPoint","urlTemplate":"https:\/\/staging.varesenews.it\/?s={search_term_string}"},"query-input":"required name=search_term_string"}],"inLanguage":"it-IT"},{"@type":"Person","@id":"https:\/\/staging.varesenews.it\/#\/schema\/person\/bace96b9ce1b4905df659e51a83c17fe","name":"Roberto Rotondo","image":{"@type":"ImageObject","inLanguage":"it-IT","@id":"https:\/\/staging.varesenews.it\/#\/schema\/person\/image\/","url":"https:\/\/staging.varesenews.it\/wp-content\/uploads\/2015\/03\/10888676_10204734543537926_609787919772941341_n.jpg","contentUrl":"https:\/\/staging.varesenews.it\/wp-content\/uploads\/2015\/03\/10888676_10204734543537926_609787919772941341_n.jpg","caption":"Roberto Rotondo"},"description":"Nato a Varese nel 1972. Laureato in Storia alla Statale di Milano. A Varese News dal 1998. Ho iniziato a scrivere su riviste locali, poi sono entrato nel progetto di Varese News quando ancora era agli inizi. Nel frattempo mi sono occupato di ricerca storica e ho collaborato con un settimanale e un quotidiano della Svizzera italiana scrivendo di cronaca e politica. Mi sono preso una pausa da Varese nel 2004. Ho lavorato per alcuni anni a Milano all'agenzia di stampa Adnkronos, con qualche stage a Roma nei palazzi della politica. Lanci di agenzia e servizi tv multimediali erano tra i miei compiti. In quegli anni ho lavorato per alcune radio anche nazionali, Radio Capital su tutte, come corrispondente locale. Ho scritto anche per un settimanale di gossip, ma sempre cronaca nera. Ed eccomi qui. Dal 2007 lavoro anche per il Corriere della sera, di cui sono corrispondente. A Varesenews sono ormai uno dei senatori. Mi occupo di cronaca nera, giudiziaria e di politica e della cronaca cittadina di Varese.","sameAs":["robertorotondo","https:\/\/twitter.com\/robertorotondo"],"url":"https:\/\/staging.varesenews.it\/persona\/roberto-rotondo\/"}]}},"post_meta":{"_edit_lock":"1502720150:50","_edit_last":"50","_category_permalink":"","wdfb_og_title":"","wdfb_og_type":"","wdfb_og_description":"","wdfb_og_images":"a:1:{i:0;s:0:\"\";}","wdfb_og_custom_name":"a:1:{i:0;s:0:\"\";}","wdfb_og_custom_value":"a:1:{i:0;s:0:\"\";}","firma_come_redazione":"1","argomento":"Varese","_jd_twitter":"","_jd_tweet_this":"yes","ratings_users":"0","ratings_score":"0","ratings_average":"0","id_leggi_anche":"644946","foto":"143462","_wpt_short_url":"http:\/\/www.varesenews.it\/2017\/08\/cosentino-non-sopportano-piu-galimberti\/644980\/","_wp_jd_target":"http:\/\/www.varesenews.it\/2017\/08\/cosentino-non-sopportano-piu-galimberti\/644980\/","_jd_wp_twitter":"a:1:{i:0;s:125:\"Cosentino: \"Non sopportano pi\u00f9 Galimberti\" http:\/\/www.varesenews.it\/2017\/08\/cosentino-non-sopportano-piu-galimberti\/644980\/ \";}","_wpt_status_message":"Tweet inviato con successo."},"photos":[{"original":"https:\/\/staging.varesenews.it\/photogallery_new\/images\/2012\/07\/cosentino-pdl-143462.jpg","full":"https:\/\/staging.varesenews.it\/photogallery_new\/images\/2012\/07\/cosentino-pdl-143462.1024x768.jpg","large":"https:\/\/staging.varesenews.it\/photogallery_new\/images\/2012\/07\/cosentino-pdl-143462.610x431.jpg"}],"_links":{"self":[{"href":"https:\/\/staging.varesenews.it\/swgapi\/v1\/wp\/v2\/posts\/644980"}],"collection":[{"href":"https:\/\/staging.varesenews.it\/swgapi\/v1\/wp\/v2\/posts"}],"about":[{"href":"https:\/\/staging.varesenews.it\/swgapi\/v1\/wp\/v2\/types\/post"}],"author":[{"embeddable":true,"href":"https:\/\/staging.varesenews.it\/swgapi\/v1\/wp\/v2\/users\/50"}],"replies":[{"embeddable":true,"href":"https:\/\/staging.varesenews.it\/swgapi\/v1\/wp\/v2\/comments?post=644980"}],"version-history":[{"count":0,"href":"https:\/\/staging.varesenews.it\/swgapi\/v1\/wp\/v2\/posts\/644980\/revisions"}],"wp:attachment":[{"href":"https:\/\/staging.varesenews.it\/swgapi\/v1\/wp\/v2\/media?parent=644980"}],"wp:term":[{"taxonomy":"category","embeddable":true,"href":"https:\/\/staging.varesenews.it\/swgapi\/v1\/wp\/v2\/categories?post=644980"},{"taxonomy":"post_tag","embeddable":true,"href":"https:\/\/staging.varesenews.it\/swgapi\/v1\/wp\/v2\/tags?post=644980"}],"curies":[{"name":"wp","href":"https:\/\/api.w.org\/{rel}","templated":true}]}}