{"id":647232,"date":"2017-08-28T09:25:33","date_gmt":"2017-08-28T07:25:33","guid":{"rendered":"http:\/\/www.varesenews.it\/?p=647232"},"modified":"2017-08-28T09:25:33","modified_gmt":"2017-08-28T07:25:33","slug":"martedi-lultimo-saluto-a-nanni-svampa","status":"publish","type":"post","link":"https:\/\/staging.varesenews.it\/2017\/08\/martedi-lultimo-saluto-a-nanni-svampa\/647232\/","title":{"rendered":"Marted\u00ec l&#8217;ultimo saluto a Nanni Svampa"},"content":{"rendered":"<p>Sar\u00e0\u00a0marted\u00ec 29 agosto alle 12 l&#8217;ultimo saluto a Nanni Svampa. La cerimonia -in forma privata- avr\u00e0 luogo in via Castello 80 a Porto Valtravaglia.<\/p>\n<p><strong>Dopo la commemorazione, intorno alle 14.30, \u00e8 previsto un breve corteo funebre.<\/strong><\/p>\n<p>L&#8217;inventore dei Gufi, l&#8217;uomo che port\u00f2 Brassens in Italia cantandolo in dialetto, \u00e8 morto sabato sera a Varese all&#8217;et\u00e0 di 79 anni.<\/p>\n<p><a href=\"http:\/\/necrologie.varesenews.it\/annuncio-famiglia\/nanni-svampa\/\" target=\"_blank\"> <img loading=\"lazy\" decoding=\"async\" src=\"http:\/\/www.varesenews.it\/photogallery_new\/images\/2016\/02\/necrologie-513306.jpg\" alt=\"\" width=\"600\" height=\"60\" border=\"0\" \/><\/a><\/p>\n","protected":false},"excerpt":{"rendered":"<p>La commemorazione sar\u00e0 in forma privata ma alle 14.30 \u00e8 previsto un corteo funebre<\/p>\n","protected":false},"author":42,"featured_media":0,"comment_status":"open","ping_status":"open","sticky":false,"template":"","format":"standard","meta":{"footnotes":""},"categories":[2],"tags":[2568],"acf":[],"yoast_head":"<!-- This site is optimized with the Yoast SEO plugin v20.1 - https:\/\/yoast.com\/wordpress\/plugins\/seo\/ -->\n<title>Marted\u00ec l&#039;ultimo saluto a Nanni Svampa<\/title>\n<meta name=\"description\" content=\"La commemorazione sar\u00e0 in forma privata ma alle 14.30 \u00e8 previsto un corteo funebre\" \/>\n<meta name=\"robots\" content=\"noindex, follow, max-snippet:-1, max-image-preview:large, max-video-preview:-1\" \/>\n<meta property=\"og:locale\" content=\"it_IT\" \/>\n<meta property=\"og:type\" content=\"article\" \/>\n<meta property=\"og:title\" content=\"Marted\u00ec l&#039;ultimo saluto a Nanni Svampa\" \/>\n<meta property=\"og:description\" content=\"La commemorazione sar\u00e0 in forma privata ma alle 14.30 \u00e8 previsto un corteo funebre\" \/>\n<meta property=\"og:url\" content=\"https:\/\/staging.varesenews.it\/2017\/08\/martedi-lultimo-saluto-a-nanni-svampa\/647232\/\" \/>\n<meta property=\"og:site_name\" content=\"VareseNews\" \/>\n<meta property=\"article:publisher\" content=\"https:\/\/www.facebook.com\/varesenews\" \/>\n<meta property=\"article:published_time\" content=\"2017-08-28T07:25:33+00:00\" \/>\n<meta property=\"og:image\" content=\"http:\/\/www.varesenews.it\/photogallery_new\/images\/2016\/02\/necrologie-513306.jpg\" \/>\n<meta name=\"author\" content=\"Marco Corso\" \/>\n<meta name=\"twitter:card\" content=\"summary_large_image\" \/>\n<meta name=\"twitter:creator\" content=\"@varesenews\" \/>\n<meta name=\"twitter:site\" content=\"@varesenews\" \/>\n<meta name=\"twitter:label1\" content=\"Scritto da\" \/>\n\t<meta name=\"twitter:data1\" content=\"Marco Corso\" \/>\n<script type=\"application\/ld+json\" class=\"yoast-schema-graph\">{\"@context\":\"https:\/\/schema.org\",\"@graph\":[{\"@type\":\"WebPage\",\"@id\":\"https:\/\/staging.varesenews.it\/2017\/08\/martedi-lultimo-saluto-a-nanni-svampa\/647232\/\",\"url\":\"https:\/\/staging.varesenews.it\/2017\/08\/martedi-lultimo-saluto-a-nanni-svampa\/647232\/\",\"name\":\"Marted\u00ec l'ultimo saluto a Nanni Svampa\",\"isPartOf\":{\"@id\":\"https:\/\/staging.varesenews.it\/#website\"},\"datePublished\":\"2017-08-28T07:25:33+00:00\",\"dateModified\":\"2017-08-28T07:25:33+00:00\",\"author\":{\"@id\":\"https:\/\/staging.varesenews.it\/#\/schema\/person\/f0b866bf1a4a7b2b1558574309a927fa\"},\"description\":\"La commemorazione sar\u00e0 in forma privata ma alle 14.30 \u00e8 previsto un corteo funebre\",\"breadcrumb\":{\"@id\":\"https:\/\/staging.varesenews.it\/2017\/08\/martedi-lultimo-saluto-a-nanni-svampa\/647232\/#breadcrumb\"},\"inLanguage\":\"it-IT\",\"potentialAction\":[{\"@type\":\"ReadAction\",\"target\":[\"https:\/\/staging.varesenews.it\/2017\/08\/martedi-lultimo-saluto-a-nanni-svampa\/647232\/\"]}]},{\"@type\":\"BreadcrumbList\",\"@id\":\"https:\/\/staging.varesenews.it\/2017\/08\/martedi-lultimo-saluto-a-nanni-svampa\/647232\/#breadcrumb\",\"itemListElement\":[{\"@type\":\"ListItem\",\"position\":1,\"name\":\"Home\",\"item\":\"https:\/\/www.varesenews.it\/\"},{\"@type\":\"ListItem\",\"position\":2,\"name\":\"Marted\u00ec l&#8217;ultimo saluto a Nanni Svampa\"}]},{\"@type\":\"WebSite\",\"@id\":\"https:\/\/staging.varesenews.it\/#website\",\"url\":\"https:\/\/staging.varesenews.it\/\",\"name\":\"VareseNews\",\"description\":\"\",\"potentialAction\":[{\"@type\":\"SearchAction\",\"target\":{\"@type\":\"EntryPoint\",\"urlTemplate\":\"https:\/\/staging.varesenews.it\/?s={search_term_string}\"},\"query-input\":\"required name=search_term_string\"}],\"inLanguage\":\"it-IT\"},{\"@type\":\"Person\",\"@id\":\"https:\/\/staging.varesenews.it\/#\/schema\/person\/f0b866bf1a4a7b2b1558574309a927fa\",\"name\":\"Marco Corso\",\"image\":{\"@type\":\"ImageObject\",\"inLanguage\":\"it-IT\",\"@id\":\"https:\/\/staging.varesenews.it\/#\/schema\/person\/image\/\",\"url\":\"https:\/\/staging.varesenews.it\/wp-content\/uploads\/2020\/12\/marco_corso_colori_500.jpg\",\"contentUrl\":\"https:\/\/staging.varesenews.it\/wp-content\/uploads\/2020\/12\/marco_corso_colori_500.jpg\",\"caption\":\"Marco Corso\"},\"description\":\"Classe 91, per diversi anni mi sono fregiato del titolo di pi&ugrave; giovane della redazione, ma adesso faccio il fratello maggiore alle nuove leve. Mi sono laureato nel 2013 in Scienze Sociali per la Globalizzazione alla Statale di Milano e nel 2015 mi sono diplomato in videogiornalismo alla Civica Scuola di Cinema di Milano. A VareseNews da 10 anni, ho seguito da sempre diversi progetti, partendo dalla mia Busto Arsizio per attraversare tutta la provincia. Adesso la \\\"sorvolo\\\" anche con il mio drone, regalando alle mie riprese sempre un punto di vista emozionale e narrativo sui luoghi e le vicende che racconto, ma rimanendo fedele alla cronaca. Quando non faccio il giornalista viaggio o mi arrampico sui monti, per guardare il mondo da altri punti di vista.\",\"sameAs\":[\"mar_corso\"],\"url\":\"https:\/\/staging.varesenews.it\/persona\/marco-corso1\/\"}]}<\/script>\n<!-- \/ Yoast SEO plugin. -->","yoast_head_json":{"title":"Marted\u00ec l'ultimo saluto a Nanni Svampa","description":"La commemorazione sar\u00e0 in forma privata ma alle 14.30 \u00e8 previsto un corteo funebre","robots":{"index":"noindex","follow":"follow","max-snippet":"max-snippet:-1","max-image-preview":"max-image-preview:large","max-video-preview":"max-video-preview:-1"},"og_locale":"it_IT","og_type":"article","og_title":"Marted\u00ec l'ultimo saluto a Nanni Svampa","og_description":"La commemorazione sar\u00e0 in forma privata ma alle 14.30 \u00e8 previsto un corteo funebre","og_url":"https:\/\/staging.varesenews.it\/2017\/08\/martedi-lultimo-saluto-a-nanni-svampa\/647232\/","og_site_name":"VareseNews","article_publisher":"https:\/\/www.facebook.com\/varesenews","article_published_time":"2017-08-28T07:25:33+00:00","og_image":[{"url":"http:\/\/www.varesenews.it\/photogallery_new\/images\/2016\/02\/necrologie-513306.jpg"}],"author":"Marco Corso","twitter_card":"summary_large_image","twitter_creator":"@varesenews","twitter_site":"@varesenews","twitter_misc":{"Scritto da":"Marco Corso"},"schema":{"@context":"https:\/\/schema.org","@graph":[{"@type":"WebPage","@id":"https:\/\/staging.varesenews.it\/2017\/08\/martedi-lultimo-saluto-a-nanni-svampa\/647232\/","url":"https:\/\/staging.varesenews.it\/2017\/08\/martedi-lultimo-saluto-a-nanni-svampa\/647232\/","name":"Marted\u00ec l'ultimo saluto a Nanni Svampa","isPartOf":{"@id":"https:\/\/staging.varesenews.it\/#website"},"datePublished":"2017-08-28T07:25:33+00:00","dateModified":"2017-08-28T07:25:33+00:00","author":{"@id":"https:\/\/staging.varesenews.it\/#\/schema\/person\/f0b866bf1a4a7b2b1558574309a927fa"},"description":"La commemorazione sar\u00e0 in forma privata ma alle 14.30 \u00e8 previsto un corteo funebre","breadcrumb":{"@id":"https:\/\/staging.varesenews.it\/2017\/08\/martedi-lultimo-saluto-a-nanni-svampa\/647232\/#breadcrumb"},"inLanguage":"it-IT","potentialAction":[{"@type":"ReadAction","target":["https:\/\/staging.varesenews.it\/2017\/08\/martedi-lultimo-saluto-a-nanni-svampa\/647232\/"]}]},{"@type":"BreadcrumbList","@id":"https:\/\/staging.varesenews.it\/2017\/08\/martedi-lultimo-saluto-a-nanni-svampa\/647232\/#breadcrumb","itemListElement":[{"@type":"ListItem","position":1,"name":"Home","item":"https:\/\/www.varesenews.it\/"},{"@type":"ListItem","position":2,"name":"Marted\u00ec l&#8217;ultimo saluto a Nanni Svampa"}]},{"@type":"WebSite","@id":"https:\/\/staging.varesenews.it\/#website","url":"https:\/\/staging.varesenews.it\/","name":"VareseNews","description":"","potentialAction":[{"@type":"SearchAction","target":{"@type":"EntryPoint","urlTemplate":"https:\/\/staging.varesenews.it\/?s={search_term_string}"},"query-input":"required name=search_term_string"}],"inLanguage":"it-IT"},{"@type":"Person","@id":"https:\/\/staging.varesenews.it\/#\/schema\/person\/f0b866bf1a4a7b2b1558574309a927fa","name":"Marco Corso","image":{"@type":"ImageObject","inLanguage":"it-IT","@id":"https:\/\/staging.varesenews.it\/#\/schema\/person\/image\/","url":"https:\/\/staging.varesenews.it\/wp-content\/uploads\/2020\/12\/marco_corso_colori_500.jpg","contentUrl":"https:\/\/staging.varesenews.it\/wp-content\/uploads\/2020\/12\/marco_corso_colori_500.jpg","caption":"Marco Corso"},"description":"Classe 91, per diversi anni mi sono fregiato del titolo di pi&ugrave; giovane della redazione, ma adesso faccio il fratello maggiore alle nuove leve. Mi sono laureato nel 2013 in Scienze Sociali per la Globalizzazione alla Statale di Milano e nel 2015 mi sono diplomato in videogiornalismo alla Civica Scuola di Cinema di Milano. A VareseNews da 10 anni, ho seguito da sempre diversi progetti, partendo dalla mia Busto Arsizio per attraversare tutta la provincia. Adesso la \"sorvolo\" anche con il mio drone, regalando alle mie riprese sempre un punto di vista emozionale e narrativo sui luoghi e le vicende che racconto, ma rimanendo fedele alla cronaca. Quando non faccio il giornalista viaggio o mi arrampico sui monti, per guardare il mondo da altri punti di vista.","sameAs":["mar_corso"],"url":"https:\/\/staging.varesenews.it\/persona\/marco-corso1\/"}]}},"post_meta":{"_edit_lock":"1503906558:42","_edit_last":"42","_category_permalink":"","wdfb_og_title":"","wdfb_og_type":"","wdfb_og_description":"","wdfb_og_images":"a:1:{i:0;s:0:\"\";}","wdfb_og_custom_name":"a:1:{i:0;s:0:\"\";}","wdfb_og_custom_value":"a:1:{i:0;s:0:\"\";}","id_leggi_anche":"647100,647156,647375,647636","foto":"628626","firma_come_redazione":"1","argomento":"Porto Valtravaglia","_jd_twitter":"","_jd_tweet_this":"yes","ratings_users":"0","ratings_score":"0","ratings_average":"0","_wpt_short_url":"http:\/\/www.varesenews.it\/2017\/08\/martedi-lultimo-saluto-a-nanni-svampa\/647232\/","_wp_jd_target":"http:\/\/www.varesenews.it\/2017\/08\/martedi-lultimo-saluto-a-nanni-svampa\/647232\/","_jd_wp_twitter":"a:1:{i:0;s:128:\"Marted\u00ec l'ultimo saluto a Nanni Svampa http:\/\/www.varesenews.it\/2017\/08\/martedi-lultimo-saluto-a-nanni-svampa\/647232\/ #funerale\";}","_wpt_status_message":"Tweet inviato con successo."},"photos":[{"original":"https:\/\/staging.varesenews.it\/photogallery_new\/images\/2017\/08\/nanni-svampa-628626.jpg","full":"https:\/\/staging.varesenews.it\/photogallery_new\/images\/2017\/08\/nanni-svampa-628626.1024x768.jpg","large":"https:\/\/staging.varesenews.it\/photogallery_new\/images\/2017\/08\/nanni-svampa-628626.610x431.jpg"}],"_links":{"self":[{"href":"https:\/\/staging.varesenews.it\/swgapi\/v1\/wp\/v2\/posts\/647232"}],"collection":[{"href":"https:\/\/staging.varesenews.it\/swgapi\/v1\/wp\/v2\/posts"}],"about":[{"href":"https:\/\/staging.varesenews.it\/swgapi\/v1\/wp\/v2\/types\/post"}],"author":[{"embeddable":true,"href":"https:\/\/staging.varesenews.it\/swgapi\/v1\/wp\/v2\/users\/42"}],"replies":[{"embeddable":true,"href":"https:\/\/staging.varesenews.it\/swgapi\/v1\/wp\/v2\/comments?post=647232"}],"version-history":[{"count":0,"href":"https:\/\/staging.varesenews.it\/swgapi\/v1\/wp\/v2\/posts\/647232\/revisions"}],"wp:attachment":[{"href":"https:\/\/staging.varesenews.it\/swgapi\/v1\/wp\/v2\/media?parent=647232"}],"wp:term":[{"taxonomy":"category","embeddable":true,"href":"https:\/\/staging.varesenews.it\/swgapi\/v1\/wp\/v2\/categories?post=647232"},{"taxonomy":"post_tag","embeddable":true,"href":"https:\/\/staging.varesenews.it\/swgapi\/v1\/wp\/v2\/tags?post=647232"}],"curies":[{"name":"wp","href":"https:\/\/api.w.org\/{rel}","templated":true}]}}