{"id":647273,"date":"2017-08-28T10:52:26","date_gmt":"2017-08-28T08:52:26","guid":{"rendered":"http:\/\/www.varesenews.it\/?p=647273"},"modified":"2017-08-28T10:57:04","modified_gmt":"2017-08-28T08:57:04","slug":"lunder-18-di-mencarelli-e-ancora-campione-del-mondo","status":"publish","type":"post","link":"https:\/\/staging.varesenews.it\/2017\/08\/lunder-18-di-mencarelli-e-ancora-campione-del-mondo\/647273\/","title":{"rendered":"L&#8217;under 18 di Mencarelli \u00e8 ancora campione del Mondo"},"content":{"rendered":"<p>Notte speciale per la<strong> pallavolo azzurra<\/strong> e per quella della nostra provincia. A Rosario, in Argentina, la<strong> nazionale under 18 femminile<\/strong> si \u00e8 laureata campione del mondo di categoria per la seconda volta consecutiva, e come due anni fa in Per\u00f9 a guidare l&#8217;Italia c&#8217;\u00e8 <strong>Marco Mencarelli. P<\/strong>ercorso netto per le azzurrine che hanno vinto tutte le partite disputate, conquistando il titolo contro la<strong> Repubblica Dominicana <\/strong>superata per<strong> 3-1.<\/strong><\/p>\n<p>Il coach della Uyba si conferma quindi <strong>grande specialista delle categorie giovanili,<\/strong> e anche per questo era stato scelto due anni fa per guidare una formazione biancorossa interessata a fare crescere al proprio interno alcune giovani speranze del volley nazionale. Non a caso nella rosa bustocca oggi ci sono<strong> Orro, Botezat e Piani<\/strong>, tutte iridate con il &#8220;Menca&#8221; nel 2015.<\/p>\n<p>A Rosario, oltre al &#8220;Menca&#8221;, c&#8217;erano anche un&#8217;atleta targata Busto, ovvero<strong> Virginia Peruzzo<\/strong>, gi\u00e0 aggregata in alcune occasioni alla prima squadra. La spedizione azzurra ha fatto conto anche su un&#8217;atleta gi\u00e0 protagonista con \u00a0la maglia di Orago, <strong>Alice Tanase.<\/strong> E poi, all&#8217;impresa in terra argentina hanno contribuito anche le ragazze del<strong> Club Italia<\/strong> che lo scorso anno hanno giocato in casa al PalaYamamay (nel prossimo campionato invece le azzurrine saranno al Centro Pavesi di Milano):\u00a0Rachele <strong>Morello<\/strong>, Terry <strong>Enweonwu<\/strong> e Marina <strong>Lubian<\/strong>. Nella stagione che sta partendo vestiranno la maglia del Club anche\u00a0Elena Pietrini e Sara Fahr.<\/p>\n","protected":false},"excerpt":{"rendered":"<p>Per la seconda edizione consecutiva il coach della Uyba porta l&#8217;Italia al titolo iridato. In finale successo 3-1 sulla Repubblica Dominicana<\/p>\n","protected":false},"author":38,"featured_media":0,"comment_status":"open","ping_status":"open","sticky":false,"template":"","format":"standard","meta":{"footnotes":""},"categories":[14],"tags":[953,255],"acf":[],"yoast_head":"<!-- This site is optimized with the Yoast SEO plugin v20.1 - https:\/\/yoast.com\/wordpress\/plugins\/seo\/ -->\n<title>L&#039;under 18 di Mencarelli \u00e8 ancora campione del Mondo<\/title>\n<meta name=\"description\" content=\"Per la seconda edizione consecutiva il coach della Uyba porta l&#039;Italia al titolo iridato. In finale successo 3-1 sulla Repubblica Dominicana\" \/>\n<meta name=\"robots\" content=\"noindex, follow, max-snippet:-1, max-image-preview:large, max-video-preview:-1\" \/>\n<meta property=\"og:locale\" content=\"it_IT\" \/>\n<meta property=\"og:type\" content=\"article\" \/>\n<meta property=\"og:title\" content=\"L&#039;under 18 di Mencarelli \u00e8 ancora campione del Mondo\" \/>\n<meta property=\"og:description\" content=\"Per la seconda edizione consecutiva il coach della Uyba porta l&#039;Italia al titolo iridato. In finale successo 3-1 sulla Repubblica Dominicana\" \/>\n<meta property=\"og:url\" content=\"https:\/\/staging.varesenews.it\/2017\/08\/lunder-18-di-mencarelli-e-ancora-campione-del-mondo\/647273\/\" \/>\n<meta property=\"og:site_name\" content=\"VareseNews\" \/>\n<meta property=\"article:publisher\" content=\"https:\/\/www.facebook.com\/varesenews\" \/>\n<meta property=\"article:published_time\" content=\"2017-08-28T08:52:26+00:00\" \/>\n<meta property=\"article:modified_time\" content=\"2017-08-28T08:57:04+00:00\" \/>\n<meta name=\"author\" content=\"Damiano Franzetti\" \/>\n<meta name=\"twitter:card\" content=\"summary_large_image\" \/>\n<meta name=\"twitter:creator\" content=\"@damianofranz\" \/>\n<meta name=\"twitter:site\" content=\"@varesenews\" \/>\n<meta name=\"twitter:label1\" content=\"Scritto da\" \/>\n\t<meta name=\"twitter:data1\" content=\"Damiano Franzetti\" \/>\n\t<meta name=\"twitter:label2\" content=\"Tempo di lettura stimato\" \/>\n\t<meta name=\"twitter:data2\" content=\"1 minuto\" \/>\n<script type=\"application\/ld+json\" class=\"yoast-schema-graph\">{\"@context\":\"https:\/\/schema.org\",\"@graph\":[{\"@type\":\"WebPage\",\"@id\":\"https:\/\/staging.varesenews.it\/2017\/08\/lunder-18-di-mencarelli-e-ancora-campione-del-mondo\/647273\/\",\"url\":\"https:\/\/staging.varesenews.it\/2017\/08\/lunder-18-di-mencarelli-e-ancora-campione-del-mondo\/647273\/\",\"name\":\"L'under 18 di Mencarelli \u00e8 ancora campione del Mondo\",\"isPartOf\":{\"@id\":\"https:\/\/staging.varesenews.it\/#website\"},\"datePublished\":\"2017-08-28T08:52:26+00:00\",\"dateModified\":\"2017-08-28T08:57:04+00:00\",\"author\":{\"@id\":\"https:\/\/staging.varesenews.it\/#\/schema\/person\/709ae3769f6b4dbde8ec332baede8a5b\"},\"description\":\"Per la seconda edizione consecutiva il coach della Uyba porta l'Italia al titolo iridato. In finale successo 3-1 sulla Repubblica Dominicana\",\"breadcrumb\":{\"@id\":\"https:\/\/staging.varesenews.it\/2017\/08\/lunder-18-di-mencarelli-e-ancora-campione-del-mondo\/647273\/#breadcrumb\"},\"inLanguage\":\"it-IT\",\"potentialAction\":[{\"@type\":\"ReadAction\",\"target\":[\"https:\/\/staging.varesenews.it\/2017\/08\/lunder-18-di-mencarelli-e-ancora-campione-del-mondo\/647273\/\"]}]},{\"@type\":\"BreadcrumbList\",\"@id\":\"https:\/\/staging.varesenews.it\/2017\/08\/lunder-18-di-mencarelli-e-ancora-campione-del-mondo\/647273\/#breadcrumb\",\"itemListElement\":[{\"@type\":\"ListItem\",\"position\":1,\"name\":\"Home\",\"item\":\"https:\/\/www.varesenews.it\/\"},{\"@type\":\"ListItem\",\"position\":2,\"name\":\"L&#8217;under 18 di Mencarelli \u00e8 ancora campione del Mondo\"}]},{\"@type\":\"WebSite\",\"@id\":\"https:\/\/staging.varesenews.it\/#website\",\"url\":\"https:\/\/staging.varesenews.it\/\",\"name\":\"VareseNews\",\"description\":\"\",\"potentialAction\":[{\"@type\":\"SearchAction\",\"target\":{\"@type\":\"EntryPoint\",\"urlTemplate\":\"https:\/\/staging.varesenews.it\/?s={search_term_string}\"},\"query-input\":\"required name=search_term_string\"}],\"inLanguage\":\"it-IT\"},{\"@type\":\"Person\",\"@id\":\"https:\/\/staging.varesenews.it\/#\/schema\/person\/709ae3769f6b4dbde8ec332baede8a5b\",\"name\":\"Damiano Franzetti\",\"image\":{\"@type\":\"ImageObject\",\"inLanguage\":\"it-IT\",\"@id\":\"https:\/\/staging.varesenews.it\/#\/schema\/person\/image\/\",\"url\":\"https:\/\/staging.varesenews.it\/wp-content\/uploads\/2020\/12\/damiano_franzetti_colori_500.jpg\",\"contentUrl\":\"https:\/\/staging.varesenews.it\/wp-content\/uploads\/2020\/12\/damiano_franzetti_colori_500.jpg\",\"caption\":\"Damiano Franzetti\"},\"description\":\"Classe 1976, una laurea (nel cassetto) in scienze e tecnologie alimentari; sono giornalista professionista dal 2009 nato e cresciuto con VareseNews dove mi occupo soprattutto di sport ormai da vent&rsquo;anni. Inviato sui campi (sulle piste, sulle strade...), intervistatore, coordinatore e responsabile delle pagine sportive, mi ritaglio volentieri lo spazio per scrivere di birra sul blog Malto Gradimento. Ho seguito innumerevoli campionati di Serie A di basket, di serie B di calcio, due Mondiali di ciclismo, qualche Giro d&rsquo;;Italia e tanto altro ancora. Collaboro con Tuttosport e altre testate, mi diletto di social. Ho una moglie, un figlio, vivo nella mia Gemonio e ho purtroppo smesso con il basket giocato. &nbsp;\",\"sameAs\":[\"damianofranz\",\"https:\/\/www.linkedin.com\/profile\/view?id=241597124&trk=nav_responsive_tab_profile\",\"https:\/\/twitter.com\/damianofranz\"],\"url\":\"https:\/\/staging.varesenews.it\/persona\/damiano_franzetti-2\/\"}]}<\/script>\n<!-- \/ Yoast SEO plugin. -->","yoast_head_json":{"title":"L'under 18 di Mencarelli \u00e8 ancora campione del Mondo","description":"Per la seconda edizione consecutiva il coach della Uyba porta l'Italia al titolo iridato. In finale successo 3-1 sulla Repubblica Dominicana","robots":{"index":"noindex","follow":"follow","max-snippet":"max-snippet:-1","max-image-preview":"max-image-preview:large","max-video-preview":"max-video-preview:-1"},"og_locale":"it_IT","og_type":"article","og_title":"L'under 18 di Mencarelli \u00e8 ancora campione del Mondo","og_description":"Per la seconda edizione consecutiva il coach della Uyba porta l'Italia al titolo iridato. In finale successo 3-1 sulla Repubblica Dominicana","og_url":"https:\/\/staging.varesenews.it\/2017\/08\/lunder-18-di-mencarelli-e-ancora-campione-del-mondo\/647273\/","og_site_name":"VareseNews","article_publisher":"https:\/\/www.facebook.com\/varesenews","article_published_time":"2017-08-28T08:52:26+00:00","article_modified_time":"2017-08-28T08:57:04+00:00","author":"Damiano Franzetti","twitter_card":"summary_large_image","twitter_creator":"@damianofranz","twitter_site":"@varesenews","twitter_misc":{"Scritto da":"Damiano Franzetti","Tempo di lettura stimato":"1 minuto"},"schema":{"@context":"https:\/\/schema.org","@graph":[{"@type":"WebPage","@id":"https:\/\/staging.varesenews.it\/2017\/08\/lunder-18-di-mencarelli-e-ancora-campione-del-mondo\/647273\/","url":"https:\/\/staging.varesenews.it\/2017\/08\/lunder-18-di-mencarelli-e-ancora-campione-del-mondo\/647273\/","name":"L'under 18 di Mencarelli \u00e8 ancora campione del Mondo","isPartOf":{"@id":"https:\/\/staging.varesenews.it\/#website"},"datePublished":"2017-08-28T08:52:26+00:00","dateModified":"2017-08-28T08:57:04+00:00","author":{"@id":"https:\/\/staging.varesenews.it\/#\/schema\/person\/709ae3769f6b4dbde8ec332baede8a5b"},"description":"Per la seconda edizione consecutiva il coach della Uyba porta l'Italia al titolo iridato. In finale successo 3-1 sulla Repubblica Dominicana","breadcrumb":{"@id":"https:\/\/staging.varesenews.it\/2017\/08\/lunder-18-di-mencarelli-e-ancora-campione-del-mondo\/647273\/#breadcrumb"},"inLanguage":"it-IT","potentialAction":[{"@type":"ReadAction","target":["https:\/\/staging.varesenews.it\/2017\/08\/lunder-18-di-mencarelli-e-ancora-campione-del-mondo\/647273\/"]}]},{"@type":"BreadcrumbList","@id":"https:\/\/staging.varesenews.it\/2017\/08\/lunder-18-di-mencarelli-e-ancora-campione-del-mondo\/647273\/#breadcrumb","itemListElement":[{"@type":"ListItem","position":1,"name":"Home","item":"https:\/\/www.varesenews.it\/"},{"@type":"ListItem","position":2,"name":"L&#8217;under 18 di Mencarelli \u00e8 ancora campione del Mondo"}]},{"@type":"WebSite","@id":"https:\/\/staging.varesenews.it\/#website","url":"https:\/\/staging.varesenews.it\/","name":"VareseNews","description":"","potentialAction":[{"@type":"SearchAction","target":{"@type":"EntryPoint","urlTemplate":"https:\/\/staging.varesenews.it\/?s={search_term_string}"},"query-input":"required name=search_term_string"}],"inLanguage":"it-IT"},{"@type":"Person","@id":"https:\/\/staging.varesenews.it\/#\/schema\/person\/709ae3769f6b4dbde8ec332baede8a5b","name":"Damiano Franzetti","image":{"@type":"ImageObject","inLanguage":"it-IT","@id":"https:\/\/staging.varesenews.it\/#\/schema\/person\/image\/","url":"https:\/\/staging.varesenews.it\/wp-content\/uploads\/2020\/12\/damiano_franzetti_colori_500.jpg","contentUrl":"https:\/\/staging.varesenews.it\/wp-content\/uploads\/2020\/12\/damiano_franzetti_colori_500.jpg","caption":"Damiano Franzetti"},"description":"Classe 1976, una laurea (nel cassetto) in scienze e tecnologie alimentari; sono giornalista professionista dal 2009 nato e cresciuto con VareseNews dove mi occupo soprattutto di sport ormai da vent&rsquo;anni. Inviato sui campi (sulle piste, sulle strade...), intervistatore, coordinatore e responsabile delle pagine sportive, mi ritaglio volentieri lo spazio per scrivere di birra sul blog Malto Gradimento. Ho seguito innumerevoli campionati di Serie A di basket, di serie B di calcio, due Mondiali di ciclismo, qualche Giro d&rsquo;;Italia e tanto altro ancora. Collaboro con Tuttosport e altre testate, mi diletto di social. Ho una moglie, un figlio, vivo nella mia Gemonio e ho purtroppo smesso con il basket giocato. &nbsp;","sameAs":["damianofranz","https:\/\/www.linkedin.com\/profile\/view?id=241597124&trk=nav_responsive_tab_profile","https:\/\/twitter.com\/damianofranz"],"url":"https:\/\/staging.varesenews.it\/persona\/damiano_franzetti-2\/"}]}},"post_meta":{"_edit_lock":"1503921580:38","_edit_last":"38","ratings_users":"0","ratings_score":"0","ratings_average":"0","_category_permalink":"","wdfb_og_title":"","wdfb_og_type":"","wdfb_og_description":"","wdfb_og_images":"a:1:{i:0;s:0:\"\";}","wdfb_og_custom_name":"a:1:{i:0;s:0:\"\";}","wdfb_og_custom_value":"a:1:{i:0;s:0:\"\";}","foto":"628735","firma_come_redazione":"1","argomento":"Pallavolo","_jd_twitter":"","_jd_tweet_this":"yes","_wpt_short_url":"http:\/\/www.varesenews.it\/2017\/08\/lunder-18-di-mencarelli-e-ancora-campione-del-mondo\/647273\/","_wp_jd_target":"http:\/\/www.varesenews.it\/2017\/08\/lunder-18-di-mencarelli-e-ancora-campione-del-mondo\/647273\/","_jd_wp_twitter":"a:1:{i:0;s:168:\"L'under 18 di Mencarelli \u00e8 ancora campione del Mondo http:\/\/www.varesenews.it\/2017\/08\/lunder-18-di-mencarelli-e-ancora-campione-del-mondo\/647273\/ #giovanili #pallavolo\";}","_wpt_status_message":"Tweet inviato con successo.","id_leggi_anche":"647616,648445"},"photos":[{"original":"https:\/\/staging.varesenews.it\/photogallery_new\/images\/2017\/08\/pallavolo-under-18-italia-628735.jpg","full":"https:\/\/staging.varesenews.it\/photogallery_new\/images\/2017\/08\/pallavolo-under-18-italia-628735.1024x768.jpg","large":"https:\/\/staging.varesenews.it\/photogallery_new\/images\/2017\/08\/pallavolo-under-18-italia-628735.610x431.jpg"}],"_links":{"self":[{"href":"https:\/\/staging.varesenews.it\/swgapi\/v1\/wp\/v2\/posts\/647273"}],"collection":[{"href":"https:\/\/staging.varesenews.it\/swgapi\/v1\/wp\/v2\/posts"}],"about":[{"href":"https:\/\/staging.varesenews.it\/swgapi\/v1\/wp\/v2\/types\/post"}],"author":[{"embeddable":true,"href":"https:\/\/staging.varesenews.it\/swgapi\/v1\/wp\/v2\/users\/38"}],"replies":[{"embeddable":true,"href":"https:\/\/staging.varesenews.it\/swgapi\/v1\/wp\/v2\/comments?post=647273"}],"version-history":[{"count":0,"href":"https:\/\/staging.varesenews.it\/swgapi\/v1\/wp\/v2\/posts\/647273\/revisions"}],"wp:attachment":[{"href":"https:\/\/staging.varesenews.it\/swgapi\/v1\/wp\/v2\/media?parent=647273"}],"wp:term":[{"taxonomy":"category","embeddable":true,"href":"https:\/\/staging.varesenews.it\/swgapi\/v1\/wp\/v2\/categories?post=647273"},{"taxonomy":"post_tag","embeddable":true,"href":"https:\/\/staging.varesenews.it\/swgapi\/v1\/wp\/v2\/tags?post=647273"}],"curies":[{"name":"wp","href":"https:\/\/api.w.org\/{rel}","templated":true}]}}