{"id":647818,"date":"2017-08-30T10:46:54","date_gmt":"2017-08-30T08:46:54","guid":{"rendered":"http:\/\/www.varesenews.it\/?p=647818"},"modified":"2017-08-30T10:48:03","modified_gmt":"2017-08-30T08:48:03","slug":"il-bandolo-dellarte-a-maccagno","status":"publish","type":"post","link":"https:\/\/staging.varesenews.it\/2017\/08\/il-bandolo-dellarte-a-maccagno\/647818\/","title":{"rendered":"Il bandolo dell&#8217;Arte a Maccagno"},"content":{"rendered":"<p>&#8220;<strong>Il bandolo dell&#8217;Arte&#8221;<\/strong> \u00e8 il titolo della mostra personale di <strong>Mauro Bonaventura<\/strong> ospitata presso il <strong>Civico Museo di Maccagno<\/strong> con Pino e Veddasca <strong>dal 9 settembre fino al 29 ottobre 2017<\/strong> (inaugurazione: sabato 9 settembre ore 18.00).<\/p>\n<p>In mostra, una straordinaria selezione di pezzi unici, realizzati con la tecnica della lavorazione a lume e basati sul felice incontro tra alto design d&#8217;autore e sapiente conoscenza delle <strong>antiche tradizioni creative della laguna Veneta<\/strong>.<\/p>\n<p>&#8220;<strong>Saluto con infinito piacere la vernice dell\u2019antologica di Mauro Bonaventura \u2013 commenta il Sindaco Fabio Passera<\/strong> &#8211; Una delle emozioni pi\u00f9 grandi che mi hanno dato questi primi diciannove anni di vita della nostra Istituzione culturale \u00e8 stata quella di conoscere artisti e persone tanto diverse tra loro. Il vetro, lavorato con somma sapienza da Bonaventura, \u00e8 capace di donare emozioni a chi come noi si lascia incantare da un autore capace di regalare, in chiave decisamente contemporanea, stupore e meraviglia&#8221;.<\/p>\n<p><strong>Clara Castaldo, curatrice della mostra, spiega<\/strong>: &#8220;Mauro Bonaventura si butta a capofitto dentro garbugli e viluppi di materiale vetroso: e tanto pi\u00f9 fitta \u00e8 la ragnatela, pi\u00f9 annodato il meandro, tanto pi\u00f9 l\u2019autore si immerge in profondit\u00e0. Interpretateli come meglio credete: con la memoria potete andare alle celebri Macchine Anatomiche della cavea sotterranea della Cappella Sansevero; potete pensare a sagome teatrali, a moderne estrusioni tecnologiche o industriali. Le giostre, i caroselli, le sinapsi inestricabili di Bonaventura, comunque le vogliate leggere, mettono in campo un invito all\u2019osservazione paziente, alla possibilit\u00e0 di districare, svolgere e risolvere un tema, cercando qualcosa di nuovo e liberando energie buone. La matassa, allora, non risulter\u00e0 qualcosa di inespugnabile o di negato, non sar\u00e0 motivo di disperazione o di rinuncia. Sar\u00e0, invece, occasione di riflessione intelligente e profonda. Rimander\u00e0 e indicher\u00e0 un percorso praticabile e fattibile, un\u2019ipotesi ottenibile e una strada concreta, offrendo un indizio piuttosto che un dubbio&#8221;.<\/p>\n<p><strong>L&#8217;autore, ospite a Maccagno, commenta<\/strong>: &#8220;Garzone in una fornace veneziana e poi un diploma in elettronica. Ed \u00e8 cos\u00ec che ti prende la vita: per caso o per coincidenze che i romantici chiamano destino, ti \u201csemina\u201d dentro un\u2019immagine, un odore, un colore\u2026 ero un garzone in una fornace; mi hanno \u201cseminato\u201d vetro. Nove, dieci anni pi\u00f9 tardi l\u2019incontro che m\u2019avrebbe fatto abbandonare la vetreria, ma non il vetro: la lavorazione a lume. Un universo di piccoli oggetti che esisteva s\u00ec vivace, ma all\u2019ombra dell\u2019arte nobile dei grandi maestri vetrai di Murano. Ecco la sfida: rendere con una semplice fiamma la stessa nobilt\u00e0 d\u2019arte, la stessa potenza d\u2019emozione, la stessa forza d\u2019espressione della lavorazione di fornace; rincorrere il limite, la fine dell\u2019orizzonte e poi andare oltre&#8221;.<\/p>\n<p><strong>Mauro Bonaventura nasce a Venezia nel 1965.<\/strong><br \/>\nHa al suo attivo un considerevole numero di mostre personali e collettive; durante il suo percorso biografico e creativo, collabora con numerosi artisti tra cui Pino Signoretto, Massimo Nordio, Marco Nereo Rotelli e altri. Recentemente una sua importante opera \u00e8 stata esposta presso la GAA Foundation in occasione della Biennale Arte di Venezia 2017. I suoi lavori sono esposti in importanti gallerie d\u2019arte e musei di tutto il mondo tra cui Corning Museum of glass, Carnegie Museum of Art, Glass Museum Alter Hof Herding, Hida Takayama Museum of Art.<\/p>\n<p><em>Il bandolo dell&#8217;Arte &#8211; Mostra personale di Mauro Bonaventura\u2028Fino a domenica 29 ottobre 2017\u2028A cura di Clara Castaldo<\/em><br \/>\n<em>Orari: venerd\u00ec dalle 14.30 alle 18.30 \u2013 sabato e domenica dalle 10.00 alle 12.00 e dalle 14.30 alle 18.30\u2028Ingresso gratuito<\/em><br \/>\n<em>Per maggiori info: www.museoparisivalle.it<\/em><br \/>\n<em>Disponibilit\u00e0 di apertura per gruppi (minimo 15 persone) previa comunicazione in Museo (Tel. 0332 561202)<\/em><\/p>\n","protected":false},"excerpt":{"rendered":"<p>Una sorprendente antologia di opere realizzate in vetro in mostra fino al 29 ottobre<\/p>\n","protected":false},"author":34,"featured_media":0,"comment_status":"open","ping_status":"open","sticky":false,"template":"","format":"standard","meta":{"footnotes":""},"categories":[2],"tags":[72205],"acf":[],"yoast_head":"<!-- This site is optimized with the Yoast SEO plugin v20.1 - https:\/\/yoast.com\/wordpress\/plugins\/seo\/ -->\n<title>Il bandolo dell&#039;Arte a Maccagno<\/title>\n<meta name=\"description\" content=\"Una sorprendente antologia di opere realizzate in vetro in mostra fino al 29 ottobre\" \/>\n<meta name=\"robots\" content=\"noindex, follow, max-snippet:-1, max-image-preview:large, max-video-preview:-1\" \/>\n<meta property=\"og:locale\" content=\"it_IT\" \/>\n<meta property=\"og:type\" content=\"article\" \/>\n<meta property=\"og:title\" content=\"Il bandolo dell&#039;Arte a Maccagno\" \/>\n<meta property=\"og:description\" content=\"Una sorprendente antologia di opere realizzate in vetro in mostra fino al 29 ottobre\" \/>\n<meta property=\"og:url\" content=\"https:\/\/staging.varesenews.it\/2017\/08\/il-bandolo-dellarte-a-maccagno\/647818\/\" \/>\n<meta property=\"og:site_name\" content=\"VareseNews\" \/>\n<meta property=\"article:publisher\" content=\"https:\/\/www.facebook.com\/varesenews\" \/>\n<meta property=\"article:author\" content=\"https:\/\/www.facebook.com\/andrea.camurani?fref=photo\" \/>\n<meta property=\"article:published_time\" content=\"2017-08-30T08:46:54+00:00\" \/>\n<meta property=\"article:modified_time\" content=\"2017-08-30T08:48:03+00:00\" \/>\n<meta name=\"author\" content=\"Andrea Camurani\" \/>\n<meta name=\"twitter:card\" content=\"summary_large_image\" \/>\n<meta name=\"twitter:creator\" content=\"@AndreaCamurani\" \/>\n<meta name=\"twitter:site\" content=\"@varesenews\" \/>\n<meta name=\"twitter:label1\" content=\"Scritto da\" \/>\n\t<meta name=\"twitter:data1\" content=\"Andrea Camurani\" \/>\n\t<meta name=\"twitter:label2\" content=\"Tempo di lettura stimato\" \/>\n\t<meta name=\"twitter:data2\" content=\"3 minuti\" \/>\n<script type=\"application\/ld+json\" class=\"yoast-schema-graph\">{\"@context\":\"https:\/\/schema.org\",\"@graph\":[{\"@type\":\"WebPage\",\"@id\":\"https:\/\/staging.varesenews.it\/2017\/08\/il-bandolo-dellarte-a-maccagno\/647818\/\",\"url\":\"https:\/\/staging.varesenews.it\/2017\/08\/il-bandolo-dellarte-a-maccagno\/647818\/\",\"name\":\"Il bandolo dell'Arte a Maccagno\",\"isPartOf\":{\"@id\":\"https:\/\/staging.varesenews.it\/#website\"},\"datePublished\":\"2017-08-30T08:46:54+00:00\",\"dateModified\":\"2017-08-30T08:48:03+00:00\",\"author\":{\"@id\":\"https:\/\/staging.varesenews.it\/#\/schema\/person\/3eb5832c6beae763de8d9596fdbe8c49\"},\"description\":\"Una sorprendente antologia di opere realizzate in vetro in mostra fino al 29 ottobre\",\"breadcrumb\":{\"@id\":\"https:\/\/staging.varesenews.it\/2017\/08\/il-bandolo-dellarte-a-maccagno\/647818\/#breadcrumb\"},\"inLanguage\":\"it-IT\",\"potentialAction\":[{\"@type\":\"ReadAction\",\"target\":[\"https:\/\/staging.varesenews.it\/2017\/08\/il-bandolo-dellarte-a-maccagno\/647818\/\"]}]},{\"@type\":\"BreadcrumbList\",\"@id\":\"https:\/\/staging.varesenews.it\/2017\/08\/il-bandolo-dellarte-a-maccagno\/647818\/#breadcrumb\",\"itemListElement\":[{\"@type\":\"ListItem\",\"position\":1,\"name\":\"Home\",\"item\":\"https:\/\/www.varesenews.it\/\"},{\"@type\":\"ListItem\",\"position\":2,\"name\":\"Il bandolo dell&#8217;Arte a Maccagno\"}]},{\"@type\":\"WebSite\",\"@id\":\"https:\/\/staging.varesenews.it\/#website\",\"url\":\"https:\/\/staging.varesenews.it\/\",\"name\":\"VareseNews\",\"description\":\"\",\"potentialAction\":[{\"@type\":\"SearchAction\",\"target\":{\"@type\":\"EntryPoint\",\"urlTemplate\":\"https:\/\/staging.varesenews.it\/?s={search_term_string}\"},\"query-input\":\"required name=search_term_string\"}],\"inLanguage\":\"it-IT\"},{\"@type\":\"Person\",\"@id\":\"https:\/\/staging.varesenews.it\/#\/schema\/person\/3eb5832c6beae763de8d9596fdbe8c49\",\"name\":\"Andrea Camurani\",\"image\":{\"@type\":\"ImageObject\",\"inLanguage\":\"it-IT\",\"@id\":\"https:\/\/staging.varesenews.it\/#\/schema\/person\/image\/\",\"url\":\"https:\/\/staging.varesenews.it\/wp-content\/uploads\/2020\/12\/andrea_camurani_colori_500.jpg\",\"contentUrl\":\"https:\/\/staging.varesenews.it\/wp-content\/uploads\/2020\/12\/andrea_camurani_colori_500.jpg\",\"caption\":\"Andrea Camurani\"},\"description\":\"Sono figlio degli anni Settanta e di Milano, dove ho imparato a riconoscere buoni e cattivi. Laurea in scienze politiche, lavoro a VareseNews dal 2000. Racconto quel che trovo quando incontro chi vuole lasciare al mondo un pezzetto di vita, che si chiama cronaca. &ldquo;...perch&eacute; &egrave; la gente il pi&ugrave; grande spettacolo del mondo. E non si paga il biglietto...&rdquo; (Charles Bukowsky)\",\"sameAs\":[\"https:\/\/www.facebook.com\/andrea.camurani?fref=photo\",\"andreacamurani\",\"https:\/\/www.linkedin.com\/hp\/?dnr=A9a84RfzsLdo9xg4NcGV4dLiMknoc9ms4WM\",\"https:\/\/twitter.com\/AndreaCamurani\"],\"url\":\"https:\/\/staging.varesenews.it\/persona\/andrea_camurani\/\"}]}<\/script>\n<!-- \/ Yoast SEO plugin. -->","yoast_head_json":{"title":"Il bandolo dell'Arte a Maccagno","description":"Una sorprendente antologia di opere realizzate in vetro in mostra fino al 29 ottobre","robots":{"index":"noindex","follow":"follow","max-snippet":"max-snippet:-1","max-image-preview":"max-image-preview:large","max-video-preview":"max-video-preview:-1"},"og_locale":"it_IT","og_type":"article","og_title":"Il bandolo dell'Arte a Maccagno","og_description":"Una sorprendente antologia di opere realizzate in vetro in mostra fino al 29 ottobre","og_url":"https:\/\/staging.varesenews.it\/2017\/08\/il-bandolo-dellarte-a-maccagno\/647818\/","og_site_name":"VareseNews","article_publisher":"https:\/\/www.facebook.com\/varesenews","article_author":"https:\/\/www.facebook.com\/andrea.camurani?fref=photo","article_published_time":"2017-08-30T08:46:54+00:00","article_modified_time":"2017-08-30T08:48:03+00:00","author":"Andrea Camurani","twitter_card":"summary_large_image","twitter_creator":"@AndreaCamurani","twitter_site":"@varesenews","twitter_misc":{"Scritto da":"Andrea Camurani","Tempo di lettura stimato":"3 minuti"},"schema":{"@context":"https:\/\/schema.org","@graph":[{"@type":"WebPage","@id":"https:\/\/staging.varesenews.it\/2017\/08\/il-bandolo-dellarte-a-maccagno\/647818\/","url":"https:\/\/staging.varesenews.it\/2017\/08\/il-bandolo-dellarte-a-maccagno\/647818\/","name":"Il bandolo dell'Arte a Maccagno","isPartOf":{"@id":"https:\/\/staging.varesenews.it\/#website"},"datePublished":"2017-08-30T08:46:54+00:00","dateModified":"2017-08-30T08:48:03+00:00","author":{"@id":"https:\/\/staging.varesenews.it\/#\/schema\/person\/3eb5832c6beae763de8d9596fdbe8c49"},"description":"Una sorprendente antologia di opere realizzate in vetro in mostra fino al 29 ottobre","breadcrumb":{"@id":"https:\/\/staging.varesenews.it\/2017\/08\/il-bandolo-dellarte-a-maccagno\/647818\/#breadcrumb"},"inLanguage":"it-IT","potentialAction":[{"@type":"ReadAction","target":["https:\/\/staging.varesenews.it\/2017\/08\/il-bandolo-dellarte-a-maccagno\/647818\/"]}]},{"@type":"BreadcrumbList","@id":"https:\/\/staging.varesenews.it\/2017\/08\/il-bandolo-dellarte-a-maccagno\/647818\/#breadcrumb","itemListElement":[{"@type":"ListItem","position":1,"name":"Home","item":"https:\/\/www.varesenews.it\/"},{"@type":"ListItem","position":2,"name":"Il bandolo dell&#8217;Arte a Maccagno"}]},{"@type":"WebSite","@id":"https:\/\/staging.varesenews.it\/#website","url":"https:\/\/staging.varesenews.it\/","name":"VareseNews","description":"","potentialAction":[{"@type":"SearchAction","target":{"@type":"EntryPoint","urlTemplate":"https:\/\/staging.varesenews.it\/?s={search_term_string}"},"query-input":"required name=search_term_string"}],"inLanguage":"it-IT"},{"@type":"Person","@id":"https:\/\/staging.varesenews.it\/#\/schema\/person\/3eb5832c6beae763de8d9596fdbe8c49","name":"Andrea Camurani","image":{"@type":"ImageObject","inLanguage":"it-IT","@id":"https:\/\/staging.varesenews.it\/#\/schema\/person\/image\/","url":"https:\/\/staging.varesenews.it\/wp-content\/uploads\/2020\/12\/andrea_camurani_colori_500.jpg","contentUrl":"https:\/\/staging.varesenews.it\/wp-content\/uploads\/2020\/12\/andrea_camurani_colori_500.jpg","caption":"Andrea Camurani"},"description":"Sono figlio degli anni Settanta e di Milano, dove ho imparato a riconoscere buoni e cattivi. Laurea in scienze politiche, lavoro a VareseNews dal 2000. Racconto quel che trovo quando incontro chi vuole lasciare al mondo un pezzetto di vita, che si chiama cronaca. &ldquo;...perch&eacute; &egrave; la gente il pi&ugrave; grande spettacolo del mondo. E non si paga il biglietto...&rdquo; (Charles Bukowsky)","sameAs":["https:\/\/www.facebook.com\/andrea.camurani?fref=photo","andreacamurani","https:\/\/www.linkedin.com\/hp\/?dnr=A9a84RfzsLdo9xg4NcGV4dLiMknoc9ms4WM","https:\/\/twitter.com\/AndreaCamurani"],"url":"https:\/\/staging.varesenews.it\/persona\/andrea_camurani\/"}]}},"post_meta":{"_edit_lock":"1504082953:34","_edit_last":"34","ratings_users":"0","ratings_score":"0","ratings_average":"0","_category_permalink":"","wdfb_og_title":"","wdfb_og_type":"","wdfb_og_description":"","wdfb_og_images":"a:1:{i:0;s:0:\"\";}","wdfb_og_custom_name":"a:1:{i:0;s:0:\"\";}","wdfb_og_custom_value":"a:1:{i:0;s:0:\"\";}","foto":"629011","firma_come_redazione":"1","argomento":"Maccagno con Pino e Veddasca","_jd_twitter":"","_jd_tweet_this":"yes","_wpt_short_url":"http:\/\/www.varesenews.it\/2017\/08\/il-bandolo-dellarte-a-maccagno\/647818\/","_wp_jd_target":"http:\/\/www.varesenews.it\/2017\/08\/il-bandolo-dellarte-a-maccagno\/647818\/","_jd_wp_twitter":"a:1:{i:0;s:104:\"Il bandolo dell'Arte a Maccagno http:\/\/www.varesenews.it\/2017\/08\/il-bandolo-dellarte-a-maccagno\/647818\/ \";}","_wpt_status_message":"Tweet inviato con successo."},"photos":[{"original":"https:\/\/staging.varesenews.it\/photogallery_new\/images\/2017\/08\/avarie-629011.jpg","full":"https:\/\/staging.varesenews.it\/photogallery_new\/images\/2017\/08\/avarie-629011.1024x768.jpg","large":"https:\/\/staging.varesenews.it\/photogallery_new\/images\/2017\/08\/avarie-629011.610x431.jpg"}],"_links":{"self":[{"href":"https:\/\/staging.varesenews.it\/swgapi\/v1\/wp\/v2\/posts\/647818"}],"collection":[{"href":"https:\/\/staging.varesenews.it\/swgapi\/v1\/wp\/v2\/posts"}],"about":[{"href":"https:\/\/staging.varesenews.it\/swgapi\/v1\/wp\/v2\/types\/post"}],"author":[{"embeddable":true,"href":"https:\/\/staging.varesenews.it\/swgapi\/v1\/wp\/v2\/users\/34"}],"replies":[{"embeddable":true,"href":"https:\/\/staging.varesenews.it\/swgapi\/v1\/wp\/v2\/comments?post=647818"}],"version-history":[{"count":0,"href":"https:\/\/staging.varesenews.it\/swgapi\/v1\/wp\/v2\/posts\/647818\/revisions"}],"wp:attachment":[{"href":"https:\/\/staging.varesenews.it\/swgapi\/v1\/wp\/v2\/media?parent=647818"}],"wp:term":[{"taxonomy":"category","embeddable":true,"href":"https:\/\/staging.varesenews.it\/swgapi\/v1\/wp\/v2\/categories?post=647818"},{"taxonomy":"post_tag","embeddable":true,"href":"https:\/\/staging.varesenews.it\/swgapi\/v1\/wp\/v2\/tags?post=647818"}],"curies":[{"name":"wp","href":"https:\/\/api.w.org\/{rel}","templated":true}]}}