{"id":647961,"date":"2017-08-30T16:45:13","date_gmt":"2017-08-30T14:45:13","guid":{"rendered":"http:\/\/www.varesenews.it\/?p=647961"},"modified":"2017-08-30T17:25:05","modified_gmt":"2017-08-30T15:25:05","slug":"il-lago-e-la-sua-gente-sono-la-culla-dellalzheimer-fest","status":"publish","type":"post","link":"https:\/\/staging.varesenews.it\/2017\/08\/il-lago-e-la-sua-gente-sono-la-culla-dellalzheimer-fest\/647961\/","title":{"rendered":"\u00abIl lago e la sua gente sono la culla dell\u2019Alzheimer Fest\u00bb"},"content":{"rendered":"<p><strong>Michele Farina, giornalista<\/strong> del Corriere della Sera, <strong>ha a che fare con le notizie<\/strong>, e difatti alle 15 di oggi sta scegliendo un tandem da affittare, al Lido di Gavirate <strong>per urlarla col megafono, questa notizia: \u201cComincia l\u2019Alzheimer Fest!\u201d.<\/strong><\/p>\n<div class=\"related-posts related-01\"><h4>Leggi anche<\/h4><ul><li><a title=\"Meno birra e pi\u00f9 abbracci: tutto pronto per l&#8217;Alzheimer Fest\" target=\"_blank\" href=\"https:\/\/staging.varesenews.it\/2017\/08\/meno-birra-e-piu-abbracci-tutto-pronto-per-lalzheimer-fest\/646890\/\"><strong>Gavirate <\/strong> - Meno birra e pi\u00f9 abbracci: tutto pronto per l&#8217;Alzheimer Fest<\/a><\/li><li><a title=\"Arriva l&#8217;Alzheimer Fest\" target=\"_blank\" href=\"https:\/\/staging.varesenews.it\/2017\/08\/arriva-a-gavirate-alzheimer-fest-la-prima-festa-nazionale-dellalzheimer\/644380\/\"><strong>Gavirate <\/strong> - Arriva l&#8217;Alzheimer Fest<\/a><\/li><li><a title=\"Volontari cercansi per l&#8217;Alzheimer Fest\" target=\"_blank\" href=\"https:\/\/staging.varesenews.it\/2017\/06\/volontari-cercansi-per-lalzheimer-fest\/632129\/\"><strong>Gavirate <\/strong> - Volontari cercansi per l&#8217;Alzheimer Fest<\/a><\/li><li><a title=\"La citt\u00e0 si fa bella per \u201cAlzy fest\u201d\" target=\"_blank\" href=\"https:\/\/staging.varesenews.it\/2017\/08\/la-citta-si-fa-bella-per-alzy-fest\/648194\/\"><strong>Gavirate <\/strong> - La citt\u00e0 si fa bella per \u201cAlzy fest\u201d<\/a><\/li><li><a title=\"Alzheimer, la stanza di un malato diventa opera d\u2019arte\" target=\"_blank\" href=\"https:\/\/staging.varesenews.it\/2017\/08\/alzheimer-la-stanza-di-un-malato-diventa-opera-darte\/648235\/\"><strong>Gavirate <\/strong> - Alzheimer, la stanza di un malato diventa opera d\u2019arte<\/a><\/li><li><a title=\"La carezza del lago ai malati della memoria\" target=\"_blank\" href=\"https:\/\/staging.varesenews.it\/2017\/09\/la-carezza-del-lago-ai-malati-della-memoria\/648569\/\"><strong>Gavirate <\/strong> - La carezza del lago ai malati della memoria<\/a><\/li><li><a title=\"Gavirate stupisce con l\u2019Alzheimer fest\" target=\"_blank\" href=\"https:\/\/staging.varesenews.it\/2017\/09\/gavirate-stupisce-con-lalzheimer-fest\/649233\/\"><strong>Gavirate <\/strong> - Gavirate stupisce con l\u2019Alzheimer fest<\/a><\/li><\/ul><\/div>\n<p>L\u2019antipasto \u00e8 pronto per chi sar\u00e0 gi\u00e0 in citt\u00e0, ma verrebbe meglio dire in paese, sul lago a Gavirate, per questo festival che prender\u00e0 il via venerd\u00ec primo di settembre per continuare lungo l\u2019intero weekend.<\/p>\n<p><strong>L\u2019appuntamento, la \u201cpreview\u201d del festival \u00e8 difatti in programma gioved\u00ec sera, 31 agosto<\/strong>, alle 20.45 al Teatro Duse di Besozzo, in via\u00a0Eleonora Duse, 12, con lo spettacolo teatrale \u201cIl Vangelo Secondo Antonio\u201d, di e con Dario De Luca, di Scene Verticali.<\/p>\n<p>Seguir\u00e0 una tre giorni che per la prima volta nella storia porter\u00e0 nella nostra provincia un\u2019attenzione fatta di conoscenza, testimonianze, approfondimenti, cultura e tanta, tanta esperienza attorno a questa malattia.<\/p>\n<p><strong>Ma perch\u00e9 qui, perch\u00e9 a Gavirate, questo <a href=\"http:\/\/www.varesenews.it\/2017\/08\/arriva-a-gavirate-alzheimer-fest-la-prima-festa-nazionale-dellalzheimer\/644380\/\" target=\"_blank\">Alzheimer Fest<\/a>?<\/strong><br \/>\n\u00c8 la domanda che abbiamo rivolto proprio a <strong>Michele Farina, anima e cuore della manifestazione<\/strong> alle prese con gli ultimi dettagli.<\/p>\n<p>\u00ab<strong>Io, brianzolo, ho scoperto Gavirate quesi per caso,<\/strong> quasi per caso rischiai di perdermela arrivando in paese in una notte di pioggia, invitato dal progetto Rughe, che mi chiese di realizzare una piccola pubblicazione sul problema dell\u2019Alzheimer. <strong>Poi sono tornato<\/strong>. Ed ho cos\u00ec scoperto non solo un luogo incantevole, ma un posto fatto di comunit\u00e0 forti che non si voltano dall\u2019altra parte. Una comunit\u00e0 accogliente \u00e8 anche una comunit\u00e0 che accetta di guardare chi \u00e8 in difficolt\u00e0\u00bb.<\/p>\n<p>Nell\u2019era della condivisione, dei social, p<strong>u\u00f2 accadere che invece di fronte al male le famiglie decidano di nascondersi nelle tenebre della difficolt\u00e0<\/strong>, capace di trasformarsi in dolore, spesso se ad affrontare un malato resta una sola persona.<\/p>\n<p>\u00ab<strong>Poco fa eravamo alla Cantina piemontese<\/strong>, qui in piazzetta (Gigino ndr). <strong>Entra una ragazza e chiede<\/strong> dove si terr\u00e0 il l\u2019Alzheimer Fest. Noi la guardiamo e le diciamo: \u201cMa siamo noi quelli del festival\u201d. E lei: \u201c<strong>Bene, spero di non incontrarvi<\/strong>\u201d. E ci racconta delle sue vicissitudini famigliari e del fatto che non vuole proprio saperne di questo argomento. Ecco, questo \u00e8 l\u2019Alzheimer Fest: scandalo, paradosso e ossimoro: ma come, fai una festa sulla sofferenza?\u00bb.<\/p>\n<p><strong>\u00c8 proprio qui il punto: si fa una festa per parlarne<\/strong>. \u00abChi conosce questa malattia sa che ti toglie tanta roba, un pezzetto alla volta &#8211; racconta Farina, che sul tema ha scritto un libro &#8211; . Il Vangelo secondo Antonio, per esempio, il primo spettacolo di gioved\u00ec sera \u00e8 anche questo, l\u2019inizio di un festival che non vuole essere calato dall\u2019alto ma frutto di <strong>storie di famiglie, coppie, figli, mogli e mariti.<\/strong> Vivere questa esperienza da soli \u00e8 difficilissimo, condividere \u00e8 essenziale e raro. Le famiglie si chiudono a riccio e accumulano, cercano di smaltire in qualche modo.<br \/>\n<strong>\u00c8 stato calcolato che il 70% delle persone malate di Alzheimer non esce pi\u00f9 dalle quattro mura di casa<\/strong>. L\u2019idea \u00e8, quando e quanto possibile, di aprirsi. Questo evento sar\u00e0 una gita, una visione di chi parte dalla casa di riposo, qui a 300 metri, o da chi verr\u00e0 a farci visita da Milano, Bologna, dal Trentino o da chiss\u00e0 dove\u00bb.<\/p>\n<p><strong>Un invito a uscire<\/strong>, condividere e non avere paura, insomma.<br \/>\nAd oggi sono in citt\u00e0 gi\u00e0 nove coppie con Alzheimer accompagnate dai loro famigliari, sono veri e propri apripista del festival, a Gavirate per acclimatarsi, veri testimoni di questa manifestazione,<strong> che parte dal basso.<\/strong><\/p>\n<p>\u00abSono qui per farsi una vacanza\u00bb, ricorda Michele, \u00abe per farla nel momento in cui il lago \u00e8 bellissimo e Gavirate costituisce esempio simbolo di luoghi dove <strong>alle bellezze della natura corrisponde anche una forte energia della gente<\/strong>; persone, associazioni, che a testa alta riconoscono che si pu\u00f2 vivere anche con una forma di demenza. Osservo infine anche un altro dato importante: vedere due amministrazioni pubbliche come quella provinciale e comunale che lavorano insieme pur avendo colori politici diversi, rappresenta un valore aggiunto inestimabile per il territorio\u00bb.<\/p>\n<p><strong>Potrebbe, quello dell\u2019Alzheimer Fest, costituire l\u2019inizio di un appuntamento fisso?<\/strong> O magari, nei prossimi anni avr\u00e0 una formula itinerante, per muoversi in tutto il Paese?<br \/>\n\u00abPer ora navighiamo a vista, vedremo che succeder\u00e0. <strong>\u00c8 per\u00f2 difficile immaginare l\u2019Alzheimer Fest altrove. Qui ha ritrovato la culla e la sua ragion d\u2019essere\u00bb<\/strong>.<\/p>\n<h2 style=\"text-align: center;\"><a href=\"http:\/\/www.varesenews.it\/wp-content\/uploads\/2017\/08\/programmaalzfest.01.pdf\">IL PROGRAMMA DELL&#8217;ALZHEIMER FEST<\/a><\/h2>\n","protected":false},"excerpt":{"rendered":"<p>Michele Farina, giornalista del Corriere racconta il primo festival dedicato alla diffusa malattia degenerativa. \u00abL\u2019importante \u00e8 condividere, da soli non si va lontani\u00bb<\/p>\n","protected":false},"author":34,"featured_media":0,"comment_status":"open","ping_status":"open","sticky":false,"template":"","format":"standard","meta":{"footnotes":""},"categories":[24,25,2],"tags":[71927,3374],"acf":[],"yoast_head":"<!-- This site is optimized with the Yoast SEO plugin v20.1 - https:\/\/yoast.com\/wordpress\/plugins\/seo\/ -->\n<title>\u00abIl lago e la sua gente sono la culla dell\u2019Alzheimer Fest\u00bb<\/title>\n<meta name=\"description\" content=\"Michele Farina, giornalista del Corriere racconta il primo festival dedicato alla diffusa malattia degenerativa. \u00abL\u2019importante \u00e8 condividere, da soli non si va lontani\u00bb\" \/>\n<meta name=\"robots\" content=\"noindex, follow, max-snippet:-1, max-image-preview:large, max-video-preview:-1\" \/>\n<meta property=\"og:locale\" content=\"it_IT\" \/>\n<meta property=\"og:type\" content=\"article\" \/>\n<meta property=\"og:title\" content=\"\u00abIl lago e la sua gente sono la culla dell\u2019Alzheimer Fest\u00bb\" \/>\n<meta property=\"og:description\" content=\"Michele Farina, giornalista del Corriere racconta il primo festival dedicato alla diffusa malattia degenerativa. \u00abL\u2019importante \u00e8 condividere, da soli non si va lontani\u00bb\" \/>\n<meta property=\"og:url\" content=\"https:\/\/www.varesenews.it\/2017\/08\/il-lago-e-la-sua-gente-sono-la-culla-dellalzheimer-fest\/647961\/\" \/>\n<meta property=\"og:site_name\" content=\"VareseNews\" \/>\n<meta property=\"article:publisher\" content=\"https:\/\/www.facebook.com\/varesenews\" \/>\n<meta property=\"article:author\" content=\"https:\/\/www.facebook.com\/andrea.camurani?fref=photo\" \/>\n<meta property=\"article:published_time\" content=\"2017-08-30T14:45:13+00:00\" \/>\n<meta property=\"article:modified_time\" content=\"2017-08-30T15:25:05+00:00\" \/>\n<meta name=\"author\" content=\"Andrea Camurani\" \/>\n<meta name=\"twitter:card\" content=\"summary_large_image\" \/>\n<meta name=\"twitter:creator\" content=\"@AndreaCamurani\" \/>\n<meta name=\"twitter:site\" content=\"@varesenews\" \/>\n<meta name=\"twitter:label1\" content=\"Scritto da\" \/>\n\t<meta name=\"twitter:data1\" content=\"Andrea Camurani\" \/>\n\t<meta name=\"twitter:label2\" content=\"Tempo di lettura stimato\" \/>\n\t<meta name=\"twitter:data2\" content=\"4 minuti\" \/>\n<script type=\"application\/ld+json\" class=\"yoast-schema-graph\">{\"@context\":\"https:\/\/schema.org\",\"@graph\":[{\"@type\":\"WebPage\",\"@id\":\"https:\/\/www.varesenews.it\/2017\/08\/il-lago-e-la-sua-gente-sono-la-culla-dellalzheimer-fest\/647961\/\",\"url\":\"https:\/\/www.varesenews.it\/2017\/08\/il-lago-e-la-sua-gente-sono-la-culla-dellalzheimer-fest\/647961\/\",\"name\":\"\u00abIl lago e la sua gente sono la culla dell\u2019Alzheimer Fest\u00bb\",\"isPartOf\":{\"@id\":\"https:\/\/staging.varesenews.it\/#website\"},\"datePublished\":\"2017-08-30T14:45:13+00:00\",\"dateModified\":\"2017-08-30T15:25:05+00:00\",\"author\":{\"@id\":\"https:\/\/staging.varesenews.it\/#\/schema\/person\/3eb5832c6beae763de8d9596fdbe8c49\"},\"description\":\"Michele Farina, giornalista del Corriere racconta il primo festival dedicato alla diffusa malattia degenerativa. \u00abL\u2019importante \u00e8 condividere, da soli non si va lontani\u00bb\",\"breadcrumb\":{\"@id\":\"https:\/\/www.varesenews.it\/2017\/08\/il-lago-e-la-sua-gente-sono-la-culla-dellalzheimer-fest\/647961\/#breadcrumb\"},\"inLanguage\":\"it-IT\",\"potentialAction\":[{\"@type\":\"ReadAction\",\"target\":[\"https:\/\/www.varesenews.it\/2017\/08\/il-lago-e-la-sua-gente-sono-la-culla-dellalzheimer-fest\/647961\/\"]}]},{\"@type\":\"BreadcrumbList\",\"@id\":\"https:\/\/www.varesenews.it\/2017\/08\/il-lago-e-la-sua-gente-sono-la-culla-dellalzheimer-fest\/647961\/#breadcrumb\",\"itemListElement\":[{\"@type\":\"ListItem\",\"position\":1,\"name\":\"Home\",\"item\":\"https:\/\/www.varesenews.it\/\"},{\"@type\":\"ListItem\",\"position\":2,\"name\":\"\u00abIl lago e la sua gente sono la culla dell\u2019Alzheimer Fest\u00bb\"}]},{\"@type\":\"WebSite\",\"@id\":\"https:\/\/staging.varesenews.it\/#website\",\"url\":\"https:\/\/staging.varesenews.it\/\",\"name\":\"VareseNews\",\"description\":\"\",\"potentialAction\":[{\"@type\":\"SearchAction\",\"target\":{\"@type\":\"EntryPoint\",\"urlTemplate\":\"https:\/\/staging.varesenews.it\/?s={search_term_string}\"},\"query-input\":\"required name=search_term_string\"}],\"inLanguage\":\"it-IT\"},{\"@type\":\"Person\",\"@id\":\"https:\/\/staging.varesenews.it\/#\/schema\/person\/3eb5832c6beae763de8d9596fdbe8c49\",\"name\":\"Andrea Camurani\",\"image\":{\"@type\":\"ImageObject\",\"inLanguage\":\"it-IT\",\"@id\":\"https:\/\/staging.varesenews.it\/#\/schema\/person\/image\/\",\"url\":\"https:\/\/staging.varesenews.it\/wp-content\/uploads\/2020\/12\/andrea_camurani_colori_500.jpg\",\"contentUrl\":\"https:\/\/staging.varesenews.it\/wp-content\/uploads\/2020\/12\/andrea_camurani_colori_500.jpg\",\"caption\":\"Andrea Camurani\"},\"description\":\"Sono figlio degli anni Settanta e di Milano, dove ho imparato a riconoscere buoni e cattivi. Laurea in scienze politiche, lavoro a VareseNews dal 2000. Racconto quel che trovo quando incontro chi vuole lasciare al mondo un pezzetto di vita, che si chiama cronaca. &ldquo;...perch&eacute; &egrave; la gente il pi&ugrave; grande spettacolo del mondo. E non si paga il biglietto...&rdquo; (Charles Bukowsky)\",\"sameAs\":[\"https:\/\/www.facebook.com\/andrea.camurani?fref=photo\",\"andreacamurani\",\"https:\/\/www.linkedin.com\/hp\/?dnr=A9a84RfzsLdo9xg4NcGV4dLiMknoc9ms4WM\",\"https:\/\/twitter.com\/AndreaCamurani\"],\"url\":\"https:\/\/staging.varesenews.it\/persona\/andrea_camurani\/\"}]}<\/script>\n<!-- \/ Yoast SEO plugin. -->","yoast_head_json":{"title":"\u00abIl lago e la sua gente sono la culla dell\u2019Alzheimer Fest\u00bb","description":"Michele Farina, giornalista del Corriere racconta il primo festival dedicato alla diffusa malattia degenerativa. \u00abL\u2019importante \u00e8 condividere, da soli non si va lontani\u00bb","robots":{"index":"noindex","follow":"follow","max-snippet":"max-snippet:-1","max-image-preview":"max-image-preview:large","max-video-preview":"max-video-preview:-1"},"og_locale":"it_IT","og_type":"article","og_title":"\u00abIl lago e la sua gente sono la culla dell\u2019Alzheimer Fest\u00bb","og_description":"Michele Farina, giornalista del Corriere racconta il primo festival dedicato alla diffusa malattia degenerativa. \u00abL\u2019importante \u00e8 condividere, da soli non si va lontani\u00bb","og_url":"https:\/\/www.varesenews.it\/2017\/08\/il-lago-e-la-sua-gente-sono-la-culla-dellalzheimer-fest\/647961\/","og_site_name":"VareseNews","article_publisher":"https:\/\/www.facebook.com\/varesenews","article_author":"https:\/\/www.facebook.com\/andrea.camurani?fref=photo","article_published_time":"2017-08-30T14:45:13+00:00","article_modified_time":"2017-08-30T15:25:05+00:00","author":"Andrea Camurani","twitter_card":"summary_large_image","twitter_creator":"@AndreaCamurani","twitter_site":"@varesenews","twitter_misc":{"Scritto da":"Andrea Camurani","Tempo di lettura stimato":"4 minuti"},"schema":{"@context":"https:\/\/schema.org","@graph":[{"@type":"WebPage","@id":"https:\/\/www.varesenews.it\/2017\/08\/il-lago-e-la-sua-gente-sono-la-culla-dellalzheimer-fest\/647961\/","url":"https:\/\/www.varesenews.it\/2017\/08\/il-lago-e-la-sua-gente-sono-la-culla-dellalzheimer-fest\/647961\/","name":"\u00abIl lago e la sua gente sono la culla dell\u2019Alzheimer Fest\u00bb","isPartOf":{"@id":"https:\/\/staging.varesenews.it\/#website"},"datePublished":"2017-08-30T14:45:13+00:00","dateModified":"2017-08-30T15:25:05+00:00","author":{"@id":"https:\/\/staging.varesenews.it\/#\/schema\/person\/3eb5832c6beae763de8d9596fdbe8c49"},"description":"Michele Farina, giornalista del Corriere racconta il primo festival dedicato alla diffusa malattia degenerativa. \u00abL\u2019importante \u00e8 condividere, da soli non si va lontani\u00bb","breadcrumb":{"@id":"https:\/\/www.varesenews.it\/2017\/08\/il-lago-e-la-sua-gente-sono-la-culla-dellalzheimer-fest\/647961\/#breadcrumb"},"inLanguage":"it-IT","potentialAction":[{"@type":"ReadAction","target":["https:\/\/www.varesenews.it\/2017\/08\/il-lago-e-la-sua-gente-sono-la-culla-dellalzheimer-fest\/647961\/"]}]},{"@type":"BreadcrumbList","@id":"https:\/\/www.varesenews.it\/2017\/08\/il-lago-e-la-sua-gente-sono-la-culla-dellalzheimer-fest\/647961\/#breadcrumb","itemListElement":[{"@type":"ListItem","position":1,"name":"Home","item":"https:\/\/www.varesenews.it\/"},{"@type":"ListItem","position":2,"name":"\u00abIl lago e la sua gente sono la culla dell\u2019Alzheimer Fest\u00bb"}]},{"@type":"WebSite","@id":"https:\/\/staging.varesenews.it\/#website","url":"https:\/\/staging.varesenews.it\/","name":"VareseNews","description":"","potentialAction":[{"@type":"SearchAction","target":{"@type":"EntryPoint","urlTemplate":"https:\/\/staging.varesenews.it\/?s={search_term_string}"},"query-input":"required name=search_term_string"}],"inLanguage":"it-IT"},{"@type":"Person","@id":"https:\/\/staging.varesenews.it\/#\/schema\/person\/3eb5832c6beae763de8d9596fdbe8c49","name":"Andrea Camurani","image":{"@type":"ImageObject","inLanguage":"it-IT","@id":"https:\/\/staging.varesenews.it\/#\/schema\/person\/image\/","url":"https:\/\/staging.varesenews.it\/wp-content\/uploads\/2020\/12\/andrea_camurani_colori_500.jpg","contentUrl":"https:\/\/staging.varesenews.it\/wp-content\/uploads\/2020\/12\/andrea_camurani_colori_500.jpg","caption":"Andrea Camurani"},"description":"Sono figlio degli anni Settanta e di Milano, dove ho imparato a riconoscere buoni e cattivi. Laurea in scienze politiche, lavoro a VareseNews dal 2000. Racconto quel che trovo quando incontro chi vuole lasciare al mondo un pezzetto di vita, che si chiama cronaca. &ldquo;...perch&eacute; &egrave; la gente il pi&ugrave; grande spettacolo del mondo. E non si paga il biglietto...&rdquo; (Charles Bukowsky)","sameAs":["https:\/\/www.facebook.com\/andrea.camurani?fref=photo","andreacamurani","https:\/\/www.linkedin.com\/hp\/?dnr=A9a84RfzsLdo9xg4NcGV4dLiMknoc9ms4WM","https:\/\/twitter.com\/AndreaCamurani"],"url":"https:\/\/staging.varesenews.it\/persona\/andrea_camurani\/"}]}},"post_meta":{"_edit_lock":"1504106576:34","_edit_last":"34","_category_permalink":"2","ratings_users":"0","ratings_score":"0","ratings_average":"0","wdfb_og_title":"","wdfb_og_type":"","wdfb_og_description":"","wdfb_og_images":"a:1:{i:0;s:0:\"\";}","wdfb_og_custom_name":"a:1:{i:0;s:0:\"\";}","wdfb_og_custom_value":"a:1:{i:0;s:0:\"\";}","id_leggi_anche":"646890,644380,632129,648194,648235,648569,649233","foto":"629068","argomento":"Gavirate","_jd_twitter":"","_jd_tweet_this":"yes","_wpt_short_url":"http:\/\/www.varesenews.it\/2017\/08\/il-lago-e-la-sua-gente-sono-la-culla-dellalzheimer-fest\/647961\/","_wp_jd_target":"http:\/\/www.varesenews.it\/2017\/08\/il-lago-e-la-sua-gente-sono-la-culla-dellalzheimer-fest\/647961\/","_jd_wp_twitter":"a:1:{i:0;s:174:\"\u00abIl lago e la sua gente sono la culla dell\u2019Alzheimer Fest\u00bb http:\/\/www.varesenews.it\/2017\/08\/il-lago-e-la-sua-gente-sono-la-culla-dellalzheimer-fest\/647961\/ #alzheimerfest\";}","_wpt_status_message":"Tweet inviato con successo."},"photos":[{"original":"https:\/\/staging.varesenews.it\/photogallery_new\/images\/2017\/08\/avarie-629068.jpg","full":"https:\/\/staging.varesenews.it\/photogallery_new\/images\/2017\/08\/avarie-629068.1024x768.jpg","large":"https:\/\/staging.varesenews.it\/photogallery_new\/images\/2017\/08\/avarie-629068.610x431.jpg"}],"_links":{"self":[{"href":"https:\/\/staging.varesenews.it\/swgapi\/v1\/wp\/v2\/posts\/647961"}],"collection":[{"href":"https:\/\/staging.varesenews.it\/swgapi\/v1\/wp\/v2\/posts"}],"about":[{"href":"https:\/\/staging.varesenews.it\/swgapi\/v1\/wp\/v2\/types\/post"}],"author":[{"embeddable":true,"href":"https:\/\/staging.varesenews.it\/swgapi\/v1\/wp\/v2\/users\/34"}],"replies":[{"embeddable":true,"href":"https:\/\/staging.varesenews.it\/swgapi\/v1\/wp\/v2\/comments?post=647961"}],"version-history":[{"count":0,"href":"https:\/\/staging.varesenews.it\/swgapi\/v1\/wp\/v2\/posts\/647961\/revisions"}],"wp:attachment":[{"href":"https:\/\/staging.varesenews.it\/swgapi\/v1\/wp\/v2\/media?parent=647961"}],"wp:term":[{"taxonomy":"category","embeddable":true,"href":"https:\/\/staging.varesenews.it\/swgapi\/v1\/wp\/v2\/categories?post=647961"},{"taxonomy":"post_tag","embeddable":true,"href":"https:\/\/staging.varesenews.it\/swgapi\/v1\/wp\/v2\/tags?post=647961"}],"curies":[{"name":"wp","href":"https:\/\/api.w.org\/{rel}","templated":true}]}}