{"id":648510,"date":"2017-09-01T15:20:36","date_gmt":"2017-09-01T13:20:36","guid":{"rendered":"http:\/\/www.varesenews.it\/?p=648510"},"modified":"2017-09-01T15:20:36","modified_gmt":"2017-09-01T13:20:36","slug":"lamore-di-sibilla-aleramo-e-dino-campana-a-teatro","status":"publish","type":"post","link":"https:\/\/staging.varesenews.it\/2017\/09\/lamore-di-sibilla-aleramo-e-dino-campana-a-teatro\/648510\/","title":{"rendered":"L\u2019amore di Sibilla Aleramo e Dino Campana a teatro"},"content":{"rendered":"<p>Da un&#8217;idea di<strong> Renzo Carnio<\/strong> nasce l&#8217;evento<strong> &#8220;Questo viaggio chiamavamo amore<\/strong>&#8221; intorno alla relazione tra due massimi esponenti della poesia e della narrativa italiana dei primi del Novecento. <strong>Sibilla Aleramo<\/strong> \u00e8 stata la figura in Italia, che ha portato avanti, l&#8217;idea dell&#8217;emancipazione femminile risultando un&#8217;avanguardista per i suoi tempi. La sua stessa vita testimonia una consapevolezza della questione femminile ancora oggi poco reale e non risolta. Scrittrice, poetessa, il suo libro autobiografico &#8220;Una donna&#8221; \u00e8 il manifesto per antonomasia del femminismo. Nata da famiglia borghese alla tenera et\u00e0 di 15 anni subisce uno stupro da parte di quello che poi diventer\u00e0 suo marito. Si separer\u00e0 pi\u00f9 tardi e cercher\u00e0 con tutti i mezzi di tenere con s\u00e8 il figlio ma la legge del tempo non glielo permetter\u00e0. Quando incontra <strong>Dino Campana<\/strong> \u00e8 una donna matura che rimane affascinata dalla sua poesia. Lui \u00e8 pi\u00f9 giovane di 10 anni poeta e anima inquieta. Nasce un amore che si basa sull&#8217;ammirazione dell&#8217;arte che condividono,la passione li porter\u00e0 a vivere momenti intensi che verranno espressi in versi poetici. Fitta in questi anni la loro corrispondenza epistolare che ci trasporta nella complessit\u00e0 della loro relazione amorosa.<\/p>\n<p>Lo spettacolo \u00e8 frutto di una ricerca e di uno studio sugli autori Sibilla Aleramo e Dino Campana da parte dei registi Nicola Tosi e Rossana Fumagalli che hanno scritto e diretto il progetto creando un racconto autobiografico poetico e teatrale dei due artisti. Le musiche sono state create appositamente per l&#8217;evento dal musicista Silvio Pezza. Nicola Tosi \u00e8 stato gi\u00e0 interprete nel 2006 del poeta Dino Campana nel film &#8220;Il germe del melograno&#8221; di Silvana Stocchi. Al termine della serata sar\u00e0 reso omaggio all&#8217;artista Guido Nicoli che dal 23 di settembre lascer\u00e0 la citt\u00e0 di Varese e che tanti conoscono in citt\u00e0 per le collaborazioni con l&#8217;Associazione Estro-Versi e con altre realt\u00e0 culturali del territorio. Citiamo alcune performance come : &#8220;Le ceneri di Artaud&#8221; nel 2013 all&#8217;interno della rassegna Color-Arti presso la Forgiatura Patrini, Male d&#8217;amor-ire presso il Teatro Santuccio nel 2014 (Color-Arti 2014), &#8220;Babele&#8221;nel 2015 il cui video a cura di Renzo e Matteo Carnio \u00e8 stato menzionato dal Cardinale Ravasi, &#8220;Legami&#8221;spazio cultura Comerio, &#8220;Scar&#8221; nel 2017 presentato presso lo Spazio Lavit di Varese. Finalista al premio letterario Morselli allievo attore del teatro tascabile di Bergamo ha collaborato con l&#8217;artista Alfredo Pizzo Greco, Alberto Casiraghi e Giuliano Zosi. Da decenni opera nell&#8217;arte della stampa calcografica.<\/p>\n<p>&#8220;Questo viaggio chiamavamo amore &#8220;Sibilla Aleramo e Dino Campana<br \/>\nsabato 2 settembre ore 20.30 presso Centro Gulliver &#8211; &#8220;Sala delle Carrozze&#8221; &#8211; Via Albani, 91 &#8211; Varese<br \/>\nUna produzione Estro-Versi da un&#8217;idea di RENZO CARNIO<br \/>\nRegia di Nicola Tosi e Rossana Fumagalli<br \/>\nInterpreti : Eugenia Marcolli, Nicola Tosi, Noemi Bertoldi<br \/>\nIntroduzione a cura di Sara Pennacchio e Licia Inicco<br \/>\nVoce narrante : Massimiliano Silvestri<br \/>\nMusiche composte ed eseguite da Silvio Pezza<\/p>\n","protected":false},"excerpt":{"rendered":"<p>Con Estroversi uno spettacolo racconta la storia tra amore e letteratura dei due grandi protagonisti, sabato al Centro Gulliver<\/p>\n","protected":false},"author":36,"featured_media":0,"comment_status":"open","ping_status":"open","sticky":false,"template":"","format":"standard","meta":{"footnotes":""},"categories":[18,21],"tags":[16479,158],"acf":[],"yoast_head":"<!-- This site is optimized with the Yoast SEO plugin v20.1 - https:\/\/yoast.com\/wordpress\/plugins\/seo\/ -->\n<title>L\u2019amore di Sibilla Aleramo e Dino Campana a teatro<\/title>\n<meta name=\"description\" content=\"Con Estroversi uno spettacolo racconta la storia tra amore e letteratura dei due grandi protagonisti, sabato al Centro Gulliver\" \/>\n<meta name=\"robots\" content=\"noindex, follow, max-snippet:-1, max-image-preview:large, max-video-preview:-1\" \/>\n<meta property=\"og:locale\" content=\"it_IT\" \/>\n<meta property=\"og:type\" content=\"article\" \/>\n<meta property=\"og:title\" content=\"L\u2019amore di Sibilla Aleramo e Dino Campana a teatro\" \/>\n<meta property=\"og:description\" content=\"Con Estroversi uno spettacolo racconta la storia tra amore e letteratura dei due grandi protagonisti, sabato al Centro Gulliver\" \/>\n<meta property=\"og:url\" content=\"https:\/\/www.varesenews.it\/2017\/09\/lamore-di-sibilla-aleramo-e-dino-campana-a-teatro\/648510\/\" \/>\n<meta property=\"og:site_name\" content=\"VareseNews\" \/>\n<meta property=\"article:publisher\" content=\"https:\/\/www.facebook.com\/varesenews\" \/>\n<meta property=\"article:published_time\" content=\"2017-09-01T13:20:36+00:00\" \/>\n<meta name=\"author\" content=\"Erika La Rosa\" \/>\n<meta name=\"twitter:card\" content=\"summary_large_image\" \/>\n<meta name=\"twitter:creator\" content=\"@twerirosa\" \/>\n<meta name=\"twitter:site\" content=\"@varesenews\" \/>\n<meta name=\"twitter:label1\" content=\"Scritto da\" \/>\n\t<meta name=\"twitter:data1\" content=\"Erika La Rosa\" \/>\n\t<meta name=\"twitter:label2\" content=\"Tempo di lettura stimato\" \/>\n\t<meta name=\"twitter:data2\" content=\"2 minuti\" \/>\n<script type=\"application\/ld+json\" class=\"yoast-schema-graph\">{\"@context\":\"https:\/\/schema.org\",\"@graph\":[{\"@type\":\"WebPage\",\"@id\":\"https:\/\/www.varesenews.it\/2017\/09\/lamore-di-sibilla-aleramo-e-dino-campana-a-teatro\/648510\/\",\"url\":\"https:\/\/www.varesenews.it\/2017\/09\/lamore-di-sibilla-aleramo-e-dino-campana-a-teatro\/648510\/\",\"name\":\"L\u2019amore di Sibilla Aleramo e Dino Campana a teatro\",\"isPartOf\":{\"@id\":\"https:\/\/staging.varesenews.it\/#website\"},\"datePublished\":\"2017-09-01T13:20:36+00:00\",\"dateModified\":\"2017-09-01T13:20:36+00:00\",\"author\":{\"@id\":\"https:\/\/staging.varesenews.it\/#\/schema\/person\/0512a4cda1d8b4f14c19f86d1016dc18\"},\"description\":\"Con Estroversi uno spettacolo racconta la storia tra amore e letteratura dei due grandi protagonisti, sabato al Centro Gulliver\",\"breadcrumb\":{\"@id\":\"https:\/\/www.varesenews.it\/2017\/09\/lamore-di-sibilla-aleramo-e-dino-campana-a-teatro\/648510\/#breadcrumb\"},\"inLanguage\":\"it-IT\",\"potentialAction\":[{\"@type\":\"ReadAction\",\"target\":[\"https:\/\/www.varesenews.it\/2017\/09\/lamore-di-sibilla-aleramo-e-dino-campana-a-teatro\/648510\/\"]}]},{\"@type\":\"BreadcrumbList\",\"@id\":\"https:\/\/www.varesenews.it\/2017\/09\/lamore-di-sibilla-aleramo-e-dino-campana-a-teatro\/648510\/#breadcrumb\",\"itemListElement\":[{\"@type\":\"ListItem\",\"position\":1,\"name\":\"Home\",\"item\":\"https:\/\/www.varesenews.it\/\"},{\"@type\":\"ListItem\",\"position\":2,\"name\":\"L\u2019amore di Sibilla Aleramo e Dino Campana a teatro\"}]},{\"@type\":\"WebSite\",\"@id\":\"https:\/\/staging.varesenews.it\/#website\",\"url\":\"https:\/\/staging.varesenews.it\/\",\"name\":\"VareseNews\",\"description\":\"\",\"potentialAction\":[{\"@type\":\"SearchAction\",\"target\":{\"@type\":\"EntryPoint\",\"urlTemplate\":\"https:\/\/staging.varesenews.it\/?s={search_term_string}\"},\"query-input\":\"required name=search_term_string\"}],\"inLanguage\":\"it-IT\"},{\"@type\":\"Person\",\"@id\":\"https:\/\/staging.varesenews.it\/#\/schema\/person\/0512a4cda1d8b4f14c19f86d1016dc18\",\"name\":\"Erika La Rosa\",\"image\":{\"@type\":\"ImageObject\",\"inLanguage\":\"it-IT\",\"@id\":\"https:\/\/staging.varesenews.it\/#\/schema\/person\/image\/\",\"url\":\"https:\/\/staging.varesenews.it\/wp-content\/uploads\/2020\/12\/erika_larosa_colori_500.jpg\",\"contentUrl\":\"https:\/\/staging.varesenews.it\/wp-content\/uploads\/2020\/12\/erika_larosa_colori_500.jpg\",\"caption\":\"Erika La Rosa\"},\"description\":\"Giornalista pubblicista, collaboro con VareseNews dal lontano 1997 quando la redazione piccolissima ma l&rsquo;entusiasmo era tanto e la sfida titanica. Da allora siamo cresciuti, la redazione &egrave; diventata pi&ugrave; grande ma l&rsquo;entusiasmo &egrave; rimato lo stesso. Mi piace guardare il mondo attraverso gli occhi degli artisti, per questo scrivo, leggo e mi nutro di arte seguendo per il giornale le pagine dedicate alle mostre e agli artisti. Ho collaborato con diversi Musei e Istituzioni culturali italiane e svizzere. Da oltre dieci anni mi occupo di strategie e comunicazione sui social media di enti pubblici e privati. Vivo il presente e non dimentico mai che quando c&rsquo;&egrave; una meta, anche il deserto diventa una strada.\",\"sameAs\":[\"https:\/\/www.linkedin.com\/profile\/view?id=93070756&trk=nav_responsive_tab_profile_pic\",\"https:\/\/twitter.com\/twerirosa\"],\"url\":\"https:\/\/staging.varesenews.it\/persona\/erika_larosa\/\"}]}<\/script>\n<!-- \/ Yoast SEO plugin. -->","yoast_head_json":{"title":"L\u2019amore di Sibilla Aleramo e Dino Campana a teatro","description":"Con Estroversi uno spettacolo racconta la storia tra amore e letteratura dei due grandi protagonisti, sabato al Centro Gulliver","robots":{"index":"noindex","follow":"follow","max-snippet":"max-snippet:-1","max-image-preview":"max-image-preview:large","max-video-preview":"max-video-preview:-1"},"og_locale":"it_IT","og_type":"article","og_title":"L\u2019amore di Sibilla Aleramo e Dino Campana a teatro","og_description":"Con Estroversi uno spettacolo racconta la storia tra amore e letteratura dei due grandi protagonisti, sabato al Centro Gulliver","og_url":"https:\/\/www.varesenews.it\/2017\/09\/lamore-di-sibilla-aleramo-e-dino-campana-a-teatro\/648510\/","og_site_name":"VareseNews","article_publisher":"https:\/\/www.facebook.com\/varesenews","article_published_time":"2017-09-01T13:20:36+00:00","author":"Erika La Rosa","twitter_card":"summary_large_image","twitter_creator":"@twerirosa","twitter_site":"@varesenews","twitter_misc":{"Scritto da":"Erika La Rosa","Tempo di lettura stimato":"2 minuti"},"schema":{"@context":"https:\/\/schema.org","@graph":[{"@type":"WebPage","@id":"https:\/\/www.varesenews.it\/2017\/09\/lamore-di-sibilla-aleramo-e-dino-campana-a-teatro\/648510\/","url":"https:\/\/www.varesenews.it\/2017\/09\/lamore-di-sibilla-aleramo-e-dino-campana-a-teatro\/648510\/","name":"L\u2019amore di Sibilla Aleramo e Dino Campana a teatro","isPartOf":{"@id":"https:\/\/staging.varesenews.it\/#website"},"datePublished":"2017-09-01T13:20:36+00:00","dateModified":"2017-09-01T13:20:36+00:00","author":{"@id":"https:\/\/staging.varesenews.it\/#\/schema\/person\/0512a4cda1d8b4f14c19f86d1016dc18"},"description":"Con Estroversi uno spettacolo racconta la storia tra amore e letteratura dei due grandi protagonisti, sabato al Centro Gulliver","breadcrumb":{"@id":"https:\/\/www.varesenews.it\/2017\/09\/lamore-di-sibilla-aleramo-e-dino-campana-a-teatro\/648510\/#breadcrumb"},"inLanguage":"it-IT","potentialAction":[{"@type":"ReadAction","target":["https:\/\/www.varesenews.it\/2017\/09\/lamore-di-sibilla-aleramo-e-dino-campana-a-teatro\/648510\/"]}]},{"@type":"BreadcrumbList","@id":"https:\/\/www.varesenews.it\/2017\/09\/lamore-di-sibilla-aleramo-e-dino-campana-a-teatro\/648510\/#breadcrumb","itemListElement":[{"@type":"ListItem","position":1,"name":"Home","item":"https:\/\/www.varesenews.it\/"},{"@type":"ListItem","position":2,"name":"L\u2019amore di Sibilla Aleramo e Dino Campana a teatro"}]},{"@type":"WebSite","@id":"https:\/\/staging.varesenews.it\/#website","url":"https:\/\/staging.varesenews.it\/","name":"VareseNews","description":"","potentialAction":[{"@type":"SearchAction","target":{"@type":"EntryPoint","urlTemplate":"https:\/\/staging.varesenews.it\/?s={search_term_string}"},"query-input":"required name=search_term_string"}],"inLanguage":"it-IT"},{"@type":"Person","@id":"https:\/\/staging.varesenews.it\/#\/schema\/person\/0512a4cda1d8b4f14c19f86d1016dc18","name":"Erika La Rosa","image":{"@type":"ImageObject","inLanguage":"it-IT","@id":"https:\/\/staging.varesenews.it\/#\/schema\/person\/image\/","url":"https:\/\/staging.varesenews.it\/wp-content\/uploads\/2020\/12\/erika_larosa_colori_500.jpg","contentUrl":"https:\/\/staging.varesenews.it\/wp-content\/uploads\/2020\/12\/erika_larosa_colori_500.jpg","caption":"Erika La Rosa"},"description":"Giornalista pubblicista, collaboro con VareseNews dal lontano 1997 quando la redazione piccolissima ma l&rsquo;entusiasmo era tanto e la sfida titanica. Da allora siamo cresciuti, la redazione &egrave; diventata pi&ugrave; grande ma l&rsquo;entusiasmo &egrave; rimato lo stesso. Mi piace guardare il mondo attraverso gli occhi degli artisti, per questo scrivo, leggo e mi nutro di arte seguendo per il giornale le pagine dedicate alle mostre e agli artisti. Ho collaborato con diversi Musei e Istituzioni culturali italiane e svizzere. Da oltre dieci anni mi occupo di strategie e comunicazione sui social media di enti pubblici e privati. Vivo il presente e non dimentico mai che quando c&rsquo;&egrave; una meta, anche il deserto diventa una strada.","sameAs":["https:\/\/www.linkedin.com\/profile\/view?id=93070756&trk=nav_responsive_tab_profile_pic","https:\/\/twitter.com\/twerirosa"],"url":"https:\/\/staging.varesenews.it\/persona\/erika_larosa\/"}]}},"post_meta":{"_edit_lock":"1504272857:36","_edit_last":"36","ratings_users":"0","ratings_score":"0","ratings_average":"0","_category_permalink":"","wdfb_og_title":"","wdfb_og_type":"","wdfb_og_description":"","wdfb_og_images":"a:1:{i:0;s:0:\"\";}","wdfb_og_custom_name":"a:1:{i:0;s:0:\"\";}","wdfb_og_custom_value":"a:1:{i:0;s:0:\"\";}","foto":"629419","firma_come_redazione":"1","argomento":"Varese","_jd_twitter":"","_jd_tweet_this":"yes","_wpt_short_url":"http:\/\/www.varesenews.it\/2017\/09\/lamore-di-sibilla-aleramo-e-dino-campana-a-teatro\/648510\/","_wp_jd_target":"http:\/\/www.varesenews.it\/2017\/09\/lamore-di-sibilla-aleramo-e-dino-campana-a-teatro\/648510\/","_jd_wp_twitter":"a:1:{i:0;s:164:\"L\u2019amore di Sibilla Aleramo e Dino Campana a teatro http:\/\/www.varesenews.it\/2017\/09\/lamore-di-sibilla-aleramo-e-dino-campana-a-teatro\/648510\/ #estroversi #weekend\";}","_wpt_status_message":"Tweet inviato con successo."},"photos":[{"original":"https:\/\/staging.varesenews.it\/photogallery_new\/images\/2017\/09\/arte-mostre-629419.jpg","full":"https:\/\/staging.varesenews.it\/photogallery_new\/images\/2017\/09\/arte-mostre-629419.1024x768.jpg","large":"https:\/\/staging.varesenews.it\/photogallery_new\/images\/2017\/09\/arte-mostre-629419.610x431.jpg"}],"_links":{"self":[{"href":"https:\/\/staging.varesenews.it\/swgapi\/v1\/wp\/v2\/posts\/648510"}],"collection":[{"href":"https:\/\/staging.varesenews.it\/swgapi\/v1\/wp\/v2\/posts"}],"about":[{"href":"https:\/\/staging.varesenews.it\/swgapi\/v1\/wp\/v2\/types\/post"}],"author":[{"embeddable":true,"href":"https:\/\/staging.varesenews.it\/swgapi\/v1\/wp\/v2\/users\/36"}],"replies":[{"embeddable":true,"href":"https:\/\/staging.varesenews.it\/swgapi\/v1\/wp\/v2\/comments?post=648510"}],"version-history":[{"count":0,"href":"https:\/\/staging.varesenews.it\/swgapi\/v1\/wp\/v2\/posts\/648510\/revisions"}],"wp:attachment":[{"href":"https:\/\/staging.varesenews.it\/swgapi\/v1\/wp\/v2\/media?parent=648510"}],"wp:term":[{"taxonomy":"category","embeddable":true,"href":"https:\/\/staging.varesenews.it\/swgapi\/v1\/wp\/v2\/categories?post=648510"},{"taxonomy":"post_tag","embeddable":true,"href":"https:\/\/staging.varesenews.it\/swgapi\/v1\/wp\/v2\/tags?post=648510"}],"curies":[{"name":"wp","href":"https:\/\/api.w.org\/{rel}","templated":true}]}}