{"id":648767,"date":"2017-09-03T12:30:34","date_gmt":"2017-09-03T10:30:34","guid":{"rendered":"http:\/\/www.varesenews.it\/?p=648767"},"modified":"2017-09-03T12:30:34","modified_gmt":"2017-09-03T10:30:34","slug":"saronno-controlli-sulla-velocita-nella-ciclabile","status":"publish","type":"post","link":"https:\/\/staging.varesenews.it\/2017\/09\/saronno-controlli-sulla-velocita-nella-ciclabile\/648767\/","title":{"rendered":"Saronno, controlli sulla velocit\u00e0 nella ciclabile?"},"content":{"rendered":"<p><strong>Mano sul freno e non esagerare sui pedali: a Saronno si controlla anche la velocit\u00e0 delle biciclette<\/strong>. E&#8217; quello che suggerisce <strong>l&#8217;insolita segnaletica di via Milano<\/strong> che nelle ultime settimane ha strappato sorrisi e battute a molti passanti ed automobilisti.<\/p>\n<p>In sostanza la segnaletica della pista ciclabile che costeggia il cimitero \u00e8 stata posizionata sullo stesso palo con il cartello che annuncia, come previsto dalla normativa, il rilevamento elettronico della velocit\u00e0. Il risultato sembra un avvertimento per ciclisti spericolati.<\/p>\n<p>Come detto, la vicinanza dei due cartelli ha suscitato molte battute sia in citt\u00e0 sia sui social. Del resto <strong>per quasi 5 anni la citt\u00e0 di Saronno \u00e8 stata una citt\u00e0 \u201cslow\u201d<\/strong> con il limite di velocit\u00e0 per circolare ridotto a 30 chilometri orari per garantire pi\u00f9 sicurezza agli utenti deboli.<\/p>\n<p>Facile quindi l&#8217;ironia sul fatto che il <strong>sindaco Alessandro Fagioli,<\/strong> che ha tolto il 30 all&#8217;ora diffuso facendo schiacciare l&#8217;acceleratore agli automobilisti, cerchi ora di controllare la velocit\u00e0 delle biciclette.<\/p>\n","protected":false},"excerpt":{"rendered":"<p>Un&#8217;insolita insegna in via Milano ha scatenato l&#8217;ironia in citt\u00e0 e sui social<\/p>\n","protected":false},"author":11800,"featured_media":0,"comment_status":"open","ping_status":"open","sticky":false,"template":"","format":"standard","meta":{"footnotes":""},"categories":[5],"tags":[71055,21580],"acf":[],"yoast_head":"<!-- This site is optimized with the Yoast SEO plugin v20.1 - https:\/\/yoast.com\/wordpress\/plugins\/seo\/ -->\n<title>Saronno, controlli sulla velocit\u00e0 nella ciclabile?<\/title>\n<meta name=\"description\" content=\"Un&#039;insolita insegna in via Milano ha scatenato l&#039;ironia in citt\u00e0 e sui social\" \/>\n<meta name=\"robots\" content=\"noindex, follow, max-snippet:-1, max-image-preview:large, max-video-preview:-1\" \/>\n<meta property=\"og:locale\" content=\"it_IT\" \/>\n<meta property=\"og:type\" content=\"article\" \/>\n<meta property=\"og:title\" content=\"Saronno, controlli sulla velocit\u00e0 nella ciclabile?\" \/>\n<meta property=\"og:description\" content=\"Un&#039;insolita insegna in via Milano ha scatenato l&#039;ironia in citt\u00e0 e sui social\" \/>\n<meta property=\"og:url\" content=\"https:\/\/staging.varesenews.it\/2017\/09\/saronno-controlli-sulla-velocita-nella-ciclabile\/648767\/\" \/>\n<meta property=\"og:site_name\" content=\"VareseNews\" \/>\n<meta property=\"article:publisher\" content=\"https:\/\/www.facebook.com\/varesenews\" \/>\n<meta property=\"article:author\" content=\"https:\/\/www.facebook.com\/IlSaronno-213880515411179\/\" \/>\n<meta property=\"article:published_time\" content=\"2017-09-03T10:30:34+00:00\" \/>\n<meta name=\"author\" content=\"ilSaronno\" \/>\n<meta name=\"twitter:card\" content=\"summary_large_image\" \/>\n<meta name=\"twitter:creator\" content=\"@ilsaronno\" \/>\n<meta name=\"twitter:site\" content=\"@varesenews\" \/>\n<meta name=\"twitter:label1\" content=\"Scritto da\" \/>\n\t<meta name=\"twitter:data1\" content=\"ilSaronno\" \/>\n\t<meta name=\"twitter:label2\" content=\"Tempo di lettura stimato\" \/>\n\t<meta name=\"twitter:data2\" content=\"1 minuto\" \/>\n<script type=\"application\/ld+json\" class=\"yoast-schema-graph\">{\"@context\":\"https:\/\/schema.org\",\"@graph\":[{\"@type\":\"WebPage\",\"@id\":\"https:\/\/staging.varesenews.it\/2017\/09\/saronno-controlli-sulla-velocita-nella-ciclabile\/648767\/\",\"url\":\"https:\/\/staging.varesenews.it\/2017\/09\/saronno-controlli-sulla-velocita-nella-ciclabile\/648767\/\",\"name\":\"Saronno, controlli sulla velocit\u00e0 nella ciclabile?\",\"isPartOf\":{\"@id\":\"https:\/\/staging.varesenews.it\/#website\"},\"datePublished\":\"2017-09-03T10:30:34+00:00\",\"dateModified\":\"2017-09-03T10:30:34+00:00\",\"author\":{\"@id\":\"https:\/\/staging.varesenews.it\/#\/schema\/person\/34ad7337334147281697413d05fff81f\"},\"description\":\"Un'insolita insegna in via Milano ha scatenato l'ironia in citt\u00e0 e sui social\",\"breadcrumb\":{\"@id\":\"https:\/\/staging.varesenews.it\/2017\/09\/saronno-controlli-sulla-velocita-nella-ciclabile\/648767\/#breadcrumb\"},\"inLanguage\":\"it-IT\",\"potentialAction\":[{\"@type\":\"ReadAction\",\"target\":[\"https:\/\/staging.varesenews.it\/2017\/09\/saronno-controlli-sulla-velocita-nella-ciclabile\/648767\/\"]}]},{\"@type\":\"BreadcrumbList\",\"@id\":\"https:\/\/staging.varesenews.it\/2017\/09\/saronno-controlli-sulla-velocita-nella-ciclabile\/648767\/#breadcrumb\",\"itemListElement\":[{\"@type\":\"ListItem\",\"position\":1,\"name\":\"Home\",\"item\":\"https:\/\/www.varesenews.it\/\"},{\"@type\":\"ListItem\",\"position\":2,\"name\":\"Saronno, controlli sulla velocit\u00e0 nella ciclabile?\"}]},{\"@type\":\"WebSite\",\"@id\":\"https:\/\/staging.varesenews.it\/#website\",\"url\":\"https:\/\/staging.varesenews.it\/\",\"name\":\"VareseNews\",\"description\":\"\",\"potentialAction\":[{\"@type\":\"SearchAction\",\"target\":{\"@type\":\"EntryPoint\",\"urlTemplate\":\"https:\/\/staging.varesenews.it\/?s={search_term_string}\"},\"query-input\":\"required name=search_term_string\"}],\"inLanguage\":\"it-IT\"},{\"@type\":\"Person\",\"@id\":\"https:\/\/staging.varesenews.it\/#\/schema\/person\/34ad7337334147281697413d05fff81f\",\"name\":\"ilSaronno\",\"image\":{\"@type\":\"ImageObject\",\"inLanguage\":\"it-IT\",\"@id\":\"https:\/\/staging.varesenews.it\/#\/schema\/person\/image\/\",\"url\":\"https:\/\/staging.varesenews.it\/wp-content\/uploads\/2015\/03\/mistery.jpg\",\"contentUrl\":\"https:\/\/staging.varesenews.it\/wp-content\/uploads\/2015\/03\/mistery.jpg\",\"caption\":\"ilSaronno\"},\"sameAs\":[\"https:\/\/www.facebook.com\/IlSaronno-213880515411179\/\",\"ilSaronno\",\"https:\/\/twitter.com\/ilsaronno\"],\"url\":\"https:\/\/staging.varesenews.it\/persona\/ilsaronno\/\"}]}<\/script>\n<!-- \/ Yoast SEO plugin. -->","yoast_head_json":{"title":"Saronno, controlli sulla velocit\u00e0 nella ciclabile?","description":"Un'insolita insegna in via Milano ha scatenato l'ironia in citt\u00e0 e sui social","robots":{"index":"noindex","follow":"follow","max-snippet":"max-snippet:-1","max-image-preview":"max-image-preview:large","max-video-preview":"max-video-preview:-1"},"og_locale":"it_IT","og_type":"article","og_title":"Saronno, controlli sulla velocit\u00e0 nella ciclabile?","og_description":"Un'insolita insegna in via Milano ha scatenato l'ironia in citt\u00e0 e sui social","og_url":"https:\/\/staging.varesenews.it\/2017\/09\/saronno-controlli-sulla-velocita-nella-ciclabile\/648767\/","og_site_name":"VareseNews","article_publisher":"https:\/\/www.facebook.com\/varesenews","article_author":"https:\/\/www.facebook.com\/IlSaronno-213880515411179\/","article_published_time":"2017-09-03T10:30:34+00:00","author":"ilSaronno","twitter_card":"summary_large_image","twitter_creator":"@ilsaronno","twitter_site":"@varesenews","twitter_misc":{"Scritto da":"ilSaronno","Tempo di lettura stimato":"1 minuto"},"schema":{"@context":"https:\/\/schema.org","@graph":[{"@type":"WebPage","@id":"https:\/\/staging.varesenews.it\/2017\/09\/saronno-controlli-sulla-velocita-nella-ciclabile\/648767\/","url":"https:\/\/staging.varesenews.it\/2017\/09\/saronno-controlli-sulla-velocita-nella-ciclabile\/648767\/","name":"Saronno, controlli sulla velocit\u00e0 nella ciclabile?","isPartOf":{"@id":"https:\/\/staging.varesenews.it\/#website"},"datePublished":"2017-09-03T10:30:34+00:00","dateModified":"2017-09-03T10:30:34+00:00","author":{"@id":"https:\/\/staging.varesenews.it\/#\/schema\/person\/34ad7337334147281697413d05fff81f"},"description":"Un'insolita insegna in via Milano ha scatenato l'ironia in citt\u00e0 e sui social","breadcrumb":{"@id":"https:\/\/staging.varesenews.it\/2017\/09\/saronno-controlli-sulla-velocita-nella-ciclabile\/648767\/#breadcrumb"},"inLanguage":"it-IT","potentialAction":[{"@type":"ReadAction","target":["https:\/\/staging.varesenews.it\/2017\/09\/saronno-controlli-sulla-velocita-nella-ciclabile\/648767\/"]}]},{"@type":"BreadcrumbList","@id":"https:\/\/staging.varesenews.it\/2017\/09\/saronno-controlli-sulla-velocita-nella-ciclabile\/648767\/#breadcrumb","itemListElement":[{"@type":"ListItem","position":1,"name":"Home","item":"https:\/\/www.varesenews.it\/"},{"@type":"ListItem","position":2,"name":"Saronno, controlli sulla velocit\u00e0 nella ciclabile?"}]},{"@type":"WebSite","@id":"https:\/\/staging.varesenews.it\/#website","url":"https:\/\/staging.varesenews.it\/","name":"VareseNews","description":"","potentialAction":[{"@type":"SearchAction","target":{"@type":"EntryPoint","urlTemplate":"https:\/\/staging.varesenews.it\/?s={search_term_string}"},"query-input":"required name=search_term_string"}],"inLanguage":"it-IT"},{"@type":"Person","@id":"https:\/\/staging.varesenews.it\/#\/schema\/person\/34ad7337334147281697413d05fff81f","name":"ilSaronno","image":{"@type":"ImageObject","inLanguage":"it-IT","@id":"https:\/\/staging.varesenews.it\/#\/schema\/person\/image\/","url":"https:\/\/staging.varesenews.it\/wp-content\/uploads\/2015\/03\/mistery.jpg","contentUrl":"https:\/\/staging.varesenews.it\/wp-content\/uploads\/2015\/03\/mistery.jpg","caption":"ilSaronno"},"sameAs":["https:\/\/www.facebook.com\/IlSaronno-213880515411179\/","ilSaronno","https:\/\/twitter.com\/ilsaronno"],"url":"https:\/\/staging.varesenews.it\/persona\/ilsaronno\/"}]}},"post_meta":{"foto":"629597","_edit_lock":"1504434503:33","_category_permalink":"","wdfb_og_title":"","wdfb_og_type":"","wdfb_og_description":"","wdfb_og_images":"a:1:{i:0;s:0:\"\";}","wdfb_og_custom_name":"a:1:{i:0;s:0:\"\";}","wdfb_og_custom_value":"a:1:{i:0;s:0:\"\";}","argomento":"Saronno","_edit_last":"33","ratings_users":"0","ratings_score":"0","ratings_average":"0","_jd_twitter":"","_jd_tweet_this":"yes","_wpt_short_url":"http:\/\/www.varesenews.it\/2017\/09\/saronno-controlli-sulla-velocita-nella-ciclabile\/648767\/","_wp_jd_target":"http:\/\/www.varesenews.it\/2017\/09\/saronno-controlli-sulla-velocita-nella-ciclabile\/648767\/","_jd_wp_twitter":"a:1:{i:0;s:152:\"Saronno, controlli sulla velocit\u00e0 nella ciclabile? http:\/\/www.varesenews.it\/2017\/09\/saronno-controlli-sulla-velocita-nella-ciclabile\/648767\/ #velocit\u00e0\";}","_wpt_status_message":"Tweet inviato con successo."},"photos":[{"original":"https:\/\/staging.varesenews.it\/photogallery_new\/images\/2017\/09\/caricamento-temporaneo-per-contributo-b3qzzwa6fw-629597.jpg","full":"https:\/\/staging.varesenews.it\/photogallery_new\/images\/2017\/09\/caricamento-temporaneo-per-contributo-b3qzzwa6fw-629597.1024x768.jpg","large":"https:\/\/staging.varesenews.it\/photogallery_new\/images\/2017\/09\/caricamento-temporaneo-per-contributo-b3qzzwa6fw-629597.610x431.jpg"}],"_links":{"self":[{"href":"https:\/\/staging.varesenews.it\/swgapi\/v1\/wp\/v2\/posts\/648767"}],"collection":[{"href":"https:\/\/staging.varesenews.it\/swgapi\/v1\/wp\/v2\/posts"}],"about":[{"href":"https:\/\/staging.varesenews.it\/swgapi\/v1\/wp\/v2\/types\/post"}],"author":[{"embeddable":true,"href":"https:\/\/staging.varesenews.it\/swgapi\/v1\/wp\/v2\/users\/11800"}],"replies":[{"embeddable":true,"href":"https:\/\/staging.varesenews.it\/swgapi\/v1\/wp\/v2\/comments?post=648767"}],"version-history":[{"count":0,"href":"https:\/\/staging.varesenews.it\/swgapi\/v1\/wp\/v2\/posts\/648767\/revisions"}],"wp:attachment":[{"href":"https:\/\/staging.varesenews.it\/swgapi\/v1\/wp\/v2\/media?parent=648767"}],"wp:term":[{"taxonomy":"category","embeddable":true,"href":"https:\/\/staging.varesenews.it\/swgapi\/v1\/wp\/v2\/categories?post=648767"},{"taxonomy":"post_tag","embeddable":true,"href":"https:\/\/staging.varesenews.it\/swgapi\/v1\/wp\/v2\/tags?post=648767"}],"curies":[{"name":"wp","href":"https:\/\/api.w.org\/{rel}","templated":true}]}}