{"id":650631,"date":"2017-09-12T09:20:51","date_gmt":"2017-09-12T07:20:51","guid":{"rendered":"http:\/\/www.varesenews.it\/?p=650631"},"modified":"2017-09-12T09:24:48","modified_gmt":"2017-09-12T07:24:48","slug":"la-ferrovia-t2-gallarate-attraversera-prati-e-boschi-dei-ronchi","status":"publish","type":"post","link":"https:\/\/staging.varesenews.it\/2017\/09\/la-ferrovia-t2-gallarate-attraversera-prati-e-boschi-dei-ronchi\/650631\/","title":{"rendered":"La ferrovia T2-Gallarate attraverser\u00e0 prati e boschi dei Ronchi"},"content":{"rendered":"<div class=\"_5wde _n4o\">\n<div class=\"_5w1r _3_om _5wdf\">\n<div class=\"_4gx_\">\n<div class=\"_d97\"><span class=\"_5yl5\">Finora se n&#8217;\u00e8 parlato soprattutto a Casorate Sempione, il Comune pi\u00f9 pesantemente toccato. Ma il progetto della ferrovia Malpensa T2-Gallarate tocca anche la citt\u00e0 di Gallarate. La nuova linea ferroviaria, infatti, s&#8217;innesta sulla linea FS del Sempione all&#8217;altezza del quartiere dei Ronchi. <\/span><\/div>\n<div class=\"_d97\"><\/div>\n<div class=\"_d97\"><span class=\"_5yl5\">Un intervento che comporter\u00e0 lo spostamento della Statale del Sempione dalla attuale sede (l&#8217;ultimo tratto alberato della storica strada da Milano alla Svizzera) a una nuova sede poco pi\u00f9 a ovestm, nei boschi e i campi esattamente a ridosso del quartiere dei Ronchi (via Montello e strada della Ronna). L&#8217;area agricola sarebbe anche attraversata dai binari, per lo pi\u00f9 in galleria e trincea.<br \/>\n<\/span><\/div>\n<div class=\"_d97\"><\/div>\n<div class=\"_d97\"><span class=\"_5yl5\">Anche per questo <strong>il Comitato <a href=\"http:\/\/www.varesenews.it\/2017\/07\/nuova-ferrovia-da-malpensa-parte-la-petizione-per-dire-no\/638005\/\" target=\"_blank\">\u201cSalviAMO la Brughiera\u201d<\/a> fa tappa<\/strong> &#8211; con i suoi incontri informativi &#8211; anche <strong>nel quartiere residenziale di Gallarate<\/strong>: l\u2019incontro si terr\u00e0 al <strong>G.b. Ronchese Centro U.s. Acli in via Montello<\/strong>, 74 a Gallarate (il \u201cCasoteo\u201d di fianco al campo del Torino Club) il giorno 15 settembre 2017 alle 21.<br \/>\n<\/span><\/div>\n<div class=\"_d97\"><\/div>\n<div class=\"_d97\"><span class=\"_5yl5\"><span class=\"_5yl5\">La documentazione sulla nuova ferrovia \u00e8 disponibile\u00a0 sul sito del <a href=\"http:\/\/www.comune.casoratesempione.va.it\/servizi\/Menu\/dinamica.aspx?idSezione=5337&amp;idArea=1931&amp;idCat=16358&amp;ID=16358&amp;TipoElemento=categoria\" target=\"_blank\">Comune di Casorate Sempione<\/a>. <a href=\"http:\/\/www.varesenews.it\/2016\/06\/come-sara-la-ferrovia-malpensa-gallarate\/525570\/\" target=\"_blank\">Qui<\/a> una descrizione sintetica del tracciato. Ferrovie Nord &#8211; che gestirebbe la tratta &#8211; prevedeva lo scorso anno di arrivare a <a href=\"http:\/\/www.varesenews.it\/2016\/06\/ferrovia-malpensa-gallarate-progetto-entro-il-2017\/525558\/\">progettazione definitiva entro il 2017<\/a>.<br \/>\n<\/span><\/span>\u00abAlla serata &#8211; spiega il Comitato &#8211; sono stati<strong> invitati i rappresentanti delle amministrazioni dei comuni<\/strong> direttamente interessati dall\u2019opera\u00bb.<\/p>\n<\/div>\n<\/div>\n<\/div>\n<\/div>\n","protected":false},"excerpt":{"rendered":"<p>&#8220;L&#8217;ultimo miglio&#8221; della nuova bretella toccher\u00e0 anche la zona di boschi e campi appena dietro al quartiere. Venerd\u00ec incontro nel rione<\/p>\n","protected":false},"author":46,"featured_media":0,"comment_status":"open","ping_status":"open","sticky":false,"template":"","format":"standard","meta":{"footnotes":""},"categories":[3],"tags":[57024,41324,365],"acf":[],"yoast_head":"<!-- This site is optimized with the Yoast SEO plugin v20.1 - https:\/\/yoast.com\/wordpress\/plugins\/seo\/ -->\n<title>La ferrovia T2-Gallarate attraverser\u00e0 prati e boschi dei Ronchi<\/title>\n<meta name=\"description\" content=\"&quot;L&#039;ultimo miglio&quot; della nuova bretella toccher\u00e0 anche la zona di boschi e campi appena dietro al quartiere. Venerd\u00ec incontro nel rione\" \/>\n<meta name=\"robots\" content=\"noindex, follow, max-snippet:-1, max-image-preview:large, max-video-preview:-1\" \/>\n<meta property=\"og:locale\" content=\"it_IT\" \/>\n<meta property=\"og:type\" content=\"article\" \/>\n<meta property=\"og:title\" content=\"La ferrovia T2-Gallarate attraverser\u00e0 prati e boschi dei Ronchi\" \/>\n<meta property=\"og:description\" content=\"&quot;L&#039;ultimo miglio&quot; della nuova bretella toccher\u00e0 anche la zona di boschi e campi appena dietro al quartiere. Venerd\u00ec incontro nel rione\" \/>\n<meta property=\"og:url\" content=\"https:\/\/staging.varesenews.it\/2017\/09\/la-ferrovia-t2-gallarate-attraversera-prati-e-boschi-dei-ronchi\/650631\/\" \/>\n<meta property=\"og:site_name\" content=\"VareseNews\" \/>\n<meta property=\"article:publisher\" content=\"https:\/\/www.facebook.com\/varesenews\" \/>\n<meta property=\"article:published_time\" content=\"2017-09-12T07:20:51+00:00\" \/>\n<meta property=\"article:modified_time\" content=\"2017-09-12T07:24:48+00:00\" \/>\n<meta name=\"author\" content=\"Roberto Morandi\" \/>\n<meta name=\"twitter:card\" content=\"summary_large_image\" \/>\n<meta name=\"twitter:creator\" content=\"@ilmorands\" \/>\n<meta name=\"twitter:site\" content=\"@varesenews\" \/>\n<meta name=\"twitter:label1\" content=\"Scritto da\" \/>\n\t<meta name=\"twitter:data1\" content=\"Roberto Morandi\" \/>\n\t<meta name=\"twitter:label2\" content=\"Tempo di lettura stimato\" \/>\n\t<meta name=\"twitter:data2\" content=\"1 minuto\" \/>\n<script type=\"application\/ld+json\" class=\"yoast-schema-graph\">{\"@context\":\"https:\/\/schema.org\",\"@graph\":[{\"@type\":\"WebPage\",\"@id\":\"https:\/\/staging.varesenews.it\/2017\/09\/la-ferrovia-t2-gallarate-attraversera-prati-e-boschi-dei-ronchi\/650631\/\",\"url\":\"https:\/\/staging.varesenews.it\/2017\/09\/la-ferrovia-t2-gallarate-attraversera-prati-e-boschi-dei-ronchi\/650631\/\",\"name\":\"La ferrovia T2-Gallarate attraverser\u00e0 prati e boschi dei Ronchi\",\"isPartOf\":{\"@id\":\"https:\/\/staging.varesenews.it\/#website\"},\"datePublished\":\"2017-09-12T07:20:51+00:00\",\"dateModified\":\"2017-09-12T07:24:48+00:00\",\"author\":{\"@id\":\"https:\/\/staging.varesenews.it\/#\/schema\/person\/efe592ae4c76536b551f89d8b6674bc3\"},\"description\":\"\\\"L'ultimo miglio\\\" della nuova bretella toccher\u00e0 anche la zona di boschi e campi appena dietro al quartiere. Venerd\u00ec incontro nel rione\",\"breadcrumb\":{\"@id\":\"https:\/\/staging.varesenews.it\/2017\/09\/la-ferrovia-t2-gallarate-attraversera-prati-e-boschi-dei-ronchi\/650631\/#breadcrumb\"},\"inLanguage\":\"it-IT\",\"potentialAction\":[{\"@type\":\"ReadAction\",\"target\":[\"https:\/\/staging.varesenews.it\/2017\/09\/la-ferrovia-t2-gallarate-attraversera-prati-e-boschi-dei-ronchi\/650631\/\"]}]},{\"@type\":\"BreadcrumbList\",\"@id\":\"https:\/\/staging.varesenews.it\/2017\/09\/la-ferrovia-t2-gallarate-attraversera-prati-e-boschi-dei-ronchi\/650631\/#breadcrumb\",\"itemListElement\":[{\"@type\":\"ListItem\",\"position\":1,\"name\":\"Home\",\"item\":\"https:\/\/www.varesenews.it\/\"},{\"@type\":\"ListItem\",\"position\":2,\"name\":\"La ferrovia T2-Gallarate attraverser\u00e0 prati e boschi dei Ronchi\"}]},{\"@type\":\"WebSite\",\"@id\":\"https:\/\/staging.varesenews.it\/#website\",\"url\":\"https:\/\/staging.varesenews.it\/\",\"name\":\"VareseNews\",\"description\":\"\",\"potentialAction\":[{\"@type\":\"SearchAction\",\"target\":{\"@type\":\"EntryPoint\",\"urlTemplate\":\"https:\/\/staging.varesenews.it\/?s={search_term_string}\"},\"query-input\":\"required name=search_term_string\"}],\"inLanguage\":\"it-IT\"},{\"@type\":\"Person\",\"@id\":\"https:\/\/staging.varesenews.it\/#\/schema\/person\/efe592ae4c76536b551f89d8b6674bc3\",\"name\":\"Roberto Morandi\",\"image\":{\"@type\":\"ImageObject\",\"inLanguage\":\"it-IT\",\"@id\":\"https:\/\/staging.varesenews.it\/#\/schema\/person\/image\/\",\"url\":\"https:\/\/staging.varesenews.it\/wp-content\/uploads\/2020\/12\/roberto_morandi_colori_500.jpg\",\"contentUrl\":\"https:\/\/staging.varesenews.it\/wp-content\/uploads\/2020\/12\/roberto_morandi_colori_500.jpg\",\"caption\":\"Roberto Morandi\"},\"description\":\"Classe 1980, laureato in storia, mi occupo dell&rsquo;area di Gallarate e di Malpensa, di trasporti e mobilit&agrave;. Amo molto la dimensione della citt&agrave;, come luogo d&rsquo;incontro di persone diverse e come organismo che si trasforma costantemente. Mi piace anche raccontare le piccole e grandi vicende, anche locali, che compongono la Storia con la S maiuscola. Appassionato di bicicletta: la macchina perfetta per muoversi in citt&agrave; e per viaggiare.\",\"sameAs\":[\"https:\/\/twitter.com\/ilmorands\"],\"url\":\"https:\/\/staging.varesenews.it\/persona\/roberto-morandi1\/\"}]}<\/script>\n<!-- \/ Yoast SEO plugin. -->","yoast_head_json":{"title":"La ferrovia T2-Gallarate attraverser\u00e0 prati e boschi dei Ronchi","description":"\"L'ultimo miglio\" della nuova bretella toccher\u00e0 anche la zona di boschi e campi appena dietro al quartiere. Venerd\u00ec incontro nel rione","robots":{"index":"noindex","follow":"follow","max-snippet":"max-snippet:-1","max-image-preview":"max-image-preview:large","max-video-preview":"max-video-preview:-1"},"og_locale":"it_IT","og_type":"article","og_title":"La ferrovia T2-Gallarate attraverser\u00e0 prati e boschi dei Ronchi","og_description":"\"L'ultimo miglio\" della nuova bretella toccher\u00e0 anche la zona di boschi e campi appena dietro al quartiere. Venerd\u00ec incontro nel rione","og_url":"https:\/\/staging.varesenews.it\/2017\/09\/la-ferrovia-t2-gallarate-attraversera-prati-e-boschi-dei-ronchi\/650631\/","og_site_name":"VareseNews","article_publisher":"https:\/\/www.facebook.com\/varesenews","article_published_time":"2017-09-12T07:20:51+00:00","article_modified_time":"2017-09-12T07:24:48+00:00","author":"Roberto Morandi","twitter_card":"summary_large_image","twitter_creator":"@ilmorands","twitter_site":"@varesenews","twitter_misc":{"Scritto da":"Roberto Morandi","Tempo di lettura stimato":"1 minuto"},"schema":{"@context":"https:\/\/schema.org","@graph":[{"@type":"WebPage","@id":"https:\/\/staging.varesenews.it\/2017\/09\/la-ferrovia-t2-gallarate-attraversera-prati-e-boschi-dei-ronchi\/650631\/","url":"https:\/\/staging.varesenews.it\/2017\/09\/la-ferrovia-t2-gallarate-attraversera-prati-e-boschi-dei-ronchi\/650631\/","name":"La ferrovia T2-Gallarate attraverser\u00e0 prati e boschi dei Ronchi","isPartOf":{"@id":"https:\/\/staging.varesenews.it\/#website"},"datePublished":"2017-09-12T07:20:51+00:00","dateModified":"2017-09-12T07:24:48+00:00","author":{"@id":"https:\/\/staging.varesenews.it\/#\/schema\/person\/efe592ae4c76536b551f89d8b6674bc3"},"description":"\"L'ultimo miglio\" della nuova bretella toccher\u00e0 anche la zona di boschi e campi appena dietro al quartiere. Venerd\u00ec incontro nel rione","breadcrumb":{"@id":"https:\/\/staging.varesenews.it\/2017\/09\/la-ferrovia-t2-gallarate-attraversera-prati-e-boschi-dei-ronchi\/650631\/#breadcrumb"},"inLanguage":"it-IT","potentialAction":[{"@type":"ReadAction","target":["https:\/\/staging.varesenews.it\/2017\/09\/la-ferrovia-t2-gallarate-attraversera-prati-e-boschi-dei-ronchi\/650631\/"]}]},{"@type":"BreadcrumbList","@id":"https:\/\/staging.varesenews.it\/2017\/09\/la-ferrovia-t2-gallarate-attraversera-prati-e-boschi-dei-ronchi\/650631\/#breadcrumb","itemListElement":[{"@type":"ListItem","position":1,"name":"Home","item":"https:\/\/www.varesenews.it\/"},{"@type":"ListItem","position":2,"name":"La ferrovia T2-Gallarate attraverser\u00e0 prati e boschi dei Ronchi"}]},{"@type":"WebSite","@id":"https:\/\/staging.varesenews.it\/#website","url":"https:\/\/staging.varesenews.it\/","name":"VareseNews","description":"","potentialAction":[{"@type":"SearchAction","target":{"@type":"EntryPoint","urlTemplate":"https:\/\/staging.varesenews.it\/?s={search_term_string}"},"query-input":"required name=search_term_string"}],"inLanguage":"it-IT"},{"@type":"Person","@id":"https:\/\/staging.varesenews.it\/#\/schema\/person\/efe592ae4c76536b551f89d8b6674bc3","name":"Roberto Morandi","image":{"@type":"ImageObject","inLanguage":"it-IT","@id":"https:\/\/staging.varesenews.it\/#\/schema\/person\/image\/","url":"https:\/\/staging.varesenews.it\/wp-content\/uploads\/2020\/12\/roberto_morandi_colori_500.jpg","contentUrl":"https:\/\/staging.varesenews.it\/wp-content\/uploads\/2020\/12\/roberto_morandi_colori_500.jpg","caption":"Roberto Morandi"},"description":"Classe 1980, laureato in storia, mi occupo dell&rsquo;area di Gallarate e di Malpensa, di trasporti e mobilit&agrave;. Amo molto la dimensione della citt&agrave;, come luogo d&rsquo;incontro di persone diverse e come organismo che si trasforma costantemente. Mi piace anche raccontare le piccole e grandi vicende, anche locali, che compongono la Storia con la S maiuscola. Appassionato di bicicletta: la macchina perfetta per muoversi in citt&agrave; e per viaggiare.","sameAs":["https:\/\/twitter.com\/ilmorands"],"url":"https:\/\/staging.varesenews.it\/persona\/roberto-morandi1\/"}]}},"post_meta":{"_edit_lock":"1505201862:46","_edit_last":"46","_category_permalink":"3","ratings_users":"0","ratings_score":"0","ratings_average":"0","wdfb_og_title":"","wdfb_og_type":"","wdfb_og_description":"","wdfb_og_images":"a:1:{i:0;s:0:\"\";}","wdfb_og_custom_name":"a:1:{i:0;s:0:\"\";}","wdfb_og_custom_value":"a:1:{i:0;s:0:\"\";}","foto":"500488","firma_come_redazione":"1","argomento":"Gallarate","_jd_twitter":"","_jd_tweet_this":"yes","_wpt_short_url":"http:\/\/www.varesenews.it\/2017\/09\/la-ferrovia-t2-gallarate-attraversera-prati-e-boschi-dei-ronchi\/650631\/","_wp_jd_target":"http:\/\/www.varesenews.it\/2017\/09\/la-ferrovia-t2-gallarate-attraversera-prati-e-boschi-dei-ronchi\/650631\/","_jd_wp_twitter":"a:1:{i:0;s:190:\"La ferrovia T2-Gallarate attraverser\u00e0 prati e boschi dei Ronchi http:\/\/www.varesenews.it\/2017\/09\/la-ferrovia-t2-gallarate-attraversera-prati-e-boschi-dei-ronchi\/650631\/ #gallarate #Malpensa\";}","_wpt_status_message":"Tweet inviato con successo."},"photos":[{"original":"https:\/\/staging.varesenews.it\/photogallery_new\/images\/2015\/12\/ferrovia-malpensa-gallarate-500488.jpg","full":"https:\/\/staging.varesenews.it\/photogallery_new\/images\/2015\/12\/ferrovia-malpensa-gallarate-500488.1024x768.jpg","large":"https:\/\/staging.varesenews.it\/photogallery_new\/images\/2015\/12\/ferrovia-malpensa-gallarate-500488.610x431.jpg"}],"_links":{"self":[{"href":"https:\/\/staging.varesenews.it\/swgapi\/v1\/wp\/v2\/posts\/650631"}],"collection":[{"href":"https:\/\/staging.varesenews.it\/swgapi\/v1\/wp\/v2\/posts"}],"about":[{"href":"https:\/\/staging.varesenews.it\/swgapi\/v1\/wp\/v2\/types\/post"}],"author":[{"embeddable":true,"href":"https:\/\/staging.varesenews.it\/swgapi\/v1\/wp\/v2\/users\/46"}],"replies":[{"embeddable":true,"href":"https:\/\/staging.varesenews.it\/swgapi\/v1\/wp\/v2\/comments?post=650631"}],"version-history":[{"count":0,"href":"https:\/\/staging.varesenews.it\/swgapi\/v1\/wp\/v2\/posts\/650631\/revisions"}],"wp:attachment":[{"href":"https:\/\/staging.varesenews.it\/swgapi\/v1\/wp\/v2\/media?parent=650631"}],"wp:term":[{"taxonomy":"category","embeddable":true,"href":"https:\/\/staging.varesenews.it\/swgapi\/v1\/wp\/v2\/categories?post=650631"},{"taxonomy":"post_tag","embeddable":true,"href":"https:\/\/staging.varesenews.it\/swgapi\/v1\/wp\/v2\/tags?post=650631"}],"curies":[{"name":"wp","href":"https:\/\/api.w.org\/{rel}","templated":true}]}}