{"id":653919,"date":"2017-09-22T16:03:09","date_gmt":"2017-09-22T14:03:09","guid":{"rendered":"http:\/\/www.varesenews.it\/?p=653919"},"modified":"2017-09-22T16:17:17","modified_gmt":"2017-09-22T14:17:17","slug":"comune-la-biblioteca-diventa-un-caso","status":"publish","type":"post","link":"https:\/\/staging.varesenews.it\/2017\/09\/comune-la-biblioteca-diventa-un-caso\/653919\/","title":{"rendered":"Comune, la biblioteca &#8220;trascurata&#8221; diventa un caso"},"content":{"rendered":"<p class=\"p1\"><span class=\"s1\"><strong>Alla biblioteca di Varese<\/strong>, secondo i dipendenti comunali,<strong> le cose vanno male.<\/strong> Senza acquisiti di libri, con una mancanza di stanziamenti per migliorare i servizi all\u2019utenza e con delle condizioni di lavoro degli operatori sempre peggiori.<\/span><\/p>\n<p class=\"p1\"><em><span class=\"s1\">(nella foto, la Rsu del comune di Varese durante la conferenza stampa)<\/span><\/em><\/p>\n<p class=\"p1\"><span class=\"s1\">Strano destino, per quella che \u00e8 sostanzialmente <strong>la pi\u00f9\u00a0popolare istituzione culturale pubblica della citt\u00e0.<\/strong> In teoria la giunta Galimberti ha in programma di valorizzarla e renderla fruibile all\u2019utenza anche la domenica, ma <strong>la sperimentazione sulle aperture domenicali \u00e8 sostanzialmente fallita<\/strong> e ha creato un attrito con il personale che \u00e8 diventato, ora, <strong>aperto scontro<\/strong>. <\/span><\/p>\n<p class=\"p1\"><span class=\"s1\"><strong>La Rsu ha convocato la stampa<\/strong> in Comune e dodici rappresentanti dei lavoratori, insieme a quelli di Cgil, Cisl, Uil e dei Cub, hanno denunciato la mancanza di risposte da parte del sindaco sullo sviluppo della biblioteca e anche <strong>un episodio<\/strong> di presunto \u201cabuso di potere\u201d da parte di un consigliere comunale che ritengono sgradevole. <\/span><\/p>\n<p class=\"p1\"><span class=\"s1\">\u201c<strong>A novembre<\/strong> \u00e8 iniziata la sperimentazione delle aperture domenicali &#8211; osservano i rappresentanti della Rsu &#8211;<span class=\"Apple-converted-space\">\u00a0 <\/span>il personale <strong>\u00e8 rimasto invariato<\/strong> ma ha accettato di estendere i turni anche alla domenica per venire incontro ai progetti della giunta. C\u2019era stato un confronto, con un verbale di accordo, che prevedeva la sperimentazione per tre mesi ma anche l\u2019acquisto libri e di nuovi terminali per il pubblico. <strong>In realt\u00e0 non \u00e8 stato acquistato nulla, e<\/strong> <strong>l\u2019utenza si sta lamentando<\/strong>. <\/span><\/p>\n<p class=\"p1\"><span class=\"s1\">I computer sono obsoleti e spesso rotti, e la Regione ha emesso un nuovo catalogo, che non \u00e8 supportato dagli attuali mezzi a disposizione.\u00a0 Esiste anche un problema sicurezza poich\u00e9 in estate il <strong>condizionamento<\/strong> non funziona e l\u2018ambiente diventa troppo caldo. Inoltre i lavoratori che, nel numero di due fissi, devono stare nel <strong>bunker<\/strong> sotterraneo che custodisce i libri, sono in un ambiente <strong>malsano<\/strong> in cui piove all&#8217;interno e manca l\u2019aria\u201d. <\/span><\/p>\n<p class=\"p1\"><span class=\"s1\"><strong>Il peggioramento<\/strong> delle strutture informatiche \u00e8 sotto gli occhi di tutti. I sindacati interni affermano che il sindaco Galimberti \u00e8 stato pi\u00f9 volte avvisato, in diversi incontri, di tutte le problematiche. Ma che c\u2019\u00e8 stato un sostanziale<strong> silenzio.<\/strong> <\/span><\/p>\n<p class=\"p1\"><span class=\"s1\">Sulla vicenda delle<strong> aperture domenicali<\/strong> sperimentali, inoltre, si sono affastellati vari problemi. La Rsu sostiene che a Varese l\u2019utenza non ha premiato l\u2019iniziativa e che il Comune <strong>ha ripiegato<\/strong> sull\u2019apertura unicamente della<strong>\u00a0sala lettura<\/strong>, da marzo e fino al 16 luglio 2017. I frequentatori sarebbero stati per\u00f2 solo un gruppo abbastanza limitato, e delimitato, di giovani. La delibera, infine, prevedeva anche l&#8217;individuazione di associazioni di volontariato con cui collaborare per le aperture, ma nessuno si \u00e8 fatto avanti.\u00a0<\/span><\/p>\n<p class=\"p1\"><span class=\"s1\">La ciliegina sulla torta, come \u00e8 stata definita,\u00a0\u00e8 un\u00a0<strong>episodio<\/strong> che l\u2019intera Rsu condanna con fermezza. \u201cIl primo di settembre<strong> il consigliere comunale<\/strong> <strong>Giacomo Fisco<\/strong> \u00e8 venuto in biblioteca &#8211; raccontano i\u00a0dipendenti della Rsu &#8211; e ha chiesto ai dipendenti chi avrebbe aperto la domenica. Nessuno era al corrente di una nuova stagione di aperture, poich\u00e9 la delibera le aveva programmate fino al 16 luglio. A quel punto <strong>il consigliere ha preso il telefono<\/strong> e ha chiamato qualcuno. Poco dopo \u00e8 giunto il dirigente, evidentemente avvisato, dicendo che due dipendenti avrebbero dovuto lavorare la domenica successiva. E, sottolineiamo, si trattava di turni non pagati, poich\u00e8 danno diritto solo al riposo compensativo. Il 12 settembre il personale della biblioteca <strong>ha scritto una lettera alla Rsu<\/strong> per denunciare quanto accaduto&#8221;.\u00a0<\/span><\/p>\n<p class=\"p1\"><div class=\"photo-inside-post\"><img decoding=\"async\" loading=\"lazy\" fetchpriority=\"low\" width=\"610\" height=\"431\" src=\"https:\/\/staging.varesenews.it\/photogallery_new\/images\/2017\/06\/biblioteca-varese-619901.610x431.jpg\" alt=\"biblioteca varese\"><\/div><\/p>\n<p class=\"p1\"><span class=\"s1\"><strong>In ogni caso<\/strong>\u00a0per due domeniche una coppia di dipendenti della biblioteca ha garantito l\u2019apertura della sala lettura, mentre la terza domenica di settembre hanno aperto e chiuso dei giovani pagati a voucher.<strong> I lavoratori per\u00f2 hanno visto<\/strong> in questo episodio una sorta di <strong>pressione<\/strong>\u00a0(testuale) indebita da parte di un politico (citando anche altri episodi a riguardo). Mentre, dicono i rappresentanti anche di Cisl e Cub, Palermo e Iursich, in questi casi \u201cci vuole una informativa preventiva alla Rsu che chieda una concertazione sugli orari\u201d.<\/span><\/p>\n<p class=\"p1\"><span class=\"s1\"><strong>Morale: \u201cAbbiamo parlato con il sindaco<\/strong> pi\u00f9 volte di questa situazione e il risultato \u00e8 stato nullo &#8211; osservano i sindacalisti &#8211; cos\u00ec ci siamo rivolti alla stampa e ai cittadini. I dipendenti della biblioteca sono <strong>qualificati<\/strong> e sanno fare bene il loro lavoro. Hanno mostrato molta disponibilit\u00e0 accettando la aperture in pausa pranzo e nei pomeriggi in estate, ma in cambio non hanno avuto nulla. E i servizi all\u2019utenza stanno <strong>peggiorando<\/strong>\u201d. <\/span><\/p>\n","protected":false},"excerpt":{"rendered":"<p>I dipendenti contro il sindaco: &#8220;Computer rotti, zero soldi, aperture domenicali fallite. E un consigliere comunale fa pressioni&#8221;<\/p>\n","protected":false},"author":50,"featured_media":0,"comment_status":"open","ping_status":"open","sticky":false,"template":"","format":"standard","meta":{"footnotes":""},"categories":[16,2],"tags":[1272,71774],"acf":[],"yoast_head":"<!-- This site is optimized with the Yoast SEO plugin v20.1 - https:\/\/yoast.com\/wordpress\/plugins\/seo\/ -->\n<title>Comune, la biblioteca &quot;trascurata&quot; diventa un caso<\/title>\n<meta name=\"description\" content=\"I dipendenti contro il sindaco: &quot;Computer rotti, zero soldi, aperture domenicali fallite. E un consigliere comunale fa pressioni&quot;\" \/>\n<meta name=\"robots\" content=\"noindex, follow, max-snippet:-1, max-image-preview:large, max-video-preview:-1\" \/>\n<meta property=\"og:locale\" content=\"it_IT\" \/>\n<meta property=\"og:type\" content=\"article\" \/>\n<meta property=\"og:title\" content=\"Comune, la biblioteca &quot;trascurata&quot; diventa un caso\" \/>\n<meta property=\"og:description\" content=\"I dipendenti contro il sindaco: &quot;Computer rotti, zero soldi, aperture domenicali fallite. E un consigliere comunale fa pressioni&quot;\" \/>\n<meta property=\"og:url\" content=\"https:\/\/staging.varesenews.it\/2017\/09\/comune-la-biblioteca-diventa-un-caso\/653919\/\" \/>\n<meta property=\"og:site_name\" content=\"VareseNews\" \/>\n<meta property=\"article:publisher\" content=\"https:\/\/www.facebook.com\/varesenews\" \/>\n<meta property=\"article:published_time\" content=\"2017-09-22T14:03:09+00:00\" \/>\n<meta property=\"article:modified_time\" content=\"2017-09-22T14:17:17+00:00\" \/>\n<meta name=\"author\" content=\"Roberto Rotondo\" \/>\n<meta name=\"twitter:card\" content=\"summary_large_image\" \/>\n<meta name=\"twitter:creator\" content=\"@robertorotondo\" \/>\n<meta name=\"twitter:site\" content=\"@varesenews\" \/>\n<meta name=\"twitter:label1\" content=\"Scritto da\" \/>\n\t<meta name=\"twitter:data1\" content=\"Roberto Rotondo\" \/>\n\t<meta name=\"twitter:label2\" content=\"Tempo di lettura stimato\" \/>\n\t<meta name=\"twitter:data2\" content=\"4 minuti\" \/>\n<script type=\"application\/ld+json\" class=\"yoast-schema-graph\">{\"@context\":\"https:\/\/schema.org\",\"@graph\":[{\"@type\":\"WebPage\",\"@id\":\"https:\/\/staging.varesenews.it\/2017\/09\/comune-la-biblioteca-diventa-un-caso\/653919\/\",\"url\":\"https:\/\/staging.varesenews.it\/2017\/09\/comune-la-biblioteca-diventa-un-caso\/653919\/\",\"name\":\"Comune, la biblioteca \\\"trascurata\\\" diventa un caso\",\"isPartOf\":{\"@id\":\"https:\/\/staging.varesenews.it\/#website\"},\"datePublished\":\"2017-09-22T14:03:09+00:00\",\"dateModified\":\"2017-09-22T14:17:17+00:00\",\"author\":{\"@id\":\"https:\/\/staging.varesenews.it\/#\/schema\/person\/bace96b9ce1b4905df659e51a83c17fe\"},\"description\":\"I dipendenti contro il sindaco: \\\"Computer rotti, zero soldi, aperture domenicali fallite. E un consigliere comunale fa pressioni\\\"\",\"breadcrumb\":{\"@id\":\"https:\/\/staging.varesenews.it\/2017\/09\/comune-la-biblioteca-diventa-un-caso\/653919\/#breadcrumb\"},\"inLanguage\":\"it-IT\",\"potentialAction\":[{\"@type\":\"ReadAction\",\"target\":[\"https:\/\/staging.varesenews.it\/2017\/09\/comune-la-biblioteca-diventa-un-caso\/653919\/\"]}]},{\"@type\":\"BreadcrumbList\",\"@id\":\"https:\/\/staging.varesenews.it\/2017\/09\/comune-la-biblioteca-diventa-un-caso\/653919\/#breadcrumb\",\"itemListElement\":[{\"@type\":\"ListItem\",\"position\":1,\"name\":\"Home\",\"item\":\"https:\/\/www.varesenews.it\/\"},{\"@type\":\"ListItem\",\"position\":2,\"name\":\"Comune, la biblioteca &#8220;trascurata&#8221; diventa un caso\"}]},{\"@type\":\"WebSite\",\"@id\":\"https:\/\/staging.varesenews.it\/#website\",\"url\":\"https:\/\/staging.varesenews.it\/\",\"name\":\"VareseNews\",\"description\":\"\",\"potentialAction\":[{\"@type\":\"SearchAction\",\"target\":{\"@type\":\"EntryPoint\",\"urlTemplate\":\"https:\/\/staging.varesenews.it\/?s={search_term_string}\"},\"query-input\":\"required name=search_term_string\"}],\"inLanguage\":\"it-IT\"},{\"@type\":\"Person\",\"@id\":\"https:\/\/staging.varesenews.it\/#\/schema\/person\/bace96b9ce1b4905df659e51a83c17fe\",\"name\":\"Roberto Rotondo\",\"image\":{\"@type\":\"ImageObject\",\"inLanguage\":\"it-IT\",\"@id\":\"https:\/\/staging.varesenews.it\/#\/schema\/person\/image\/\",\"url\":\"https:\/\/staging.varesenews.it\/wp-content\/uploads\/2015\/03\/10888676_10204734543537926_609787919772941341_n.jpg\",\"contentUrl\":\"https:\/\/staging.varesenews.it\/wp-content\/uploads\/2015\/03\/10888676_10204734543537926_609787919772941341_n.jpg\",\"caption\":\"Roberto Rotondo\"},\"description\":\"Nato a Varese nel 1972. Laureato in Storia alla Statale di Milano. A Varese News dal 1998. Ho iniziato a scrivere su riviste locali, poi sono entrato nel progetto di Varese News quando ancora era agli inizi. Nel frattempo mi sono occupato di ricerca storica e ho collaborato con un settimanale e un quotidiano della Svizzera italiana scrivendo di cronaca e politica. Mi sono preso una pausa da Varese nel 2004. Ho lavorato per alcuni anni a Milano all'agenzia di stampa Adnkronos, con qualche stage a Roma nei palazzi della politica. Lanci di agenzia e servizi tv multimediali erano tra i miei compiti. In quegli anni ho lavorato per alcune radio anche nazionali, Radio Capital su tutte, come corrispondente locale. Ho scritto anche per un settimanale di gossip, ma sempre cronaca nera. Ed eccomi qui. Dal 2007 lavoro anche per il Corriere della sera, di cui sono corrispondente. A Varesenews sono ormai uno dei senatori. Mi occupo di cronaca nera, giudiziaria e di politica e della cronaca cittadina di Varese.\",\"sameAs\":[\"robertorotondo\",\"https:\/\/twitter.com\/robertorotondo\"],\"url\":\"https:\/\/staging.varesenews.it\/persona\/roberto-rotondo\/\"}]}<\/script>\n<!-- \/ Yoast SEO plugin. -->","yoast_head_json":{"title":"Comune, la biblioteca \"trascurata\" diventa un caso","description":"I dipendenti contro il sindaco: \"Computer rotti, zero soldi, aperture domenicali fallite. E un consigliere comunale fa pressioni\"","robots":{"index":"noindex","follow":"follow","max-snippet":"max-snippet:-1","max-image-preview":"max-image-preview:large","max-video-preview":"max-video-preview:-1"},"og_locale":"it_IT","og_type":"article","og_title":"Comune, la biblioteca \"trascurata\" diventa un caso","og_description":"I dipendenti contro il sindaco: \"Computer rotti, zero soldi, aperture domenicali fallite. E un consigliere comunale fa pressioni\"","og_url":"https:\/\/staging.varesenews.it\/2017\/09\/comune-la-biblioteca-diventa-un-caso\/653919\/","og_site_name":"VareseNews","article_publisher":"https:\/\/www.facebook.com\/varesenews","article_published_time":"2017-09-22T14:03:09+00:00","article_modified_time":"2017-09-22T14:17:17+00:00","author":"Roberto Rotondo","twitter_card":"summary_large_image","twitter_creator":"@robertorotondo","twitter_site":"@varesenews","twitter_misc":{"Scritto da":"Roberto Rotondo","Tempo di lettura stimato":"4 minuti"},"schema":{"@context":"https:\/\/schema.org","@graph":[{"@type":"WebPage","@id":"https:\/\/staging.varesenews.it\/2017\/09\/comune-la-biblioteca-diventa-un-caso\/653919\/","url":"https:\/\/staging.varesenews.it\/2017\/09\/comune-la-biblioteca-diventa-un-caso\/653919\/","name":"Comune, la biblioteca \"trascurata\" diventa un caso","isPartOf":{"@id":"https:\/\/staging.varesenews.it\/#website"},"datePublished":"2017-09-22T14:03:09+00:00","dateModified":"2017-09-22T14:17:17+00:00","author":{"@id":"https:\/\/staging.varesenews.it\/#\/schema\/person\/bace96b9ce1b4905df659e51a83c17fe"},"description":"I dipendenti contro il sindaco: \"Computer rotti, zero soldi, aperture domenicali fallite. E un consigliere comunale fa pressioni\"","breadcrumb":{"@id":"https:\/\/staging.varesenews.it\/2017\/09\/comune-la-biblioteca-diventa-un-caso\/653919\/#breadcrumb"},"inLanguage":"it-IT","potentialAction":[{"@type":"ReadAction","target":["https:\/\/staging.varesenews.it\/2017\/09\/comune-la-biblioteca-diventa-un-caso\/653919\/"]}]},{"@type":"BreadcrumbList","@id":"https:\/\/staging.varesenews.it\/2017\/09\/comune-la-biblioteca-diventa-un-caso\/653919\/#breadcrumb","itemListElement":[{"@type":"ListItem","position":1,"name":"Home","item":"https:\/\/www.varesenews.it\/"},{"@type":"ListItem","position":2,"name":"Comune, la biblioteca &#8220;trascurata&#8221; diventa un caso"}]},{"@type":"WebSite","@id":"https:\/\/staging.varesenews.it\/#website","url":"https:\/\/staging.varesenews.it\/","name":"VareseNews","description":"","potentialAction":[{"@type":"SearchAction","target":{"@type":"EntryPoint","urlTemplate":"https:\/\/staging.varesenews.it\/?s={search_term_string}"},"query-input":"required name=search_term_string"}],"inLanguage":"it-IT"},{"@type":"Person","@id":"https:\/\/staging.varesenews.it\/#\/schema\/person\/bace96b9ce1b4905df659e51a83c17fe","name":"Roberto Rotondo","image":{"@type":"ImageObject","inLanguage":"it-IT","@id":"https:\/\/staging.varesenews.it\/#\/schema\/person\/image\/","url":"https:\/\/staging.varesenews.it\/wp-content\/uploads\/2015\/03\/10888676_10204734543537926_609787919772941341_n.jpg","contentUrl":"https:\/\/staging.varesenews.it\/wp-content\/uploads\/2015\/03\/10888676_10204734543537926_609787919772941341_n.jpg","caption":"Roberto Rotondo"},"description":"Nato a Varese nel 1972. Laureato in Storia alla Statale di Milano. A Varese News dal 1998. Ho iniziato a scrivere su riviste locali, poi sono entrato nel progetto di Varese News quando ancora era agli inizi. Nel frattempo mi sono occupato di ricerca storica e ho collaborato con un settimanale e un quotidiano della Svizzera italiana scrivendo di cronaca e politica. Mi sono preso una pausa da Varese nel 2004. Ho lavorato per alcuni anni a Milano all'agenzia di stampa Adnkronos, con qualche stage a Roma nei palazzi della politica. Lanci di agenzia e servizi tv multimediali erano tra i miei compiti. In quegli anni ho lavorato per alcune radio anche nazionali, Radio Capital su tutte, come corrispondente locale. Ho scritto anche per un settimanale di gossip, ma sempre cronaca nera. Ed eccomi qui. Dal 2007 lavoro anche per il Corriere della sera, di cui sono corrispondente. A Varesenews sono ormai uno dei senatori. Mi occupo di cronaca nera, giudiziaria e di politica e della cronaca cittadina di Varese.","sameAs":["robertorotondo","https:\/\/twitter.com\/robertorotondo"],"url":"https:\/\/staging.varesenews.it\/persona\/roberto-rotondo\/"}]}},"post_meta":{"_edit_lock":"1506090016:50","_edit_last":"50","_category_permalink":"","wdfb_og_title":"","wdfb_og_type":"","wdfb_og_description":"","wdfb_og_images":"a:1:{i:0;s:0:\"\";}","wdfb_og_custom_name":"a:1:{i:0;s:0:\"\";}","wdfb_og_custom_value":"a:1:{i:0;s:0:\"\";}","foto":"632969","argomento":"Varese","_jd_twitter":"","_jd_tweet_this":"yes","ratings_users":"0","ratings_score":"0","ratings_average":"0","_wpt_short_url":"http:\/\/www.varesenews.it\/2017\/09\/comune-la-biblioteca-diventa-un-caso\/653919\/","_wp_jd_target":"http:\/\/www.varesenews.it\/2017\/09\/comune-la-biblioteca-diventa-un-caso\/653919\/","_jd_wp_twitter":"a:1:{i:0;s:147:\"Comune, la biblioteca diventa un caso http:\/\/www.varesenews.it\/2017\/09\/comune-la-biblioteca-diventa-un-caso\/653919\/ #comunedivarese #politicavarese\";}","_wpt_status_message":"Tweet inviato con successo.","id_leggi_anche":"655946,660860"},"photos":[{"original":"https:\/\/staging.varesenews.it\/photogallery_new\/images\/2017\/09\/dipendenti-comune-di-varese-rsu-632969.jpg","full":"https:\/\/staging.varesenews.it\/photogallery_new\/images\/2017\/09\/dipendenti-comune-di-varese-rsu-632969.1024x768.jpg","large":"https:\/\/staging.varesenews.it\/photogallery_new\/images\/2017\/09\/dipendenti-comune-di-varese-rsu-632969.610x431.jpg"}],"_links":{"self":[{"href":"https:\/\/staging.varesenews.it\/swgapi\/v1\/wp\/v2\/posts\/653919"}],"collection":[{"href":"https:\/\/staging.varesenews.it\/swgapi\/v1\/wp\/v2\/posts"}],"about":[{"href":"https:\/\/staging.varesenews.it\/swgapi\/v1\/wp\/v2\/types\/post"}],"author":[{"embeddable":true,"href":"https:\/\/staging.varesenews.it\/swgapi\/v1\/wp\/v2\/users\/50"}],"replies":[{"embeddable":true,"href":"https:\/\/staging.varesenews.it\/swgapi\/v1\/wp\/v2\/comments?post=653919"}],"version-history":[{"count":0,"href":"https:\/\/staging.varesenews.it\/swgapi\/v1\/wp\/v2\/posts\/653919\/revisions"}],"wp:attachment":[{"href":"https:\/\/staging.varesenews.it\/swgapi\/v1\/wp\/v2\/media?parent=653919"}],"wp:term":[{"taxonomy":"category","embeddable":true,"href":"https:\/\/staging.varesenews.it\/swgapi\/v1\/wp\/v2\/categories?post=653919"},{"taxonomy":"post_tag","embeddable":true,"href":"https:\/\/staging.varesenews.it\/swgapi\/v1\/wp\/v2\/tags?post=653919"}],"curies":[{"name":"wp","href":"https:\/\/api.w.org\/{rel}","templated":true}]}}