{"id":655032,"date":"2017-09-27T09:32:26","date_gmt":"2017-09-27T07:32:26","guid":{"rendered":"http:\/\/www.varesenews.it\/?p=655032"},"modified":"2017-09-27T09:36:02","modified_gmt":"2017-09-27T07:36:02","slug":"impresa-e-multiculturalita-un-convegno-in-sala-montanari","status":"publish","type":"post","link":"https:\/\/staging.varesenews.it\/2017\/09\/impresa-e-multiculturalita-un-convegno-in-sala-montanari\/655032\/","title":{"rendered":"Impresa e multiculturalit\u00e0: un convegno in sala Montanari"},"content":{"rendered":"<p>E&#8217;, nel mondo dell&#8217;impresa un argomento di grande attualit\u00e0: l\u2019Associazione Italiana per la Direzione del Personale\u00a0(AIDP) organizza per gioved\u00ec 28 settembre 2017 un convegno dal titolo &#8220;<strong>Gestire differenze culturali, etniche e religiose nelle organizzazioni<\/strong>&#8220;. L&#8217;appuntamento \u00e8 per le 16.30 in sala Montanari, in via Bersaglieri 10 a Varese.<\/p>\n<p>(AIDP) \u00e8 una associazione il cui scopo \u00e8 valorizzare la professionalit\u00e0 di chi si occupa di gestione delle persone nelle organizzazioni, promuovendo ricerche, formazione, incontri, dibattiti. In un mondo del lavoro sempre pi\u00f9 globalizzato, un tema di grande interesse e attualit\u00e0 sociale \u00e8 quello della multiculturalit\u00e0. Grazie a testimonianze ed esperienze concrete, l\u2019incontro vuole affrontare l\u2019argomento dal punto di vista della gestione, nei luoghi di lavoro, delle persone, che sono caratterizzate da abitudini, visioni e costumi legati a differenze di razza, etnia, valori e comportamenti culturali e religiosi.<\/p>\n<h3>IL PROGRAMMA<\/h3>\n<p>Ore 16.30 Registrazione partecipanti<br \/>\nOre 17.00 Saluto del Sindaco di Varese <strong>Davide Galimberti<\/strong><br \/>\nSaluto del Presidente AIDP Lombardia<strong> Marco Vigini<\/strong><\/p>\n<p><em>\u2022 Multiculturalit\u00e0 nel mercato del lavoro varesino: esperienze nei Centri per l&#8217;Impiego<\/em><br \/>\n<strong>Marcella Codini<\/strong> &#8211; Responsabile Centro per l\u2019Impiego di Varese<br \/>\n<em>\u2022 Il punto di vista della Regione Lombardia\u00a0<\/em><br \/>\nAssessore <strong>Francesca Brianza<\/strong>, Regione Lombardia (invitata)<br \/>\n<em>\u2022 Gestire le differenze culturali, etniche, religiose nelle organizzazioni, una ricerca AIDP e ASAG Universit\u00e0 Cattolica di Milano<\/em><br \/>\n<strong>Umberto Frigelli<\/strong>, AIDP &#8211; Universit\u00e0 Cattolica di Milano<br \/>\n<em>\u2022 Esperienze a confronto:<\/em><br \/>\n&#8211; <strong>Giulietta Bergamaschi<\/strong>, Avvocato del lavoro e Partner Studio Legale Lexellent<br \/>\n&#8211; <strong>Paolo Motta<\/strong>, HR Manager Gruppo Mazzucconi<br \/>\n&#8211; <strong>Camilla Butt\u00e0,<\/strong> Business Development Manager, Vector Spa<br \/>\n&#8211; <strong>Carmine Trerotola<\/strong>, HR Director Whirpool EMEA<br \/>\n<em>Dibattito<\/em><br \/>\nmodera <strong>Ferdinando Lignano<\/strong>, AIDP Lombardia<br \/>\nOre 19.30 \u2013 Conclusioni<\/p>\n<p>Per partecipare \u00e8 necessaria la <a href=\"http:\/\/www.aidp.it\/registrazioni\/registrati-evento.php?evento=gestire-differenze-culturali-etniche-e-religiose-nelle-organizzazioni.php\" target=\"_blank\">registrazione dal sito Aidp.it<\/a><\/p>\n","protected":false},"excerpt":{"rendered":"<p>Aidp organizza gioved\u00ec 28 un convegno dal titolo &#8220;Gestire differenze culturali, etniche e religiose nelle organizzazioni&#8221;<\/p>\n","protected":false},"author":48,"featured_media":0,"comment_status":"open","ping_status":"open","sticky":false,"template":"","format":"standard","meta":{"footnotes":""},"categories":[15,2],"tags":[72829,16155],"acf":[],"yoast_head":"<!-- This site is optimized with the Yoast SEO plugin v20.1 - https:\/\/yoast.com\/wordpress\/plugins\/seo\/ -->\n<title>Impresa e multiculturalit\u00e0: un convegno in sala Montanari<\/title>\n<meta name=\"description\" content=\"Aidp organizza gioved\u00ec 28 un convegno dal titolo &quot;Gestire differenze culturali, etniche e religiose nelle organizzazioni&quot; sullla multiculturalit\u00e0 in azienda\" \/>\n<meta name=\"robots\" content=\"noindex, follow, max-snippet:-1, max-image-preview:large, max-video-preview:-1\" \/>\n<meta property=\"og:locale\" content=\"it_IT\" \/>\n<meta property=\"og:type\" content=\"article\" \/>\n<meta property=\"og:title\" content=\"Impresa e multiculturalit\u00e0: un convegno in sala Montanari\" \/>\n<meta property=\"og:description\" content=\"Aidp organizza gioved\u00ec 28 un convegno dal titolo &quot;Gestire differenze culturali, etniche e religiose nelle organizzazioni&quot; sullla multiculturalit\u00e0 in azienda\" \/>\n<meta property=\"og:url\" content=\"https:\/\/staging.varesenews.it\/2017\/09\/impresa-e-multiculturalita-un-convegno-in-sala-montanari\/655032\/\" \/>\n<meta property=\"og:site_name\" content=\"VareseNews\" \/>\n<meta property=\"article:publisher\" content=\"https:\/\/www.facebook.com\/varesenews\" \/>\n<meta property=\"article:author\" content=\"https:\/\/www.facebook.com\/stefaniaradman\" \/>\n<meta property=\"article:published_time\" content=\"2017-09-27T07:32:26+00:00\" \/>\n<meta property=\"article:modified_time\" content=\"2017-09-27T07:36:02+00:00\" \/>\n<meta name=\"author\" content=\"Stefania Radman\" \/>\n<meta name=\"twitter:card\" content=\"summary_large_image\" \/>\n<meta name=\"twitter:creator\" content=\"@LaRadman\" \/>\n<meta name=\"twitter:site\" content=\"@varesenews\" \/>\n<meta name=\"twitter:label1\" content=\"Scritto da\" \/>\n\t<meta name=\"twitter:data1\" content=\"Stefania Radman\" \/>\n\t<meta name=\"twitter:label2\" content=\"Tempo di lettura stimato\" \/>\n\t<meta name=\"twitter:data2\" content=\"1 minuto\" \/>\n<script type=\"application\/ld+json\" class=\"yoast-schema-graph\">{\"@context\":\"https:\/\/schema.org\",\"@graph\":[{\"@type\":\"WebPage\",\"@id\":\"https:\/\/staging.varesenews.it\/2017\/09\/impresa-e-multiculturalita-un-convegno-in-sala-montanari\/655032\/\",\"url\":\"https:\/\/staging.varesenews.it\/2017\/09\/impresa-e-multiculturalita-un-convegno-in-sala-montanari\/655032\/\",\"name\":\"Impresa e multiculturalit\u00e0: un convegno in sala Montanari\",\"isPartOf\":{\"@id\":\"https:\/\/staging.varesenews.it\/#website\"},\"datePublished\":\"2017-09-27T07:32:26+00:00\",\"dateModified\":\"2017-09-27T07:36:02+00:00\",\"author\":{\"@id\":\"https:\/\/staging.varesenews.it\/#\/schema\/person\/995d2e6a31c67237a9a1bc1f0079f3aa\"},\"description\":\"Aidp organizza gioved\u00ec 28 un convegno dal titolo \\\"Gestire differenze culturali, etniche e religiose nelle organizzazioni\\\" sullla multiculturalit\u00e0 in azienda\",\"breadcrumb\":{\"@id\":\"https:\/\/staging.varesenews.it\/2017\/09\/impresa-e-multiculturalita-un-convegno-in-sala-montanari\/655032\/#breadcrumb\"},\"inLanguage\":\"it-IT\",\"potentialAction\":[{\"@type\":\"ReadAction\",\"target\":[\"https:\/\/staging.varesenews.it\/2017\/09\/impresa-e-multiculturalita-un-convegno-in-sala-montanari\/655032\/\"]}]},{\"@type\":\"BreadcrumbList\",\"@id\":\"https:\/\/staging.varesenews.it\/2017\/09\/impresa-e-multiculturalita-un-convegno-in-sala-montanari\/655032\/#breadcrumb\",\"itemListElement\":[{\"@type\":\"ListItem\",\"position\":1,\"name\":\"Home\",\"item\":\"https:\/\/www.varesenews.it\/\"},{\"@type\":\"ListItem\",\"position\":2,\"name\":\"Impresa e multiculturalit\u00e0: un convegno in sala Montanari\"}]},{\"@type\":\"WebSite\",\"@id\":\"https:\/\/staging.varesenews.it\/#website\",\"url\":\"https:\/\/staging.varesenews.it\/\",\"name\":\"VareseNews\",\"description\":\"\",\"potentialAction\":[{\"@type\":\"SearchAction\",\"target\":{\"@type\":\"EntryPoint\",\"urlTemplate\":\"https:\/\/staging.varesenews.it\/?s={search_term_string}\"},\"query-input\":\"required name=search_term_string\"}],\"inLanguage\":\"it-IT\"},{\"@type\":\"Person\",\"@id\":\"https:\/\/staging.varesenews.it\/#\/schema\/person\/995d2e6a31c67237a9a1bc1f0079f3aa\",\"name\":\"Stefania Radman\",\"image\":{\"@type\":\"ImageObject\",\"inLanguage\":\"it-IT\",\"@id\":\"https:\/\/staging.varesenews.it\/#\/schema\/person\/image\/\",\"url\":\"https:\/\/staging.varesenews.it\/wp-content\/uploads\/2020\/12\/stefania_radman_colori_500.jpg\",\"contentUrl\":\"https:\/\/staging.varesenews.it\/wp-content\/uploads\/2020\/12\/stefania_radman_colori_500.jpg\",\"caption\":\"Stefania Radman\"},\"description\":\"Varesina dal 1991, lavoro dal 2000 per Varesenews.it, prima come responsabile della pagina dell&rsquo;economia, poi della pagina life, ora della citt&agrave; di Varese.Ma sono (e sono stata) anche altro: per esempio, agli albori delle radio private ero dj in una radio milanese, Onda Radio. Da 20 anni sono corrispondente da Varese di Radio Popolare e ho collaborato con Espresso, Repubblica, Diario della Settimana, Italia Oggi. &ldquo;Smanettona&rdquo; da sempre, ho aperto il mio primo sito personale con Geocities nei primi anni novanta (chi se lo ricorda?) e i miei primi blog in Splinder all&rsquo;inizio del 2000. Ora sono sui social: qui quasi sempre sono semplicemente \\\"LaRadman&rdquo;.\",\"sameAs\":[\"http:\/\/laradman.blogspot.it\",\"https:\/\/www.facebook.com\/stefaniaradman\",\"@LaRadman\",\"https:\/\/www.linkedin.com\/in\/stefaniaradman\",\"https:\/\/twitter.com\/LaRadman\"],\"url\":\"https:\/\/staging.varesenews.it\/persona\/stefania-radman1\/\"}]}<\/script>\n<!-- \/ Yoast SEO plugin. -->","yoast_head_json":{"title":"Impresa e multiculturalit\u00e0: un convegno in sala Montanari","description":"Aidp organizza gioved\u00ec 28 un convegno dal titolo \"Gestire differenze culturali, etniche e religiose nelle organizzazioni\" sullla multiculturalit\u00e0 in azienda","robots":{"index":"noindex","follow":"follow","max-snippet":"max-snippet:-1","max-image-preview":"max-image-preview:large","max-video-preview":"max-video-preview:-1"},"og_locale":"it_IT","og_type":"article","og_title":"Impresa e multiculturalit\u00e0: un convegno in sala Montanari","og_description":"Aidp organizza gioved\u00ec 28 un convegno dal titolo \"Gestire differenze culturali, etniche e religiose nelle organizzazioni\" sullla multiculturalit\u00e0 in azienda","og_url":"https:\/\/staging.varesenews.it\/2017\/09\/impresa-e-multiculturalita-un-convegno-in-sala-montanari\/655032\/","og_site_name":"VareseNews","article_publisher":"https:\/\/www.facebook.com\/varesenews","article_author":"https:\/\/www.facebook.com\/stefaniaradman","article_published_time":"2017-09-27T07:32:26+00:00","article_modified_time":"2017-09-27T07:36:02+00:00","author":"Stefania Radman","twitter_card":"summary_large_image","twitter_creator":"@LaRadman","twitter_site":"@varesenews","twitter_misc":{"Scritto da":"Stefania Radman","Tempo di lettura stimato":"1 minuto"},"schema":{"@context":"https:\/\/schema.org","@graph":[{"@type":"WebPage","@id":"https:\/\/staging.varesenews.it\/2017\/09\/impresa-e-multiculturalita-un-convegno-in-sala-montanari\/655032\/","url":"https:\/\/staging.varesenews.it\/2017\/09\/impresa-e-multiculturalita-un-convegno-in-sala-montanari\/655032\/","name":"Impresa e multiculturalit\u00e0: un convegno in sala Montanari","isPartOf":{"@id":"https:\/\/staging.varesenews.it\/#website"},"datePublished":"2017-09-27T07:32:26+00:00","dateModified":"2017-09-27T07:36:02+00:00","author":{"@id":"https:\/\/staging.varesenews.it\/#\/schema\/person\/995d2e6a31c67237a9a1bc1f0079f3aa"},"description":"Aidp organizza gioved\u00ec 28 un convegno dal titolo \"Gestire differenze culturali, etniche e religiose nelle organizzazioni\" sullla multiculturalit\u00e0 in azienda","breadcrumb":{"@id":"https:\/\/staging.varesenews.it\/2017\/09\/impresa-e-multiculturalita-un-convegno-in-sala-montanari\/655032\/#breadcrumb"},"inLanguage":"it-IT","potentialAction":[{"@type":"ReadAction","target":["https:\/\/staging.varesenews.it\/2017\/09\/impresa-e-multiculturalita-un-convegno-in-sala-montanari\/655032\/"]}]},{"@type":"BreadcrumbList","@id":"https:\/\/staging.varesenews.it\/2017\/09\/impresa-e-multiculturalita-un-convegno-in-sala-montanari\/655032\/#breadcrumb","itemListElement":[{"@type":"ListItem","position":1,"name":"Home","item":"https:\/\/www.varesenews.it\/"},{"@type":"ListItem","position":2,"name":"Impresa e multiculturalit\u00e0: un convegno in sala Montanari"}]},{"@type":"WebSite","@id":"https:\/\/staging.varesenews.it\/#website","url":"https:\/\/staging.varesenews.it\/","name":"VareseNews","description":"","potentialAction":[{"@type":"SearchAction","target":{"@type":"EntryPoint","urlTemplate":"https:\/\/staging.varesenews.it\/?s={search_term_string}"},"query-input":"required name=search_term_string"}],"inLanguage":"it-IT"},{"@type":"Person","@id":"https:\/\/staging.varesenews.it\/#\/schema\/person\/995d2e6a31c67237a9a1bc1f0079f3aa","name":"Stefania Radman","image":{"@type":"ImageObject","inLanguage":"it-IT","@id":"https:\/\/staging.varesenews.it\/#\/schema\/person\/image\/","url":"https:\/\/staging.varesenews.it\/wp-content\/uploads\/2020\/12\/stefania_radman_colori_500.jpg","contentUrl":"https:\/\/staging.varesenews.it\/wp-content\/uploads\/2020\/12\/stefania_radman_colori_500.jpg","caption":"Stefania Radman"},"description":"Varesina dal 1991, lavoro dal 2000 per Varesenews.it, prima come responsabile della pagina dell&rsquo;economia, poi della pagina life, ora della citt&agrave; di Varese.Ma sono (e sono stata) anche altro: per esempio, agli albori delle radio private ero dj in una radio milanese, Onda Radio. Da 20 anni sono corrispondente da Varese di Radio Popolare e ho collaborato con Espresso, Repubblica, Diario della Settimana, Italia Oggi. &ldquo;Smanettona&rdquo; da sempre, ho aperto il mio primo sito personale con Geocities nei primi anni novanta (chi se lo ricorda?) e i miei primi blog in Splinder all&rsquo;inizio del 2000. Ora sono sui social: qui quasi sempre sono semplicemente \"LaRadman&rdquo;.","sameAs":["http:\/\/laradman.blogspot.it","https:\/\/www.facebook.com\/stefaniaradman","@LaRadman","https:\/\/www.linkedin.com\/in\/stefaniaradman","https:\/\/twitter.com\/LaRadman"],"url":"https:\/\/staging.varesenews.it\/persona\/stefania-radman1\/"}]}},"post_meta":{"_edit_lock":"1506497880:48","_edit_last":"48","_category_permalink":"","wdfb_og_title":"","wdfb_og_type":"","wdfb_og_description":"","wdfb_og_images":"a:1:{i:0;s:0:\"\";}","wdfb_og_custom_name":"a:1:{i:0;s:0:\"\";}","wdfb_og_custom_value":"a:1:{i:0;s:0:\"\";}","_jd_twitter":"","_jd_tweet_this":"yes","ratings_users":"0","ratings_score":"0","ratings_average":"0","foto":"633863","firma_come_redazione":"1","argomento":"Varese","_yoast_wpseo_metadesc":"Aidp organizza gioved\u00ec 28 un convegno dal titolo \"Gestire differenze culturali, etniche e religiose nelle organizzazioni\" sullla multiculturalit\u00e0 in azienda","_wpt_short_url":"http:\/\/www.varesenews.it\/2017\/09\/impresa-e-multiculturalita-un-convegno-in-sala-montanari\/655032\/","_wp_jd_target":"http:\/\/www.varesenews.it\/2017\/09\/impresa-e-multiculturalita-un-convegno-in-sala-montanari\/655032\/","_jd_wp_twitter":"a:1:{i:0;s:162:\"Impresa e multiculturalit\u00e0: un convegno in sala Montanari http:\/\/www.varesenews.it\/2017\/09\/impresa-e-multiculturalita-un-convegno-in-sala-montanari\/655032\/ #aidp\";}","_wpt_status_message":"Tweet inviato con successo."},"photos":[{"original":"https:\/\/staging.varesenews.it\/photogallery_new\/images\/2017\/09\/multiculturalit-633863.jpg","full":"https:\/\/staging.varesenews.it\/photogallery_new\/images\/2017\/09\/multiculturalit-633863.1024x768.jpg","large":"https:\/\/staging.varesenews.it\/photogallery_new\/images\/2017\/09\/multiculturalit-633863.610x431.jpg"}],"_links":{"self":[{"href":"https:\/\/staging.varesenews.it\/swgapi\/v1\/wp\/v2\/posts\/655032"}],"collection":[{"href":"https:\/\/staging.varesenews.it\/swgapi\/v1\/wp\/v2\/posts"}],"about":[{"href":"https:\/\/staging.varesenews.it\/swgapi\/v1\/wp\/v2\/types\/post"}],"author":[{"embeddable":true,"href":"https:\/\/staging.varesenews.it\/swgapi\/v1\/wp\/v2\/users\/48"}],"replies":[{"embeddable":true,"href":"https:\/\/staging.varesenews.it\/swgapi\/v1\/wp\/v2\/comments?post=655032"}],"version-history":[{"count":0,"href":"https:\/\/staging.varesenews.it\/swgapi\/v1\/wp\/v2\/posts\/655032\/revisions"}],"wp:attachment":[{"href":"https:\/\/staging.varesenews.it\/swgapi\/v1\/wp\/v2\/media?parent=655032"}],"wp:term":[{"taxonomy":"category","embeddable":true,"href":"https:\/\/staging.varesenews.it\/swgapi\/v1\/wp\/v2\/categories?post=655032"},{"taxonomy":"post_tag","embeddable":true,"href":"https:\/\/staging.varesenews.it\/swgapi\/v1\/wp\/v2\/tags?post=655032"}],"curies":[{"name":"wp","href":"https:\/\/api.w.org\/{rel}","templated":true}]}}