{"id":655932,"date":"2017-09-29T14:52:00","date_gmt":"2017-09-29T12:52:00","guid":{"rendered":"http:\/\/www.varesenews.it\/?p=655932"},"modified":"2017-09-29T18:25:40","modified_gmt":"2017-09-29T16:25:40","slug":"lidia-macchi-il-dna-non-arriva-e-la-procura-si-arrabbia","status":"publish","type":"post","link":"https:\/\/staging.varesenews.it\/2017\/09\/lidia-macchi-il-dna-non-arriva-e-la-procura-si-arrabbia\/655932\/","title":{"rendered":"Lidia Macchi, il dna non arriva e la procura si arrabbia"},"content":{"rendered":"<p>Mentre il processo per l&#8217;omicidio della povera <strong>Lidia Macchi<\/strong> \u00e8 in corso e terminer\u00e0 da calendario a dicembre, le indagini a loro volta sono in corso. Come sia possibile, \u00e8 presto detto.<\/p>\n<p>(foto sopra, la procuratrice generale Gemma Gualdi)<\/p>\n<p><strong>Il codice<\/strong> prevede che anche a processo iniziato si possano svolgere comunque accertamenti, come quelli sui resti riesumati della salma, che i periti di Milano hanno effettuato da un anno a questa parte. Ma il fatto che <strong>ancora non siano terminati ha innervosito, oggi, persino l&#8217;accusa.<\/strong><\/p>\n<p>La corte d&#8217;assise alla scorsa udienza ha infatti chiesto all&#8217;ufficio Gip quando pensassero di terminare le operazioni peritali. <strong>La risposta<\/strong> giunta in aula questa mattina, \u00e8 stata stringata: l&#8217;incidente probatorio \u00e8 ancora in corso.<\/p>\n<p><div class=\"photo-inside-post\"><img decoding=\"async\" loading=\"lazy\" fetchpriority=\"low\" width=\"610\" height=\"431\" src=\"https:\/\/staging.varesenews.it\/photogallery_new\/images\/2017\/04\/processo-lidia-macchi-607499.610x431.jpg\" alt=\"Processo Lidia Macchi\"><\/div><br \/>\n(La corte d&#8217;assise presieduta dal giudice Orazio Muscato)<\/p>\n<p>La procuratrice generale <strong>Gemma Gualdi<\/strong>, che sostiene l&#8217;accusa al processo, \u00e8 sbottata: &#8220;Trovo quasi oltraggiosa questa risposta &#8211; ha detto &#8211; le operazioni <strong>dovrebbero essere concluse<\/strong> almeno entro il mese di ottobre. Non \u00e8 pensabile che io possa <strong>concludere il processo<\/strong> senza questi accertamenti che potrebbero esplosivi o irrilevanti alla fine dell&#8217;accusa&#8221;. Anche l&#8217;avvocato difensore di Binda Sergio Martelli si \u00e8 associato a queste parole, tanto che il <strong>presidente della corte d&#8217;assise Orazio Muscato<\/strong>\u00a0ha scritto una nuova lettera all&#8217;ufficio Gip\u00a0di Varese, chiedendo di integrare la risposta firmata da una cancelliera in data 25 settembre, specificando la <strong>presumibile data di chiusura delle\u00a0operazioni\u00a0peritali<\/strong>, la cui possibile rilevanza, ha detto il giudice, \u00e8 di tutta evidenza.<\/p>\n<p><strong>Resta da capire\u00a0che cosa avranno trovato tra i poveri resti della vittima<\/strong> i tecnici incaricati: di certo non dev&#8217;essere stato facile, dopo tanti anni, indagare scientificamente su quei resti e il fatto che ancora non se ne sappia nulla \u00e8 certamente indice delle tante difficolt\u00e0 trovate. In aula, oggi, venerd\u00ec 29 settembre sono sfilati vari testimoni, dal <strong>criminologo<\/strong> Franco Posa, a un ex poliziotto, ad alcune persone che all&#8217;epoca erano alla famosa gita di Pragelato, fino al <strong>medico curante<\/strong> di Stefano Binda. L&#8217;impressione p che si sia trattato tuttavia di testimonianze di secondo piano rispetto a quanto gi\u00e0 emerso. Si riprende il 13 ottobre.<\/p>\n","protected":false},"excerpt":{"rendered":"<p>La corte chiede per la seconda volta all&#8217;ufficio Gip se sono terminate le indagini sui resti della povera vittima. La Pg Gualdi: &#8220;Risposta quasi offensiva&#8221;<\/p>\n","protected":false},"author":50,"featured_media":0,"comment_status":"open","ping_status":"open","sticky":false,"template":"","format":"standard","meta":{"footnotes":""},"categories":[2],"tags":[56466,3527],"acf":[],"yoast_head":"<!-- This site is optimized with the Yoast SEO plugin v20.1 - https:\/\/yoast.com\/wordpress\/plugins\/seo\/ -->\n<title>Lidia Macchi, il dna non arriva e la procura si arrabbia<\/title>\n<meta name=\"description\" content=\"La corte chiede per la seconda volta all&#039;ufficio Gip se sono terminate le indagini sui resti della povera vittima. La Pg Gualdi: &quot;Risposta quasi offensiva&quot;\" \/>\n<meta name=\"robots\" content=\"noindex, follow, max-snippet:-1, max-image-preview:large, max-video-preview:-1\" \/>\n<meta property=\"og:locale\" content=\"it_IT\" \/>\n<meta property=\"og:type\" content=\"article\" \/>\n<meta property=\"og:title\" content=\"Lidia Macchi, il dna non arriva e la procura si arrabbia\" \/>\n<meta property=\"og:description\" content=\"La corte chiede per la seconda volta all&#039;ufficio Gip se sono terminate le indagini sui resti della povera vittima. La Pg Gualdi: &quot;Risposta quasi offensiva&quot;\" \/>\n<meta property=\"og:url\" content=\"https:\/\/staging.varesenews.it\/2017\/09\/lidia-macchi-il-dna-non-arriva-e-la-procura-si-arrabbia\/655932\/\" \/>\n<meta property=\"og:site_name\" content=\"VareseNews\" \/>\n<meta property=\"article:publisher\" content=\"https:\/\/www.facebook.com\/varesenews\" \/>\n<meta property=\"article:published_time\" content=\"2017-09-29T12:52:00+00:00\" \/>\n<meta property=\"article:modified_time\" content=\"2017-09-29T16:25:40+00:00\" \/>\n<meta name=\"author\" content=\"Roberto Rotondo\" \/>\n<meta name=\"twitter:card\" content=\"summary_large_image\" \/>\n<meta name=\"twitter:creator\" content=\"@robertorotondo\" \/>\n<meta name=\"twitter:site\" content=\"@varesenews\" \/>\n<meta name=\"twitter:label1\" content=\"Scritto da\" \/>\n\t<meta name=\"twitter:data1\" content=\"Roberto Rotondo\" \/>\n\t<meta name=\"twitter:label2\" content=\"Tempo di lettura stimato\" \/>\n\t<meta name=\"twitter:data2\" content=\"2 minuti\" \/>\n<script type=\"application\/ld+json\" class=\"yoast-schema-graph\">{\"@context\":\"https:\/\/schema.org\",\"@graph\":[{\"@type\":\"WebPage\",\"@id\":\"https:\/\/staging.varesenews.it\/2017\/09\/lidia-macchi-il-dna-non-arriva-e-la-procura-si-arrabbia\/655932\/\",\"url\":\"https:\/\/staging.varesenews.it\/2017\/09\/lidia-macchi-il-dna-non-arriva-e-la-procura-si-arrabbia\/655932\/\",\"name\":\"Lidia Macchi, il dna non arriva e la procura si arrabbia\",\"isPartOf\":{\"@id\":\"https:\/\/staging.varesenews.it\/#website\"},\"datePublished\":\"2017-09-29T12:52:00+00:00\",\"dateModified\":\"2017-09-29T16:25:40+00:00\",\"author\":{\"@id\":\"https:\/\/staging.varesenews.it\/#\/schema\/person\/bace96b9ce1b4905df659e51a83c17fe\"},\"description\":\"La corte chiede per la seconda volta all'ufficio Gip se sono terminate le indagini sui resti della povera vittima. La Pg Gualdi: \\\"Risposta quasi offensiva\\\"\",\"breadcrumb\":{\"@id\":\"https:\/\/staging.varesenews.it\/2017\/09\/lidia-macchi-il-dna-non-arriva-e-la-procura-si-arrabbia\/655932\/#breadcrumb\"},\"inLanguage\":\"it-IT\",\"potentialAction\":[{\"@type\":\"ReadAction\",\"target\":[\"https:\/\/staging.varesenews.it\/2017\/09\/lidia-macchi-il-dna-non-arriva-e-la-procura-si-arrabbia\/655932\/\"]}]},{\"@type\":\"BreadcrumbList\",\"@id\":\"https:\/\/staging.varesenews.it\/2017\/09\/lidia-macchi-il-dna-non-arriva-e-la-procura-si-arrabbia\/655932\/#breadcrumb\",\"itemListElement\":[{\"@type\":\"ListItem\",\"position\":1,\"name\":\"Home\",\"item\":\"https:\/\/www.varesenews.it\/\"},{\"@type\":\"ListItem\",\"position\":2,\"name\":\"Lidia Macchi, il dna non arriva e la procura si arrabbia\"}]},{\"@type\":\"WebSite\",\"@id\":\"https:\/\/staging.varesenews.it\/#website\",\"url\":\"https:\/\/staging.varesenews.it\/\",\"name\":\"VareseNews\",\"description\":\"\",\"potentialAction\":[{\"@type\":\"SearchAction\",\"target\":{\"@type\":\"EntryPoint\",\"urlTemplate\":\"https:\/\/staging.varesenews.it\/?s={search_term_string}\"},\"query-input\":\"required name=search_term_string\"}],\"inLanguage\":\"it-IT\"},{\"@type\":\"Person\",\"@id\":\"https:\/\/staging.varesenews.it\/#\/schema\/person\/bace96b9ce1b4905df659e51a83c17fe\",\"name\":\"Roberto Rotondo\",\"image\":{\"@type\":\"ImageObject\",\"inLanguage\":\"it-IT\",\"@id\":\"https:\/\/staging.varesenews.it\/#\/schema\/person\/image\/\",\"url\":\"https:\/\/staging.varesenews.it\/wp-content\/uploads\/2015\/03\/10888676_10204734543537926_609787919772941341_n.jpg\",\"contentUrl\":\"https:\/\/staging.varesenews.it\/wp-content\/uploads\/2015\/03\/10888676_10204734543537926_609787919772941341_n.jpg\",\"caption\":\"Roberto Rotondo\"},\"description\":\"Nato a Varese nel 1972. Laureato in Storia alla Statale di Milano. A Varese News dal 1998. Ho iniziato a scrivere su riviste locali, poi sono entrato nel progetto di Varese News quando ancora era agli inizi. Nel frattempo mi sono occupato di ricerca storica e ho collaborato con un settimanale e un quotidiano della Svizzera italiana scrivendo di cronaca e politica. Mi sono preso una pausa da Varese nel 2004. Ho lavorato per alcuni anni a Milano all'agenzia di stampa Adnkronos, con qualche stage a Roma nei palazzi della politica. Lanci di agenzia e servizi tv multimediali erano tra i miei compiti. In quegli anni ho lavorato per alcune radio anche nazionali, Radio Capital su tutte, come corrispondente locale. Ho scritto anche per un settimanale di gossip, ma sempre cronaca nera. Ed eccomi qui. Dal 2007 lavoro anche per il Corriere della sera, di cui sono corrispondente. A Varesenews sono ormai uno dei senatori. Mi occupo di cronaca nera, giudiziaria e di politica e della cronaca cittadina di Varese.\",\"sameAs\":[\"robertorotondo\",\"https:\/\/twitter.com\/robertorotondo\"],\"url\":\"https:\/\/staging.varesenews.it\/persona\/roberto-rotondo\/\"}]}<\/script>\n<!-- \/ Yoast SEO plugin. -->","yoast_head_json":{"title":"Lidia Macchi, il dna non arriva e la procura si arrabbia","description":"La corte chiede per la seconda volta all'ufficio Gip se sono terminate le indagini sui resti della povera vittima. La Pg Gualdi: \"Risposta quasi offensiva\"","robots":{"index":"noindex","follow":"follow","max-snippet":"max-snippet:-1","max-image-preview":"max-image-preview:large","max-video-preview":"max-video-preview:-1"},"og_locale":"it_IT","og_type":"article","og_title":"Lidia Macchi, il dna non arriva e la procura si arrabbia","og_description":"La corte chiede per la seconda volta all'ufficio Gip se sono terminate le indagini sui resti della povera vittima. La Pg Gualdi: \"Risposta quasi offensiva\"","og_url":"https:\/\/staging.varesenews.it\/2017\/09\/lidia-macchi-il-dna-non-arriva-e-la-procura-si-arrabbia\/655932\/","og_site_name":"VareseNews","article_publisher":"https:\/\/www.facebook.com\/varesenews","article_published_time":"2017-09-29T12:52:00+00:00","article_modified_time":"2017-09-29T16:25:40+00:00","author":"Roberto Rotondo","twitter_card":"summary_large_image","twitter_creator":"@robertorotondo","twitter_site":"@varesenews","twitter_misc":{"Scritto da":"Roberto Rotondo","Tempo di lettura stimato":"2 minuti"},"schema":{"@context":"https:\/\/schema.org","@graph":[{"@type":"WebPage","@id":"https:\/\/staging.varesenews.it\/2017\/09\/lidia-macchi-il-dna-non-arriva-e-la-procura-si-arrabbia\/655932\/","url":"https:\/\/staging.varesenews.it\/2017\/09\/lidia-macchi-il-dna-non-arriva-e-la-procura-si-arrabbia\/655932\/","name":"Lidia Macchi, il dna non arriva e la procura si arrabbia","isPartOf":{"@id":"https:\/\/staging.varesenews.it\/#website"},"datePublished":"2017-09-29T12:52:00+00:00","dateModified":"2017-09-29T16:25:40+00:00","author":{"@id":"https:\/\/staging.varesenews.it\/#\/schema\/person\/bace96b9ce1b4905df659e51a83c17fe"},"description":"La corte chiede per la seconda volta all'ufficio Gip se sono terminate le indagini sui resti della povera vittima. La Pg Gualdi: \"Risposta quasi offensiva\"","breadcrumb":{"@id":"https:\/\/staging.varesenews.it\/2017\/09\/lidia-macchi-il-dna-non-arriva-e-la-procura-si-arrabbia\/655932\/#breadcrumb"},"inLanguage":"it-IT","potentialAction":[{"@type":"ReadAction","target":["https:\/\/staging.varesenews.it\/2017\/09\/lidia-macchi-il-dna-non-arriva-e-la-procura-si-arrabbia\/655932\/"]}]},{"@type":"BreadcrumbList","@id":"https:\/\/staging.varesenews.it\/2017\/09\/lidia-macchi-il-dna-non-arriva-e-la-procura-si-arrabbia\/655932\/#breadcrumb","itemListElement":[{"@type":"ListItem","position":1,"name":"Home","item":"https:\/\/www.varesenews.it\/"},{"@type":"ListItem","position":2,"name":"Lidia Macchi, il dna non arriva e la procura si arrabbia"}]},{"@type":"WebSite","@id":"https:\/\/staging.varesenews.it\/#website","url":"https:\/\/staging.varesenews.it\/","name":"VareseNews","description":"","potentialAction":[{"@type":"SearchAction","target":{"@type":"EntryPoint","urlTemplate":"https:\/\/staging.varesenews.it\/?s={search_term_string}"},"query-input":"required name=search_term_string"}],"inLanguage":"it-IT"},{"@type":"Person","@id":"https:\/\/staging.varesenews.it\/#\/schema\/person\/bace96b9ce1b4905df659e51a83c17fe","name":"Roberto Rotondo","image":{"@type":"ImageObject","inLanguage":"it-IT","@id":"https:\/\/staging.varesenews.it\/#\/schema\/person\/image\/","url":"https:\/\/staging.varesenews.it\/wp-content\/uploads\/2015\/03\/10888676_10204734543537926_609787919772941341_n.jpg","contentUrl":"https:\/\/staging.varesenews.it\/wp-content\/uploads\/2015\/03\/10888676_10204734543537926_609787919772941341_n.jpg","caption":"Roberto Rotondo"},"description":"Nato a Varese nel 1972. Laureato in Storia alla Statale di Milano. A Varese News dal 1998. Ho iniziato a scrivere su riviste locali, poi sono entrato nel progetto di Varese News quando ancora era agli inizi. Nel frattempo mi sono occupato di ricerca storica e ho collaborato con un settimanale e un quotidiano della Svizzera italiana scrivendo di cronaca e politica. Mi sono preso una pausa da Varese nel 2004. Ho lavorato per alcuni anni a Milano all'agenzia di stampa Adnkronos, con qualche stage a Roma nei palazzi della politica. Lanci di agenzia e servizi tv multimediali erano tra i miei compiti. In quegli anni ho lavorato per alcune radio anche nazionali, Radio Capital su tutte, come corrispondente locale. Ho scritto anche per un settimanale di gossip, ma sempre cronaca nera. Ed eccomi qui. Dal 2007 lavoro anche per il Corriere della sera, di cui sono corrispondente. A Varesenews sono ormai uno dei senatori. Mi occupo di cronaca nera, giudiziaria e di politica e della cronaca cittadina di Varese.","sameAs":["robertorotondo","https:\/\/twitter.com\/robertorotondo"],"url":"https:\/\/staging.varesenews.it\/persona\/roberto-rotondo\/"}]}},"post_meta":{"_edit_lock":"1506703787:37","_edit_last":"37","_category_permalink":"","wdfb_og_title":"","wdfb_og_type":"","wdfb_og_description":"","wdfb_og_images":"a:1:{i:0;s:0:\"\";}","wdfb_og_custom_name":"a:1:{i:0;s:0:\"\";}","wdfb_og_custom_value":"a:1:{i:0;s:0:\"\";}","_jd_twitter":"","_jd_tweet_this":"yes","ratings_users":"0","ratings_score":"0","ratings_average":"0","foto":"607501","argomento":"Varese","_wpt_short_url":"http:\/\/www.varesenews.it\/2017\/09\/lidia-macchi-il-dna-non-arriva-e-la-procura-si-arrabbia\/655932\/","_wp_jd_target":"http:\/\/www.varesenews.it\/2017\/09\/lidia-macchi-il-dna-non-arriva-e-la-procura-si-arrabbia\/655932\/","_jd_wp_twitter":"a:1:{i:0;s:183:\"Lidia Macchi, il dna non arriva e la procura si arrabbia http:\/\/www.varesenews.it\/2017\/09\/lidia-macchi-il-dna-non-arriva-e-la-procura-si-arrabbia\/655932\/ #casolidiamacchi #lidiamacchi\";}","_wpt_status_message":"Tweet inviato con successo.","_yoast_wpseo_focuskw":"lidia macchi","_yoast_wpseo_linkdex":"71","id_leggi_anche":"661037,664160,667448,672398,682409,708075"},"photos":[{"original":"https:\/\/staging.varesenews.it\/photogallery_new\/images\/2017\/04\/processo-lidia-macchi-607501.jpg","full":"https:\/\/staging.varesenews.it\/photogallery_new\/images\/2017\/04\/processo-lidia-macchi-607501.1024x768.jpg","large":"https:\/\/staging.varesenews.it\/photogallery_new\/images\/2017\/04\/processo-lidia-macchi-607501.610x431.jpg"}],"_links":{"self":[{"href":"https:\/\/staging.varesenews.it\/swgapi\/v1\/wp\/v2\/posts\/655932"}],"collection":[{"href":"https:\/\/staging.varesenews.it\/swgapi\/v1\/wp\/v2\/posts"}],"about":[{"href":"https:\/\/staging.varesenews.it\/swgapi\/v1\/wp\/v2\/types\/post"}],"author":[{"embeddable":true,"href":"https:\/\/staging.varesenews.it\/swgapi\/v1\/wp\/v2\/users\/50"}],"replies":[{"embeddable":true,"href":"https:\/\/staging.varesenews.it\/swgapi\/v1\/wp\/v2\/comments?post=655932"}],"version-history":[{"count":0,"href":"https:\/\/staging.varesenews.it\/swgapi\/v1\/wp\/v2\/posts\/655932\/revisions"}],"wp:attachment":[{"href":"https:\/\/staging.varesenews.it\/swgapi\/v1\/wp\/v2\/media?parent=655932"}],"wp:term":[{"taxonomy":"category","embeddable":true,"href":"https:\/\/staging.varesenews.it\/swgapi\/v1\/wp\/v2\/categories?post=655932"},{"taxonomy":"post_tag","embeddable":true,"href":"https:\/\/staging.varesenews.it\/swgapi\/v1\/wp\/v2\/tags?post=655932"}],"curies":[{"name":"wp","href":"https:\/\/api.w.org\/{rel}","templated":true}]}}