{"id":656385,"date":"2017-10-01T18:10:24","date_gmt":"2017-10-01T16:10:24","guid":{"rendered":"http:\/\/www.varesenews.it\/?p=656385"},"modified":"2017-10-01T18:10:24","modified_gmt":"2017-10-01T16:10:24","slug":"repossi-e-devastante-lercara-occasione-persa","status":"publish","type":"post","link":"https:\/\/staging.varesenews.it\/2017\/10\/repossi-e-devastante-lercara-occasione-persa\/656385\/","title":{"rendered":"Repossi \u00e8 devastante. Lercara, occasione persa"},"content":{"rendered":"<p><strong>FRIGIONE 6,5<\/strong> \u2013 Non sempre impeccabile, specie con i piedi, ma molto utile nella ripresa a evitare altri guai. Sul primo gol non pu\u00f2 nulla, sul secondo para il parabile ma non \u00e8 aiutato dai compagni di reparto.<\/p>\n<p><strong>CARECCIA 5<\/strong> \u2013 Si ricordano davvero pochi spunti del numero 21 \u2013 un bel tiro respinto dal portiere e quasi nient&#8217;altro \u2013 che invece, soprattutto nella prima frazione, combina parecchi guai.<\/p>\n<p><strong>RUDI 6<\/strong> \u2013 Alla fine lo premiamo con la sufficienza, sia perch\u00e9 inventa il gran lancio che vale il 3-2 di Repossi, sia perch\u00e9 colpisce un palo da cui arriva il rigore del pareggio. Per\u00f2 l\u00e0 dietro si balla la samba troppo spesso e \u2013 lo ammette anche lui \u2013 di cose da sistemare ce ne sono.<\/p>\n<p><strong>FERRI 5<\/strong> \u2013 Voto forse troppo basso, ma togliamo a lui anche quel che diamo a Rudi. Per la terza volta il Varese prende gol su \u201ctap-in\u201d e in generale trema troppo spesso davanti al portiere, dove invece dovrebbe avere un punto di forza. Anche sulla prima rete (bravissimo Person\u00e9) i centrali non sono esenti da colpe.<\/p>\n<p><strong>ARCA 6<\/strong> \u2013 Il migliore dei quattro di difesa: sbaglia qualcosa (il primo gol tortonese nasce dalla sua parte) ma \u00e8 anche molto propositivo in fase d&#8217;attacco. Di questo passo superer\u00e0 Granzotto (o lo ha gi\u00e0 fatto?) per la titolarit\u00e0 della fascia sinistra.<\/p>\n<p><strong>MONACIZZO 6,5<\/strong> \u2013 Solita presenza concreta in mezzo al campo, il reparto migliore nel cattivo primo tempo biancorosso. Recupera parecchi palloni, contribuisce a rendere fluida la squadra.<br \/>\n(<strong>Rolando 5,5<\/strong> \u2013 Messo in mezzo al campo perde di efficacia)<\/p>\n<p><strong>MAGRIN 6,5<\/strong> \u2013 Una delle sue prove migliori, forse anche perch\u00e9 la presenza di Molinari (o almeno, di un Molinari in grado di muoversi&#8230;) gli consente di sfoderare il suo bel lancio in profondit\u00e0. Crea gioco e, nel primo tempo, ci prova da lontano sfiorando il gol.<\/p>\n<p><strong>BATTISTELLO 6<\/strong> \u2013 Voto sospeso a cavallo della sufficienza: qualche bello spunto e qualche palla persa di troppo. Testa a testa con Zazzi per essere titolare: poteva fare meglio, ma anche peggio.<br \/>\n(<strong>Fratus 6<\/strong> \u2013 Buona personalit\u00e0 nel finale).<\/p>\n<p><strong>LERCARA 5<\/strong> \u2013 Purtroppo, come lo scorso anno, fallisce l&#8217;esame quando \u00e8 chiamato a fare il titolare dopo alcune buone prove dalla panchina. Iacolino gli d\u00e0 un tempo e poi lo manda a far la doccia senza grandi rimpianti.<br \/>\n(<strong>Repossi 8<\/strong> &#8211; \u201cI come Iradiddio\u201d, esclamava Attila-Diego Abbatantuono: il numero 7 \u00e8 la chiave di volta per il Varese: ogni sua sfuriata vale un corner, un fallo, un&#8217;ammonizione. Un rigore, pure. E poi segna un gol splendido che vale il sorpasso e la vittoria)<\/p>\n<p><strong>MOLINARI 6,5<\/strong> \u2013 Questa volta mostra quale pu\u00f2 essere il suo potenziale a questo livello. Pi\u00f9 mobile che in passato (ci voleva poco) \u00e8 magistrale in occasione del 2-1 e velenoso in quella punizione che poteva valergli la doppietta. Non ancora al top ma gi\u00e0 fondamentale.<br \/>\n(<strong>Simonetto<\/strong> \u2013 s.v.)<\/p>\n<p><strong>LONGOBARDI 6<\/strong> \u2013 La cosa pi\u00f9 importante la fa dal dischetto: rigore impeccabile per il pareggio. Per il resto si vede meno che nelle altre occasioni, pur impegnandosi a fondo.<\/p>\n","protected":false},"excerpt":{"rendered":"<p>L&#8217;ex Inveruno gioca un tempo ma \u00e8 la chiave della vittoria del Varese. La giovane mezz&#8217;ala bocciata da Iacolino; anche la difesa da rivedere<\/p>\n","protected":false},"author":38,"featured_media":0,"comment_status":"open","ping_status":"open","sticky":false,"template":"","format":"standard","meta":{"footnotes":""},"categories":[14],"tags":[144,347,9192],"acf":[],"yoast_head":"<!-- This site is optimized with the Yoast SEO plugin v20.1 - https:\/\/yoast.com\/wordpress\/plugins\/seo\/ -->\n<title>Repossi \u00e8 devastante. Lercara, occasione persa<\/title>\n<meta name=\"description\" content=\"L&#039;ex Inveruno gioca un tempo ma \u00e8 la chiave della vittoria del Varese. La giovane mezz&#039;ala bocciata da Iacolino; anche la difesa da rivedere\" \/>\n<meta name=\"robots\" content=\"noindex, follow, max-snippet:-1, max-image-preview:large, max-video-preview:-1\" \/>\n<meta property=\"og:locale\" content=\"it_IT\" \/>\n<meta property=\"og:type\" content=\"article\" \/>\n<meta property=\"og:title\" content=\"Repossi \u00e8 devastante. Lercara, occasione persa\" \/>\n<meta property=\"og:description\" content=\"L&#039;ex Inveruno gioca un tempo ma \u00e8 la chiave della vittoria del Varese. La giovane mezz&#039;ala bocciata da Iacolino; anche la difesa da rivedere\" \/>\n<meta property=\"og:url\" content=\"https:\/\/staging.varesenews.it\/2017\/10\/repossi-e-devastante-lercara-occasione-persa\/656385\/\" \/>\n<meta property=\"og:site_name\" content=\"VareseNews\" \/>\n<meta property=\"article:publisher\" content=\"https:\/\/www.facebook.com\/varesenews\" \/>\n<meta property=\"article:published_time\" content=\"2017-10-01T16:10:24+00:00\" \/>\n<meta name=\"author\" content=\"Damiano Franzetti\" \/>\n<meta name=\"twitter:card\" content=\"summary_large_image\" \/>\n<meta name=\"twitter:creator\" content=\"@damianofranz\" \/>\n<meta name=\"twitter:site\" content=\"@varesenews\" \/>\n<meta name=\"twitter:label1\" content=\"Scritto da\" \/>\n\t<meta name=\"twitter:data1\" content=\"Damiano Franzetti\" \/>\n\t<meta name=\"twitter:label2\" content=\"Tempo di lettura stimato\" \/>\n\t<meta name=\"twitter:data2\" content=\"2 minuti\" \/>\n<script type=\"application\/ld+json\" class=\"yoast-schema-graph\">{\"@context\":\"https:\/\/schema.org\",\"@graph\":[{\"@type\":\"WebPage\",\"@id\":\"https:\/\/staging.varesenews.it\/2017\/10\/repossi-e-devastante-lercara-occasione-persa\/656385\/\",\"url\":\"https:\/\/staging.varesenews.it\/2017\/10\/repossi-e-devastante-lercara-occasione-persa\/656385\/\",\"name\":\"Repossi \u00e8 devastante. Lercara, occasione persa\",\"isPartOf\":{\"@id\":\"https:\/\/staging.varesenews.it\/#website\"},\"datePublished\":\"2017-10-01T16:10:24+00:00\",\"dateModified\":\"2017-10-01T16:10:24+00:00\",\"author\":{\"@id\":\"https:\/\/staging.varesenews.it\/#\/schema\/person\/709ae3769f6b4dbde8ec332baede8a5b\"},\"description\":\"L'ex Inveruno gioca un tempo ma \u00e8 la chiave della vittoria del Varese. La giovane mezz'ala bocciata da Iacolino; anche la difesa da rivedere\",\"breadcrumb\":{\"@id\":\"https:\/\/staging.varesenews.it\/2017\/10\/repossi-e-devastante-lercara-occasione-persa\/656385\/#breadcrumb\"},\"inLanguage\":\"it-IT\",\"potentialAction\":[{\"@type\":\"ReadAction\",\"target\":[\"https:\/\/staging.varesenews.it\/2017\/10\/repossi-e-devastante-lercara-occasione-persa\/656385\/\"]}]},{\"@type\":\"BreadcrumbList\",\"@id\":\"https:\/\/staging.varesenews.it\/2017\/10\/repossi-e-devastante-lercara-occasione-persa\/656385\/#breadcrumb\",\"itemListElement\":[{\"@type\":\"ListItem\",\"position\":1,\"name\":\"Home\",\"item\":\"https:\/\/www.varesenews.it\/\"},{\"@type\":\"ListItem\",\"position\":2,\"name\":\"Repossi \u00e8 devastante. Lercara, occasione persa\"}]},{\"@type\":\"WebSite\",\"@id\":\"https:\/\/staging.varesenews.it\/#website\",\"url\":\"https:\/\/staging.varesenews.it\/\",\"name\":\"VareseNews\",\"description\":\"\",\"potentialAction\":[{\"@type\":\"SearchAction\",\"target\":{\"@type\":\"EntryPoint\",\"urlTemplate\":\"https:\/\/staging.varesenews.it\/?s={search_term_string}\"},\"query-input\":\"required name=search_term_string\"}],\"inLanguage\":\"it-IT\"},{\"@type\":\"Person\",\"@id\":\"https:\/\/staging.varesenews.it\/#\/schema\/person\/709ae3769f6b4dbde8ec332baede8a5b\",\"name\":\"Damiano Franzetti\",\"image\":{\"@type\":\"ImageObject\",\"inLanguage\":\"it-IT\",\"@id\":\"https:\/\/staging.varesenews.it\/#\/schema\/person\/image\/\",\"url\":\"https:\/\/staging.varesenews.it\/wp-content\/uploads\/2020\/12\/damiano_franzetti_colori_500.jpg\",\"contentUrl\":\"https:\/\/staging.varesenews.it\/wp-content\/uploads\/2020\/12\/damiano_franzetti_colori_500.jpg\",\"caption\":\"Damiano Franzetti\"},\"description\":\"Classe 1976, una laurea (nel cassetto) in scienze e tecnologie alimentari; sono giornalista professionista dal 2009 nato e cresciuto con VareseNews dove mi occupo soprattutto di sport ormai da vent&rsquo;anni. Inviato sui campi (sulle piste, sulle strade...), intervistatore, coordinatore e responsabile delle pagine sportive, mi ritaglio volentieri lo spazio per scrivere di birra sul blog Malto Gradimento. Ho seguito innumerevoli campionati di Serie A di basket, di serie B di calcio, due Mondiali di ciclismo, qualche Giro d&rsquo;;Italia e tanto altro ancora. Collaboro con Tuttosport e altre testate, mi diletto di social. Ho una moglie, un figlio, vivo nella mia Gemonio e ho purtroppo smesso con il basket giocato. &nbsp;\",\"sameAs\":[\"damianofranz\",\"https:\/\/www.linkedin.com\/profile\/view?id=241597124&trk=nav_responsive_tab_profile\",\"https:\/\/twitter.com\/damianofranz\"],\"url\":\"https:\/\/staging.varesenews.it\/persona\/damiano_franzetti-2\/\"}]}<\/script>\n<!-- \/ Yoast SEO plugin. -->","yoast_head_json":{"title":"Repossi \u00e8 devastante. Lercara, occasione persa","description":"L'ex Inveruno gioca un tempo ma \u00e8 la chiave della vittoria del Varese. La giovane mezz'ala bocciata da Iacolino; anche la difesa da rivedere","robots":{"index":"noindex","follow":"follow","max-snippet":"max-snippet:-1","max-image-preview":"max-image-preview:large","max-video-preview":"max-video-preview:-1"},"og_locale":"it_IT","og_type":"article","og_title":"Repossi \u00e8 devastante. Lercara, occasione persa","og_description":"L'ex Inveruno gioca un tempo ma \u00e8 la chiave della vittoria del Varese. La giovane mezz'ala bocciata da Iacolino; anche la difesa da rivedere","og_url":"https:\/\/staging.varesenews.it\/2017\/10\/repossi-e-devastante-lercara-occasione-persa\/656385\/","og_site_name":"VareseNews","article_publisher":"https:\/\/www.facebook.com\/varesenews","article_published_time":"2017-10-01T16:10:24+00:00","author":"Damiano Franzetti","twitter_card":"summary_large_image","twitter_creator":"@damianofranz","twitter_site":"@varesenews","twitter_misc":{"Scritto da":"Damiano Franzetti","Tempo di lettura stimato":"2 minuti"},"schema":{"@context":"https:\/\/schema.org","@graph":[{"@type":"WebPage","@id":"https:\/\/staging.varesenews.it\/2017\/10\/repossi-e-devastante-lercara-occasione-persa\/656385\/","url":"https:\/\/staging.varesenews.it\/2017\/10\/repossi-e-devastante-lercara-occasione-persa\/656385\/","name":"Repossi \u00e8 devastante. Lercara, occasione persa","isPartOf":{"@id":"https:\/\/staging.varesenews.it\/#website"},"datePublished":"2017-10-01T16:10:24+00:00","dateModified":"2017-10-01T16:10:24+00:00","author":{"@id":"https:\/\/staging.varesenews.it\/#\/schema\/person\/709ae3769f6b4dbde8ec332baede8a5b"},"description":"L'ex Inveruno gioca un tempo ma \u00e8 la chiave della vittoria del Varese. La giovane mezz'ala bocciata da Iacolino; anche la difesa da rivedere","breadcrumb":{"@id":"https:\/\/staging.varesenews.it\/2017\/10\/repossi-e-devastante-lercara-occasione-persa\/656385\/#breadcrumb"},"inLanguage":"it-IT","potentialAction":[{"@type":"ReadAction","target":["https:\/\/staging.varesenews.it\/2017\/10\/repossi-e-devastante-lercara-occasione-persa\/656385\/"]}]},{"@type":"BreadcrumbList","@id":"https:\/\/staging.varesenews.it\/2017\/10\/repossi-e-devastante-lercara-occasione-persa\/656385\/#breadcrumb","itemListElement":[{"@type":"ListItem","position":1,"name":"Home","item":"https:\/\/www.varesenews.it\/"},{"@type":"ListItem","position":2,"name":"Repossi \u00e8 devastante. Lercara, occasione persa"}]},{"@type":"WebSite","@id":"https:\/\/staging.varesenews.it\/#website","url":"https:\/\/staging.varesenews.it\/","name":"VareseNews","description":"","potentialAction":[{"@type":"SearchAction","target":{"@type":"EntryPoint","urlTemplate":"https:\/\/staging.varesenews.it\/?s={search_term_string}"},"query-input":"required name=search_term_string"}],"inLanguage":"it-IT"},{"@type":"Person","@id":"https:\/\/staging.varesenews.it\/#\/schema\/person\/709ae3769f6b4dbde8ec332baede8a5b","name":"Damiano Franzetti","image":{"@type":"ImageObject","inLanguage":"it-IT","@id":"https:\/\/staging.varesenews.it\/#\/schema\/person\/image\/","url":"https:\/\/staging.varesenews.it\/wp-content\/uploads\/2020\/12\/damiano_franzetti_colori_500.jpg","contentUrl":"https:\/\/staging.varesenews.it\/wp-content\/uploads\/2020\/12\/damiano_franzetti_colori_500.jpg","caption":"Damiano Franzetti"},"description":"Classe 1976, una laurea (nel cassetto) in scienze e tecnologie alimentari; sono giornalista professionista dal 2009 nato e cresciuto con VareseNews dove mi occupo soprattutto di sport ormai da vent&rsquo;anni. Inviato sui campi (sulle piste, sulle strade...), intervistatore, coordinatore e responsabile delle pagine sportive, mi ritaglio volentieri lo spazio per scrivere di birra sul blog Malto Gradimento. Ho seguito innumerevoli campionati di Serie A di basket, di serie B di calcio, due Mondiali di ciclismo, qualche Giro d&rsquo;;Italia e tanto altro ancora. Collaboro con Tuttosport e altre testate, mi diletto di social. Ho una moglie, un figlio, vivo nella mia Gemonio e ho purtroppo smesso con il basket giocato. &nbsp;","sameAs":["damianofranz","https:\/\/www.linkedin.com\/profile\/view?id=241597124&trk=nav_responsive_tab_profile","https:\/\/twitter.com\/damianofranz"],"url":"https:\/\/staging.varesenews.it\/persona\/damiano_franzetti-2\/"}]}},"post_meta":{"_edit_lock":"1506874201:38","_edit_last":"38","ratings_users":"0","ratings_score":"0","ratings_average":"0","_category_permalink":"","wdfb_og_title":"","wdfb_og_type":"","wdfb_og_description":"","wdfb_og_images":"a:1:{i:0;s:0:\"\";}","wdfb_og_custom_name":"a:1:{i:0;s:0:\"\";}","wdfb_og_custom_value":"a:1:{i:0;s:0:\"\";}","id_leggi_anche":"656371,656390,656912","foto":"634632","id_link_fotogallery":"656383","argomento":"Calcio - Pagelle","_jd_twitter":"","_jd_tweet_this":"yes","_wpt_short_url":"http:\/\/www.varesenews.it\/2017\/10\/repossi-e-devastante-lercara-occasione-persa\/656385\/","_wp_jd_target":"http:\/\/www.varesenews.it\/2017\/10\/repossi-e-devastante-lercara-occasione-persa\/656385\/","_jd_wp_twitter":"a:1:{i:0;s:164:\"Repossi \u00e8 devastante. Lercara, occasione persa http:\/\/www.varesenews.it\/2017\/10\/repossi-e-devastante-lercara-occasione-persa\/656385\/ #calcio #pagelle #varesecalcio\";}","_wpt_status_message":"Tweet inviato con successo."},"photos":[{"original":"https:\/\/staging.varesenews.it\/photogallery_new\/images\/2017\/10\/caricamento-temporaneo-per-contributo-zp4ilisv13-634632.jpg","full":"https:\/\/staging.varesenews.it\/photogallery_new\/images\/2017\/10\/caricamento-temporaneo-per-contributo-zp4ilisv13-634632.1024x768.jpg","large":"https:\/\/staging.varesenews.it\/photogallery_new\/images\/2017\/10\/caricamento-temporaneo-per-contributo-zp4ilisv13-634632.610x431.jpg"}],"_links":{"self":[{"href":"https:\/\/staging.varesenews.it\/swgapi\/v1\/wp\/v2\/posts\/656385"}],"collection":[{"href":"https:\/\/staging.varesenews.it\/swgapi\/v1\/wp\/v2\/posts"}],"about":[{"href":"https:\/\/staging.varesenews.it\/swgapi\/v1\/wp\/v2\/types\/post"}],"author":[{"embeddable":true,"href":"https:\/\/staging.varesenews.it\/swgapi\/v1\/wp\/v2\/users\/38"}],"replies":[{"embeddable":true,"href":"https:\/\/staging.varesenews.it\/swgapi\/v1\/wp\/v2\/comments?post=656385"}],"version-history":[{"count":0,"href":"https:\/\/staging.varesenews.it\/swgapi\/v1\/wp\/v2\/posts\/656385\/revisions"}],"wp:attachment":[{"href":"https:\/\/staging.varesenews.it\/swgapi\/v1\/wp\/v2\/media?parent=656385"}],"wp:term":[{"taxonomy":"category","embeddable":true,"href":"https:\/\/staging.varesenews.it\/swgapi\/v1\/wp\/v2\/categories?post=656385"},{"taxonomy":"post_tag","embeddable":true,"href":"https:\/\/staging.varesenews.it\/swgapi\/v1\/wp\/v2\/tags?post=656385"}],"curies":[{"name":"wp","href":"https:\/\/api.w.org\/{rel}","templated":true}]}}