{"id":657341,"date":"2017-10-05T07:09:59","date_gmt":"2017-10-05T05:09:59","guid":{"rendered":"http:\/\/www.varesenews.it\/?p=657341"},"modified":"2017-10-06T07:37:25","modified_gmt":"2017-10-06T05:37:25","slug":"fare-impresa-nella-societa-liquida","status":"publish","type":"post","link":"https:\/\/staging.varesenews.it\/2017\/10\/fare-impresa-nella-societa-liquida\/657341\/","title":{"rendered":"Fare impresa nella societ\u00e0 liquida"},"content":{"rendered":"<p><strong>Venerd\u00ec 6 ottobre<\/strong> alle ore<strong> 17<\/strong> presso la <strong>sede dell&#8217;Unione degli industriali di Busto Arsizio<\/strong> verr\u00e0 presentato il libro &#8220;<strong>Mobilis in mobile<\/strong>&#8221; (GMC) di Luciano <strong>Landoni<\/strong>. Interverranno insieme all&#8217;autore: <strong>Riccardo Comerio<\/strong>, presidente di Univa, <strong>Vittorio D&#8217;Amato<\/strong>, direttore del Centro cambiamento della <strong>Liuc<\/strong> -Business School. Modera <strong>Davide Cionfrini<\/strong>, direttore di <strong>VareseFocus<\/strong>.<\/p>\n","protected":false},"excerpt":{"rendered":"<p>Venerd\u00ec 6 ottobre (ore 17) nella sede degli industriali verr\u00e0 presentato il libro &#8220;Mobilis in mobile&#8221; (GMC) di Luciano Landoni. Intervengono: Riccardo Comerio e Vittorio D&#8217;Amato. Modera Davide Cionfrini<\/p>\n","protected":false},"author":45,"featured_media":0,"comment_status":"open","ping_status":"open","sticky":false,"template":"","format":"standard","meta":{"footnotes":""},"categories":[4,18,15,22],"tags":[767,588,158],"acf":[],"yoast_head":"<!-- This site is optimized with the Yoast SEO plugin v20.1 - https:\/\/yoast.com\/wordpress\/plugins\/seo\/ -->\n<title>Fare impresa nella societ\u00e0 liquida<\/title>\n<meta name=\"description\" content=\"Venerd\u00ec 6 ottobre (ore 17) nella sede degli industriali verr\u00e0 presentato il libro &quot;Mobilis in mobile&quot; (GMC) di Luciano Landoni. Intervengono: Riccardo Comerio e Vittorio D&#039;Amato. Modera Davide Cionfrini\" \/>\n<meta name=\"robots\" content=\"noindex, follow, max-snippet:-1, max-image-preview:large, max-video-preview:-1\" \/>\n<meta property=\"og:locale\" content=\"it_IT\" \/>\n<meta property=\"og:type\" content=\"article\" \/>\n<meta property=\"og:title\" content=\"Fare impresa nella societ\u00e0 liquida\" \/>\n<meta property=\"og:description\" content=\"Venerd\u00ec 6 ottobre (ore 17) nella sede degli industriali verr\u00e0 presentato il libro &quot;Mobilis in mobile&quot; (GMC) di Luciano Landoni. Intervengono: Riccardo Comerio e Vittorio D&#039;Amato. Modera Davide Cionfrini\" \/>\n<meta property=\"og:url\" content=\"https:\/\/staging.varesenews.it\/2017\/10\/fare-impresa-nella-societa-liquida\/657341\/\" \/>\n<meta property=\"og:site_name\" content=\"VareseNews\" \/>\n<meta property=\"article:publisher\" content=\"https:\/\/www.facebook.com\/varesenews\" \/>\n<meta property=\"article:author\" content=\"https:\/\/www.facebook.com\/michele.mancino.5\" \/>\n<meta property=\"article:published_time\" content=\"2017-10-05T05:09:59+00:00\" \/>\n<meta property=\"article:modified_time\" content=\"2017-10-06T05:37:25+00:00\" \/>\n<meta name=\"author\" content=\"Michele Mancino\" \/>\n<meta name=\"twitter:card\" content=\"summary_large_image\" \/>\n<meta name=\"twitter:creator\" content=\"@micmancio\" \/>\n<meta name=\"twitter:site\" content=\"@varesenews\" \/>\n<meta name=\"twitter:label1\" content=\"Scritto da\" \/>\n\t<meta name=\"twitter:data1\" content=\"Michele Mancino\" \/>\n<script type=\"application\/ld+json\" class=\"yoast-schema-graph\">{\"@context\":\"https:\/\/schema.org\",\"@graph\":[{\"@type\":\"WebPage\",\"@id\":\"https:\/\/staging.varesenews.it\/2017\/10\/fare-impresa-nella-societa-liquida\/657341\/\",\"url\":\"https:\/\/staging.varesenews.it\/2017\/10\/fare-impresa-nella-societa-liquida\/657341\/\",\"name\":\"Fare impresa nella societ\u00e0 liquida\",\"isPartOf\":{\"@id\":\"https:\/\/staging.varesenews.it\/#website\"},\"datePublished\":\"2017-10-05T05:09:59+00:00\",\"dateModified\":\"2017-10-06T05:37:25+00:00\",\"author\":{\"@id\":\"https:\/\/staging.varesenews.it\/#\/schema\/person\/308b491d3cb680ead199e5ff6c6ce540\"},\"description\":\"Venerd\u00ec 6 ottobre (ore 17) nella sede degli industriali verr\u00e0 presentato il libro \\\"Mobilis in mobile\\\" (GMC) di Luciano Landoni. Intervengono: Riccardo Comerio e Vittorio D'Amato. Modera Davide Cionfrini\",\"breadcrumb\":{\"@id\":\"https:\/\/staging.varesenews.it\/2017\/10\/fare-impresa-nella-societa-liquida\/657341\/#breadcrumb\"},\"inLanguage\":\"it-IT\",\"potentialAction\":[{\"@type\":\"ReadAction\",\"target\":[\"https:\/\/staging.varesenews.it\/2017\/10\/fare-impresa-nella-societa-liquida\/657341\/\"]}]},{\"@type\":\"BreadcrumbList\",\"@id\":\"https:\/\/staging.varesenews.it\/2017\/10\/fare-impresa-nella-societa-liquida\/657341\/#breadcrumb\",\"itemListElement\":[{\"@type\":\"ListItem\",\"position\":1,\"name\":\"Home\",\"item\":\"https:\/\/www.varesenews.it\/\"},{\"@type\":\"ListItem\",\"position\":2,\"name\":\"Fare impresa nella societ\u00e0 liquida\"}]},{\"@type\":\"WebSite\",\"@id\":\"https:\/\/staging.varesenews.it\/#website\",\"url\":\"https:\/\/staging.varesenews.it\/\",\"name\":\"VareseNews\",\"description\":\"\",\"potentialAction\":[{\"@type\":\"SearchAction\",\"target\":{\"@type\":\"EntryPoint\",\"urlTemplate\":\"https:\/\/staging.varesenews.it\/?s={search_term_string}\"},\"query-input\":\"required name=search_term_string\"}],\"inLanguage\":\"it-IT\"},{\"@type\":\"Person\",\"@id\":\"https:\/\/staging.varesenews.it\/#\/schema\/person\/308b491d3cb680ead199e5ff6c6ce540\",\"name\":\"Michele Mancino\",\"image\":{\"@type\":\"ImageObject\",\"inLanguage\":\"it-IT\",\"@id\":\"https:\/\/staging.varesenews.it\/#\/schema\/person\/image\/\",\"url\":\"https:\/\/staging.varesenews.it\/wp-content\/uploads\/2020\/12\/michele_mancino_colori_500.jpg\",\"contentUrl\":\"https:\/\/staging.varesenews.it\/wp-content\/uploads\/2020\/12\/michele_mancino_colori_500.jpg\",\"caption\":\"Michele Mancino\"},\"description\":\"Sono a VareseNews da prima che nascesse. Ho inserito le prime notizie in una stringa di codice html, la lingua di internet. Aprivo i computer, cambiavo schede di rete e portavo i server dal provider. A met&agrave; degli anni &rsquo;90 il giornalista online doveva saper fare anche questo. Ho vissuto gli anni drammatici della bolla speculativa di Internet e quelli entusiastici della crescita, anni in cui VareseNews era un Davide in mezzo a tanti Golia. Poi sono arrivati i social, le nuove piattaforme e soprattutto gli smartphone, una postazione di lavoro racchiusa in una mano. Una nuova rivoluzione. Insomma, &egrave; stata, ed &egrave; ancora, un&rsquo;avventura entusiasmante perch&eacute; mi insegna giorno dopo giorno che il cambiamento &egrave; l&rsquo;unica certezza di questa fragile esistenza.\",\"sameAs\":[\"https:\/\/www.facebook.com\/michele.mancino.5\",\"micmancio\",\"Aggiorna le impostazioni del tuo profilo pubblicoit.linkedin.com\/pub\/michele-mancino\/28\/b71\/890\/it\",\"https:\/\/twitter.com\/micmancio\"],\"url\":\"https:\/\/staging.varesenews.it\/persona\/michele_mancino\/\"}]}<\/script>\n<!-- \/ Yoast SEO plugin. -->","yoast_head_json":{"title":"Fare impresa nella societ\u00e0 liquida","description":"Venerd\u00ec 6 ottobre (ore 17) nella sede degli industriali verr\u00e0 presentato il libro \"Mobilis in mobile\" (GMC) di Luciano Landoni. Intervengono: Riccardo Comerio e Vittorio D'Amato. Modera Davide Cionfrini","robots":{"index":"noindex","follow":"follow","max-snippet":"max-snippet:-1","max-image-preview":"max-image-preview:large","max-video-preview":"max-video-preview:-1"},"og_locale":"it_IT","og_type":"article","og_title":"Fare impresa nella societ\u00e0 liquida","og_description":"Venerd\u00ec 6 ottobre (ore 17) nella sede degli industriali verr\u00e0 presentato il libro \"Mobilis in mobile\" (GMC) di Luciano Landoni. Intervengono: Riccardo Comerio e Vittorio D'Amato. Modera Davide Cionfrini","og_url":"https:\/\/staging.varesenews.it\/2017\/10\/fare-impresa-nella-societa-liquida\/657341\/","og_site_name":"VareseNews","article_publisher":"https:\/\/www.facebook.com\/varesenews","article_author":"https:\/\/www.facebook.com\/michele.mancino.5","article_published_time":"2017-10-05T05:09:59+00:00","article_modified_time":"2017-10-06T05:37:25+00:00","author":"Michele Mancino","twitter_card":"summary_large_image","twitter_creator":"@micmancio","twitter_site":"@varesenews","twitter_misc":{"Scritto da":"Michele Mancino"},"schema":{"@context":"https:\/\/schema.org","@graph":[{"@type":"WebPage","@id":"https:\/\/staging.varesenews.it\/2017\/10\/fare-impresa-nella-societa-liquida\/657341\/","url":"https:\/\/staging.varesenews.it\/2017\/10\/fare-impresa-nella-societa-liquida\/657341\/","name":"Fare impresa nella societ\u00e0 liquida","isPartOf":{"@id":"https:\/\/staging.varesenews.it\/#website"},"datePublished":"2017-10-05T05:09:59+00:00","dateModified":"2017-10-06T05:37:25+00:00","author":{"@id":"https:\/\/staging.varesenews.it\/#\/schema\/person\/308b491d3cb680ead199e5ff6c6ce540"},"description":"Venerd\u00ec 6 ottobre (ore 17) nella sede degli industriali verr\u00e0 presentato il libro \"Mobilis in mobile\" (GMC) di Luciano Landoni. Intervengono: Riccardo Comerio e Vittorio D'Amato. Modera Davide Cionfrini","breadcrumb":{"@id":"https:\/\/staging.varesenews.it\/2017\/10\/fare-impresa-nella-societa-liquida\/657341\/#breadcrumb"},"inLanguage":"it-IT","potentialAction":[{"@type":"ReadAction","target":["https:\/\/staging.varesenews.it\/2017\/10\/fare-impresa-nella-societa-liquida\/657341\/"]}]},{"@type":"BreadcrumbList","@id":"https:\/\/staging.varesenews.it\/2017\/10\/fare-impresa-nella-societa-liquida\/657341\/#breadcrumb","itemListElement":[{"@type":"ListItem","position":1,"name":"Home","item":"https:\/\/www.varesenews.it\/"},{"@type":"ListItem","position":2,"name":"Fare impresa nella societ\u00e0 liquida"}]},{"@type":"WebSite","@id":"https:\/\/staging.varesenews.it\/#website","url":"https:\/\/staging.varesenews.it\/","name":"VareseNews","description":"","potentialAction":[{"@type":"SearchAction","target":{"@type":"EntryPoint","urlTemplate":"https:\/\/staging.varesenews.it\/?s={search_term_string}"},"query-input":"required name=search_term_string"}],"inLanguage":"it-IT"},{"@type":"Person","@id":"https:\/\/staging.varesenews.it\/#\/schema\/person\/308b491d3cb680ead199e5ff6c6ce540","name":"Michele Mancino","image":{"@type":"ImageObject","inLanguage":"it-IT","@id":"https:\/\/staging.varesenews.it\/#\/schema\/person\/image\/","url":"https:\/\/staging.varesenews.it\/wp-content\/uploads\/2020\/12\/michele_mancino_colori_500.jpg","contentUrl":"https:\/\/staging.varesenews.it\/wp-content\/uploads\/2020\/12\/michele_mancino_colori_500.jpg","caption":"Michele Mancino"},"description":"Sono a VareseNews da prima che nascesse. Ho inserito le prime notizie in una stringa di codice html, la lingua di internet. Aprivo i computer, cambiavo schede di rete e portavo i server dal provider. A met&agrave; degli anni &rsquo;90 il giornalista online doveva saper fare anche questo. Ho vissuto gli anni drammatici della bolla speculativa di Internet e quelli entusiastici della crescita, anni in cui VareseNews era un Davide in mezzo a tanti Golia. Poi sono arrivati i social, le nuove piattaforme e soprattutto gli smartphone, una postazione di lavoro racchiusa in una mano. Una nuova rivoluzione. Insomma, &egrave; stata, ed &egrave; ancora, un&rsquo;avventura entusiasmante perch&eacute; mi insegna giorno dopo giorno che il cambiamento &egrave; l&rsquo;unica certezza di questa fragile esistenza.","sameAs":["https:\/\/www.facebook.com\/michele.mancino.5","micmancio","Aggiorna le impostazioni del tuo profilo pubblicoit.linkedin.com\/pub\/michele-mancino\/28\/b71\/890\/it","https:\/\/twitter.com\/micmancio"],"url":"https:\/\/staging.varesenews.it\/persona\/michele_mancino\/"}]}},"post_meta":{"_edit_lock":"1507268126:45","_edit_last":"45","ratings_users":"0","ratings_score":"0","ratings_average":"0","_category_permalink":"","wdfb_og_title":"","wdfb_og_type":"","wdfb_og_description":"","wdfb_og_images":"a:1:{i:0;s:0:\"\";}","wdfb_og_custom_name":"a:1:{i:0;s:0:\"\";}","wdfb_og_custom_value":"a:1:{i:0;s:0:\"\";}","foto":"635305","firma_come_redazione":"1","argomento":"Busto Arsizio","_jd_twitter":"","_jd_tweet_this":"yes","_wpt_short_url":"http:\/\/www.varesenews.it\/2017\/10\/fare-impresa-nella-societa-liquida\/657341\/","_wp_jd_target":"http:\/\/www.varesenews.it\/2017\/10\/fare-impresa-nella-societa-liquida\/657341\/","_jd_wp_twitter":"a:1:{i:0;s:134:\"Fare impresa nella societ\u00e0 liquida http:\/\/www.varesenews.it\/2017\/10\/fare-impresa-nella-societa-liquida\/657341\/ #libri #univa #weekend\";}","_wpt_status_message":"Tweet inviato con successo."},"photos":[{"original":"https:\/\/staging.varesenews.it\/photogallery_new\/images\/2017\/10\/avarie-635305.jpg","full":"https:\/\/staging.varesenews.it\/photogallery_new\/images\/2017\/10\/avarie-635305.1024x768.jpg","large":"https:\/\/staging.varesenews.it\/photogallery_new\/images\/2017\/10\/avarie-635305.610x431.jpg"}],"_links":{"self":[{"href":"https:\/\/staging.varesenews.it\/swgapi\/v1\/wp\/v2\/posts\/657341"}],"collection":[{"href":"https:\/\/staging.varesenews.it\/swgapi\/v1\/wp\/v2\/posts"}],"about":[{"href":"https:\/\/staging.varesenews.it\/swgapi\/v1\/wp\/v2\/types\/post"}],"author":[{"embeddable":true,"href":"https:\/\/staging.varesenews.it\/swgapi\/v1\/wp\/v2\/users\/45"}],"replies":[{"embeddable":true,"href":"https:\/\/staging.varesenews.it\/swgapi\/v1\/wp\/v2\/comments?post=657341"}],"version-history":[{"count":0,"href":"https:\/\/staging.varesenews.it\/swgapi\/v1\/wp\/v2\/posts\/657341\/revisions"}],"wp:attachment":[{"href":"https:\/\/staging.varesenews.it\/swgapi\/v1\/wp\/v2\/media?parent=657341"}],"wp:term":[{"taxonomy":"category","embeddable":true,"href":"https:\/\/staging.varesenews.it\/swgapi\/v1\/wp\/v2\/categories?post=657341"},{"taxonomy":"post_tag","embeddable":true,"href":"https:\/\/staging.varesenews.it\/swgapi\/v1\/wp\/v2\/tags?post=657341"}],"curies":[{"name":"wp","href":"https:\/\/api.w.org\/{rel}","templated":true}]}}