{"id":657519,"date":"2017-10-05T16:33:17","date_gmt":"2017-10-05T14:33:17","guid":{"rendered":"http:\/\/www.varesenews.it\/?p=657519"},"modified":"2017-10-06T10:47:09","modified_gmt":"2017-10-06T08:47:09","slug":"se-caravaggio-avesse-avuto-le-bombolette-spray","status":"publish","type":"post","link":"https:\/\/staging.varesenews.it\/2017\/10\/se-caravaggio-avesse-avuto-le-bombolette-spray\/657519\/","title":{"rendered":"Se Caravaggio avesse avuto le bombolette spray"},"content":{"rendered":"<p>E&#8217; una mostra imperdibile, per tanti motivi. Il primo \u00e8 il\u00a0 pi\u00f9 semplice: parliamo di Caravaggio. Per capire qualcosa di pi\u00f9 di questa mostra che dal 29 settembre (fino al 28 gennaio 2018) \u00e8 protagonista a Palazzo Reale a Milano, abbiamo chiesto\u00a0un parlare a <strong><a href=\"https:\/\/www.facebook.com\/andrea.mattoni\" target=\"_blank\">Andrea Ravo Matto<\/a>ni.<\/strong><\/p>\n<p style=\"text-align: center;\"><a title=\"Tutte le informazioni sulla mostra \u201cDentro Caravaggio\u201d a Milano\" href=\"http:\/\/www.varesenews.it\/2017\/10\/tutte-le-informazioni-sulla-mostra-dentro-caravaggio-a-palazzo-reale-a-milano\/656076\/\" target=\"_blank\">LA MOSTRA DENTRO CARAVAGGIO A MILANO, TUTTE LE INFORMAZIONI<\/a><\/p>\n<p>Writers varesino di fama, ormai\u00a0ben oltre i confini italiani, l&#8217;artista si \u00e8 fatto conoscere nella nostra citt\u00e0 proprio grazie ad una riproduzione,<a title=\"Il murales che omaggia Caravaggio nasconde un segreto\" href=\"http:\/\/www.varesenews.it\/2016\/04\/il-murales-che-omaggia-caravaggio-e-nasconde-un-segreto\/508462\/\"> con bomboletta spray, di un quadro di Caravaggio <\/a>(foto in alto). Un&#8217;opera che\u00a0si trova alla\u00a0rotonda di Viale Belforte,\u00a0insieme a disegni di altri artisti, anche varesini, e riconosciuti nel mondo della street art.<\/p>\n<p>Andrea Ravo Mattoni <strong>dopo il suo &#8220;primo&#8221; Caravaggio ha realizzato altri murales<\/strong>, riprendendo altre opere dell&#8217;artista seicentesco &#8211; <a href=\"http:\/\/www.varesenews.it\/2016\/09\/via-il-telo-appare-il-caravaggio-di-ravo\/553865\/\">ad Angera\u00a0 ha realizzato &#8220;Il fanciullo&#8221; <\/a>&#8211; e non solo. Il 4 novembre sar\u00e0 a Venezia per una personale, a fine mese andr\u00e0 al Louvre per una collaborazione mentre a Roma \u00e8 atteso per dipingere su una parete del Policlinico Gemelli. <a title=\"Andrea Ravo Mattoni, un murales alto nove metri al Policlinico di Roma\" href=\"http:\/\/www.varesenews.it\/2017\/10\/andrea-ravo-mattoni-un-murales-alto-nove-metri-al-policlinico-di-roma\/657656\/\">Un dipinto di nove metri che vedr\u00e0 la riproduzione delle &#8220;Sette opere di misericordia&#8221; <\/a>del Caravaggio.<\/p>\n<p><strong>Hai realizzato un&#8217;opera del Seicento con una bomboletta spray.\u00a0Qual \u00e8 il legame tra le tue opere e quelle di Caravaggio?<br \/>\n<\/strong>\u00abE&#8217; fondamentale ci\u00f2 che \u00e8 stato fatto in passato e ci\u00f2 che hanno fatto artisti come Caravaggio. L&#8217;arte \u00e8 una conseguenza temporale, \u00e8 un prendere spunto e ispirazione continuamente. Ci sono artisti lombardi del Novecento come Bernardino Luini o Il Morazzone\u00a0poco conosciuti ma se non ci fossero stati loro, paradossalmente non ci sarebbe stato neanche Van Gogh. Conoscere \u00e8 poi un modo per riscoprire l&#8217;arte in maniera nuova e diversa e questo \u00e8 quello che faccio nel mio lavoro. Senza di loro non farei quello che sto facendo\u00bb.<\/p>\n<p><strong>Secondo te, se oggi Caravaggio avesse una bomboletta spray\u00a0che cosa realizzerebbe? E come potrebbe considerare la street art?<\/strong><br \/>\n\u00abCredo che ogni artista sia figlio della sua epoca e quindi resterebbe basito. Probabilmente non riuscirebbe a capire come \u00e8 stato possibile realizzare le opere che vede sul muro\u00bb.<\/p>\n<p><strong>Perch\u00e9 andare a vedere la mostra di Caravaggio?<\/strong><br \/>\n\u00abPer tanti motivi.\u00a0E&#8217; la prima volta che le sue opere sono state esposte tutte insieme ed \u00e8 un&#8217;occasione pi\u00f9 unica che rara e questo permette anche di avere un\u2019idea temporale di quella che \u00e8 stata la sua produzione nei diversi periodi che l&#8217;hanno caratterizzata.\u00a0L&#8217;importanza del suo operato \u00e8 ormai riconosciuta da tutti e credo che sia stato un artista rivoluzionario perch\u00e8 nei suoi dipinti riportava sopratutto\u00a0i soggetti della strada, gli umili. Era un uomo che lavorava nelle grandi casate ma scelse di portare sulla tela persone che non avevano nulla a che fare con quel mondo. Inoltre, \u00e8 un artista lombardo e anche questa mi sembra una buona motivazione per andare a vederlo\u00bb.<\/p>\n<p><strong>Qual \u00e8 l\u2019opera che desideri vedere\u00a0pi\u00f9 delle altre?\u00a0<\/strong><br \/>\n\u00abIn assoluto &#8220;Il San Giovanni Battista&#8221;, \u00e8 un&#8217;opera del 1604 e secondo me \u00e8 una delle versioni pi\u00f9 potenti e meravigliose del santo. E&#8217; davvero un quadro pazzesco. Mi pace molto anche l&#8217;opera &#8220;Riposo durante la fuga in Egitto&#8221;\u00a0che ho riprodotto anche su muro\u00bb.<\/p>\n<p><a title=\"Tutte le informazioni sulla mostra \u201cDentro Caravaggio\u201d a Milano\" href=\"http:\/\/www.varesenews.it\/2017\/10\/tutte-le-informazioni-sulla-mostra-dentro-caravaggio-a-palazzo-reale-a-milano\/656076\/\">Le informazioni sulla mostra di Caravaggio a Palazzo Reale\u00a0<\/a><\/p>\n","protected":false},"excerpt":{"rendered":"<p>Intervista ad Andrea Ravo Mattoni, writer varesino conosciuto in tutta Italia (e non solo) per la riproduzione di opere dell&#8217;artista del Seicento con le bombolette spray <\/p>\n","protected":false},"author":32,"featured_media":0,"comment_status":"open","ping_status":"open","sticky":false,"template":"","format":"standard","meta":{"footnotes":""},"categories":[21,2],"tags":[295,185,340],"acf":[],"yoast_head":"<!-- This site is optimized with the Yoast SEO plugin v20.1 - https:\/\/yoast.com\/wordpress\/plugins\/seo\/ -->\n<title>Se Caravaggio avesse avuto le bombolette spray<\/title>\n<meta name=\"description\" content=\"Intervista ad Andrea Ravo Mattoni, writer varesino conosciuto in tutta Italia (e non solo) per la riproduzione di opere dell&#039;artista del Seicento con le bombolette spray\" \/>\n<meta name=\"robots\" content=\"noindex, follow, max-snippet:-1, max-image-preview:large, max-video-preview:-1\" \/>\n<meta property=\"og:locale\" content=\"it_IT\" \/>\n<meta property=\"og:type\" content=\"article\" \/>\n<meta property=\"og:title\" content=\"Se Caravaggio avesse avuto le bombolette spray\" \/>\n<meta property=\"og:description\" content=\"Intervista ad Andrea Ravo Mattoni, writer varesino conosciuto in tutta Italia (e non solo) per la riproduzione di opere dell&#039;artista del Seicento con le bombolette spray\" \/>\n<meta property=\"og:url\" content=\"https:\/\/staging.varesenews.it\/2017\/10\/se-caravaggio-avesse-avuto-le-bombolette-spray\/657519\/\" \/>\n<meta property=\"og:site_name\" content=\"VareseNews\" \/>\n<meta property=\"article:publisher\" content=\"https:\/\/www.facebook.com\/varesenews\" \/>\n<meta property=\"article:published_time\" content=\"2017-10-05T14:33:17+00:00\" \/>\n<meta property=\"article:modified_time\" content=\"2017-10-06T08:47:09+00:00\" \/>\n<meta name=\"author\" content=\"Adelia Brigo\" \/>\n<meta name=\"twitter:card\" content=\"summary_large_image\" \/>\n<meta name=\"twitter:creator\" content=\"@AdeliaBrigo\" \/>\n<meta name=\"twitter:site\" content=\"@varesenews\" \/>\n<meta name=\"twitter:label1\" content=\"Scritto da\" \/>\n\t<meta name=\"twitter:data1\" content=\"Adelia Brigo\" \/>\n\t<meta name=\"twitter:label2\" content=\"Tempo di lettura stimato\" \/>\n\t<meta name=\"twitter:data2\" content=\"3 minuti\" \/>\n<script type=\"application\/ld+json\" class=\"yoast-schema-graph\">{\"@context\":\"https:\/\/schema.org\",\"@graph\":[{\"@type\":\"WebPage\",\"@id\":\"https:\/\/staging.varesenews.it\/2017\/10\/se-caravaggio-avesse-avuto-le-bombolette-spray\/657519\/\",\"url\":\"https:\/\/staging.varesenews.it\/2017\/10\/se-caravaggio-avesse-avuto-le-bombolette-spray\/657519\/\",\"name\":\"Se Caravaggio avesse avuto le bombolette spray\",\"isPartOf\":{\"@id\":\"https:\/\/staging.varesenews.it\/#website\"},\"datePublished\":\"2017-10-05T14:33:17+00:00\",\"dateModified\":\"2017-10-06T08:47:09+00:00\",\"author\":{\"@id\":\"https:\/\/staging.varesenews.it\/#\/schema\/person\/272ac0f5b2dbfd572218c2d86e013f1a\"},\"description\":\"Intervista ad Andrea Ravo Mattoni, writer varesino conosciuto in tutta Italia (e non solo) per la riproduzione di opere dell'artista del Seicento con le bombolette spray\",\"breadcrumb\":{\"@id\":\"https:\/\/staging.varesenews.it\/2017\/10\/se-caravaggio-avesse-avuto-le-bombolette-spray\/657519\/#breadcrumb\"},\"inLanguage\":\"it-IT\",\"potentialAction\":[{\"@type\":\"ReadAction\",\"target\":[\"https:\/\/staging.varesenews.it\/2017\/10\/se-caravaggio-avesse-avuto-le-bombolette-spray\/657519\/\"]}]},{\"@type\":\"BreadcrumbList\",\"@id\":\"https:\/\/staging.varesenews.it\/2017\/10\/se-caravaggio-avesse-avuto-le-bombolette-spray\/657519\/#breadcrumb\",\"itemListElement\":[{\"@type\":\"ListItem\",\"position\":1,\"name\":\"Home\",\"item\":\"https:\/\/www.varesenews.it\/\"},{\"@type\":\"ListItem\",\"position\":2,\"name\":\"Se Caravaggio avesse avuto le bombolette spray\"}]},{\"@type\":\"WebSite\",\"@id\":\"https:\/\/staging.varesenews.it\/#website\",\"url\":\"https:\/\/staging.varesenews.it\/\",\"name\":\"VareseNews\",\"description\":\"\",\"potentialAction\":[{\"@type\":\"SearchAction\",\"target\":{\"@type\":\"EntryPoint\",\"urlTemplate\":\"https:\/\/staging.varesenews.it\/?s={search_term_string}\"},\"query-input\":\"required name=search_term_string\"}],\"inLanguage\":\"it-IT\"},{\"@type\":\"Person\",\"@id\":\"https:\/\/staging.varesenews.it\/#\/schema\/person\/272ac0f5b2dbfd572218c2d86e013f1a\",\"name\":\"Adelia Brigo\",\"image\":{\"@type\":\"ImageObject\",\"inLanguage\":\"it-IT\",\"@id\":\"https:\/\/staging.varesenews.it\/#\/schema\/person\/image\/\",\"url\":\"https:\/\/staging.varesenews.it\/wp-content\/uploads\/2020\/12\/adelia_brigo_colori_500.jpg\",\"contentUrl\":\"https:\/\/staging.varesenews.it\/wp-content\/uploads\/2020\/12\/adelia_brigo_colori_500.jpg\",\"caption\":\"Adelia Brigo\"},\"description\":\"Giornalista pubblicista, lavoro a VareseNews dal 2007 e mi occupo di cronaca locale e del settore dedicato alla cultura. In questi anni ho seguito diversi progetti di comunicazione, amo sperimentare strategie per i Social Network e raccontare storie. Varesina, classe 1984, sono laureata in Scienze della Comunicazione.&nbsp;\",\"sameAs\":[\"AdeliaBrigo\",\"https:\/\/twitter.com\/AdeliaBrigo\"],\"url\":\"https:\/\/staging.varesenews.it\/persona\/adelia_brigo\/\"}]}<\/script>\n<!-- \/ Yoast SEO plugin. -->","yoast_head_json":{"title":"Se Caravaggio avesse avuto le bombolette spray","description":"Intervista ad Andrea Ravo Mattoni, writer varesino conosciuto in tutta Italia (e non solo) per la riproduzione di opere dell'artista del Seicento con le bombolette spray","robots":{"index":"noindex","follow":"follow","max-snippet":"max-snippet:-1","max-image-preview":"max-image-preview:large","max-video-preview":"max-video-preview:-1"},"og_locale":"it_IT","og_type":"article","og_title":"Se Caravaggio avesse avuto le bombolette spray","og_description":"Intervista ad Andrea Ravo Mattoni, writer varesino conosciuto in tutta Italia (e non solo) per la riproduzione di opere dell'artista del Seicento con le bombolette spray","og_url":"https:\/\/staging.varesenews.it\/2017\/10\/se-caravaggio-avesse-avuto-le-bombolette-spray\/657519\/","og_site_name":"VareseNews","article_publisher":"https:\/\/www.facebook.com\/varesenews","article_published_time":"2017-10-05T14:33:17+00:00","article_modified_time":"2017-10-06T08:47:09+00:00","author":"Adelia Brigo","twitter_card":"summary_large_image","twitter_creator":"@AdeliaBrigo","twitter_site":"@varesenews","twitter_misc":{"Scritto da":"Adelia Brigo","Tempo di lettura stimato":"3 minuti"},"schema":{"@context":"https:\/\/schema.org","@graph":[{"@type":"WebPage","@id":"https:\/\/staging.varesenews.it\/2017\/10\/se-caravaggio-avesse-avuto-le-bombolette-spray\/657519\/","url":"https:\/\/staging.varesenews.it\/2017\/10\/se-caravaggio-avesse-avuto-le-bombolette-spray\/657519\/","name":"Se Caravaggio avesse avuto le bombolette spray","isPartOf":{"@id":"https:\/\/staging.varesenews.it\/#website"},"datePublished":"2017-10-05T14:33:17+00:00","dateModified":"2017-10-06T08:47:09+00:00","author":{"@id":"https:\/\/staging.varesenews.it\/#\/schema\/person\/272ac0f5b2dbfd572218c2d86e013f1a"},"description":"Intervista ad Andrea Ravo Mattoni, writer varesino conosciuto in tutta Italia (e non solo) per la riproduzione di opere dell'artista del Seicento con le bombolette spray","breadcrumb":{"@id":"https:\/\/staging.varesenews.it\/2017\/10\/se-caravaggio-avesse-avuto-le-bombolette-spray\/657519\/#breadcrumb"},"inLanguage":"it-IT","potentialAction":[{"@type":"ReadAction","target":["https:\/\/staging.varesenews.it\/2017\/10\/se-caravaggio-avesse-avuto-le-bombolette-spray\/657519\/"]}]},{"@type":"BreadcrumbList","@id":"https:\/\/staging.varesenews.it\/2017\/10\/se-caravaggio-avesse-avuto-le-bombolette-spray\/657519\/#breadcrumb","itemListElement":[{"@type":"ListItem","position":1,"name":"Home","item":"https:\/\/www.varesenews.it\/"},{"@type":"ListItem","position":2,"name":"Se Caravaggio avesse avuto le bombolette spray"}]},{"@type":"WebSite","@id":"https:\/\/staging.varesenews.it\/#website","url":"https:\/\/staging.varesenews.it\/","name":"VareseNews","description":"","potentialAction":[{"@type":"SearchAction","target":{"@type":"EntryPoint","urlTemplate":"https:\/\/staging.varesenews.it\/?s={search_term_string}"},"query-input":"required name=search_term_string"}],"inLanguage":"it-IT"},{"@type":"Person","@id":"https:\/\/staging.varesenews.it\/#\/schema\/person\/272ac0f5b2dbfd572218c2d86e013f1a","name":"Adelia Brigo","image":{"@type":"ImageObject","inLanguage":"it-IT","@id":"https:\/\/staging.varesenews.it\/#\/schema\/person\/image\/","url":"https:\/\/staging.varesenews.it\/wp-content\/uploads\/2020\/12\/adelia_brigo_colori_500.jpg","contentUrl":"https:\/\/staging.varesenews.it\/wp-content\/uploads\/2020\/12\/adelia_brigo_colori_500.jpg","caption":"Adelia Brigo"},"description":"Giornalista pubblicista, lavoro a VareseNews dal 2007 e mi occupo di cronaca locale e del settore dedicato alla cultura. In questi anni ho seguito diversi progetti di comunicazione, amo sperimentare strategie per i Social Network e raccontare storie. Varesina, classe 1984, sono laureata in Scienze della Comunicazione.&nbsp;","sameAs":["AdeliaBrigo","https:\/\/twitter.com\/AdeliaBrigo"],"url":"https:\/\/staging.varesenews.it\/persona\/adelia_brigo\/"}]}},"post_meta":{"_edit_lock":"1507279511:52","_edit_last":"52","_category_permalink":"","wdfb_og_title":"","wdfb_og_type":"","wdfb_og_description":"","wdfb_og_images":"a:1:{i:0;s:0:\"\";}","wdfb_og_custom_name":"a:1:{i:0;s:0:\"\";}","wdfb_og_custom_value":"a:1:{i:0;s:0:\"\";}","_jd_twitter":"","_jd_tweet_this":"yes","ratings_users":"0","ratings_score":"0","ratings_average":"0","_wpt_short_url":"http:\/\/www.varesenews.it\/2017\/10\/se-caravaggio-avesse-avuto-le-bombolette-spray\/657519\/","_wp_jd_target":"http:\/\/www.varesenews.it\/2017\/10\/se-caravaggio-avesse-avuto-le-bombolette-spray\/657519\/","_jd_wp_twitter":"a:1:{i:0;s:135:\"Se Caravaggio avesse avuto le bombolette spray http:\/\/www.varesenews.it\/2017\/10\/se-caravaggio-avesse-avuto-le-bombolette-spray\/657519\/ \";}","_wpt_status_message":"Tweet inviato con successo.","foto":"531501","id_leggi_anche":"657656,656076","argomento":"Varese"},"photos":[{"original":"https:\/\/staging.varesenews.it\/photogallery_new\/images\/2016\/04\/murales-andrea-ravo-mattoni-dedicato-a-caravaggio-531501.jpg","full":"https:\/\/staging.varesenews.it\/photogallery_new\/images\/2016\/04\/murales-andrea-ravo-mattoni-dedicato-a-caravaggio-531501.1024x768.jpg","large":"https:\/\/staging.varesenews.it\/photogallery_new\/images\/2016\/04\/murales-andrea-ravo-mattoni-dedicato-a-caravaggio-531501.610x431.jpg"}],"_links":{"self":[{"href":"https:\/\/staging.varesenews.it\/swgapi\/v1\/wp\/v2\/posts\/657519"}],"collection":[{"href":"https:\/\/staging.varesenews.it\/swgapi\/v1\/wp\/v2\/posts"}],"about":[{"href":"https:\/\/staging.varesenews.it\/swgapi\/v1\/wp\/v2\/types\/post"}],"author":[{"embeddable":true,"href":"https:\/\/staging.varesenews.it\/swgapi\/v1\/wp\/v2\/users\/32"}],"replies":[{"embeddable":true,"href":"https:\/\/staging.varesenews.it\/swgapi\/v1\/wp\/v2\/comments?post=657519"}],"version-history":[{"count":0,"href":"https:\/\/staging.varesenews.it\/swgapi\/v1\/wp\/v2\/posts\/657519\/revisions"}],"wp:attachment":[{"href":"https:\/\/staging.varesenews.it\/swgapi\/v1\/wp\/v2\/media?parent=657519"}],"wp:term":[{"taxonomy":"category","embeddable":true,"href":"https:\/\/staging.varesenews.it\/swgapi\/v1\/wp\/v2\/categories?post=657519"},{"taxonomy":"post_tag","embeddable":true,"href":"https:\/\/staging.varesenews.it\/swgapi\/v1\/wp\/v2\/tags?post=657519"}],"curies":[{"name":"wp","href":"https:\/\/api.w.org\/{rel}","templated":true}]}}