{"id":657707,"date":"2017-10-06T00:37:10","date_gmt":"2017-10-05T22:37:10","guid":{"rendered":"http:\/\/www.varesenews.it\/?p=657707"},"modified":"2017-10-06T00:37:10","modified_gmt":"2017-10-05T22:37:10","slug":"palombella-uilm-alta-la-guardia-su-leonardo-e-whirlpool","status":"publish","type":"post","link":"https:\/\/staging.varesenews.it\/2017\/10\/palombella-uilm-alta-la-guardia-su-leonardo-e-whirlpool\/657707\/","title":{"rendered":"Palombella (Uilm): &#8220;Alta la guardia su Leonardo e Whirlpool&#8221;"},"content":{"rendered":"<p>\u00abGuardiamo con attenzione al nuovo piano industriale che caratterizzer\u00e0 il gruppo Leonardo dato che sar\u00e0 presentato a gennaio del prossimo anno. \u00c8\u00a0importante capire l\u2019equilibrio che si determiner\u00e0 tra il riassetto delle strutture corporate e quello che riguarder\u00e0 le divisioni del gruppo guidato dall\u2019ad <strong>Alessandro Profumo.<\/strong> Il sindacato metalmeccanico, che incontrer\u00e0 il \u2018management\u2019 dell\u2019azienda il <strong>prossimo 11 ottobre si attende un rilancio della capacit\u00e0 produttiva e commerciale di Leonardo.<\/strong> Per dirla in parole povere occorre allargare il perimetro d\u2019impresa\u00bb. Lo ha detto <strong>Rocco Palombella<\/strong>, segretario generale della\u00a0Uilm, oggi a Varese. <strong>(foto, da sinistra: Francesco Nicolia, segretario provinciale della Uilm, e Rocco Palmbella)<\/strong><\/p>\n<p>\u00abLa divisione elicotteri del gruppo in questione \u2013 ha continuato <strong>Palombella<\/strong>&#8211; gioca un ruolo importante nella visione strategica della nuova direzione aziendale e, giocoforza, lo stabilimento produttivo presente in questa provincia lombarda dovr\u00e0 avere un ruolo rilevante sia per quanto riguarda il livello produttivo che quello occupazionale. Anche il cambio di vertice avvenuto in questa divisione (il passaggio di testimone tra<strong> Daniele Romiti e Gian Piero Cutillo,<\/strong> ndr) rappresenta questa propensione. Inoltre, teniamo alta la guardia anche per quel che concerne il <strong>gruppo elettrodomestico<\/strong> della <a title=\"Whirlpool non rispetta il piano industriale, sciopero di 4 ore\" href=\"http:\/\/www.varesenews.it\/2017\/06\/whirlpool-non-rispetta-il-piano-industriale-sciopero-di-4-ore\/632181\/\"><strong>Whirlpool<\/strong><\/a> rispetto <strong>all\u2019impegno preso dall\u2019azienda<\/strong>,<a title=\"Indesit-Whirlpool, un matrimonio da 16 miliardi di euro\" href=\"http:\/\/www.varesenews.it\/2014\/07\/indesit-whirlpool-un-matrimonio-da-16-miliardi-di-euro\/31180\/\"> dopo l\u2019acquisizione di<strong> Indesit<\/strong><\/a> di potenziare i volumi produttivi del reparto forni, facendo rientrare\u00a0nello stabilimento di <strong>Cassinetta di Biandronno<\/strong> lavorazioni che erano state portate in Polonia. Il piano industriale concordato coi sindacati va rispettato\u00bb.<\/p>\n","protected":false},"excerpt":{"rendered":"<p>I sindacati dei metalmeccanici incontreranno l&#8217;11 ottobre il management di Leonardo. Il segretario nazionale della Uilm invita Whirlpool a rispettare il piano industriale<\/p>\n","protected":false},"author":45,"featured_media":0,"comment_status":"open","ping_status":"open","sticky":false,"template":"","format":"standard","meta":{"footnotes":""},"categories":[17],"tags":[3225,40764,3657,1149],"acf":[],"yoast_head":"<!-- This site is optimized with the Yoast SEO plugin v20.1 - https:\/\/yoast.com\/wordpress\/plugins\/seo\/ -->\n<title>Palombella (Uilm): &quot;Alta la guardia su Leonardo e Whirlpool&quot;<\/title>\n<meta name=\"description\" content=\"I sindacati dei metalmeccanici incontreranno l&#039;11 ottobre il management di Leonardo. Il segretario nazionale della Uilm invita Whirlpool a rispettare il piano industriale\" \/>\n<meta name=\"robots\" content=\"noindex, follow, max-snippet:-1, max-image-preview:large, max-video-preview:-1\" \/>\n<meta property=\"og:locale\" content=\"it_IT\" \/>\n<meta property=\"og:type\" content=\"article\" \/>\n<meta property=\"og:title\" content=\"Palombella (Uilm): &quot;Alta la guardia su Leonardo e Whirlpool&quot;\" \/>\n<meta property=\"og:description\" content=\"I sindacati dei metalmeccanici incontreranno l&#039;11 ottobre il management di Leonardo. Il segretario nazionale della Uilm invita Whirlpool a rispettare il piano industriale\" \/>\n<meta property=\"og:url\" content=\"https:\/\/staging.varesenews.it\/2017\/10\/palombella-uilm-alta-la-guardia-su-leonardo-e-whirlpool\/657707\/\" \/>\n<meta property=\"og:site_name\" content=\"VareseNews\" \/>\n<meta property=\"article:publisher\" content=\"https:\/\/www.facebook.com\/varesenews\" \/>\n<meta property=\"article:author\" content=\"https:\/\/www.facebook.com\/michele.mancino.5\" \/>\n<meta property=\"article:published_time\" content=\"2017-10-05T22:37:10+00:00\" \/>\n<meta name=\"author\" content=\"Michele Mancino\" \/>\n<meta name=\"twitter:card\" content=\"summary_large_image\" \/>\n<meta name=\"twitter:creator\" content=\"@micmancio\" \/>\n<meta name=\"twitter:site\" content=\"@varesenews\" \/>\n<meta name=\"twitter:label1\" content=\"Scritto da\" \/>\n\t<meta name=\"twitter:data1\" content=\"Michele Mancino\" \/>\n\t<meta name=\"twitter:label2\" content=\"Tempo di lettura stimato\" \/>\n\t<meta name=\"twitter:data2\" content=\"1 minuto\" \/>\n<script type=\"application\/ld+json\" class=\"yoast-schema-graph\">{\"@context\":\"https:\/\/schema.org\",\"@graph\":[{\"@type\":\"WebPage\",\"@id\":\"https:\/\/staging.varesenews.it\/2017\/10\/palombella-uilm-alta-la-guardia-su-leonardo-e-whirlpool\/657707\/\",\"url\":\"https:\/\/staging.varesenews.it\/2017\/10\/palombella-uilm-alta-la-guardia-su-leonardo-e-whirlpool\/657707\/\",\"name\":\"Palombella (Uilm): \\\"Alta la guardia su Leonardo e Whirlpool\\\"\",\"isPartOf\":{\"@id\":\"https:\/\/staging.varesenews.it\/#website\"},\"datePublished\":\"2017-10-05T22:37:10+00:00\",\"dateModified\":\"2017-10-05T22:37:10+00:00\",\"author\":{\"@id\":\"https:\/\/staging.varesenews.it\/#\/schema\/person\/308b491d3cb680ead199e5ff6c6ce540\"},\"description\":\"I sindacati dei metalmeccanici incontreranno l'11 ottobre il management di Leonardo. Il segretario nazionale della Uilm invita Whirlpool a rispettare il piano industriale\",\"breadcrumb\":{\"@id\":\"https:\/\/staging.varesenews.it\/2017\/10\/palombella-uilm-alta-la-guardia-su-leonardo-e-whirlpool\/657707\/#breadcrumb\"},\"inLanguage\":\"it-IT\",\"potentialAction\":[{\"@type\":\"ReadAction\",\"target\":[\"https:\/\/staging.varesenews.it\/2017\/10\/palombella-uilm-alta-la-guardia-su-leonardo-e-whirlpool\/657707\/\"]}]},{\"@type\":\"BreadcrumbList\",\"@id\":\"https:\/\/staging.varesenews.it\/2017\/10\/palombella-uilm-alta-la-guardia-su-leonardo-e-whirlpool\/657707\/#breadcrumb\",\"itemListElement\":[{\"@type\":\"ListItem\",\"position\":1,\"name\":\"Home\",\"item\":\"https:\/\/www.varesenews.it\/\"},{\"@type\":\"ListItem\",\"position\":2,\"name\":\"Palombella (Uilm): &#8220;Alta la guardia su Leonardo e Whirlpool&#8221;\"}]},{\"@type\":\"WebSite\",\"@id\":\"https:\/\/staging.varesenews.it\/#website\",\"url\":\"https:\/\/staging.varesenews.it\/\",\"name\":\"VareseNews\",\"description\":\"\",\"potentialAction\":[{\"@type\":\"SearchAction\",\"target\":{\"@type\":\"EntryPoint\",\"urlTemplate\":\"https:\/\/staging.varesenews.it\/?s={search_term_string}\"},\"query-input\":\"required name=search_term_string\"}],\"inLanguage\":\"it-IT\"},{\"@type\":\"Person\",\"@id\":\"https:\/\/staging.varesenews.it\/#\/schema\/person\/308b491d3cb680ead199e5ff6c6ce540\",\"name\":\"Michele Mancino\",\"image\":{\"@type\":\"ImageObject\",\"inLanguage\":\"it-IT\",\"@id\":\"https:\/\/staging.varesenews.it\/#\/schema\/person\/image\/\",\"url\":\"https:\/\/staging.varesenews.it\/wp-content\/uploads\/2020\/12\/michele_mancino_colori_500.jpg\",\"contentUrl\":\"https:\/\/staging.varesenews.it\/wp-content\/uploads\/2020\/12\/michele_mancino_colori_500.jpg\",\"caption\":\"Michele Mancino\"},\"description\":\"Sono a VareseNews da prima che nascesse. Ho inserito le prime notizie in una stringa di codice html, la lingua di internet. Aprivo i computer, cambiavo schede di rete e portavo i server dal provider. A met&agrave; degli anni &rsquo;90 il giornalista online doveva saper fare anche questo. Ho vissuto gli anni drammatici della bolla speculativa di Internet e quelli entusiastici della crescita, anni in cui VareseNews era un Davide in mezzo a tanti Golia. Poi sono arrivati i social, le nuove piattaforme e soprattutto gli smartphone, una postazione di lavoro racchiusa in una mano. Una nuova rivoluzione. Insomma, &egrave; stata, ed &egrave; ancora, un&rsquo;avventura entusiasmante perch&eacute; mi insegna giorno dopo giorno che il cambiamento &egrave; l&rsquo;unica certezza di questa fragile esistenza.\",\"sameAs\":[\"https:\/\/www.facebook.com\/michele.mancino.5\",\"micmancio\",\"Aggiorna le impostazioni del tuo profilo pubblicoit.linkedin.com\/pub\/michele-mancino\/28\/b71\/890\/it\",\"https:\/\/twitter.com\/micmancio\"],\"url\":\"https:\/\/staging.varesenews.it\/persona\/michele_mancino\/\"}]}<\/script>\n<!-- \/ Yoast SEO plugin. -->","yoast_head_json":{"title":"Palombella (Uilm): \"Alta la guardia su Leonardo e Whirlpool\"","description":"I sindacati dei metalmeccanici incontreranno l'11 ottobre il management di Leonardo. Il segretario nazionale della Uilm invita Whirlpool a rispettare il piano industriale","robots":{"index":"noindex","follow":"follow","max-snippet":"max-snippet:-1","max-image-preview":"max-image-preview:large","max-video-preview":"max-video-preview:-1"},"og_locale":"it_IT","og_type":"article","og_title":"Palombella (Uilm): \"Alta la guardia su Leonardo e Whirlpool\"","og_description":"I sindacati dei metalmeccanici incontreranno l'11 ottobre il management di Leonardo. Il segretario nazionale della Uilm invita Whirlpool a rispettare il piano industriale","og_url":"https:\/\/staging.varesenews.it\/2017\/10\/palombella-uilm-alta-la-guardia-su-leonardo-e-whirlpool\/657707\/","og_site_name":"VareseNews","article_publisher":"https:\/\/www.facebook.com\/varesenews","article_author":"https:\/\/www.facebook.com\/michele.mancino.5","article_published_time":"2017-10-05T22:37:10+00:00","author":"Michele Mancino","twitter_card":"summary_large_image","twitter_creator":"@micmancio","twitter_site":"@varesenews","twitter_misc":{"Scritto da":"Michele Mancino","Tempo di lettura stimato":"1 minuto"},"schema":{"@context":"https:\/\/schema.org","@graph":[{"@type":"WebPage","@id":"https:\/\/staging.varesenews.it\/2017\/10\/palombella-uilm-alta-la-guardia-su-leonardo-e-whirlpool\/657707\/","url":"https:\/\/staging.varesenews.it\/2017\/10\/palombella-uilm-alta-la-guardia-su-leonardo-e-whirlpool\/657707\/","name":"Palombella (Uilm): \"Alta la guardia su Leonardo e Whirlpool\"","isPartOf":{"@id":"https:\/\/staging.varesenews.it\/#website"},"datePublished":"2017-10-05T22:37:10+00:00","dateModified":"2017-10-05T22:37:10+00:00","author":{"@id":"https:\/\/staging.varesenews.it\/#\/schema\/person\/308b491d3cb680ead199e5ff6c6ce540"},"description":"I sindacati dei metalmeccanici incontreranno l'11 ottobre il management di Leonardo. Il segretario nazionale della Uilm invita Whirlpool a rispettare il piano industriale","breadcrumb":{"@id":"https:\/\/staging.varesenews.it\/2017\/10\/palombella-uilm-alta-la-guardia-su-leonardo-e-whirlpool\/657707\/#breadcrumb"},"inLanguage":"it-IT","potentialAction":[{"@type":"ReadAction","target":["https:\/\/staging.varesenews.it\/2017\/10\/palombella-uilm-alta-la-guardia-su-leonardo-e-whirlpool\/657707\/"]}]},{"@type":"BreadcrumbList","@id":"https:\/\/staging.varesenews.it\/2017\/10\/palombella-uilm-alta-la-guardia-su-leonardo-e-whirlpool\/657707\/#breadcrumb","itemListElement":[{"@type":"ListItem","position":1,"name":"Home","item":"https:\/\/www.varesenews.it\/"},{"@type":"ListItem","position":2,"name":"Palombella (Uilm): &#8220;Alta la guardia su Leonardo e Whirlpool&#8221;"}]},{"@type":"WebSite","@id":"https:\/\/staging.varesenews.it\/#website","url":"https:\/\/staging.varesenews.it\/","name":"VareseNews","description":"","potentialAction":[{"@type":"SearchAction","target":{"@type":"EntryPoint","urlTemplate":"https:\/\/staging.varesenews.it\/?s={search_term_string}"},"query-input":"required name=search_term_string"}],"inLanguage":"it-IT"},{"@type":"Person","@id":"https:\/\/staging.varesenews.it\/#\/schema\/person\/308b491d3cb680ead199e5ff6c6ce540","name":"Michele Mancino","image":{"@type":"ImageObject","inLanguage":"it-IT","@id":"https:\/\/staging.varesenews.it\/#\/schema\/person\/image\/","url":"https:\/\/staging.varesenews.it\/wp-content\/uploads\/2020\/12\/michele_mancino_colori_500.jpg","contentUrl":"https:\/\/staging.varesenews.it\/wp-content\/uploads\/2020\/12\/michele_mancino_colori_500.jpg","caption":"Michele Mancino"},"description":"Sono a VareseNews da prima che nascesse. Ho inserito le prime notizie in una stringa di codice html, la lingua di internet. Aprivo i computer, cambiavo schede di rete e portavo i server dal provider. A met&agrave; degli anni &rsquo;90 il giornalista online doveva saper fare anche questo. Ho vissuto gli anni drammatici della bolla speculativa di Internet e quelli entusiastici della crescita, anni in cui VareseNews era un Davide in mezzo a tanti Golia. Poi sono arrivati i social, le nuove piattaforme e soprattutto gli smartphone, una postazione di lavoro racchiusa in una mano. Una nuova rivoluzione. Insomma, &egrave; stata, ed &egrave; ancora, un&rsquo;avventura entusiasmante perch&eacute; mi insegna giorno dopo giorno che il cambiamento &egrave; l&rsquo;unica certezza di questa fragile esistenza.","sameAs":["https:\/\/www.facebook.com\/michele.mancino.5","micmancio","Aggiorna le impostazioni del tuo profilo pubblicoit.linkedin.com\/pub\/michele-mancino\/28\/b71\/890\/it","https:\/\/twitter.com\/micmancio"],"url":"https:\/\/staging.varesenews.it\/persona\/michele_mancino\/"}]}},"post_meta":{"_edit_lock":"1507243191:45","_edit_last":"45","_category_permalink":"","wdfb_og_title":"","wdfb_og_type":"","wdfb_og_description":"","wdfb_og_images":"a:1:{i:0;s:0:\"\";}","wdfb_og_custom_name":"a:1:{i:0;s:0:\"\";}","wdfb_og_custom_value":"a:1:{i:0;s:0:\"\";}","_jd_twitter":"","_jd_tweet_this":"yes","ratings_users":"0","ratings_score":"0","ratings_average":"0","foto":"635476","firma_come_redazione":"1","argomento":"Varese","_wpt_short_url":"http:\/\/www.varesenews.it\/2017\/10\/palombella-uilm-alta-la-guardia-su-leonardo-e-whirlpool\/657707\/","_wp_jd_target":"http:\/\/www.varesenews.it\/2017\/10\/palombella-uilm-alta-la-guardia-su-leonardo-e-whirlpool\/657707\/","_jd_wp_twitter":"a:1:{i:0;s:189:\"Palombella (Uilm): \"Alta la guardia su Leonardo e Whirlpool\" http:\/\/www.varesenews.it\/2017\/10\/palombella-uilm-alta-la-guardia-su-leonardo-e-whirlpool\/657707\/ #agustawestland #leonardo #uilm\";}","_wpt_status_message":"Tweet inviato con successo."},"photos":[{"original":"https:\/\/staging.varesenews.it\/photogallery_new\/images\/2017\/10\/uilm-635476.jpg","full":"https:\/\/staging.varesenews.it\/photogallery_new\/images\/2017\/10\/uilm-635476.1024x768.jpg","large":"https:\/\/staging.varesenews.it\/photogallery_new\/images\/2017\/10\/uilm-635476.610x431.jpg"}],"_links":{"self":[{"href":"https:\/\/staging.varesenews.it\/swgapi\/v1\/wp\/v2\/posts\/657707"}],"collection":[{"href":"https:\/\/staging.varesenews.it\/swgapi\/v1\/wp\/v2\/posts"}],"about":[{"href":"https:\/\/staging.varesenews.it\/swgapi\/v1\/wp\/v2\/types\/post"}],"author":[{"embeddable":true,"href":"https:\/\/staging.varesenews.it\/swgapi\/v1\/wp\/v2\/users\/45"}],"replies":[{"embeddable":true,"href":"https:\/\/staging.varesenews.it\/swgapi\/v1\/wp\/v2\/comments?post=657707"}],"version-history":[{"count":0,"href":"https:\/\/staging.varesenews.it\/swgapi\/v1\/wp\/v2\/posts\/657707\/revisions"}],"wp:attachment":[{"href":"https:\/\/staging.varesenews.it\/swgapi\/v1\/wp\/v2\/media?parent=657707"}],"wp:term":[{"taxonomy":"category","embeddable":true,"href":"https:\/\/staging.varesenews.it\/swgapi\/v1\/wp\/v2\/categories?post=657707"},{"taxonomy":"post_tag","embeddable":true,"href":"https:\/\/staging.varesenews.it\/swgapi\/v1\/wp\/v2\/tags?post=657707"}],"curies":[{"name":"wp","href":"https:\/\/api.w.org\/{rel}","templated":true}]}}