{"id":658280,"date":"2017-10-07T19:29:58","date_gmt":"2017-10-07T17:29:58","guid":{"rendered":"http:\/\/www.varesenews.it\/?p=658280"},"modified":"2017-10-07T19:29:58","modified_gmt":"2017-10-07T17:29:58","slug":"nasce-la-pagina-facebook-fernoonline","status":"publish","type":"post","link":"https:\/\/staging.varesenews.it\/2017\/10\/nasce-la-pagina-facebook-fernoonline\/658280\/","title":{"rendered":"Nasce la pagina Facebook &#8220;FernoOnline&#8221;"},"content":{"rendered":"<p>Fra gli obiettivi del nuovo esecutivo Gesualdi, c\u2019\u00e8 anche il rilancio del sito <a href=\"https:\/\/www.facebook.com\/FernOnLineNews\/\" target=\"_blank\">FernOnLine<\/a>, un sito tematico nato nel 2015 in occasione di Expo 2015 per valorizzare le associazioni e il territorio di Ferno.<\/p>\n<p>\u201cLa novit\u00e0 assoluta &#8211; spiega l&#8217;Assessore alle Politiche Giovanili Alfredo Sabetti &#8211; riguarda <strong>la creazione della pagina Facebook di FernOnLine,<\/strong> con la quale si intende dare maggior visibilit\u00e0 ai contenuti del sito, condividendo nel contempo le varie pubblicazioni delle pagine facebook delle associazioni territoriali. Si dar\u00e0 in tal modo pi\u00f9 visibilit\u00e0 ai temi di competenza del sito permettendo di instaurare un rapporto ancora pi\u00f9 diretto fra il Comune, le associazioni e i cittadini\u201d.<\/p>\n<p>Fra i contenuti della pagina facebook, che in meno di 24 ore dal suo lancio \u00e8 gi\u00e0 riuscita a raccogliere pi\u00f9 di 100 like, saranno presenti gli articoli dei giornali cartacei e on-line riguardanti Ferno. Ci saranno inoltre anche i manifesti delle sedute del Consiglio Comunale, per dare loro massima diffusione.<\/p>\n<p>\u201cCrediamo molto nella riuscita di questa iniziativa \u2013 sottolinea l\u2019Assessore Sabetti &#8211; in quanto sar\u00e0 uno strumento a disposizione di tutti coloro che amano Ferno e che vogliono contribuire a renderla ogni giorno migliore\u201d<\/p>\n<p>La gestione della pagina facebook (Fernonline) sar\u00e0 gestita direttamente dall\u2019Assessore Alfredo Sabetti con la collaborazione del consigliere di maggioranza Enzo Misiano.<\/p>\n","protected":false},"excerpt":{"rendered":"<p>La pagina, voluta dall&#8217;amministrazione comunale, servir\u00e0 come mezzo per informare i cittadini <\/p>\n","protected":false},"author":32,"featured_media":0,"comment_status":"open","ping_status":"open","sticky":false,"template":"","format":"standard","meta":{"footnotes":""},"categories":[3],"tags":[2188],"acf":[],"yoast_head":"<!-- This site is optimized with the Yoast SEO plugin v20.1 - https:\/\/yoast.com\/wordpress\/plugins\/seo\/ -->\n<title>Nasce la pagina Facebook &quot;FernoOnline&quot;<\/title>\n<meta name=\"description\" content=\"La pagina, voluta dall&#039;amministrazione comunale, servir\u00e0 come mezzo per informare i cittadini\" \/>\n<meta name=\"robots\" content=\"noindex, follow, max-snippet:-1, max-image-preview:large, max-video-preview:-1\" \/>\n<meta property=\"og:locale\" content=\"it_IT\" \/>\n<meta property=\"og:type\" content=\"article\" \/>\n<meta property=\"og:title\" content=\"Nasce la pagina Facebook &quot;FernoOnline&quot;\" \/>\n<meta property=\"og:description\" content=\"La pagina, voluta dall&#039;amministrazione comunale, servir\u00e0 come mezzo per informare i cittadini\" \/>\n<meta property=\"og:url\" content=\"https:\/\/staging.varesenews.it\/2017\/10\/nasce-la-pagina-facebook-fernoonline\/658280\/\" \/>\n<meta property=\"og:site_name\" content=\"VareseNews\" \/>\n<meta property=\"article:publisher\" content=\"https:\/\/www.facebook.com\/varesenews\" \/>\n<meta property=\"article:published_time\" content=\"2017-10-07T17:29:58+00:00\" \/>\n<meta name=\"author\" content=\"Adelia Brigo\" \/>\n<meta name=\"twitter:card\" content=\"summary_large_image\" \/>\n<meta name=\"twitter:creator\" content=\"@AdeliaBrigo\" \/>\n<meta name=\"twitter:site\" content=\"@varesenews\" \/>\n<meta name=\"twitter:label1\" content=\"Scritto da\" \/>\n\t<meta name=\"twitter:data1\" content=\"Adelia Brigo\" \/>\n\t<meta name=\"twitter:label2\" content=\"Tempo di lettura stimato\" \/>\n\t<meta name=\"twitter:data2\" content=\"1 minuto\" \/>\n<script type=\"application\/ld+json\" class=\"yoast-schema-graph\">{\"@context\":\"https:\/\/schema.org\",\"@graph\":[{\"@type\":\"WebPage\",\"@id\":\"https:\/\/staging.varesenews.it\/2017\/10\/nasce-la-pagina-facebook-fernoonline\/658280\/\",\"url\":\"https:\/\/staging.varesenews.it\/2017\/10\/nasce-la-pagina-facebook-fernoonline\/658280\/\",\"name\":\"Nasce la pagina Facebook \\\"FernoOnline\\\"\",\"isPartOf\":{\"@id\":\"https:\/\/staging.varesenews.it\/#website\"},\"datePublished\":\"2017-10-07T17:29:58+00:00\",\"dateModified\":\"2017-10-07T17:29:58+00:00\",\"author\":{\"@id\":\"https:\/\/staging.varesenews.it\/#\/schema\/person\/272ac0f5b2dbfd572218c2d86e013f1a\"},\"description\":\"La pagina, voluta dall'amministrazione comunale, servir\u00e0 come mezzo per informare i cittadini\",\"breadcrumb\":{\"@id\":\"https:\/\/staging.varesenews.it\/2017\/10\/nasce-la-pagina-facebook-fernoonline\/658280\/#breadcrumb\"},\"inLanguage\":\"it-IT\",\"potentialAction\":[{\"@type\":\"ReadAction\",\"target\":[\"https:\/\/staging.varesenews.it\/2017\/10\/nasce-la-pagina-facebook-fernoonline\/658280\/\"]}]},{\"@type\":\"BreadcrumbList\",\"@id\":\"https:\/\/staging.varesenews.it\/2017\/10\/nasce-la-pagina-facebook-fernoonline\/658280\/#breadcrumb\",\"itemListElement\":[{\"@type\":\"ListItem\",\"position\":1,\"name\":\"Home\",\"item\":\"https:\/\/www.varesenews.it\/\"},{\"@type\":\"ListItem\",\"position\":2,\"name\":\"Nasce la pagina Facebook &#8220;FernoOnline&#8221;\"}]},{\"@type\":\"WebSite\",\"@id\":\"https:\/\/staging.varesenews.it\/#website\",\"url\":\"https:\/\/staging.varesenews.it\/\",\"name\":\"VareseNews\",\"description\":\"\",\"potentialAction\":[{\"@type\":\"SearchAction\",\"target\":{\"@type\":\"EntryPoint\",\"urlTemplate\":\"https:\/\/staging.varesenews.it\/?s={search_term_string}\"},\"query-input\":\"required name=search_term_string\"}],\"inLanguage\":\"it-IT\"},{\"@type\":\"Person\",\"@id\":\"https:\/\/staging.varesenews.it\/#\/schema\/person\/272ac0f5b2dbfd572218c2d86e013f1a\",\"name\":\"Adelia Brigo\",\"image\":{\"@type\":\"ImageObject\",\"inLanguage\":\"it-IT\",\"@id\":\"https:\/\/staging.varesenews.it\/#\/schema\/person\/image\/\",\"url\":\"https:\/\/staging.varesenews.it\/wp-content\/uploads\/2020\/12\/adelia_brigo_colori_500.jpg\",\"contentUrl\":\"https:\/\/staging.varesenews.it\/wp-content\/uploads\/2020\/12\/adelia_brigo_colori_500.jpg\",\"caption\":\"Adelia Brigo\"},\"description\":\"Giornalista pubblicista, lavoro a VareseNews dal 2007 e mi occupo di cronaca locale e del settore dedicato alla cultura. In questi anni ho seguito diversi progetti di comunicazione, amo sperimentare strategie per i Social Network e raccontare storie. Varesina, classe 1984, sono laureata in Scienze della Comunicazione.&nbsp;\",\"sameAs\":[\"AdeliaBrigo\",\"https:\/\/twitter.com\/AdeliaBrigo\"],\"url\":\"https:\/\/staging.varesenews.it\/persona\/adelia_brigo\/\"}]}<\/script>\n<!-- \/ Yoast SEO plugin. -->","yoast_head_json":{"title":"Nasce la pagina Facebook \"FernoOnline\"","description":"La pagina, voluta dall'amministrazione comunale, servir\u00e0 come mezzo per informare i cittadini","robots":{"index":"noindex","follow":"follow","max-snippet":"max-snippet:-1","max-image-preview":"max-image-preview:large","max-video-preview":"max-video-preview:-1"},"og_locale":"it_IT","og_type":"article","og_title":"Nasce la pagina Facebook \"FernoOnline\"","og_description":"La pagina, voluta dall'amministrazione comunale, servir\u00e0 come mezzo per informare i cittadini","og_url":"https:\/\/staging.varesenews.it\/2017\/10\/nasce-la-pagina-facebook-fernoonline\/658280\/","og_site_name":"VareseNews","article_publisher":"https:\/\/www.facebook.com\/varesenews","article_published_time":"2017-10-07T17:29:58+00:00","author":"Adelia Brigo","twitter_card":"summary_large_image","twitter_creator":"@AdeliaBrigo","twitter_site":"@varesenews","twitter_misc":{"Scritto da":"Adelia Brigo","Tempo di lettura stimato":"1 minuto"},"schema":{"@context":"https:\/\/schema.org","@graph":[{"@type":"WebPage","@id":"https:\/\/staging.varesenews.it\/2017\/10\/nasce-la-pagina-facebook-fernoonline\/658280\/","url":"https:\/\/staging.varesenews.it\/2017\/10\/nasce-la-pagina-facebook-fernoonline\/658280\/","name":"Nasce la pagina Facebook \"FernoOnline\"","isPartOf":{"@id":"https:\/\/staging.varesenews.it\/#website"},"datePublished":"2017-10-07T17:29:58+00:00","dateModified":"2017-10-07T17:29:58+00:00","author":{"@id":"https:\/\/staging.varesenews.it\/#\/schema\/person\/272ac0f5b2dbfd572218c2d86e013f1a"},"description":"La pagina, voluta dall'amministrazione comunale, servir\u00e0 come mezzo per informare i cittadini","breadcrumb":{"@id":"https:\/\/staging.varesenews.it\/2017\/10\/nasce-la-pagina-facebook-fernoonline\/658280\/#breadcrumb"},"inLanguage":"it-IT","potentialAction":[{"@type":"ReadAction","target":["https:\/\/staging.varesenews.it\/2017\/10\/nasce-la-pagina-facebook-fernoonline\/658280\/"]}]},{"@type":"BreadcrumbList","@id":"https:\/\/staging.varesenews.it\/2017\/10\/nasce-la-pagina-facebook-fernoonline\/658280\/#breadcrumb","itemListElement":[{"@type":"ListItem","position":1,"name":"Home","item":"https:\/\/www.varesenews.it\/"},{"@type":"ListItem","position":2,"name":"Nasce la pagina Facebook &#8220;FernoOnline&#8221;"}]},{"@type":"WebSite","@id":"https:\/\/staging.varesenews.it\/#website","url":"https:\/\/staging.varesenews.it\/","name":"VareseNews","description":"","potentialAction":[{"@type":"SearchAction","target":{"@type":"EntryPoint","urlTemplate":"https:\/\/staging.varesenews.it\/?s={search_term_string}"},"query-input":"required name=search_term_string"}],"inLanguage":"it-IT"},{"@type":"Person","@id":"https:\/\/staging.varesenews.it\/#\/schema\/person\/272ac0f5b2dbfd572218c2d86e013f1a","name":"Adelia Brigo","image":{"@type":"ImageObject","inLanguage":"it-IT","@id":"https:\/\/staging.varesenews.it\/#\/schema\/person\/image\/","url":"https:\/\/staging.varesenews.it\/wp-content\/uploads\/2020\/12\/adelia_brigo_colori_500.jpg","contentUrl":"https:\/\/staging.varesenews.it\/wp-content\/uploads\/2020\/12\/adelia_brigo_colori_500.jpg","caption":"Adelia Brigo"},"description":"Giornalista pubblicista, lavoro a VareseNews dal 2007 e mi occupo di cronaca locale e del settore dedicato alla cultura. In questi anni ho seguito diversi progetti di comunicazione, amo sperimentare strategie per i Social Network e raccontare storie. Varesina, classe 1984, sono laureata in Scienze della Comunicazione.&nbsp;","sameAs":["AdeliaBrigo","https:\/\/twitter.com\/AdeliaBrigo"],"url":"https:\/\/staging.varesenews.it\/persona\/adelia_brigo\/"}]}},"post_meta":{"_edit_lock":"1507397441:32","_edit_last":"32","ratings_users":"0","ratings_score":"0","ratings_average":"0","_category_permalink":"","wdfb_og_title":"","wdfb_og_type":"","wdfb_og_description":"","wdfb_og_images":"a:1:{i:0;s:0:\"\";}","wdfb_og_custom_name":"a:1:{i:0;s:0:\"\";}","wdfb_og_custom_value":"a:1:{i:0;s:0:\"\";}","foto":"635672","firma_come_redazione":"1","argomento":"Ferno","_jd_twitter":"","_jd_tweet_this":"yes","_wpt_short_url":"http:\/\/www.varesenews.it\/2017\/10\/nasce-la-pagina-facebook-fernoonline\/658280\/","_wp_jd_target":"http:\/\/www.varesenews.it\/2017\/10\/nasce-la-pagina-facebook-fernoonline\/658280\/","_jd_wp_twitter":"a:1:{i:0;s:126:\"Nasce la pagina Facebook \"FernoOnline\" http:\/\/www.varesenews.it\/2017\/10\/nasce-la-pagina-facebook-fernoonline\/658280\/ #facebook\";}","_wpt_status_message":"Tweet inviato con successo."},"photos":[{"original":"https:\/\/staging.varesenews.it\/photogallery_new\/images\/2017\/10\/tempo-libero-generica-635672.jpg","full":"https:\/\/staging.varesenews.it\/photogallery_new\/images\/2017\/10\/tempo-libero-generica-635672.1024x768.jpg","large":"https:\/\/staging.varesenews.it\/photogallery_new\/images\/2017\/10\/tempo-libero-generica-635672.610x431.jpg"}],"_links":{"self":[{"href":"https:\/\/staging.varesenews.it\/swgapi\/v1\/wp\/v2\/posts\/658280"}],"collection":[{"href":"https:\/\/staging.varesenews.it\/swgapi\/v1\/wp\/v2\/posts"}],"about":[{"href":"https:\/\/staging.varesenews.it\/swgapi\/v1\/wp\/v2\/types\/post"}],"author":[{"embeddable":true,"href":"https:\/\/staging.varesenews.it\/swgapi\/v1\/wp\/v2\/users\/32"}],"replies":[{"embeddable":true,"href":"https:\/\/staging.varesenews.it\/swgapi\/v1\/wp\/v2\/comments?post=658280"}],"version-history":[{"count":0,"href":"https:\/\/staging.varesenews.it\/swgapi\/v1\/wp\/v2\/posts\/658280\/revisions"}],"wp:attachment":[{"href":"https:\/\/staging.varesenews.it\/swgapi\/v1\/wp\/v2\/media?parent=658280"}],"wp:term":[{"taxonomy":"category","embeddable":true,"href":"https:\/\/staging.varesenews.it\/swgapi\/v1\/wp\/v2\/categories?post=658280"},{"taxonomy":"post_tag","embeddable":true,"href":"https:\/\/staging.varesenews.it\/swgapi\/v1\/wp\/v2\/tags?post=658280"}],"curies":[{"name":"wp","href":"https:\/\/api.w.org\/{rel}","templated":true}]}}